{"id":3472,"date":"2013-04-02T00:54:22","date_gmt":"2013-04-02T00:54:22","guid":{"rendered":"https:\/\/la-presse-anarchiste.net\/index.php\/2013\/04\/02\/sur-lorganisation\/"},"modified":"2013-04-02T00:54:22","modified_gmt":"2013-04-02T00:54:22","slug":"sur-lorganisation","status":"publish","type":"post","link":"https:\/\/la-presse-anarchiste.net\/index.php\/2013\/04\/02\/sur-lorganisation\/","title":{"rendered":"Sur l\u2019organisation"},"content":{"rendered":"<div class=\"pdfprnt-buttons pdfprnt-buttons-post pdfprnt-top-right\"><a href=\"https:\/\/la-presse-anarchiste.net\/index.php\/wp-json\/wp\/v2\/posts\/3472?print=pdf\" class=\"pdfprnt-button pdfprnt-button-pdf\" target=\"_blank\"><img decoding=\"async\" src=\"https:\/\/la-presse-anarchiste.net\/wp-content\/plugins\/pdf-print\/images\/pdf.png\" alt=\"image_pdf\" title=\"Afficher le PDF\"><\/a><a href=\"https:\/\/la-presse-anarchiste.net\/index.php\/wp-json\/wp\/v2\/posts\/3472?print=print\" class=\"pdfprnt-button pdfprnt-button-print\" target=\"_blank\"><img decoding=\"async\" src=\"https:\/\/la-presse-anarchiste.net\/wp-content\/plugins\/pdf-print\/images\/print.png\" alt=\"image_print\" title=\"Contenu imprim\u00e9\"><\/a><\/div><p>[(Il nous a sem\u00adbl\u00e9 int\u00e9\u00adres\u00adsant de don\u00adner ici un extrait des posi\u00adtions de la Ligue Liber\u00adtaire des \u00c9tats-Unis \u2013 La Liber\u00adta\u00adrian League \u2013 (bul\u00adle\u00adtin int\u00e9\u00adrieur, mars 1961) tou\u00adchant dif\u00adf\u00e9\u00adrents pro\u00adbl\u00e8mes orga\u00adni\u00adsa\u00adtion\u00adnels. Quelque dif\u00adf\u00e9\u00adrente que puisse \u00eatre \u00e0 cer\u00adtains \u00e9gards la situa\u00adtion en Am\u00e9\u00adrique de la situa\u00adtion fran\u00ad\u00e7aise, le point de vue de nos cama\u00adrades de la L.L. peut nous aider \u00e0 pr\u00e9\u00adci\u00adser nos posi\u00adtions, \u00e0 les enrichir.)]<br>\n<\/p>\n<p>L\u2019at\u00admo\u00adsph\u00e8re est \u00e0 pr\u00e9\u00adsent plus favo\u00adrable \u00e0 la r\u00e9cep\u00adtion de nos id\u00e9es qu\u2019elle ne l\u2019a\u00advait \u00e9t\u00e9 depuis bien des ann\u00e9es. Il y a un renou\u00adveau cer\u00adtain de mili\u00adtan\u00adtisme chez les \u00e9tu\u00addiants et d\u2019autres sec\u00adteurs de la popu\u00adla\u00adtion. Les mou\u00adve\u00adments contre la guerre et la dis\u00adcri\u00admi\u00adna\u00adtion raciale gran\u00addissent. Le m\u00e9con\u00adten\u00adte\u00adment des ouvriers \u00e0 l\u2019\u00e9\u00adgard de la bureau\u00adcra\u00adtie syn\u00addi\u00adcale s\u2019ac\u00adcro\u00eet. Beau\u00adcoup de ces mou\u00adve\u00adments pro\u00adtes\u00adta\u00adtaires emploient des tac\u00adtiques d\u2019ac\u00adtion directe et emploient des prin\u00adcipes liber\u00adtaires sur une grande \u00e9chelle.<\/p>\n<p>Sommes-nous en mesure de faire face et de sai\u00adsir ces oppor\u00adtu\u00adni\u00adt\u00e9s&nbsp;? Sommes-nous id\u00e9o\u00adlo\u00adgi\u00adque\u00adment et orga\u00adni\u00adsa\u00adtion\u00adnel\u00adle\u00adment pr\u00e9par\u00e9s&nbsp;?<\/p>\n<h2>LA FONCTION.<\/h2>\n<p>Il n\u2019y a pas assez de clar\u00adt\u00e9 sur notre fonc\u00adtion de mou\u00adve\u00adment id\u00e9o\u00adlo\u00adgique d\u2019a\u00advant-garde agis\u00adsant d\u2019a\u00adpr\u00e8s les prin\u00adcipes expri\u00adm\u00e9s dans notre D\u00e9cla\u00adra\u00adtion Pro\u00advi\u00adsoire de Prin\u00adcipes. Nous ne sommes pas un mou\u00adve\u00adment de masse amorphe, pas plus que nous ne sommes seule\u00adment une orga\u00adni\u00adsa\u00adtion se cram\u00adpon\u00adnant \u00e0 ses \u00ab&nbsp;id\u00e9aux&nbsp;\u00bb tout en s\u2019abs\u00adte\u00adnant des mou\u00adve\u00adments de pro\u00adtes\u00adta\u00adtions sociaux de notre \u00e9poque. Nous devons \u00eatre un mou\u00adve\u00adment id\u00e9o\u00adlo\u00adgique d\u2019a\u00advant-garde bas\u00e9 sur de fermes prin\u00adcipes anar\u00adchistes et nous devons aus\u00adsi dans les limites de nos forces par\u00adti\u00adci\u00adper aux com\u00adbats sociaux de tous les jours. C\u2019est une posi\u00adtion d\u2019\u00e9\u00adqui\u00adlibre et de nettet\u00e9.<\/p>\n<p>En ce moment, nous devons par-des\u00adsus tout, per\u00adfec\u00adtion\u00adner <u>l\u2019or\u00adga\u00adni\u00adsa\u00adtion interne<\/u> de nos groupes et ren\u00adfor\u00adcer nos connais\u00adsances et notre com\u00adpr\u00e9\u00adhen\u00adsion id\u00e9o\u00adlo\u00adgiques. La th\u00e9o\u00adrie et la pra\u00adtique se com\u00adpl\u00e8tent. Par notre tra\u00advail d\u2019\u00e9\u00addu\u00adca\u00adtion et en par\u00adti\u00adci\u00adpant avec le mou\u00adve\u00adment de masse [[Les mou\u00adve\u00adments de masse dont il s\u2019a\u00adgit sont les mou\u00adve\u00adments paci\u00adfistes ou pour l\u2019in\u00adt\u00e9\u00adgra\u00adtion raciale.]]aux com\u00adbats de tous les jours, nous pou\u00advons encou\u00adra\u00adger les ten\u00addances liber\u00adtaires \u00e0 l\u2019in\u00adt\u00e9\u00adrieur de ces mou\u00adve\u00adments. Cela aide \u00e0 construire le mou\u00adve\u00adment d\u2019a\u00advant-garde et donne de l\u2019ex\u00adp\u00e9\u00adrience pra\u00adtique \u00e0 ses militants.<\/p>\n<h2>L\u2019APPARTENANCE.<\/h2>\n<p>L\u2019ac\u00adcord avec nos prin\u00adcipes est la base mini\u00admum de l\u2019ap\u00adpar\u00adte\u00adnance. Notre D\u00e9cla\u00adra\u00adtion de Prin\u00adcipes pro\u00advi\u00adsoire est flexible et per\u00admet une large tol\u00e9\u00adrance, une grande <u>liber\u00adt\u00e9 en mati\u00e8re tac\u00adtique<\/u> lors\u00adqu\u2019un prin\u00adcipe n\u2019est pas touch\u00e9.<\/p>\n<p>La poli\u00adtique \u00e0 suivre pour l\u2019ad\u00admis\u00adsion de nou\u00adveaux membres doit \u00eatre souple. Il n\u2019est pas n\u00e9ces\u00adsaire d\u2019\u00eatre un savant ou un th\u00e9o\u00adri\u00adcien remar\u00adquable pour pou\u00advoir joindre la Ligue Liber\u00adtaire. Il est bien plus impor\u00adtant d\u2019\u00eatre <u>socia\u00adle\u00adment res\u00adpon\u00adsable<\/u>, d\u00e9si\u00adreux d\u2019ap\u00adprendre et de tra\u00advailler pour nos id\u00e9aux.<\/p>\n<p>Une fois que l\u2019ap\u00adpar\u00adte\u00adnance \u00e0 la L.L. aura une bonne base id\u00e9o\u00adlo\u00adgique, nous pour\u00adrons alors, pour cer\u00adtains objec\u00adtifs bien d\u00e9fi\u00adnis, coop\u00e9\u00adrer avec d\u2019autres ten\u00addances exis\u00adtantes, dans des mou\u00adve\u00adments de masses plus larges sans perdre notre propre iden\u00adti\u00adt\u00e9 et sans \u00eatre ava\u00adl\u00e9s par&nbsp;eux.<\/p>\n<p>Il y a un autre pro\u00adbl\u00e8me qu\u2019on doit envi\u00adsa\u00adger clai\u00adre\u00adment. Ce sont les <u>rela\u00adtions<\/u> qui doivent exis\u00adter entre les dif\u00adf\u00e9\u00adrentes <u>ten\u00addances<\/u> de l\u2019a\u00adnar\u00adchisme. Il a \u00e9t\u00e9 sou\u00advent pro\u00adpo\u00ads\u00e9 que toutes les ten\u00addances dif\u00adf\u00e9\u00adrentes se f\u00e9d\u00e8rent en une seule orga\u00adni\u00adsa\u00adtion. Les anar\u00adchistes s\u2019ac\u00adcordent g\u00e9n\u00e9\u00adra\u00adle\u00adment pour \u00eatre contre l\u2019\u00c9\u00adtat et la cen\u00adtra\u00adli\u00adsa\u00adtion du pou\u00advoir. Sur cette base, il y a tou\u00adjours eu pos\u00adsi\u00adbi\u00adli\u00adt\u00e9, \u00e0 beau\u00adcoup d\u2019\u00e9\u00adgards, d\u2019une action com\u00admune. Tou\u00adte\u00adfois, il n\u2019y a pas d\u2019ac\u00adcord pr\u00e9\u00adcis par\u00admi les anar\u00adchistes sur les prin\u00adcipes direc\u00adteurs, construc\u00adtifs, et les tactiques.<\/p>\n<p>Cer\u00adtains ne croient pas \u00e0 \u00ab&nbsp;l\u2019or\u00adga\u00adni\u00adsa\u00adtion&nbsp;\u00bb d\u2019au\u00adcune sorte. D\u2019autres rel\u00e8guent l\u2019a\u00adnar\u00adchisme au niveau de la dis\u00adcus\u00adsion abs\u00adtraite et ne l\u2019ap\u00adpliquent pas dans leur conduite de tous les jours. Cer\u00adtains \u00ab&nbsp;extr\u00e9\u00admistes&nbsp;\u00bb m\u00e9prisent \u00ab&nbsp;l\u2019homme du com\u00admun&nbsp;\u00bb et tout mou\u00adve\u00adment popu\u00adlaire, en pr\u00e9\u00adten\u00addant que seule l\u2019\u00e9\u00adlite, \u00ab&nbsp;l\u2019homme sup\u00e9\u00adrieur&nbsp;\u00bb est capable de com\u00adprendre nos id\u00e9es. D\u2019autres d\u00e9si\u00adrent la \u00ab&nbsp;liber\u00adt\u00e9&nbsp;\u00bb sans aucune sorte de res\u00adpon\u00adsa\u00adbi\u00adli\u00adt\u00e9 sociale ou \u00e9thique. Avoir dans une seule et m\u00eame orga\u00adni\u00adsa\u00adtion des gens avec des id\u00e9es (en pra\u00adtique) dia\u00adm\u00e9\u00adtra\u00adle\u00adment oppo\u00ads\u00e9es ne peut mener qu\u2019\u00e0 la confu\u00adsion, \u00e0 des mau\u00advaises rela\u00adtions, \u00e0 des scissions.<\/p>\n<p>Une telle orga\u00adni\u00adsa\u00adtion dis\u00adsi\u00adpe\u00adrait ses \u00e9ner\u00adgies en dis\u00adputes internes constantes. Le tra\u00advail <u>pra\u00adtique<\/u> serait impos\u00adsible. Il serait impos\u00adsible de col\u00adla\u00adbo\u00adrer \u00e0 la pro\u00adpa\u00adga\u00adtion de nos id\u00e9es puisque nous aurions des id\u00e9es oppo\u00ads\u00e9es. Orga\u00adni\u00ads\u00e9s ensemble, il nous serait impos\u00adsible de rien accom\u00adplir de pra\u00adtique. Alors qu\u2019au contraire des groupes ou indi\u00advi\u00addus divers peuvent tou\u00adjours <u>coop\u00e9\u00adrer<\/u> \u00e0 des t\u00e2ches accep\u00adt\u00e9es de part et d\u2019autre, tra\u00advaillant s\u00e9pa\u00adr\u00e9\u00adment l\u00e0 o\u00f9 il y a d\u00e9saccord.<\/p>\n<h2>CONCLUSION.<\/h2>\n<p>Sou\u00advent dans le pas\u00ads\u00e9 un manque de clar\u00adt\u00e9 sur les prin\u00adcipes fon\u00adda\u00admen\u00adtaux et un \u00e9chec dans l\u2019\u00e9\u00adta\u00adblis\u00adse\u00adment et l\u2019ob\u00adser\u00advance de cri\u00adt\u00e8res mini\u00admums pour la par\u00adti\u00adci\u00adpa\u00adtion \u00e0 notre mou\u00adve\u00adment ont ouvert grande la porte \u00e0 l\u2019in\u00adfil\u00adtra\u00adtion par des oppor\u00adtu\u00adnistes ou des aventuriers.<\/p>\n<p>Outre que cela rend extr\u00ea\u00adme\u00adment dif\u00adfi\u00adcile toute esp\u00e8ce d\u2019ac\u00adtion signi\u00adfi\u00adca\u00adtive et logique, cela nous ali\u00e8ne aus\u00adsi les gens capables et qui ont un id\u00e9al, dont nous avons tant besoin. Voi\u00adl\u00e0 quelques unes des prin\u00adci\u00adpales rai\u00adsons pour les\u00adquelles des essais ant\u00e9\u00adrieurs en vue d\u2019\u00e9\u00adta\u00adblir un mou\u00adve\u00adment dans ce pays ou dans d\u2019autres, ont \u00e9chou\u00e9 et lais\u00ads\u00e9 le champ libre \u00e0 nos adversaires.<\/p>\n<p>Nous devons si nous vou\u00adlons r\u00e9us\u00adsir \u00e0 construire un mou\u00adve\u00adment s\u00e9rieux, nous expli\u00adquer tr\u00e8s clai\u00adre\u00adment et pr\u00e9\u00adci\u00ads\u00e9\u00adment sur ce que nous consi\u00add\u00e9\u00adrons comme concepts fon\u00adda\u00admen\u00adtaux. Nous devons rendre claire la dif\u00adf\u00e9\u00adrence entre les concepts de la Ligue Liber\u00adtaire et les autres inter\u00adpr\u00e9\u00adta\u00adtions de l\u2019a\u00adnar\u00adchisme. Nous devons exi\u00adger l\u2019adh\u00e9\u00adsion aux prin\u00adcipes de la part de tous ceux qui ont entre\u00adpris volon\u00adtai\u00adre\u00adment de tra\u00advailler avec nous \u00e0 construire le mou\u00adve\u00adment. Nous devons exclure de l\u2019ap\u00adpar\u00adte\u00adnance ceux qui sont d\u00e9pour\u00advus du sens des res\u00adpon\u00adsa\u00adbi\u00adli\u00adt\u00e9s ou qui sont inca\u00adpables d\u2019une conduite ration\u00adnelle et saine. Nous devons d\u00e9fi\u00adnir clai\u00adre\u00adment les condi\u00adtions dans les\u00adquelles nous sommes d\u00e9ci\u00add\u00e9s \u00e0 coop\u00e9\u00adrer avec d\u2019autres ten\u00addances, de gauche, en pr\u00e9\u00adci\u00adsant par o\u00f9 nous dif\u00adf\u00e9\u00adrons d\u2019elles.<\/p>\n<p>Nous ne devons pas per\u00admettre que la Ligue Liber\u00adtaire d\u00e9g\u00e9\u00adn\u00e8re en une secte \u00e9so\u00adt\u00e9\u00adrique. Nous lut\u00adtons pour jeter les bases d\u2019un mou\u00adve\u00adment social ration\u00adnel et effi\u00adcace. Nous sommes encore un tr\u00e8s petit nombre et nous ne pou\u00advons nous per\u00admettre de nous \u00e9tendre et de trop nous dis\u00adper\u00adser&nbsp;; et puisque nous construi\u00adsons pour le futur, nous devons concen\u00adtrer nos efforts sur les acti\u00advi\u00adt\u00e9s que nous sommes le plus \u00e0 m\u00eame d\u2019ac\u00adcom\u00adplir et si nous essayons d\u2019\u00e9\u00adtendre notre orga\u00adni\u00adsa\u00adtion, nous devons aus\u00adsi la ren\u00adfor\u00adcer de l\u2019int\u00e9rieur.<\/p>\n<p>[\/(traduit de l\u2019anglais)\/]&nbsp;<\/p>\n","protected":false},"excerpt":{"rendered":"<p>[(Il nous a sem\u00adbl\u00e9 int\u00e9\u00adres\u00adsant de don\u00adner ici un extrait des posi\u00adtions de la Ligue Liber\u00adtaire des \u00c9tats-Unis \u2013 La Liber\u00adta\u00adrian League \u2013 (bul\u00adle\u00adtin int\u00e9\u00adrieur, mars 1961) tou\u00adchant dif\u00adf\u00e9\u00adrents pro\u00adbl\u00e8mes orga\u00adni\u00adsa\u00adtion\u00adnels. Quelque dif\u00adf\u00e9\u00adrente que puisse \u00eatre \u00e0 cer\u00adtains \u00e9gards la situa\u00adtion en Am\u00e9\u00adrique de la situa\u00adtion fran\u00ad\u00e7aise, le point de vue de nos cama\u00adrades&nbsp;de&nbsp;[\u2026]<\/p>\n","protected":false},"author":1,"featured_media":0,"comment_status":"closed","ping_status":"closed","sticky":false,"template":"","format":"standard","meta":{"wp_typography_post_enhancements_disabled":false,"footnotes":""},"categories":[415],"tags":[],"ppma_author":[540],"class_list":["post-3472","post","type-post","status-publish","format-standard","hentry","category-noir-rouge-na20-mars-1962"],"authors":[{"term_id":540,"user_id":1,"is_guest":0,"slug":"admin_3gikpwyf","display_name":"Vincent Dubuc","avatar_url":"https:\/\/secure.gravatar.com\/avatar\/d015720652c25fd2ced191ade86430094e1f288a17483713e3b34d26dea52507?s=96&d=mm&r=g","author_category":"","user_url":"https:\/\/la-presse-anarchiste.net","last_name":"Dubuc","first_name":"Vincent","job_title":"","description":""}],"_links":{"self":[{"href":"https:\/\/la-presse-anarchiste.net\/index.php\/wp-json\/wp\/v2\/posts\/3472","targetHints":{"allow":["GET"]}}],"collection":[{"href":"https:\/\/la-presse-anarchiste.net\/index.php\/wp-json\/wp\/v2\/posts"}],"about":[{"href":"https:\/\/la-presse-anarchiste.net\/index.php\/wp-json\/wp\/v2\/types\/post"}],"author":[{"embeddable":true,"href":"https:\/\/la-presse-anarchiste.net\/index.php\/wp-json\/wp\/v2\/users\/1"}],"replies":[{"embeddable":true,"href":"https:\/\/la-presse-anarchiste.net\/index.php\/wp-json\/wp\/v2\/comments?post=3472"}],"version-history":[{"count":0,"href":"https:\/\/la-presse-anarchiste.net\/index.php\/wp-json\/wp\/v2\/posts\/3472\/revisions"}],"wp:attachment":[{"href":"https:\/\/la-presse-anarchiste.net\/index.php\/wp-json\/wp\/v2\/media?parent=3472"}],"wp:term":[{"taxonomy":"category","embeddable":true,"href":"https:\/\/la-presse-anarchiste.net\/index.php\/wp-json\/wp\/v2\/categories?post=3472"},{"taxonomy":"post_tag","embeddable":true,"href":"https:\/\/la-presse-anarchiste.net\/index.php\/wp-json\/wp\/v2\/tags?post=3472"},{"taxonomy":"author","embeddable":true,"href":"https:\/\/la-presse-anarchiste.net\/index.php\/wp-json\/wp\/v2\/ppma_author?post=3472"}],"curies":[{"name":"wp","href":"https:\/\/api.w.org\/{rel}","templated":true}]}}