{"id":3480,"date":"2013-04-03T00:03:55","date_gmt":"2013-04-03T00:03:55","guid":{"rendered":"https:\/\/la-presse-anarchiste.net\/index.php\/2013\/04\/03\/bibliographie-24\/"},"modified":"2013-04-03T00:03:55","modified_gmt":"2013-04-03T00:03:55","slug":"bibliographie-24","status":"publish","type":"post","link":"https:\/\/la-presse-anarchiste.net\/index.php\/2013\/04\/03\/bibliographie-24\/","title":{"rendered":"Bibliographie"},"content":{"rendered":"<div class=\"pdfprnt-buttons pdfprnt-buttons-post pdfprnt-top-right\"><a href=\"https:\/\/la-presse-anarchiste.net\/index.php\/wp-json\/wp\/v2\/posts\/3480?print=pdf\" class=\"pdfprnt-button pdfprnt-button-pdf\" target=\"_blank\"><img decoding=\"async\" src=\"https:\/\/la-presse-anarchiste.net\/wp-content\/plugins\/pdf-print\/images\/pdf.png\" alt=\"image_pdf\" title=\"Afficher le PDF\"><\/a><a href=\"https:\/\/la-presse-anarchiste.net\/index.php\/wp-json\/wp\/v2\/posts\/3480?print=print\" class=\"pdfprnt-button pdfprnt-button-print\" target=\"_blank\"><img decoding=\"async\" src=\"https:\/\/la-presse-anarchiste.net\/wp-content\/plugins\/pdf-print\/images\/print.png\" alt=\"image_print\" title=\"Contenu imprim\u00e9\"><\/a><\/div><p><b>Abel Paz.\u200a\u2014\u200a<i>Dur\u00adru\u00adti, le peuple en armes<\/i>. \u00c9di\u00adtions La T\u00eate de feuille.\u200a\u2014\u200aDis\u00adtri\u00adbu\u00adteur, Ber\u00adnard Laville, 3, rue Cr\u00e9\u00adbillon, 75006&nbsp;Paris.<\/b><\/p>\n<p>Nous ne sommes pas, en ce qui nous concerne, de ceux qui ont rem\u00adpla\u00adc\u00e9 les pen\u00adseurs de l\u2019a\u00adnar\u00adchisme espa\u00adgnol, et les dizaines, sinon les cen\u00adtaines de mil\u00adliers de cama\u00adrades tu\u00e9s pen\u00addant la guerre civile d\u2019Es\u00adpagne par un seul homme, qui les \u00e9clip\u00adse\u00adrait tous. Et nous consi\u00add\u00e9\u00adrons que l\u2019on pousse trop loin le culte du H\u00e9ros, d\u2019un seul h\u00e9ros, Dur\u00adru\u00adti, devant lequel tout s\u2019ef\u00adface. Nous avons connu bien d\u2019autres h\u00e9ros dont on ne parle pas, et qui simples et modestes com\u00adbat\u00adtants, durent pos\u00ads\u00e9\u00adder un cou\u00adrage plus grand que celui qu\u2019il fal\u00adlait pour manier le pis\u00adto\u00adlet, pen\u00addant les luttes sociales ter\u00adribles que les anar\u00adchistes d\u2019Es\u00adpagne ont livr\u00e9es au long des soixante-six ans qui pr\u00e9\u00adc\u00e9\u00add\u00e8rent l\u2019at\u00adtaque franquiste.<\/p>\n<p>Et nous avons assez connu Dur\u00adru\u00adti pour savoir que ce culte est en contra\u00addic\u00adtion abso\u00adlue avec sa modes\u00adtie, et son bon&nbsp;sens.<\/p>\n<p>Ceci dit, recon\u00adnais\u00adsons que le livre d\u2019A\u00adbel Paz est utile en ce qu\u2019il fait conna\u00eetre ce que fut la par\u00adti\u00adci\u00adpa\u00adtion des forces de la C.N.T. et de la F.A.I. \u00e0 la lutte contre les arm\u00e9es fas\u00adcistes, et aus\u00adsi com\u00adment, ain\u00adsi que nous l\u2019a\u00advons maintes fois affir\u00adm\u00e9, le gou\u00adver\u00adne\u00adment r\u00e9pu\u00adbli\u00adcain-socia\u00adliste, et la bour\u00adgeoi\u00adsie lib\u00e9\u00adrale sabo\u00adt\u00e8rent la r\u00e9sis\u00adtance d\u2019un peuple et furent ain\u00adsi, eux aus\u00adsi, res\u00adpon\u00adsables de la d\u00e9route finale.<\/p>\n<p>De ce point de vue, le livre a une uti\u00adli\u00adt\u00e9 cer\u00adtaine. C\u2019est une contri\u00adbu\u00adtion \u00e0 l\u2019his\u00adtoire que nous ne sommes pas habi\u00adtu\u00e9s \u00e0 trou\u00adver chez les his\u00adto\u00adriens qui ont tant exploi\u00adt\u00e9 cette mine de la \u00ab&nbsp;guerre d\u2019Espagne&nbsp;\u00bb<\/p>\n<p><b>His\u00adtoire du mou\u00adve\u00adment anar\u00adchiste. \u2013 \u00ab&nbsp;Les cahiers de l\u2019Histoire&nbsp;\u00bb.<\/b><\/p>\n<p>Cette \u00e9tude, qui \u00e9qui\u00advaut \u00e0 un volume, et est sign\u00e9e Louis Com\u00adby, est natu\u00adrel\u00adle\u00adment insuf\u00adfi\u00adsante pour qui a mili\u00adt\u00e9 dans le mou\u00adve\u00adment anar\u00adchiste aus\u00adsi long\u00adtemps que nous l\u2019a\u00advons fait nous-m\u00eames. Mais, l\u2019au\u00adteur s\u2019est effor\u00adc\u00e9 de bien embras\u00adser, la nais\u00adsance et le d\u00e9ve\u00adlop\u00adpe\u00adment de l\u2019a\u00adnar\u00adchisme, tant dans son action que dans l\u2019ordre de la pen\u00ads\u00e9e. Et mal\u00adgr\u00e9 des insuf\u00adfi\u00adsances in\u00e9vi\u00adtables, il per\u00admet \u00e0 qui veut abor\u00adder la ques\u00adtion, de com\u00adprendre, sinon tout, du moins un cer\u00adtain nombre de choses. On ne peut dire que ce tra\u00advail ait \u00e9t\u00e9 inutile. On regret\u00adte\u00adra cepen\u00addant de lire, \u00e0 la page 40, et en un enca\u00addr\u00e9, cette phrase attri\u00adbu\u00e9e \u00e0 Kro\u00adpot\u00adkine&nbsp;: \u00ab&nbsp;Le vol est un devoir&nbsp;\u00bb, ce qui, quand on conna\u00eet l\u2019hon\u00adn\u00ea\u00adte\u00adt\u00e9 et les posi\u00adtions morales de Kro\u00adpot\u00adkine,\u2014 par ailleurs pr\u00e9\u00adsen\u00adt\u00e9 comme une grande et belle per\u00adson\u00adna\u00adli\u00adt\u00e9\u200a\u2014\u200aest une calom\u00adnie. Comme il est calom\u00adnieux d\u2019at\u00adtri\u00adbuer \u00e0 Bakou\u00adnine, en col\u00adla\u00adbo\u00adra\u00adtion avec Net\u00adchaieff, la pater\u00adni\u00adt\u00e9 du <i>Cat\u00e9\u00adchisme du R\u00e9vo\u00adlu\u00adtion\u00adnaire<\/i>. Nous pou\u00advons l\u2019af\u00adfir\u00admer, car nous en avons la preuve. Ces erreurs mises \u00e0 part, ajou\u00adtons qu\u2019il e\u00fbt \u00e9t\u00e9 pr\u00e9\u00adf\u00e9\u00adrable de don\u00adner aux aspects construc\u00adtifs de la pen\u00ads\u00e9e anar\u00adchiste, l\u2019im\u00adpor\u00adtance que l\u2019on s\u2019obs\u00adtine \u00e0 ignorer.<\/p>\n","protected":false},"excerpt":{"rendered":"<p>Abel Paz.\u200a\u2014\u200aDur\u00adru\u00adti, le peuple en armes. \u00c9di\u00adtions La T\u00eate de feuille.\u200a\u2014\u200aDis\u00adtri\u00adbu\u00adteur, Ber\u00adnard Laville, 3, rue Cr\u00e9\u00adbillon, 75006&nbsp;Paris. Nous ne sommes pas, en ce qui nous concerne, de ceux qui ont rem\u00adpla\u00adc\u00e9 les pen\u00adseurs de l\u2019a\u00adnar\u00adchisme espa\u00adgnol, et les dizaines, sinon les cen\u00adtaines de mil\u00adliers de cama\u00adrades tu\u00e9s pen\u00addant la guerre civile d\u2019Es\u00adpagne par un&nbsp;seul&nbsp;[\u2026]<\/p>\n","protected":false},"author":1,"featured_media":0,"comment_status":"closed","ping_status":"closed","sticky":false,"template":"","format":"standard","meta":{"wp_typography_post_enhancements_disabled":false,"footnotes":""},"categories":[416],"tags":[],"ppma_author":[540],"class_list":["post-3480","post","type-post","status-publish","format-standard","hentry","category-cahiers-de-lhumanisme-libertaire-n191-aout-septembre-1972"],"authors":[{"term_id":540,"user_id":1,"is_guest":0,"slug":"admin_3gikpwyf","display_name":"Vincent Dubuc","avatar_url":"https:\/\/secure.gravatar.com\/avatar\/d015720652c25fd2ced191ade86430094e1f288a17483713e3b34d26dea52507?s=96&d=mm&r=g","author_category":"","user_url":"https:\/\/la-presse-anarchiste.net","last_name":"Dubuc","first_name":"Vincent","job_title":"","description":""}],"_links":{"self":[{"href":"https:\/\/la-presse-anarchiste.net\/index.php\/wp-json\/wp\/v2\/posts\/3480","targetHints":{"allow":["GET"]}}],"collection":[{"href":"https:\/\/la-presse-anarchiste.net\/index.php\/wp-json\/wp\/v2\/posts"}],"about":[{"href":"https:\/\/la-presse-anarchiste.net\/index.php\/wp-json\/wp\/v2\/types\/post"}],"author":[{"embeddable":true,"href":"https:\/\/la-presse-anarchiste.net\/index.php\/wp-json\/wp\/v2\/users\/1"}],"replies":[{"embeddable":true,"href":"https:\/\/la-presse-anarchiste.net\/index.php\/wp-json\/wp\/v2\/comments?post=3480"}],"version-history":[{"count":0,"href":"https:\/\/la-presse-anarchiste.net\/index.php\/wp-json\/wp\/v2\/posts\/3480\/revisions"}],"wp:attachment":[{"href":"https:\/\/la-presse-anarchiste.net\/index.php\/wp-json\/wp\/v2\/media?parent=3480"}],"wp:term":[{"taxonomy":"category","embeddable":true,"href":"https:\/\/la-presse-anarchiste.net\/index.php\/wp-json\/wp\/v2\/categories?post=3480"},{"taxonomy":"post_tag","embeddable":true,"href":"https:\/\/la-presse-anarchiste.net\/index.php\/wp-json\/wp\/v2\/tags?post=3480"},{"taxonomy":"author","embeddable":true,"href":"https:\/\/la-presse-anarchiste.net\/index.php\/wp-json\/wp\/v2\/ppma_author?post=3480"}],"curies":[{"name":"wp","href":"https:\/\/api.w.org\/{rel}","templated":true}]}}