{"id":3481,"date":"2013-04-03T00:45:37","date_gmt":"2013-04-03T00:45:37","guid":{"rendered":"https:\/\/la-presse-anarchiste.net\/index.php\/2013\/04\/03\/un-disparu\/"},"modified":"2013-04-03T00:45:37","modified_gmt":"2013-04-03T00:45:37","slug":"un-disparu","status":"publish","type":"post","link":"https:\/\/la-presse-anarchiste.net\/index.php\/2013\/04\/03\/un-disparu\/","title":{"rendered":"Un disparu"},"content":{"rendered":"<div class=\"pdfprnt-buttons pdfprnt-buttons-post pdfprnt-top-right\"><a href=\"https:\/\/la-presse-anarchiste.net\/index.php\/wp-json\/wp\/v2\/posts\/3481?print=pdf\" class=\"pdfprnt-button pdfprnt-button-pdf\" target=\"_blank\"><img decoding=\"async\" src=\"https:\/\/la-presse-anarchiste.net\/wp-content\/plugins\/pdf-print\/images\/pdf.png\" alt=\"image_pdf\" title=\"Afficher le PDF\"><\/a><a href=\"https:\/\/la-presse-anarchiste.net\/index.php\/wp-json\/wp\/v2\/posts\/3481?print=print\" class=\"pdfprnt-button pdfprnt-button-print\" target=\"_blank\"><img decoding=\"async\" src=\"https:\/\/la-presse-anarchiste.net\/wp-content\/plugins\/pdf-print\/images\/print.png\" alt=\"image_print\" title=\"Contenu imprim\u00e9\"><\/a><\/div><p>Nous venons d\u2019ap\u00adprendre la mort de notre vieux com\u00adpa\u00adgnon Tor\u00adte\u00adlier. Rares sont ceux qui se sou\u00adviennent de l\u2019ac\u00adti\u00advi\u00adt\u00e9 de Tor\u00adte\u00adlier dans le mou\u00adve\u00adment anar\u00adchiste, ain\u00adsi que dans le syn\u00addi\u00adca\u00adlisme. Il fut un des pre\u00admiers, apr\u00e8s la p\u00e9riode ter\u00adro\u00adriste de 1893\u200a\u2013\u200a1894, \u00e0 d\u00e9ga\u00adger le syn\u00addi\u00adca\u00adlisme des influences poli\u00adti\u00adciennes et l\u2019o\u00adrien\u00adter vers l\u2019ac\u00adti\u00advi\u00adt\u00e9 r\u00e9vo\u00adlu\u00adtion\u00adnaire qu\u2019il mon\u00adtra par la&nbsp;suite.<\/p>\n<p>Si un jour, une his\u00adtoire impar\u00adtiale du syn\u00addi\u00adca\u00adlisme fran\u00ad\u00e7ais est \u00e9crite, le r\u00f4le de Tor\u00adte\u00adlier aura le relief qui lui revient.<\/p>\n<p>La perte du bon et brave cama\u00adrade que nous avons esti\u00adm\u00e9, nous attriste.<\/p>\n<p>Notre ami P.&nbsp;Reclus consa\u00adcre\u00adra dans le pro\u00adchain num\u00e9\u00adro, un article bio\u00adgra\u00adphique \u00e0 Tortelier.<\/p>\n<p>[\/\u200bPlus&nbsp;Loin.\/]<\/p>\n","protected":false},"excerpt":{"rendered":"<p>Nous venons d\u2019ap\u00adprendre la mort de notre vieux com\u00adpa\u00adgnon Tor\u00adte\u00adlier. Rares sont ceux qui se sou\u00adviennent de l\u2019ac\u00adti\u00advi\u00adt\u00e9 de Tor\u00adte\u00adlier dans le mou\u00adve\u00adment anar\u00adchiste, ain\u00adsi que dans le syn\u00addi\u00adca\u00adlisme. Il fut un des pre\u00admiers, apr\u00e8s la p\u00e9riode ter\u00adro\u00adriste de 1893 \u2013 1894, \u00e0 d\u00e9ga\u00adger le syn\u00addi\u00adca\u00adlisme des influences poli\u00adti\u00adciennes et l\u2019o\u00adrien\u00adter vers l\u2019ac\u00adti\u00advi\u00adt\u00e9 r\u00e9vo\u00adlu\u00adtion\u00adnaire qu\u2019il mon\u00adtra&nbsp;par&nbsp;[\u2026]<\/p>\n","protected":false},"author":1,"featured_media":0,"comment_status":"closed","ping_status":"closed","sticky":false,"template":"","format":"standard","meta":{"wp_typography_post_enhancements_disabled":false,"footnotes":""},"categories":[391],"tags":[],"ppma_author":[540],"class_list":["post-3481","post","type-post","status-publish","format-standard","hentry","category-plus-loin-n10-15-decembre-1925"],"authors":[{"term_id":540,"user_id":1,"is_guest":0,"slug":"admin_3gikpwyf","display_name":"Vincent Dubuc","avatar_url":"https:\/\/secure.gravatar.com\/avatar\/d015720652c25fd2ced191ade86430094e1f288a17483713e3b34d26dea52507?s=96&d=mm&r=g","author_category":"","user_url":"https:\/\/la-presse-anarchiste.net","last_name":"Dubuc","first_name":"Vincent","job_title":"","description":""}],"_links":{"self":[{"href":"https:\/\/la-presse-anarchiste.net\/index.php\/wp-json\/wp\/v2\/posts\/3481","targetHints":{"allow":["GET"]}}],"collection":[{"href":"https:\/\/la-presse-anarchiste.net\/index.php\/wp-json\/wp\/v2\/posts"}],"about":[{"href":"https:\/\/la-presse-anarchiste.net\/index.php\/wp-json\/wp\/v2\/types\/post"}],"author":[{"embeddable":true,"href":"https:\/\/la-presse-anarchiste.net\/index.php\/wp-json\/wp\/v2\/users\/1"}],"replies":[{"embeddable":true,"href":"https:\/\/la-presse-anarchiste.net\/index.php\/wp-json\/wp\/v2\/comments?post=3481"}],"version-history":[{"count":0,"href":"https:\/\/la-presse-anarchiste.net\/index.php\/wp-json\/wp\/v2\/posts\/3481\/revisions"}],"wp:attachment":[{"href":"https:\/\/la-presse-anarchiste.net\/index.php\/wp-json\/wp\/v2\/media?parent=3481"}],"wp:term":[{"taxonomy":"category","embeddable":true,"href":"https:\/\/la-presse-anarchiste.net\/index.php\/wp-json\/wp\/v2\/categories?post=3481"},{"taxonomy":"post_tag","embeddable":true,"href":"https:\/\/la-presse-anarchiste.net\/index.php\/wp-json\/wp\/v2\/tags?post=3481"},{"taxonomy":"author","embeddable":true,"href":"https:\/\/la-presse-anarchiste.net\/index.php\/wp-json\/wp\/v2\/ppma_author?post=3481"}],"curies":[{"name":"wp","href":"https:\/\/api.w.org\/{rel}","templated":true}]}}