{"id":3496,"date":"2013-04-04T11:13:38","date_gmt":"2013-04-04T11:13:38","guid":{"rendered":"https:\/\/la-presse-anarchiste.net\/index.php\/2013\/04\/04\/lexpropriation\/"},"modified":"2013-04-04T11:13:38","modified_gmt":"2013-04-04T11:13:38","slug":"lexpropriation","status":"publish","type":"post","link":"https:\/\/la-presse-anarchiste.net\/index.php\/2013\/04\/04\/lexpropriation\/","title":{"rendered":"L\u2019expropriation"},"content":{"rendered":"<div class=\"pdfprnt-buttons pdfprnt-buttons-post pdfprnt-top-right\"><a href=\"https:\/\/la-presse-anarchiste.net\/index.php\/wp-json\/wp\/v2\/posts\/3496?print=pdf\" class=\"pdfprnt-button pdfprnt-button-pdf\" target=\"_blank\"><img decoding=\"async\" src=\"https:\/\/la-presse-anarchiste.net\/wp-content\/plugins\/pdf-print\/images\/pdf.png\" alt=\"image_pdf\" title=\"Afficher le PDF\"><\/a><a href=\"https:\/\/la-presse-anarchiste.net\/index.php\/wp-json\/wp\/v2\/posts\/3496?print=print\" class=\"pdfprnt-button pdfprnt-button-print\" target=\"_blank\"><img decoding=\"async\" src=\"https:\/\/la-presse-anarchiste.net\/wp-content\/plugins\/pdf-print\/images\/print.png\" alt=\"image_print\" title=\"Contenu imprim\u00e9\"><\/a><\/div><p>Au sujet du droit de pro\u00adpri\u00e9\u00adt\u00e9, La Fon\u00adtaine a lais\u00ads\u00e9 la belette et Jean\u00adnot lapin face \u00e0 face sous les griffes de Grip\u00adpe\u00admi\u00adnaud. Avant lui et apr\u00e8s lui, d\u2019in\u00adnom\u00adbrables th\u00e9o\u00adri\u00adciens ont \u00e9mis leur opi\u00adnion sur ce&nbsp;droit.<\/p>\n<p>\u00ab&nbsp;La pos\u00adses\u00adsion pro\u00advi\u00adsoire des ins\u00adtru\u00adments de tra\u00advail peut \u00eatre c\u00e9d\u00e9e par la com\u00admu\u00adnau\u00adt\u00e9, mais la pro\u00adpri\u00e9\u00adt\u00e9 c\u2019est le vol.&nbsp;\u00bb \u2013 Proudhon.<\/p>\n<p>\u00ab&nbsp;L\u2019o\u00adpu\u00adlence est tou\u00adjours le pro\u00adduit d\u2019un vol&nbsp;; s\u2019il n\u2019a pas \u00e9t\u00e9 com\u00admis par le pro\u00adpri\u00e9\u00adtaire actuel, il l\u2019a \u00e9t\u00e9 par ses anc\u00eatres.&nbsp;\u00bb \u2013 Saint-J\u00e9r\u00f4me.<\/p>\n<p>Res\u00adpec\u00adtons l\u2019\u00e9\u00adpargne, lit-on dans tous les manuels de morale la\u00efque ou religieuse.<\/p>\n<p>Voire&nbsp;! Tout d\u00e9pend des sources de cette \u00e9pargne.<\/p>\n<p>Voi\u00adci un escroc qui, de diable deve\u00adnu ermite, pr\u00e9\u00adtend que soit res\u00adpec\u00adt\u00e9 ce qu\u2019il a bour\u00adgeoi\u00adse\u00adment \u00e9co\u00adno\u00admi\u00ads\u00e9 sur ses rapines. On lui rit au nez. Or, les grosses for\u00adtunes pro\u00adviennent tou\u00adjours d\u2019es\u00adcro\u00adque\u00adries par pr\u00e9\u00adl\u00e8\u00adve\u00adment sur le tra\u00advail&nbsp;: escro\u00adque\u00adrie directe par le patron, indi\u00adrecte par les action\u00adnaires. La confis\u00adca\u00adtion du pro\u00adduit d\u2019un vol au pro\u00adfit de la col\u00adlec\u00adti\u00advi\u00adt\u00e9 est une op\u00e9\u00adra\u00adtion nor\u00admale contre laquelle on ne peut s\u2019indigner.<\/p>\n<p>Quelques for\u00adtunes moyennes ont leur ori\u00adgine dans le tra\u00advail et semblent jus\u00adti\u00adfiables \u00e0 ce titre. Mais il s\u2019a\u00adgit de savoir si ce tra\u00advail n\u2019a pas \u00e9t\u00e9 sur\u00ad\u00e9va\u00adlu\u00e9. Don\u00adnez \u00e0 quel\u00adqu\u2019un un trai\u00adte\u00adment d\u2019un mil\u00adlion sur lequel il \u00e9co\u00adno\u00admise 500.000 fr. sans aucune g\u00eane pen\u00addant qu\u2019un autre tra\u00advailleur doit se conten\u00adter de 10.000 fr. Il est \u00e9vident que les 500.000 fr. d\u2019\u00e9\u00adco\u00adno\u00admies ne sont pos\u00adsibles que par suite d\u2019un pr\u00e9\u00adl\u00e8\u00adve\u00adment injuste sur l\u2019en\u00adsemble du corps social et que la confis\u00adca\u00adtion de cette \u00e9pargne, sou\u00advent accrue par des int\u00e9\u00adr\u00eats, c\u2019est-\u00e0-dire par des pr\u00e9\u00adl\u00e8\u00adve\u00adments sup\u00adpl\u00e9\u00admen\u00adtaires, est une simple et d\u2019ailleurs insuf\u00adfi\u00adsante restitution.<\/p>\n<p>Quant \u00e0 l\u2019\u00e9\u00adpargne des pauvres, elle est pra\u00adti\u00adque\u00adment impos\u00adsible sans une ava\u00adrice sor\u00addide et d\u2019in\u00adnom\u00adbrables pri\u00adva\u00adtions. \u00ab&nbsp;Quelles \u00e9pargnes peut faire un ouvrier auquel on n\u2019ac\u00adcorde qu\u2019un modique salaire&nbsp;?&nbsp;\u00bb s\u2019\u00e9\u00adcriait Bar\u00adr\u00e8re le 22 flo\u00adr\u00e9al an II. On pour\u00adrait en dire autant aujourd\u2019hui.<\/p>\n<p>Les lois pr\u00e9\u00adsentes ne res\u00adpectent m\u00eame pas cette th\u00e9\u00adsau\u00adri\u00adsa\u00adtion aux d\u00e9pens du strict n\u00e9ces\u00adsaire et l\u2019es\u00adca\u00admotent par les droits de suc\u00adces\u00adsion et par les d\u00e9va\u00adlua\u00adtions mon\u00e9\u00adtaires \u2013 expro\u00adpria\u00adtions hypo\u00adcrites sans com\u00adpen\u00adsa\u00adtions. Une foule de petits \u00e9par\u00adgnants n\u2019a-t-elle pas \u00e9t\u00e9 rui\u00adn\u00e9e par les tri\u00adpo\u00adtages mon\u00e9\u00adtaires des trente der\u00adni\u00e8res ann\u00e9es&nbsp;? Cela c\u2019est du vol pur et simple.<\/p>\n<p>Au contraire, lors de la vente des biens du cler\u00adg\u00e9, en 1789, l\u2019\u00c9\u00adtat avait pris \u00e0 sa charge les frais du culte et d\u2019as\u00adsis\u00adtance, de sorte que la grande majo\u00adri\u00adt\u00e9 des pr\u00eatres n\u2019a\u00advait mat\u00e9\u00adriel\u00adle\u00adment rien per\u00addu au change, au contraire. De m\u00eame une r\u00e9vo\u00adlu\u00adtion \u00e9ga\u00adli\u00adtaire qui n\u2019ex\u00adpro\u00adprie\u00adrait l\u2019\u00e9\u00adpargne indi\u00advi\u00adduelle que pour la rem\u00adpla\u00adcer par une \u00e9pargne col\u00adlec\u00adtive infi\u00adni\u00adment plus s\u00fbre ne consti\u00adtue\u00adrait pas une confis\u00adca\u00adtion puis\u00adqu\u2019elle serait com\u00adpen\u00ads\u00e9e \u2013 et au-del\u00e0 \u2013 par les bien\u00adfaits de l\u2019or\u00adga\u00adni\u00adsa\u00adtion nouvelle.<\/p>\n<p>Le vieux pay\u00adsan per\u00addrait ses titres de pro\u00adpri\u00e9\u00adt\u00e9 et il en souf\u00adfri\u00adrait comme on souffre du vide lais\u00ads\u00e9 par une manie qu\u2019on ne peut plus satis\u00adfaire. Mais ses vieux jours seraient tota\u00adle\u00adment assu\u00adr\u00e9s contre toute g\u00eane, \u2013 sans obli\u00adga\u00adtion pour cela de s\u2019en\u00adfer\u00admer dans un hos\u00adpice-pri\u00adson, \u2013 et il appr\u00e9\u00adcie\u00adrait bien vite les avan\u00adtages d\u2019un chan\u00adge\u00adment juri\u00addique qui ne le rui\u00adne\u00adrait en appa\u00adrence que pour l\u2019en\u00adri\u00adchir en r\u00e9a\u00adli\u00adt\u00e9, aus\u00adsi bien dans son exis\u00adtence mat\u00e9\u00adrielle que dans sa vie morale et int\u00e9\u00adrieure. Mal\u00adgr\u00e9 l\u2019ins\u00adtinct de pro\u00adpri\u00e9\u00adt\u00e9 per\u00adson\u00adnelle, les g\u00e9n\u00e9\u00adra\u00adtions nou\u00advelles s\u2019a\u00addap\u00adte\u00adraient ais\u00e9\u00adment \u00e0 un f\u00e9d\u00e9\u00adra\u00adlisme leur garan\u00adtis\u00adsant \u00e0 la fois le bien-\u00eatre, l\u2019in\u00add\u00e9\u00adpen\u00addance et la liber\u00adt\u00e9 sans les tra\u00adcas et les al\u00e9as d\u2019une ges\u00adtion per\u00adson\u00adnelle de&nbsp;biens.<\/p>\n<p>Car, dans le ren\u00adver\u00adse\u00adment des ins\u00adti\u00adtu\u00adtions actuelles, il ne fau\u00addrait sur\u00adtout pas r\u00e9ta\u00adblir les erreurs fon\u00adda\u00admen\u00adtales des col\u00adlec\u00adti\u00advi\u00adsa\u00adtions au ser\u00advice d\u2019une auto\u00adri\u00adt\u00e9 ou d\u2019un \u00c9tat qui les pos\u00ads\u00e8de, les dirige et les fait ser\u00advir ses actions de poli\u00adtique et de conqu\u00eate abso\u00adlu\u00adment \u00e9tran\u00adg\u00e8res au sens v\u00e9ri\u00adtable de la col\u00adlec\u00adti\u00advi\u00adsa\u00adtion qui est sans contre\u00addit la condi\u00adtion, le creu\u00adset o\u00f9 vien\u00addra s\u2019in\u00adter\u00adpr\u00e9\u00adter et se r\u00e9a\u00adli\u00adser la demande des besoins de la col\u00adlec\u00adti\u00advi\u00adt\u00e9 elle-m\u00eame.<\/p>\n<p>L\u2019ex\u00adpro\u00adpria\u00adtion des moyens de pro\u00adduc\u00adtion et d\u2019\u00e9\u00adchange en vue d\u2019une col\u00adlec\u00adti\u00advi\u00adsa\u00adtion totale ne devra jamais signi\u00adfier le rejet d\u2019une injus\u00adtice et d\u2019une exploi\u00adta\u00adtion pour la cr\u00e9a\u00adtion d\u2019une ser\u00advi\u00adtude et d\u2019une d\u00e9pen\u00addance encore plus tenace des indi\u00advi\u00addus d\u2019une soci\u00e9\u00adt\u00e9 qui n\u2019au\u00adra rien reje\u00adt\u00e9 de l\u2019ob\u00adjet v\u00e9ri\u00adtable qu\u2019a\u00advait celle \u00e0 laquelle elle pr\u00e9\u00adtend se sub\u00adsti\u00adtuer&nbsp;: son main\u00adtien par l\u2019au\u00adto\u00adri\u00adt\u00e9 et la contrainte au moyen d\u2019un stade de puis\u00adsance qu\u2019elle aura incon\u00adtes\u00adta\u00adble\u00adment agran\u00addi par la struc\u00adture ration\u00adnelle qui d\u00e9cou\u00adle\u00adrait de la collectivisation.<\/p>\n<p>Aus\u00adsi, lorsque le congr\u00e8s de la I<sup>re<\/sup> Inter\u00adna\u00adtio\u00adnale \u00e0 B\u00e2le en 1869 affir\u00admait&nbsp;: \u00ab&nbsp;La soci\u00e9\u00adt\u00e9 a le droit de conver\u00adtir la pro\u00adpri\u00e9\u00adt\u00e9 pri\u00adv\u00e9e en pro\u00adpri\u00e9\u00adt\u00e9 col\u00adlec\u00adtive, et cette trans\u00adfor\u00adma\u00adtion est n\u00e9ces\u00adsaire&nbsp;\u00bb, pour\u00adrions-nous ajou\u00adter ou conti\u00adnuer en disant que cette soci\u00e9\u00adt\u00e9 ne doit faire jouer cette expro\u00adpria\u00adtion que par sa liber\u00adt\u00e9 et pour sa liber\u00adt\u00e9 d\u00e9finitive.<\/p>\n","protected":false},"excerpt":{"rendered":"<p>Au sujet du droit de pro\u00adpri\u00e9\u00adt\u00e9, La Fon\u00adtaine a lais\u00ads\u00e9 la belette et Jean\u00adnot lapin face \u00e0 face sous les griffes de Grip\u00adpe\u00admi\u00adnaud. Avant lui et apr\u00e8s lui, d\u2019in\u00adnom\u00adbrables th\u00e9o\u00adri\u00adciens ont \u00e9mis leur opi\u00adnion sur ce&nbsp;droit. \u00ab&nbsp;La pos\u00adses\u00adsion pro\u00advi\u00adsoire des ins\u00adtru\u00adments de tra\u00advail peut \u00eatre c\u00e9d\u00e9e par la com\u00admu\u00adnau\u00adt\u00e9, mais la pro\u00adpri\u00e9\u00adt\u00e9 c\u2019est le&nbsp;vol.&nbsp;\u00bb&nbsp;[\u2026]<\/p>\n","protected":false},"author":1,"featured_media":0,"comment_status":"closed","ping_status":"closed","sticky":false,"template":"","format":"standard","meta":{"wp_typography_post_enhancements_disabled":false,"footnotes":""},"categories":[417],"tags":[],"ppma_author":[540],"class_list":["post-3496","post","type-post","status-publish","format-standard","hentry","category-le-libertaire-na11-5-octobre-1945"],"authors":[{"term_id":540,"user_id":1,"is_guest":0,"slug":"admin_3gikpwyf","display_name":"Vincent Dubuc","avatar_url":"https:\/\/secure.gravatar.com\/avatar\/d015720652c25fd2ced191ade86430094e1f288a17483713e3b34d26dea52507?s=96&d=mm&r=g","author_category":"","user_url":"https:\/\/la-presse-anarchiste.net","last_name":"Dubuc","first_name":"Vincent","job_title":"","description":""}],"_links":{"self":[{"href":"https:\/\/la-presse-anarchiste.net\/index.php\/wp-json\/wp\/v2\/posts\/3496","targetHints":{"allow":["GET"]}}],"collection":[{"href":"https:\/\/la-presse-anarchiste.net\/index.php\/wp-json\/wp\/v2\/posts"}],"about":[{"href":"https:\/\/la-presse-anarchiste.net\/index.php\/wp-json\/wp\/v2\/types\/post"}],"author":[{"embeddable":true,"href":"https:\/\/la-presse-anarchiste.net\/index.php\/wp-json\/wp\/v2\/users\/1"}],"replies":[{"embeddable":true,"href":"https:\/\/la-presse-anarchiste.net\/index.php\/wp-json\/wp\/v2\/comments?post=3496"}],"version-history":[{"count":0,"href":"https:\/\/la-presse-anarchiste.net\/index.php\/wp-json\/wp\/v2\/posts\/3496\/revisions"}],"wp:attachment":[{"href":"https:\/\/la-presse-anarchiste.net\/index.php\/wp-json\/wp\/v2\/media?parent=3496"}],"wp:term":[{"taxonomy":"category","embeddable":true,"href":"https:\/\/la-presse-anarchiste.net\/index.php\/wp-json\/wp\/v2\/categories?post=3496"},{"taxonomy":"post_tag","embeddable":true,"href":"https:\/\/la-presse-anarchiste.net\/index.php\/wp-json\/wp\/v2\/tags?post=3496"},{"taxonomy":"author","embeddable":true,"href":"https:\/\/la-presse-anarchiste.net\/index.php\/wp-json\/wp\/v2\/ppma_author?post=3496"}],"curies":[{"name":"wp","href":"https:\/\/api.w.org\/{rel}","templated":true}]}}