{"id":3502,"date":"2013-04-04T11:12:27","date_gmt":"2013-04-04T11:12:27","guid":{"rendered":"https:\/\/la-presse-anarchiste.net\/index.php\/2013\/04\/04\/avertissement-2\/"},"modified":"2013-04-04T11:12:27","modified_gmt":"2013-04-04T11:12:27","slug":"avertissement-2","status":"publish","type":"post","link":"https:\/\/la-presse-anarchiste.net\/index.php\/2013\/04\/04\/avertissement-2\/","title":{"rendered":"Avertissement"},"content":{"rendered":"<div class=\"pdfprnt-buttons pdfprnt-buttons-post pdfprnt-top-right\"><a href=\"https:\/\/la-presse-anarchiste.net\/index.php\/wp-json\/wp\/v2\/posts\/3502?print=pdf\" class=\"pdfprnt-button pdfprnt-button-pdf\" target=\"_blank\"><img decoding=\"async\" src=\"https:\/\/la-presse-anarchiste.net\/wp-content\/plugins\/pdf-print\/images\/pdf.png\" alt=\"image_pdf\" title=\"Afficher le PDF\"><\/a><a href=\"https:\/\/la-presse-anarchiste.net\/index.php\/wp-json\/wp\/v2\/posts\/3502?print=print\" class=\"pdfprnt-button pdfprnt-button-print\" target=\"_blank\"><img decoding=\"async\" src=\"https:\/\/la-presse-anarchiste.net\/wp-content\/plugins\/pdf-print\/images\/print.png\" alt=\"image_print\" title=\"Contenu imprim\u00e9\"><\/a><\/div><p>Le mee\u00adting orga\u00adni\u00ads\u00e9 par le car\u00adtel des fonc\u00adtion\u00adnaires au V\u00e9lo\u00addrome d\u2019Hi\u00adver a \u00e9t\u00e9 l\u2019oc\u00adca\u00adsion de faits regret\u00adtables qu\u2019on pou\u00advait croire l\u2019a\u00adpa\u00adnage des bandes fas\u00adcistes qui pul\u00adlu\u00adlaient sous l\u2019oc\u00adcu\u00adpa\u00adtion. Quelques-uns de nos cama\u00adrades qui ven\u00addaient notre jour\u00adnal \u00e0 la sor\u00adtie de cette impo\u00adsante mani\u00adfes\u00adta\u00adtion se sont vus pris \u00e0 par\u00adtie d\u2019une mani\u00e8re inad\u00admis\u00adsible par les \u00e9l\u00e9\u00adments qui com\u00adpo\u00adsaient le ser\u00advice d\u2019\u00ab&nbsp;ordre&nbsp;\u00bb.<\/p>\n<p>Nous ne vou\u00adlons rien dra\u00adma\u00adti\u00adser, car nous savons bien que la plu\u00adpart des cama\u00adrades com\u00admu\u00adnistes r\u00e9prouvent de pareilles m\u00e9thodes dont ils ont eu tant \u00e0 souf\u00adfrir de la part des tru\u00adblions fas\u00adcistes au cours de ces der\u00adni\u00e8res ann\u00e9es.<\/p>\n<p>Nous com\u00adpre\u00adnons que ce qui carac\u00adt\u00e9\u00adrise le choix des \u00e9l\u00e9\u00adments des\u00adti\u00adn\u00e9s \u00e0 assu\u00adrer l\u2019\u00ab&nbsp;ordre&nbsp;\u00bb n\u2019a qu\u2019un tr\u00e8s loin\u00adtain rap\u00adport avec les qua\u00adli\u00adt\u00e9s de r\u00e9flexion et de tol\u00e9\u00adrance qui doivent ser\u00advir de fon\u00adde\u00adment \u00e0 la for\u00adma\u00adtion de mili\u00adtants se r\u00e9cla\u00admant de la classe ouvri\u00e8re et se pro\u00adcla\u00admant les meilleurs d\u00e9fen\u00adseurs d\u2019une d\u00e9mo\u00adcra\u00adtie qui, sui\u00advant les paroles d\u2019At\u00adtlee, ne peut trou\u00adver sa rai\u00adson d\u2019\u00eatre que dans le res\u00adpect des minorit\u00e9s.<\/p>\n<p>Nous esp\u00e9\u00adrons donc ne plus revoir de pareils inci\u00addents qui nous obli\u00adge\u00adraient \u00e0 prendre des mesures appropri\u00e9es.<\/p>\n<p>Nous vou\u00adlons croire que pour ceux qui se d\u00e9clarent les cham\u00adpions de la lutte anti\u00adfas\u00adciste il ne s\u2019a\u00adgit pas seule\u00adment de com\u00adbattre les forces de r\u00e9ac\u00adtion, mais \u00e9ga\u00adle\u00adment de ban\u00adnir leurs m\u00e9thodes qui sont la honte de la conscience de la classe ouvri\u00e8re.<\/p>\n","protected":false},"excerpt":{"rendered":"<p>Le mee\u00adting orga\u00adni\u00ads\u00e9 par le car\u00adtel des fonc\u00adtion\u00adnaires au V\u00e9lo\u00addrome d\u2019Hi\u00adver a \u00e9t\u00e9 l\u2019oc\u00adca\u00adsion de faits regret\u00adtables qu\u2019on pou\u00advait croire l\u2019a\u00adpa\u00adnage des bandes fas\u00adcistes qui pul\u00adlu\u00adlaient sous l\u2019oc\u00adcu\u00adpa\u00adtion. Quelques-uns de nos cama\u00adrades qui ven\u00addaient notre jour\u00adnal \u00e0 la sor\u00adtie de cette impo\u00adsante mani\u00adfes\u00adta\u00adtion se sont vus pris \u00e0 par\u00adtie d\u2019une mani\u00e8re inad\u00admis\u00adsible par les \u00e9l\u00e9ments&nbsp;[\u2026]<\/p>\n","protected":false},"author":1,"featured_media":0,"comment_status":"closed","ping_status":"closed","sticky":false,"template":"","format":"standard","meta":{"wp_typography_post_enhancements_disabled":false,"footnotes":""},"categories":[417],"tags":[],"ppma_author":[540],"class_list":["post-3502","post","type-post","status-publish","format-standard","hentry","category-le-libertaire-na11-5-octobre-1945"],"authors":[{"term_id":540,"user_id":1,"is_guest":0,"slug":"admin_3gikpwyf","display_name":"Vincent Dubuc","avatar_url":"https:\/\/secure.gravatar.com\/avatar\/d015720652c25fd2ced191ade86430094e1f288a17483713e3b34d26dea52507?s=96&d=mm&r=g","author_category":"","user_url":"https:\/\/la-presse-anarchiste.net","last_name":"Dubuc","first_name":"Vincent","job_title":"","description":""}],"_links":{"self":[{"href":"https:\/\/la-presse-anarchiste.net\/index.php\/wp-json\/wp\/v2\/posts\/3502","targetHints":{"allow":["GET"]}}],"collection":[{"href":"https:\/\/la-presse-anarchiste.net\/index.php\/wp-json\/wp\/v2\/posts"}],"about":[{"href":"https:\/\/la-presse-anarchiste.net\/index.php\/wp-json\/wp\/v2\/types\/post"}],"author":[{"embeddable":true,"href":"https:\/\/la-presse-anarchiste.net\/index.php\/wp-json\/wp\/v2\/users\/1"}],"replies":[{"embeddable":true,"href":"https:\/\/la-presse-anarchiste.net\/index.php\/wp-json\/wp\/v2\/comments?post=3502"}],"version-history":[{"count":0,"href":"https:\/\/la-presse-anarchiste.net\/index.php\/wp-json\/wp\/v2\/posts\/3502\/revisions"}],"wp:attachment":[{"href":"https:\/\/la-presse-anarchiste.net\/index.php\/wp-json\/wp\/v2\/media?parent=3502"}],"wp:term":[{"taxonomy":"category","embeddable":true,"href":"https:\/\/la-presse-anarchiste.net\/index.php\/wp-json\/wp\/v2\/categories?post=3502"},{"taxonomy":"post_tag","embeddable":true,"href":"https:\/\/la-presse-anarchiste.net\/index.php\/wp-json\/wp\/v2\/tags?post=3502"},{"taxonomy":"author","embeddable":true,"href":"https:\/\/la-presse-anarchiste.net\/index.php\/wp-json\/wp\/v2\/ppma_author?post=3502"}],"curies":[{"name":"wp","href":"https:\/\/api.w.org\/{rel}","templated":true}]}}