{"id":3507,"date":"1908-01-15T00:07:56","date_gmt":"1908-01-15T00:07:56","guid":{"rendered":"https:\/\/la-presse-anarchiste.net\/index.php\/2013\/04\/08\/lecons-de-sagesse\/"},"modified":"2024-04-17T11:28:28","modified_gmt":"2024-04-17T11:28:28","slug":"lecons-de-sagesse","status":"publish","type":"post","link":"https:\/\/la-presse-anarchiste.net\/index.php\/1908\/01\/15\/lecons-de-sagesse\/","title":{"rendered":"Le\u00e7ons de sagesse"},"content":{"rendered":"<div class=\"pdfprnt-buttons pdfprnt-buttons-post pdfprnt-top-right\"><a href=\"https:\/\/la-presse-anarchiste.net\/index.php\/wp-json\/wp\/v2\/posts\/3507?print=pdf\" class=\"pdfprnt-button pdfprnt-button-pdf\" target=\"_blank\"><img decoding=\"async\" src=\"https:\/\/la-presse-anarchiste.net\/wp-content\/plugins\/pdf-print\/images\/pdf.png\" alt=\"image_pdf\" title=\"Afficher le PDF\"><\/a><a href=\"https:\/\/la-presse-anarchiste.net\/index.php\/wp-json\/wp\/v2\/posts\/3507?print=print\" class=\"pdfprnt-button pdfprnt-button-print\" target=\"_blank\"><img decoding=\"async\" src=\"https:\/\/la-presse-anarchiste.net\/wp-content\/plugins\/pdf-print\/images\/print.png\" alt=\"image_print\" title=\"Contenu imprim\u00e9\"><\/a><\/div><div align=\"justify\">\n<p style=\"text-align: justify;\">\u00c0 peine reve\u00adnu de l\u2019U\u00adni\u00adt\u00e9 des brouillards loin\u00adtains du Socia\u00adlisme ind\u00e9\u00adpen\u00addant, \u00c9tienne Buis\u00adson, en une copieuse bro\u00adchure de plus de cent pages <sup class=\"modern-footnotes-footnote modern-footnotes-footnote--expands-on-desktop \" data-mfn=\"1\" data-mfn-post-scope=\"0000000042d0babc0000000060fc4848_3507\"><a href=\"javascript:void(0)\" role=\"button\" aria-pressed=\"false\" aria-describedby=\"mfn-content-0000000042d0babc0000000060fc4848_3507-1\">1<\/a><\/sup><span id=\"mfn-content-0000000042d0babc0000000060fc4848_3507-1\" role=\"tooltip\" class=\"modern-footnotes-footnote__note\" tabindex=\"0\" data-mfn=\"1\">Cahiers de la quin\u00adzaine, 3<sup>e<\/sup> cahiers de la 9<sup>e<\/sup> s\u00e9rie&nbsp;: \u00c9tienne Buis\u00adson, le \u00ab&nbsp;Par\u00adti Socia\u00adliste et les Syn\u00addi\u00adcats\u00bb&nbsp;; 2 francs.<\/span>, entre\u00adprend de rame\u00adner les Syn\u00addi\u00adcats \u00e0 la modes\u00adtie qui leur sied et de cor\u00adri\u00adger le Par\u00adti aveu\u00adgl\u00e9\u00adment pr\u00e9\u00adci\u00adpi\u00adt\u00e9 dans la d\u00e9via\u00adtion syndicaliste.<\/p>\n<p style=\"text-align: justify;\">Noble besogne en v\u00e9ri\u00adt\u00e9 et bien digne d\u2019un si grand courage.<\/p>\n<p style=\"text-align: justify;\">Aux ap\u00f4tres du Nord et de la Dor\u00addogne, \u00c9tienne Buis\u00adson apporte l\u2019ap\u00adpui de sa plume facile, un peu d\u00e9layeuse. Sur un point cepen\u00addant, ce par\u00adti\u00adsan convain\u00adcu de la par\u00adti\u00adci\u00adpa\u00adtion minis\u00adt\u00e9\u00adrielle se s\u00e9pare de ses amis de c\u0153ur gues\u00addistes. Plus cons\u00e9\u00adquent qu\u2019eux-m\u00eames, s\u2019il replace le Syn\u00addi\u00adcat dans les limites \u00e9troites d\u2019une petite l\u00e9ga\u00adli\u00adt\u00e9 bien sage avec d\u00e9fense d\u2019en sor\u00adtir sous peine de bl\u00e2me du Par\u00adti et du Gou\u00adver\u00adne\u00adment, il jette d\u00e9li\u00adb\u00e9\u00adr\u00e9\u00adment par-des\u00adsus les mou\u00adlins le panache r\u00e9vo\u00adlu\u00adtion\u00adnaire, et n\u2019en\u00adtend pas le reprendre au Syn\u00addi\u00adcat pour en parer l\u2019or\u00adga\u00adni\u00adsa\u00adtion politique.<\/p>\n<p style=\"text-align: justify;\">Les d\u00e9fi\u00adni\u00adtions de Buis\u00adson sont int\u00e9\u00adres\u00adsantes, car elles pro\u00adclament tout haut ce que pra\u00adtiquent tout bas les adver\u00adsaires du syn\u00addi\u00adca\u00adlisme r\u00e9volutionnaire.<\/p>\n<p style=\"text-align: justify;\">\u00ab&nbsp;Le Par\u00adti Socia\u00adliste, fid\u00e8le \u00e0 un pas\u00ads\u00e9 d\u00e9j\u00e0 long, compte pour <b>trans\u00adfor\u00admer<\/b> le r\u00e9gime social capi\u00adta\u00adliste sur l\u2019ac\u00adtion par\u00adle\u00admen\u00adtaire&nbsp;; la conqu\u00eate des pou\u00advoirs publics par le pro\u00adl\u00e9\u00adta\u00adriat aura pour cons\u00e9\u00adquence de modi\u00adfier pro\u00adfon\u00add\u00e9\u00adment l\u2019es\u00adprit et la forme de la l\u00e9ga\u00adli\u00adt\u00e9, en m\u00eame temps qu\u2019elle per\u00admet\u00adtra d\u2019\u00e9\u00adta\u00adblir un mode nou\u00adveau de pro\u00adduc\u00adtion \u00e9co\u00adno\u00admique et de consom\u00adma\u00adtion. \u00c0 l\u2019ac\u00adtion par\u00adle\u00admen\u00adtaire, consi\u00add\u00e9\u00adr\u00e9e par lui <b>comme la plus effi\u00adcace, il ne refuse pas <\/b>d\u2019ad\u00adjoindre l\u2019ac\u00adtion syn\u00addi\u00adcale, l\u2019ac\u00adtion coop\u00e9\u00adra\u00adtive, <b>toutes les fois<\/b> o\u00f9 l\u2019une ou l\u2019autre <b>pour\u00adront secon\u00adder ses efforts<\/b>, et seront diri\u00adg\u00e9es <b>dans un m\u00eame sens que lui<\/b>&nbsp;\u00bb<\/p>\n<p style=\"text-align: justify;\">En notre auteur r\u00e9sume son sys\u00adt\u00e8me en cette for\u00admule pr\u00e9\u00adcieuse et d\u00e9ci\u00adsive, qui tra\u00adduit bien aus\u00adsi la pen\u00ads\u00e9e de nos amis du Nord&nbsp;: \u00ab&nbsp;<b>Il s\u2019a\u00adgit sim\u00adple\u00adment de diri\u00adger la tac\u00adtique syn\u00addi\u00adcale dans le m\u00eame sens que la tac\u00adtique par\u00adle\u00admen\u00adtaire.<\/b>\u00bb<\/p>\n<p style=\"text-align: justify;\">C\u2019est fort simple en effet. Mais h\u00e9las nous res\u00adtons bien loin de cet id\u00e9al&nbsp;; la C.G.T. per\u00adsiste dans son ent\u00ea\u00adte\u00adment r\u00e9vo\u00adlu\u00adtion\u00adnaire. Et, consta\u00adta\u00adtion plus triste encore&nbsp;: dans le Par\u00adti m\u00eame le nombre de syn\u00addi\u00adca\u00adlistes gran\u00addit tous les&nbsp;jours.<\/p>\n<p style=\"text-align: justify;\">\u00c0 la Chambre, au m\u00e9pris des vrais prin\u00adcipes socia\u00adlistes, nos propres d\u00e9pu\u00adt\u00e9s, Vaillant, Willm, Jau\u00adr\u00e8s, se sont faits les d\u00e9fen\u00adseurs et les pro\u00adpa\u00adgan\u00addistes de ce syn\u00addi\u00adca\u00adlisme dont \u00ab&nbsp;les mani\u00adfes\u00adta\u00adtions consti\u00adtuent un puis\u00adsant attrait aux yeux des pro\u00adl\u00e9\u00adtaires&nbsp;\u00bb. \u00ab&nbsp;Il y a donc l\u00e0 une concur\u00adrence du socia\u00adlisme&nbsp;\u00bb, conclut Buis\u00adson avec quelque m\u00e9lancolie.<\/p>\n<p style=\"text-align: justify;\">\u00ab&nbsp;Le P.S. doit sur\u00adveiller de tr\u00e8s pr\u00e8s ce syn\u00addi\u00adca\u00adlisme&nbsp;\u00bb. Le but est net. Il faut \u00ab&nbsp;d\u00e9lo\u00adger les anar\u00adchistes de la C.G.T.&nbsp;\u00bb. Pour l\u2019at\u00adteindre, Buis\u00adson pr\u00e9\u00adco\u00adnise l\u2019en\u00adtr\u00e9e dans les Syn\u00addi\u00adcats des socia\u00adlistes qui y pro\u00adpa\u00adge\u00adront les concep\u00adtions syn\u00addi\u00adca\u00adlistes du&nbsp;Parti.<\/p>\n<p style=\"text-align: justify;\">Mais nos cama\u00adrades du Par\u00adti ne sont-ils pas d\u00e9j\u00e0 dans leurs orga\u00adni\u00adsa\u00adtions pro\u00adfes\u00adsion\u00adnelles&nbsp;? N\u2019y sont-ils pas d\u00e9j\u00e0 sou\u00advent la majo\u00adri\u00adt\u00e9 et n\u2019est-ce pas eux qui ont \u00ab&nbsp;lais\u00ads\u00e9 faire de l\u2019ac\u00adtion syn\u00addi\u00adcale une d\u00e9pen\u00addance de l\u2019ac\u00adtion anar\u00adchiste&nbsp;\u00bb. Faites-en votre deuil, mon pauvre Buis\u00adson, la situa\u00adtion semble bien sans issue&nbsp;! Que faire avec des socia\u00adlistes qui semblent rui\u00adner de leurs propres mains l\u2019\u00e9\u00addi\u00adfice r\u00e9for\u00admiste qui vous est cher et qui tra\u00advaillent pour la seule anar\u00adchie. Vous-m\u00eame nous r\u00e9v\u00e9\u00adlez le nom des prin\u00adci\u00adpaux com\u00adplices&nbsp;: \u00ab&nbsp;Vaillant, Lagar\u00addelle, Renau\u00addel, Jau\u00adr\u00e8s&nbsp;aussi.&nbsp;\u00bb<\/p>\n<p style=\"text-align: justify;\">Et pour clas\u00adser les hommes et les id\u00e9es, Buis\u00adson pos\u00ads\u00e8de des cri\u00adt\u00e9\u00adriums infaillibles. Quelle belle et savou\u00adreuse logique dans ce rai\u00adson\u00adne\u00adment&nbsp;: \u00ab&nbsp;Il est <b>donc<\/b> exact de dire, quoi\u00adqu\u2019en pense Renau\u00addel, que l\u2019ac\u00adtion directe, la gr\u00e8ve g\u00e9n\u00e9\u00adrale, l\u2019an\u00adti\u00admi\u00adli\u00adta\u00adrisme, pro\u00adpa\u00adg\u00e9s par le Comi\u00adt\u00e9 Conf\u00e9\u00add\u00e9\u00adral sont bien des <b>th\u00e9o\u00adries anar\u00adchistes<\/b>, puisque se sont des <b>anar\u00adchistes<\/b> qui les pr\u00eachent. <b>C\u2019est de toute \u00e9vi\u00addence<\/b>.&nbsp;\u00bb<\/p>\n<p style=\"text-align: justify;\">J\u2019au\u00adrais mau\u00advaise gr\u00e2ce \u00e0 nier une telle \u00e9vi\u00addence. Les id\u00e9es sont anar\u00adchistes parce que les hommes le sont, et les hommes sont anar\u00adchistes pr\u00e9\u00adci\u00ads\u00e9\u00adment parce que les id\u00e9es le sont. C\u2019est cer\u00adtain. Et apr\u00e8s de si lumi\u00adneuses d\u00e9fi\u00adni\u00adtions, il serait vain de chi\u00adca\u00adner Buis\u00adson sur le d\u00e9tail. Qu\u2019im\u00adportent les erreurs de&nbsp;fait.<\/p>\n<p style=\"text-align: justify;\">Sans doute nous retrou\u00adve\u00adrons les lieux com\u00admuns inexacts sur les syn\u00addi\u00adca\u00adlistes qui pr\u00eachent la d\u00e9ser\u00adtion, qui veulent de petites coti\u00adsa\u00adtions, qui redoutent les adh\u00e9\u00adsions nom\u00adbreuses \u00e0 leur Syn\u00addi\u00adcat, qui ont une pr\u00e9\u00addi\u00adlec\u00adtion mar\u00adqu\u00e9e pour les gr\u00e8ves vou\u00e9es aux \u00e9checs cer\u00adtains. Le tableau, peut-\u00eatre un peu noir, est des\u00adti\u00adn\u00e9 \u00e0 mieux faire res\u00adsor\u00adtir le por\u00adtrait id\u00e9al du bon syn\u00addi\u00adcat r\u00e9for\u00admiste. D\u00e9tail que tout&nbsp;cela&nbsp;!<\/p>\n<p style=\"text-align: justify;\">Sans doute c\u2019est Grif\u00adfuelhes qui est choi\u00adsi comme type de syn\u00addi\u00adca\u00adliste anar\u00adchiste. Mais le secr\u00e9\u00adtaire de la C.G.T. serait bien os\u00e9 de se plaindre de cette \u00e9pi\u00adth\u00e8te hasar\u00add\u00e9e. N\u2019est-il pas par\u00adti\u00adsan de la gr\u00e8ve g\u00e9n\u00e9rale&nbsp;?<\/p>\n<p style=\"text-align: justify;\">Sans doute, pour Buis\u00adson, M.&nbsp;Briand devient le fon\u00adda\u00adteur de la Conf\u00e9\u00add\u00e9\u00adra\u00adtion et le r\u00f4le des diverses frac\u00adtions socia\u00adlistes \u00e0 l\u2019o\u00adri\u00adgine de cette Conf\u00e9\u00add\u00e9\u00adra\u00adtion ne lui est pas tr\u00e8s&nbsp;connu.<\/p>\n<p style=\"text-align: justify;\">Sans doute, Luquet et Dret pour\u00adraient s\u2019\u00e9\u00adton\u00adner de voir les Cuirs et Peaux et les Coif\u00adfeurs figu\u00adrer par\u00admi les F\u00e9d\u00e9\u00adra\u00adtions dou\u00adteuses ni r\u00e9vo\u00adlu\u00adtion\u00adnaires ni r\u00e9for\u00admistes. Et il pour\u00adrait \u00eatre de m\u00eame des Tra\u00advailleurs de la Marine.<\/p>\n<p style=\"text-align: justify;\">Sans doute Buis\u00adson ajoute \u00e0 sa liste une F\u00e9d\u00e9\u00adra\u00adtion de la Chaus\u00adsure dont l\u2019exis\u00adtence est fort probl\u00e9matique.<\/p>\n<p style=\"text-align: justify;\">D\u00e9tails que tout&nbsp;cela&nbsp;!<\/p>\n<p style=\"text-align: justify;\">Avec une bonne foi char\u00admante, l\u2019au\u00adteur avoue que sur tous ces d\u00e9tails il n\u2019est pas tr\u00e8s fix\u00e9, qu\u2019il ne conna\u00eet gu\u00e8re les ten\u00addances des orga\u00adni\u00adsa\u00adtions et que ses ren\u00adsei\u00adgne\u00adments ne sont que de seconde main. Sa fran\u00adchise m\u00e9rite toute notre indul\u00adgence. Mais n\u2019e\u00fbt-il pas mieux fait de ne rien \u00e9crire&nbsp;?<\/p>\n<p style=\"text-align: right;\">Ernest Lafont<\/p>\n<\/div>\n<ul class=\"modern-footnotes-list modern-footnotes-list--show-only-for-print\"><li><span>1<\/span><div>Cahiers de la quin\u00adzaine, 3<sup>e<\/sup> cahiers de la 9<sup>e<\/sup> s\u00e9rie&nbsp;: \u00c9tienne Buis\u00adson, le \u00ab&nbsp;Par\u00adti Socia\u00adliste et les Syn\u00addi\u00adcats\u00bb&nbsp;; 2 francs.<\/div><\/li><\/ul>","protected":false},"excerpt":{"rendered":"<p>\u00c0 peine reve\u00adnu de l\u2019U\u00adni\u00adt\u00e9 des brouillards loin\u00adtains du Socia\u00adlisme ind\u00e9\u00adpen\u00addant, \u00c9tienne Buis\u00adson, en une copieuse bro\u00adchure de plus de cent pages , entre\u00adprend de rame\u00adner les Syn\u00addi\u00adcats \u00e0 la modes\u00adtie qui leur sied et de cor\u00adri\u00adger le Par\u00adti aveu\u00adgl\u00e9\u00adment pr\u00e9\u00adci\u00adpi\u00adt\u00e9 dans la d\u00e9via\u00adtion syn\u00addi\u00adca\u00adliste. Noble besogne en v\u00e9ri\u00adt\u00e9 et bien digne d\u2019un si&nbsp;grand&nbsp;[\u2026]<\/p>\n","protected":false},"author":63,"featured_media":5043,"comment_status":"closed","ping_status":"closed","sticky":false,"template":"wp-custom-template-page-d-article","format":"standard","meta":{"wp_typography_post_enhancements_disabled":false,"footnotes":""},"categories":[419],"tags":[],"ppma_author":[731],"class_list":["post-3507","post","type-post","status-publish","format-standard","has-post-thumbnail","hentry","category-laction-directe-na1-15-janvier-1908"],"authors":[{"term_id":731,"user_id":63,"is_guest":0,"slug":"ernest-lafont","display_name":"Ernest Lafont","avatar_url":"https:\/\/secure.gravatar.com\/avatar\/80b3c06312f681779ab18442289f31d2d5e27a79d8829d3aab3c2aa5650c71d0?s=96&d=mm&r=g","author_category":"","user_url":"","last_name":"Lafont","first_name":"Ernest","job_title":"","description":""}],"_links":{"self":[{"href":"https:\/\/la-presse-anarchiste.net\/index.php\/wp-json\/wp\/v2\/posts\/3507","targetHints":{"allow":["GET"]}}],"collection":[{"href":"https:\/\/la-presse-anarchiste.net\/index.php\/wp-json\/wp\/v2\/posts"}],"about":[{"href":"https:\/\/la-presse-anarchiste.net\/index.php\/wp-json\/wp\/v2\/types\/post"}],"author":[{"embeddable":true,"href":"https:\/\/la-presse-anarchiste.net\/index.php\/wp-json\/wp\/v2\/users\/63"}],"replies":[{"embeddable":true,"href":"https:\/\/la-presse-anarchiste.net\/index.php\/wp-json\/wp\/v2\/comments?post=3507"}],"version-history":[{"count":5,"href":"https:\/\/la-presse-anarchiste.net\/index.php\/wp-json\/wp\/v2\/posts\/3507\/revisions"}],"predecessor-version":[{"id":6818,"href":"https:\/\/la-presse-anarchiste.net\/index.php\/wp-json\/wp\/v2\/posts\/3507\/revisions\/6818"}],"wp:featuredmedia":[{"embeddable":true,"href":"https:\/\/la-presse-anarchiste.net\/index.php\/wp-json\/wp\/v2\/media\/5043"}],"wp:attachment":[{"href":"https:\/\/la-presse-anarchiste.net\/index.php\/wp-json\/wp\/v2\/media?parent=3507"}],"wp:term":[{"taxonomy":"category","embeddable":true,"href":"https:\/\/la-presse-anarchiste.net\/index.php\/wp-json\/wp\/v2\/categories?post=3507"},{"taxonomy":"post_tag","embeddable":true,"href":"https:\/\/la-presse-anarchiste.net\/index.php\/wp-json\/wp\/v2\/tags?post=3507"},{"taxonomy":"author","embeddable":true,"href":"https:\/\/la-presse-anarchiste.net\/index.php\/wp-json\/wp\/v2\/ppma_author?post=3507"}],"curies":[{"name":"wp","href":"https:\/\/api.w.org\/{rel}","templated":true}]}}