{"id":3513,"date":"1908-01-15T00:40:38","date_gmt":"1908-01-15T00:40:38","guid":{"rendered":"https:\/\/la-presse-anarchiste.net\/index.php\/2013\/04\/08\/coup-doeil-en-arriere\/"},"modified":"2024-04-17T12:45:41","modified_gmt":"2024-04-17T12:45:41","slug":"coup-doeil-en-arriere","status":"publish","type":"post","link":"https:\/\/la-presse-anarchiste.net\/index.php\/1908\/01\/15\/coup-doeil-en-arriere\/","title":{"rendered":"Coup d\u2019\u0153il en arri\u00e8re"},"content":{"rendered":"<div class=\"pdfprnt-buttons pdfprnt-buttons-post pdfprnt-top-right\"><a href=\"https:\/\/la-presse-anarchiste.net\/index.php\/wp-json\/wp\/v2\/posts\/3513?print=pdf\" class=\"pdfprnt-button pdfprnt-button-pdf\" target=\"_blank\"><img decoding=\"async\" src=\"https:\/\/la-presse-anarchiste.net\/wp-content\/plugins\/pdf-print\/images\/pdf.png\" alt=\"image_pdf\" title=\"Afficher le PDF\"><\/a><a href=\"https:\/\/la-presse-anarchiste.net\/index.php\/wp-json\/wp\/v2\/posts\/3513?print=print\" class=\"pdfprnt-button pdfprnt-button-print\" target=\"_blank\"><img decoding=\"async\" src=\"https:\/\/la-presse-anarchiste.net\/wp-content\/plugins\/pdf-print\/images\/print.png\" alt=\"image_print\" title=\"Contenu imprim\u00e9\"><\/a><\/div><div align=\"justify\">\n<p>L\u2019\u00abAlmanach de la R\u00e9vo\u00adlu\u00adtion, pour 1908&nbsp;\u00bb (p.60), pose la ques\u00adtion sui\u00advante&nbsp;: \u00ab&nbsp;Qui s\u2019est le pre\u00admier ser\u00advi, dans la lutte ouvri\u00e8re, de la for\u00admule si expres\u00adsive et si bien appro\u00adpri\u00e9e&nbsp;: \u201cAction Directe\u201d?\u00bb<\/p>\n<p>Elle cite le pas\u00adsage sui\u00advant d\u2019un article de Fer\u00adnand Pel\u00adlou\u00adtier, dans l\u2019\u00abOuvrier des Deux-Mondes&nbsp;\u00bb du 1<sup>er<\/sup> f\u00e9vrier 1897&nbsp;: \u00ab&nbsp;Le Syn\u00addi\u00adcat des Employ\u00e9s du d\u00e9par\u00adte\u00adment de la Seine, convain\u00adcus que le moyen d\u2019o\u00adp\u00e9\u00adrer des modi\u00adfi\u00adca\u00adtions dans les condi\u00adtions du tra\u00advail d\u00e9pend beau\u00adcoup plus de l\u2019\u201caction directe\u201d exer\u00adc\u00e9e par les Syn\u00addi\u00adcats contre les patrons, que des inutiles appels \u00e0 l\u2019in\u00adter\u00adven\u00adtion l\u00e9gis\u00adla\u00adtive ou admi\u00adnis\u00adtra\u00adtive, vient de d\u00e9ci\u00adder une cam\u00adpagne de propagande.&nbsp;\u00bb<\/p>\n<p>L\u2019\u00abAlmanach&nbsp;\u00bb apr\u00e8s avoir repro\u00adduit cette phrase, conclut ain\u00adsi&nbsp;: \u00ab&nbsp;Pel\u00adlou\u00adtier, jus\u00adqu\u2019\u00e0 preuve du contraire, semble bien \u00eatre le pre\u00admier qui ait employ\u00e9 si \u00e0 pro\u00adpos, dans la lutte ouvri\u00e8re, le vocable \u201cAction Directe\u201d. En est-il le&nbsp;p\u00e8re&nbsp;?&nbsp;\u00bb<\/p>\n<p>\u00c0 mon tour, j\u2019ap\u00adporte deux cita\u00adtions, extraites du \u00ab&nbsp;Bul\u00adle\u00adtin de la F\u00e9d\u00e9\u00adra\u00adtion Juras\u00adsienne de l\u2019In\u00adter\u00adna\u00adtio\u00adnale&nbsp;\u00bb num\u00e9\u00adros du 1<sup>er<\/sup> novembre 1874 et du 28 f\u00e9vrier 1875.<\/p>\n<p>Dans l\u2019ar\u00adticle du 1<sup>er<\/sup> f\u00e9vrier 1874, il s\u2019a\u00adgit d\u2019une cam\u00adpagne entre\u00adprise en Suisse pour la dimi\u00adnu\u00adtion de la jour\u00adn\u00e9e de tra\u00advail. \u00c0 ceux qui vou\u00adlaient avoir recours \u00e0 l\u2019in\u00adter\u00adven\u00adtion l\u00e9gis\u00adla\u00adtive, le \u00ab&nbsp;Bul\u00adle\u00adtin&nbsp;\u00bb r\u00e9pon\u00addait&nbsp;ceci&nbsp;:<\/p>\n<p>\u00ab&nbsp;Notre opi\u00adnion est que c\u2019est aux ouvriers eux-m\u00eames \u00e0 limi\u00adter la dur\u00e9e de la jour\u00adn\u00e9e de tra\u00advail. Si les ouvriers le veulent s\u00e9rieu\u00adse\u00adment, ils peuvent par la seule puis\u00adsance de leur orga\u00adni\u00adsa\u00adtion en soci\u00e9\u00adt\u00e9 de r\u00e9sis\u00adtance, for\u00adcer la main aux patrons sur ce point, sans avoir besoin de l\u2019ap\u00adpui d\u2019au\u00adcune loi de l\u2019\u00c9\u00adtat. Et, au contraire, si les ouvriers ne sont pas orga\u00adni\u00ads\u00e9s de mani\u00e8re \u00e0 pou\u00advoir impo\u00adser leurs volon\u00adt\u00e9s au patrons, ils auront beau invo\u00adquer le texte d\u2019une loi que leur aurait octroy\u00e9 le pou\u00advoir l\u00e9gis\u00adla\u00adtif&nbsp;: cette loi sera constam\u00adment \u00e9lu\u00add\u00e9e et res\u00adte\u00adra \u00e0 l\u2019\u00e9\u00adtat de lettre morte parce que les ouvriers ne seraient pas assez forts pour contraindre la bour\u00adgeoi\u00adsie \u00e0 l\u2019ex\u00e9cuter.&nbsp;\u00bb<\/p>\n<p>Et la m\u00e9thode \u00e0 suivre pour \u00ab&nbsp;for\u00adcer la main&nbsp;\u00bb \u00e0 la classe capi\u00adta\u00adliste \u00e9tait d\u00e9crite en ces termes&nbsp;:<\/p>\n<p>\u00ab&nbsp;Les ouvriers se sont orga\u00adni\u00ads\u00e9s par\u00adtout en soci\u00e9\u00adt\u00e9s de m\u00e9tiers. Ces soci\u00e9\u00adt\u00e9s se sont grou\u00adp\u00e9es en F\u00e9d\u00e9\u00adra\u00adtions cor\u00adpo\u00adra\u00adtives, et ces F\u00e9d\u00e9\u00adra\u00adtions, \u00e0 leur tour, se sont f\u00e9d\u00e9\u00adr\u00e9es entre elles cou\u00advrant tout le pays d\u2019un vaste r\u00e9seau. C\u2019est l\u2019ar\u00adm\u00e9e du tra\u00advail, une arm\u00e9e qui, une fois aguer\u00adrie et dis\u00adci\u00adpli\u00adn\u00e9e, est en \u00e9tat de tenir t\u00eate \u00e0 la bour\u00adgeoi\u00adsie et de lui dic\u00adter ses volont\u00e9s.<\/p>\n<p>\u00ab&nbsp;Lorsque cette orga\u00adni\u00adsa\u00adtion est r\u00e9a\u00adli\u00ads\u00e9e, quelle est la marche \u00e0 suivre pour obte\u00adnir des r\u00e9formes sociales&nbsp;? Les ouvriers ont-ils besoin de s\u2019a\u00addres\u00adser en humbles p\u00e9ti\u00adtion\u00adnaires \u00e0 l\u2019au\u00adto\u00adri\u00adt\u00e9 l\u00e9gis\u00adla\u00adtive pour la prier de les prendre sous sa pro\u00adtec\u00adtion&nbsp;? Nul\u00adle\u00adment. S\u2019ils veulent rac\u00adcour\u00adcir la jour\u00adn\u00e9e de tra\u00advail, ils signi\u00adfient \u00e0 leurs patrons leur volon\u00adt\u00e9, et, la r\u00e9sis\u00adtance \u00e0 l\u2019ar\u00adm\u00e9e du tra\u00advail \u00e9tant impos\u00adsible, les patrons sont for\u00adc\u00e9s de c\u00e9der. S\u2019a\u00adgit-il d\u2019aug\u00admen\u00adter les salaires, de prendre des mesures concer\u00adnant le tra\u00advail des femmes et des enfants, etc.? On emploie le m\u00eame moyen&nbsp;: au lieu d\u2019a\u00advoir recours \u00e0 l\u2019\u00c9\u00adtat, \u00ab&nbsp;qui n\u2019a de force que celle que les ouvriers lui donnent&nbsp;\u00bb, les ouvriers \u00ab&nbsp;r\u00e8glent direc\u00adte\u00adment l\u2019af\u00adfaire avec la bour\u00adgeoi\u00adsie, lui posent les condi\u00adtions, et, par la force de leur orga\u00adni\u00adsa\u00adtion, la contraignent de les accepter.&nbsp;\u00bb<\/p>\n<p>La m\u00eame ques\u00adtion est trai\u00adt\u00e9e dans l\u2019ar\u00adticle du 28 f\u00e9vrier 1875&nbsp;:<\/p>\n<p>\u00ab&nbsp;Pour la r\u00e9duc\u00adtion de la jour\u00adn\u00e9e de tra\u00advail, lorsque les ouvriers juge\u00adront le moment oppor\u00adtun pour intro\u00adduire cette r\u00e9forme dans tel m\u00e9tier, ils sont par\u00adfai\u00adte\u00adment en \u00e9tat de le faire par l\u2019\u00abaction&nbsp;\u00bb des soci\u00e9\u00adt\u00e9s de r\u00e9sis\u00adtance. Au lieu d\u2019im\u00adplo\u00adrer de l\u2019\u00c9\u00adtat une loi astrei\u00adgnant les patrons \u00e0 ne faire tra\u00advailler que tant d\u2019heures, la soci\u00e9\u00adt\u00e9 de m\u00e9tier \u00ab&nbsp;impose direc\u00adte\u00adment&nbsp;\u00bb aux patrons cette r\u00e9forme&nbsp;; de la sorte, au lieu d\u2019un texte de loi res\u00adtant \u00e0 l\u2019\u00e9\u00adtat de lettre morte, il s\u2019est op\u00e9\u00adr\u00e9, \u00ab&nbsp;par l\u2019i\u00adni\u00adtia\u00adtive directe des ouvriers&nbsp;\u00bb, une trans\u00adfor\u00adma\u00adtion dans un fait \u00e9conomique.<\/p>\n<p>Ce que la soci\u00e9\u00adt\u00e9 de r\u00e9sis\u00adtance peut faire pour la r\u00e9duc\u00adtion des heures de tra\u00advail, elle peut \u00e9ga\u00adle\u00adment le r\u00e9a\u00adli\u00adser au point de vue du tra\u00advail des femmes et des enfants, des condi\u00adtions hygi\u00e9\u00adniques, des garan\u00adties en cas de bles\u00adsure ou de mort au ser\u00advice d\u2019un patron, et dans bien d\u2019autres ques\u00adtions encore.<\/p>\n<p>\u00ab\u2013 Tr\u00e8s bien, nous dira-t-on&nbsp;: mais ces r\u00e9formes \u00ab&nbsp;op\u00e9\u00adr\u00e9es direc\u00adte\u00adment par les ouvriers&nbsp;\u00bb dans leurs m\u00e9tiers res\u00adpec\u00adtifs, ne serait-il pas utile de leur don\u00adner une sanc\u00adtion l\u00e9gale&nbsp;?<\/p>\n<p>\u00ab&nbsp;Nous r\u00e9pon\u00addons&nbsp;: cette sanc\u00adtion ne peut avoir aucune valeur&nbsp;; car, si la situa\u00adtion \u00e9co\u00adno\u00admique, si la puis\u00adsance d\u2019or\u00adga\u00adni\u00adsa\u00adtion ouvri\u00e8re font de ces r\u00e9formes un fait qui p\u00e9n\u00e8tre dans les m\u0153urs publiques, elles res\u00adte\u00adront acquises, et leur vraie garan\u00adtie se trou\u00adve\u00adra dans la pres\u00adsion exer\u00adc\u00e9e par l\u2019or\u00adga\u00adni\u00adsa\u00adtion ouvri\u00e8re&nbsp;; tan\u00addis qu\u2019au contraire si une situa\u00adtion \u00e9co\u00adno\u00admique d\u00e9fa\u00advo\u00adrable, un rel\u00e2\u00adche\u00adment dans l\u2019or\u00adga\u00adni\u00adsa\u00adtion ouvri\u00e8re, devaient ame\u00adner une r\u00e9ac\u00adtion contre ces r\u00e9formes, aucune sanc\u00adtion l\u00e9gale ne serait capable d\u2019ar\u00adr\u00ea\u00adter cette r\u00e9action.<\/p>\n<p>\u00ab&nbsp;La ten\u00addance de cer\u00adtains groupes ouvriers d\u2019at\u00adtendre et de r\u00e9cla\u00admer toutes les r\u00e9formes de l\u2019i\u00adni\u00adtia\u00adtive de l\u2019\u00c9tat, nous para\u00eet un immense dan\u00adger. En atten\u00addant tout de l\u2019\u00c9tat, les ouvriers n\u2019ac\u00adqui\u00e8rent point cette confiance en leurs propres forces qui est indis\u00adpen\u00adsable \u00e0 la marche en avant de leur mou\u00adve\u00adment&nbsp;; le gri\u00admoire des lois s\u2019ac\u00adcro\u00eet de quelques nou\u00adveaux textes et la posi\u00adtion ne change en&nbsp;rien.<\/p>\n<p>\u00ab&nbsp;Au lieu de dire cela, si les ouvriers consa\u00adcraient toute leur acti\u00advi\u00adt\u00e9 et toute leur \u00e9ner\u00adgie \u00e0 l\u2019or\u00adga\u00adni\u00adsa\u00adtion de leurs m\u00e9tiers en soci\u00e9\u00adt\u00e9s de r\u00e9sis\u00adtance, en f\u00e9d\u00e9\u00adra\u00adtions de m\u00e9tiers, locales et r\u00e9gio\u00adnales&nbsp;; si, par les mee\u00adtings, les conf\u00e9\u00adrences, les cercles d\u2019\u00e9\u00adtudes, les jour\u00adnaux, les bro\u00adchures, ils main\u00adte\u00adnaient une agi\u00adta\u00adtion socia\u00adliste et r\u00e9vo\u00adlu\u00adtion\u00adnaire per\u00adma\u00adnente&nbsp;; si, joi\u00adgnant la pra\u00adtique \u00e0 la th\u00e9o\u00adrie, ils \u2018r\u00e9a\u00adli\u00adsaient direc\u00adte\u00adment\u2019, sans aucune inter\u00adven\u00adtion bour\u00adgeoise et gou\u00adver\u00adne\u00admen\u00adtale, toutes les r\u00e9formes imm\u00e9\u00addia\u00adte\u00adment pos\u00adsibles, la cause du tra\u00advail serait mieux ser\u00advie que par le recours \u00e0 l\u2019in\u00adter\u00adven\u00adtion l\u00e9gislative.<\/p>\n<p>\u00ab&nbsp;C\u2019est l\u00e0 notre pro\u00adgramme&nbsp;: nous reje\u00adtons toutes les fic\u00adtions l\u00e9gales, et nous nous consa\u00adcrons \u00e0 une action per\u00adma\u00adnente de pro\u00adpa\u00adgande, d\u2019or\u00adga\u00adni\u00adsa\u00adtion, de r\u00e9sis\u00adtance, jus\u00adqu\u2019au jour de la R\u00e9vo\u00adlu\u00adtion sociale.&nbsp;\u00bb<\/p>\n<p>Voi\u00adl\u00e0 com\u00adment, il y a plus de trente ans, dans un jour\u00adnal de l\u2019In\u00adter\u00adna\u00adtio\u00adnale, on pr\u00e9\u00adco\u00adni\u00adsait l\u2019\u2018Action Directe\u2019. Si les \u2018mots\u2019 n\u2019y sont qu\u2019ap\u00adproxi\u00adma\u00adti\u00adve\u00adment&nbsp;: \u2018les ouvriers \u2018r\u00e8glent direc\u00adte\u00adment\u2019 l\u2019af\u00adfaire avec la bour\u00adgeoi\u00adsie\u2019, \u2013 \u2018action\u2019 des soci\u00e9\u00adt\u00e9s de r\u00e9sis\u00adtance\u2026 impo\u00adsant \u2018direc\u00adte\u00adment\u2019 aux patrons une r\u00e9forme\u2019, \u2018trans\u00adfor\u00adma\u00adtion dans un fait \u00e9co\u00adno\u00admique op\u00e9\u00adr\u00e9e par l\u2019\u2018initiative directe\u2019 des ouvriers\u2019, \u2013 \u2018r\u00e9formes\u2019 op\u00e9\u00adr\u00e9es direc\u00adte\u00adment\u201d par les ouvriers&nbsp;\u00bb, etc., la \u00ab&nbsp;chose&nbsp;\u00bb y est de la fa\u00e7on la plus explicite.<\/p>\n<p>L\u2019ar\u00adticle du 1<sup>er<\/sup> novembre 1874 a \u00e9t\u00e9 \u00e9crit par le sous\u00adsi\u00adgn\u00e9, celui du 28 f\u00e9vrier 1875, par Adh\u00e9\u00admar Schwitzgu\u00e9bel.<\/p>\n<p>Une autre cita\u00adtion encore me semble avoir \u00e9ga\u00adle\u00adment son int\u00e9\u00adr\u00eat. Le 6 avril 1870, \u00e0 la Chaux-de-Fonds, le Congr\u00e8s de la \u00ab&nbsp;majo\u00adri\u00adt\u00e9&nbsp;\u00bb de la F\u00e9d\u00e9\u00adra\u00adtion romande de l\u2019In\u00adter\u00adna\u00adtio\u00adnale (apr\u00e8s la scis\u00adsion pro\u00advo\u00adqu\u00e9e par la \u00ab&nbsp;mino\u00adri\u00adt\u00e9&nbsp;\u00bb poli\u00adti\u00adcienne que menaient Coul\u00adle\u00adry et Outine) vota \u00e0 l\u2019u\u00adna\u00adni\u00admi\u00adt\u00e9, sur le rap\u00adport de Schwitz\u00adgu\u00e9\u00adbel, la r\u00e9so\u00adlu\u00adtion suivante&nbsp;:<\/p>\n<p>\u00ab&nbsp;Le Congr\u00e8s Romand recom\u00admande \u00e0 toutes les Sec\u00adtions de l\u2019As\u00adso\u00adcia\u00adtion Inter\u00adna\u00adtio\u00adnale des tra\u00advailleurs de renon\u00adcer \u00e0 toute action ayant pour but d\u2019o\u00adp\u00e9\u00adrer la trans\u00adfor\u00adma\u00adtion sociale au moyen de r\u00e9formes poli\u00adtiques natio\u00adnales, et de por\u00adter toute leur acti\u00advi\u00adt\u00e9 sur la consti\u00adtu\u00adtion f\u00e9d\u00e9\u00adra\u00adtive des corps de m\u00e9tier, seul moyen d\u2019as\u00adsu\u00adrer le suc\u00adc\u00e8s de la r\u00e9vo\u00adlu\u00adtion sociale. Cette F\u00e9d\u00e9\u00adra\u00adtion est la v\u00e9ri\u00adtable repr\u00e9\u00adsen\u00adta\u00adtion du tra\u00advail, qui doit avoir lieu abso\u00adlu\u00adment en dehors des gou\u00adver\u00adne\u00adments politiques&nbsp;\u00bb.<\/p>\n<p>Voi\u00adl\u00e0 bien la concep\u00adtion que plus d\u2019un quart de si\u00e8cle apr\u00e8s, au len\u00adde\u00admain du Congr\u00e8s d\u2019A\u00admiens, on a r\u00e9su\u00adm\u00e9 dans cette for\u00admule qui a fait for\u00adtune&nbsp;: \u00ab&nbsp;Le syn\u00addi\u00adca\u00adlisme se suf\u00adfit \u00e0 lui-m\u00eame&nbsp;\u00bb.<\/p>\n<p>Ces cita\u00adtions ne montrent-elles pas qu\u2019il y a iden\u00adti\u00adt\u00e9 com\u00adpl\u00e8te entre les id\u00e9es et la tac\u00adtique des mili\u00adtants de l\u2019In\u00adter\u00adna\u00adtio\u00adnale et celles du syn\u00addi\u00adca\u00adlisme r\u00e9vo\u00adlu\u00adtion\u00adnaire actuel&nbsp;?<\/p>\n<p style=\"text-align: right;\">James Guillaume<\/p>\n<\/div>\n","protected":false},"excerpt":{"rendered":"<p>L\u2019\u00abAlmanach de la R\u00e9vo\u00adlu\u00adtion, pour 1908&nbsp;\u00bb (p.60), pose la ques\u00adtion sui\u00advante&nbsp;: \u00ab&nbsp;Qui s\u2019est le pre\u00admier ser\u00advi, dans la lutte ouvri\u00e8re, de la for\u00admule si expres\u00adsive et si bien appro\u00adpri\u00e9e&nbsp;: \u201cAction Directe\u201d?\u00bb Elle cite le pas\u00adsage sui\u00advant d\u2019un article de Fer\u00adnand Pel\u00adlou\u00adtier, dans l\u2019\u00abOuvrier des Deux-Mondes&nbsp;\u00bb du 1<sup>er<\/sup> f\u00e9vrier 1897&nbsp;: \u00ab&nbsp;Le Syn\u00addi\u00adcat des Employ\u00e9s du d\u00e9partement&nbsp;[\u2026]<\/p>\n","protected":false},"author":17,"featured_media":5043,"comment_status":"closed","ping_status":"closed","sticky":false,"template":"wp-custom-template-page-d-article","format":"standard","meta":{"wp_typography_post_enhancements_disabled":false,"footnotes":""},"categories":[419],"tags":[867],"ppma_author":[687],"class_list":["post-3513","post","type-post","status-publish","format-standard","has-post-thumbnail","hentry","category-laction-directe-na1-15-janvier-1908","tag-histoire-du-mouvement-social"],"authors":[{"term_id":687,"user_id":17,"is_guest":0,"slug":"james-guillaume","display_name":"James Guillaume","avatar_url":"https:\/\/secure.gravatar.com\/avatar\/83bb986bbaba30884e4c3cad83c4b94c6065208edaea4ab829e3b82c1a7ead35?s=96&d=mm&r=g","author_category":"","user_url":"","last_name":"Guillaume","first_name":"James","job_title":"","description":""}],"_links":{"self":[{"href":"https:\/\/la-presse-anarchiste.net\/index.php\/wp-json\/wp\/v2\/posts\/3513","targetHints":{"allow":["GET"]}}],"collection":[{"href":"https:\/\/la-presse-anarchiste.net\/index.php\/wp-json\/wp\/v2\/posts"}],"about":[{"href":"https:\/\/la-presse-anarchiste.net\/index.php\/wp-json\/wp\/v2\/types\/post"}],"author":[{"embeddable":true,"href":"https:\/\/la-presse-anarchiste.net\/index.php\/wp-json\/wp\/v2\/users\/17"}],"replies":[{"embeddable":true,"href":"https:\/\/la-presse-anarchiste.net\/index.php\/wp-json\/wp\/v2\/comments?post=3513"}],"version-history":[{"count":5,"href":"https:\/\/la-presse-anarchiste.net\/index.php\/wp-json\/wp\/v2\/posts\/3513\/revisions"}],"predecessor-version":[{"id":6827,"href":"https:\/\/la-presse-anarchiste.net\/index.php\/wp-json\/wp\/v2\/posts\/3513\/revisions\/6827"}],"wp:featuredmedia":[{"embeddable":true,"href":"https:\/\/la-presse-anarchiste.net\/index.php\/wp-json\/wp\/v2\/media\/5043"}],"wp:attachment":[{"href":"https:\/\/la-presse-anarchiste.net\/index.php\/wp-json\/wp\/v2\/media?parent=3513"}],"wp:term":[{"taxonomy":"category","embeddable":true,"href":"https:\/\/la-presse-anarchiste.net\/index.php\/wp-json\/wp\/v2\/categories?post=3513"},{"taxonomy":"post_tag","embeddable":true,"href":"https:\/\/la-presse-anarchiste.net\/index.php\/wp-json\/wp\/v2\/tags?post=3513"},{"taxonomy":"author","embeddable":true,"href":"https:\/\/la-presse-anarchiste.net\/index.php\/wp-json\/wp\/v2\/ppma_author?post=3513"}],"curies":[{"name":"wp","href":"https:\/\/api.w.org\/{rel}","templated":true}]}}