{"id":3519,"date":"2013-04-09T12:06:51","date_gmt":"2013-04-09T12:06:51","guid":{"rendered":"https:\/\/la-presse-anarchiste.net\/index.php\/2013\/04\/09\/la-conquete-du-pouvoir-politique-et-les-partis-ouvriers\/"},"modified":"2013-04-09T12:06:51","modified_gmt":"2013-04-09T12:06:51","slug":"la-conquete-du-pouvoir-politique-et-les-partis-ouvriers","status":"publish","type":"post","link":"https:\/\/la-presse-anarchiste.net\/index.php\/2013\/04\/09\/la-conquete-du-pouvoir-politique-et-les-partis-ouvriers\/","title":{"rendered":"La conqu\u00eate du pouvoir politique et les partis \u00ab&nbsp;ouvriers&nbsp;\u00bb"},"content":{"rendered":"<div class=\"pdfprnt-buttons pdfprnt-buttons-post pdfprnt-top-right\"><a href=\"https:\/\/la-presse-anarchiste.net\/index.php\/wp-json\/wp\/v2\/posts\/3519?print=pdf\" class=\"pdfprnt-button pdfprnt-button-pdf\" target=\"_blank\"><img decoding=\"async\" src=\"https:\/\/la-presse-anarchiste.net\/wp-content\/plugins\/pdf-print\/images\/pdf.png\" alt=\"image_pdf\" title=\"Afficher le PDF\"><\/a><a href=\"https:\/\/la-presse-anarchiste.net\/index.php\/wp-json\/wp\/v2\/posts\/3519?print=print\" class=\"pdfprnt-button pdfprnt-button-print\" target=\"_blank\"><img decoding=\"async\" src=\"https:\/\/la-presse-anarchiste.net\/wp-content\/plugins\/pdf-print\/images\/print.png\" alt=\"image_print\" title=\"Contenu imprim\u00e9\"><\/a><\/div><p>L\u2019In\u00adter\u00adna\u00adtio\u00adnale, avons-nous dit, a net\u00adte\u00adment et \u00e0 diverses reprises signi\u00adfi\u00e9 que les r\u00e9formes par\u00adtielles sont dan\u00adge\u00adreuses, et, par\u00adtant de ce prin\u00adcipe, elle a d\u00e9cla\u00adr\u00e9 que si le pro\u00adl\u00e9\u00adta\u00adriat doit com\u00adpl\u00e9\u00adter son \u00ab&nbsp;action&nbsp;\u00bb \u00e9co\u00adno\u00admique par l\u2019\u00ab&nbsp;action&nbsp;\u00bb poli\u00adtique, il doit se gar\u00adder du moins du par\u00adle\u00admen\u00adta\u00adrisme, c\u2019est-\u00e0-dire de toute coop\u00e9\u00adra\u00adtion aux lois dites ouvri\u00e8res, ne consi\u00add\u00e9\u00adrer les luttes \u00e9lec\u00adto\u00adrales que comme un \u00ab&nbsp;moyen d\u2019a\u00adgi\u00adta\u00adtion&nbsp;\u00bb et en subor\u00addon\u00adner les inci\u00addents et les cons\u00e9\u00adquences au but supr\u00eame, qui est la des\u00adtruc\u00adtion par la force du sys\u00adt\u00e8me \u00e9co\u00adno\u00admique et social actuel. De ces d\u00e9cla\u00adra\u00adtions, sanc\u00adtion\u00adn\u00e9es par le refus de son conseil g\u00e9n\u00e9\u00adral (mar\u00adxiste) d\u2019ap\u00adpr\u00e9\u00adcier le pro\u00adgramme anar\u00adchiste de cer\u00adtaines sec\u00adtions adh\u00e9\u00adrentes, on conclut que l\u2019In\u00adter\u00adna\u00adtio\u00adnale n\u2019en\u00adten\u00addait par \u00ab&nbsp;action poli\u00adtique&nbsp;\u00bb ni exclu\u00adsi\u00adve\u00adment ni m\u00eame n\u00e9ces\u00adsai\u00adre\u00adment la prise de pos\u00adses\u00adsion par les voies l\u00e9gales des assem\u00adbl\u00e9es publiques. Cher\u00adchons donc main\u00adte\u00adnant ce que disent \u00e0 ce sujet les pro\u00adgrammes des diverses \u00e9coles socia\u00adlistes fran\u00e7aises.<\/p>\n<p><sc>i<\/sc>. \u2013 <i>Par\u00adti ouvrier socia\u00adliste r\u00e9vo\u00adlu\u00adtion\u00adnaire<\/i>. \u2013 On sait que depuis la recons\u00adti\u00adtu\u00adtion (1876) du par\u00adti socia\u00adliste jus\u00adqu\u2019au congr\u00e8s de Ch\u00e2\u00adtel\u00adle\u00adrault, les deux \u00e9coles qui portent aujourd\u2019\u00adhui ce titre n\u2019en for\u00adm\u00e8rent qu\u2019une seule. Les Consi\u00add\u00e9\u00adrants d\u00e9fi\u00adni\u00adtifs de cette \u00e9cole furent \u00e9ta\u00adblis en 1882, par le congr\u00e8s de Saint-\u00c9tienne. En voi\u00adci le texte, emprun\u00adt\u00e9 d\u2019ailleurs presque tex\u00adtuel\u00adle\u00adment au pro\u00adgramme de l\u2019Internationale&nbsp;:<\/p>\n<p><quote>\u00ab&nbsp;Consi\u00add\u00e9\u00adrant que l\u2019\u00e9\u00adman\u00adci\u00adpa\u00adtion des tra\u00advailleurs ne peut \u00eatre l\u2019\u0153uvre que des tra\u00advailleurs eux-m\u00eames&nbsp;; que les efforts des tra\u00advailleurs pour conqu\u00e9\u00adrir leur \u00e9man\u00adci\u00adpa\u00adtion <i>ne doivent pas tendre \u00e0 consti\u00adtuer de nou\u00adveaux pri\u00advi\u00adl\u00e8ges<\/i>, mais \u00e0 r\u00e9a\u00adli\u00adser pour tous l\u2019\u00e9\u00adga\u00adli\u00adt\u00e9, et par elle la v\u00e9ri\u00adtable liber\u00adt\u00e9&nbsp;; que l\u2019as\u00adsu\u00adjet\u00adtis\u00adse\u00adment des tra\u00advailleurs aux d\u00e9ten\u00adteurs du capi\u00adtal est la source de toute ser\u00advi\u00adtude, poli\u00adtique, morale et mat\u00e9\u00adrielle&nbsp;; que, pour cette rai\u00adson, <i>l\u2019\u00e9\u00adman\u00adci\u00adpa\u00adtion \u00e9co\u00adno\u00admique des tra\u00advailleurs est le grand but auquel doit \u00eatre subor\u00addon\u00adn\u00e9 tout mou\u00adve\u00adment poli\u00adtique<\/i>&nbsp;; que l\u2019\u00e9\u00adman\u00adci\u00adpa\u00adtion des tra\u00advailleurs n\u2019est pas un pro\u00adbl\u00e8me sim\u00adple\u00adment local ou natio\u00adnal, qu\u2019au contraire ce pro\u00adbl\u00e8me int\u00e9\u00adresse les tra\u00advailleurs de toutes les nations <i>dites<\/i> civi\u00adli\u00ads\u00e9es, sa solu\u00adtion \u00e9tant n\u00e9ces\u00adsai\u00adre\u00adment subor\u00addon\u00adn\u00e9e \u00e0 leur concours th\u00e9o\u00adrique et pratique&nbsp;;<\/quote><\/p>\n<p>\u00ab&nbsp;Pour ces rai\u00adsons, le Par\u00adti ouvrier socia\u00adliste r\u00e9vo\u00adlu\u00adtion\u00adnaire fran\u00ad\u00e7ais d\u00e9clare&nbsp;: 1\u00b0 que le but final qu\u2019il pour\u00adsuit est l\u2019\u00e9\u00adman\u00adci\u00adpa\u00adtion com\u00adpl\u00e8te de tous les \u00eatres humains, sans dis\u00adtinc\u00adtion de sexe, de race et de natio\u00adna\u00adli\u00adt\u00e9&nbsp;; 2\u00b0 que cette \u00e9man\u00adci\u00adpa\u00adtion ne sera en bonne voie de r\u00e9a\u00adli\u00adsa\u00adtion que lorsque, par la socia\u00adli\u00adsa\u00adtion des moyens de pro\u00adduire, on s\u2019a\u00adche\u00admi\u00adne\u00adra vers une soci\u00e9\u00adt\u00e9 com\u00admu\u00adniste dans laquelle \u00ab&nbsp;cha\u00adcun, don\u00adnant selon ses forces, rece\u00advra sui\u00advant ses besoins&nbsp;\u00bb&nbsp; 3\u00b0 que, pour mar\u00adcher dans cette voie, il est n\u00e9ces\u00adsaire de main\u00adte\u00adnir, par le fait his\u00adto\u00adrique de la dis\u00adtinc\u00adtion des classes, un par\u00adti poli\u00adtique dis\u00adtinct en face des diverses nuances des par\u00adtis poli\u00adtiques bour\u00adgeois&nbsp;; 4\u00b0 <i>que cette \u00e9man\u00adci\u00adpa\u00adtion ne peut sor\u00adtir que de l\u2019ac\u00adtion r\u00e9vo\u00adlu\u00adtion\u00adnaire<\/i>, et qu\u2019il y a lieu de pour\u00adsuivre <i>comme moyen<\/i> (ces deux mots sont sou\u00adli\u00adgn\u00e9s dans le texte) la conqu\u00eate des pou\u00advoirs publics dans la com\u00admune, le d\u00e9par\u00adte\u00adment et l\u2019\u00c9tat.&nbsp;\u00bb<\/p>\n<p>Tel est le pro\u00adgramme ini\u00adtial des deux frac\u00adtions poli\u00adtiques qui consti\u00adtu\u00e8rent pen\u00addant cinq ans la F\u00e9d\u00e9\u00adra\u00adtion du Centre. Un expo\u00ads\u00e9 de la dis\u00adcus\u00adsion qu\u2019il sou\u00adle\u00adva en explique sur\u00adabon\u00addam\u00adment les para\u00adgraphes rela\u00adtifs \u00e0 l\u2019ac\u00adtion \u00e9lectorale.<\/p>\n<p>Sauf quelques rares excep\u00adtions, les groupes poli\u00adtiques et les orga\u00adni\u00adsa\u00adtions cor\u00adpo\u00adra\u00adtives repr\u00e9\u00adsen\u00adt\u00e9s au congr\u00e8s tinrent a d\u00e9cla\u00adrer que, l\u2019ac\u00adtion \u00e9lec\u00adto\u00adrale \u00e9tant saurs valeur, l\u2019emploi n\u2019en devait \u00eatre fait que d\u00e9ga\u00adg\u00e9 de toute pr\u00e9\u00adoc\u00adcu\u00adpa\u00adtion de suc\u00adc\u00e8s. Les groupes de Saint-Rapha\u00ebl, de Beau\u00adcaire, d\u2019Arles et d\u2019Al\u00adbi, par la bouche de M<sup>me<\/sup>&nbsp;Paule Mink, sp\u00e9\u00adci\u00adfi\u00e8rent \u00ab&nbsp;qu\u2019ils accep\u00adtaient la par\u00adti\u00adci\u00adpa\u00adtion aux luttes \u00e9lec\u00adto\u00adrales comme moyen d\u2019a\u00adgi\u00adta\u00adtion et de pr\u00e9\u00adpa\u00adra\u00adtion r\u00e9vo\u00adlu\u00adtion\u00adnaire et non comme solu\u00adtion de la ques\u00adtion sociale, qui ne peut \u00eatre r\u00e9so\u00adlue que par une trans\u00adfor\u00adma\u00adtion abso\u00adlue de l\u2019ordre de choses exis\u00adtant&nbsp;; par cons\u00e9\u00adquent, ajou\u00adt\u00e8rent-ils, et ceci donne au mot <i>moyen<\/i> toute sa signi\u00adfi\u00adca\u00adtion, les can\u00addi\u00addats devront avoir un pro\u00adgramme enti\u00e8\u00adre\u00adment, socia\u00adliste r\u00e9vo\u00adlu\u00adtion\u00adnaire <i>et se moins pr\u00e9\u00adoc\u00adcu\u00adper d\u2019\u00eatre \u00e9lus que d\u2019af\u00adfir\u00admer les prin\u00adcipes<\/i>.  Une d\u00e9cla\u00adra\u00adtion sem\u00adblable fut faite au nom des groupes de Tou\u00adlon, Mon\u00adt\u00e9\u00adli\u00admar, Cuers, Mont\u00adpel\u00adlier, par le citoyen Negro. \u2013 Les groupes de Paris, de Ch\u00e2\u00adtel\u00adle\u00adrault, de Brest (ces der\u00adniers repr\u00e9\u00adsen\u00adt\u00e9s par M.&nbsp;John Labus\u00adqui\u00e8re) ne consi\u00add\u00e9\u00adraient la conqu\u00eate des pou\u00advoirs poli\u00adtiques que \u00ab&nbsp;comme moyen de d\u00e9mo\u00adlir la soci\u00e9\u00adt\u00e9 actuelle pour la rem\u00adpla\u00adcer par la soci\u00e9\u00adt\u00e9 com\u00admu\u00adniste, la seule qui soit juste et \u00e9qui\u00adtable&nbsp;\u00bb. Le Cercle biblio\u00adphile des ouvriers de Rouen, \u00ab&nbsp;quoique anar\u00adchiste, accep\u00adtait la can\u00addi\u00adda\u00adture ouvri\u00e8re comme moyen de pro\u00adpa\u00adgande jus\u00adqu\u2019au jour du triomphe de l\u2019a\u00adnar\u00adchie&nbsp;\u00bb&nbsp;; les tailleurs d\u2019ha\u00adbits de Paris, \u00ab&nbsp;comme moyen d\u2019ac\u00adti\u00adver la r\u00e9vo\u00adlu\u00adtion sociale&nbsp;\u00bb.<\/p>\n<p>Nous pour\u00adrions mul\u00adti\u00adplier ces exemples. L\u2019ac\u00adcord par\u00adfait des d\u00e9l\u00e9\u00adgu\u00e9s sur la ques\u00adtion d\u00e9ter\u00admi\u00adna le vote una\u00adnime de la r\u00e9so\u00adlu\u00adtion suivante&nbsp;:<\/p>\n<blockquote><p>\u00ab&nbsp;Consi\u00add\u00e9\u00adrant que les rap\u00adports sont una\u00adnimes \u00e0 ne regar\u00adder l\u2019ac\u00adtion du vote que comme un moyen de pro\u00adpa\u00adgande ayant pour but d\u2019or\u00adga\u00adni\u00adser l\u2019ar\u00adm\u00e9e r\u00e9vo\u00adlu\u00adtion\u00adnaire et de rap\u00adpro\u00adcher l\u2019\u00e9\u00adch\u00e9ance fatale, le Congr\u00e8s d\u00e9cide que <i>l\u2019en\u00adtr\u00e9e dans les corps \u00e9lus n\u2019au\u00adra jamais pour objec\u00adtif d\u2019exer\u00adcer un par\u00adle\u00admen\u00adta\u00adrisme quel\u00adconque<\/i>, mais bien au contraire de faire \u00e0 la bour\u00adgeoi\u00adsie de constantes mises en demeure. <i>Comme, alors m\u00eame qu\u2019une majo\u00adri\u00adt\u00e9 ou une forte mino\u00adri\u00adt\u00e9 serait acquise, il est impos\u00adsible d\u2019ad\u00admettre qu\u2019elle puisse ame\u00adner les grandes r\u00e9formes que r\u00e9clame le pro\u00adl\u00e9\u00adta\u00adriat<\/i>, il ne faut consi\u00add\u00e9\u00adrer les fonc\u00adtions l\u00e9gis\u00adla\u00adtives ou muni\u00adci\u00adpales qu\u2019au point de vue de la pro\u00adpa\u00adgande r\u00e9volutionnaire.&nbsp;\u00bb<\/p><\/blockquote>\n<p>Enfin, les d\u00e9l\u00e9\u00adgu\u00e9s, esti\u00admant \u00e0 leur juste valeur les \u00ab&nbsp;mises en demeure&nbsp;\u00bb que devaient. faire les \u00e9lus, ado\u00adpt\u00e8rent la r\u00e9so\u00adlu\u00adtion addi\u00adtion\u00adnelle sui\u00advante, que (qui le croi\u00adrait&nbsp;?) \u00e0 M Fer\u00adroul, repr\u00e9\u00adsen\u00adtant du Cercle de la Mon\u00adtagne, de Narbonne&nbsp;:<\/p>\n<blockquote><p>\u00ab&nbsp;Atten\u00addu que les mises en demeure qui pour\u00adront \u00eatre faites \u00e0 la bour\u00adgeoi\u00adsie au nom du Par\u00adti ouvrier socia\u00adliste r\u00e9vo\u00adlu\u00adtion\u00adnaire n\u2019ont pas plus de chances d\u2019a\u00adbou\u00adtir \u00e0 l\u2019a\u00adve\u00adnir qu\u2019elles n\u2019ont abou\u00adti dans le pas\u00ads\u00e9&nbsp;; que ces mises en demeure ne peuvent que pro\u00advo\u00adquer des mesures coer\u00adci\u00adtives contre les\u00adquelles le Par\u00adti devra r\u00e9agir&nbsp;; que le Par\u00adti reste d\u00e9sar\u00adm\u00e9 devant la coa\u00adli\u00adtion bour\u00adgeoise, le Congr\u00e8s socia\u00adliste ouvrier de Saint-\u00c9tienne invite le Par\u00adti \u00e0 orga\u00adni\u00adser l\u2019ac\u00adtion r\u00e9volutionnaire.&nbsp;\u00bb<\/p><\/blockquote>\n<p>L\u2019o\u00adpi\u00adnion en mati\u00e8re \u00e9lec\u00adto\u00adrale de la frac\u00adtion dite, on ne sait trop pour\u00adquoi, pos\u00adsi\u00adbi\u00adliste, puisque quelques-uns de ses membres seule\u00adment m\u00e9ri\u00adtaient l\u2019\u00e9\u00adpi\u00adth\u00e8te, cette opi\u00adnion \u00e9tait donc bien nette. Mais, au cours des d\u00e9bats, un cer\u00adtain nombre de d\u00e9l\u00e9\u00adgu\u00e9s lui don\u00adn\u00e8rent une pr\u00e9\u00adci\u00adsion plus exacte encore.<\/p>\n<p>\u00ab&nbsp;Nous sommes, dit M.&nbsp;Roua\u00adnet., un par\u00adti anar\u00adchiste, anti-\u00e9ta\u00adtiste.&nbsp;\u00bb \u2013 \u00ab&nbsp;Il est, dit, M.&nbsp;Brousse, un des pro\u00adjets de <i>Consi\u00add\u00e9\u00adrants<\/i> sou\u00admis au Congr\u00e8s qui ne peut \u00eatre accep\u00adt\u00e9&nbsp;: c\u2019est celui qui ren\u00adferme les consi\u00add\u00e9\u00adrants du pro\u00adgramme dit mini\u00admum. Ces consi\u00add\u00e9\u00adrants sont col\u00adlec\u00adti\u00advistes, et encore d\u2019une cer\u00adtaine \u00e9cole col\u00adlec\u00adti\u00adviste.&nbsp;\u00bb \u2013 \u00ab&nbsp;L\u2019es\u00adsai loyal du suf\u00adfrage uni\u00adver\u00adsel, d\u00e9cla\u00adra M.&nbsp;Fer\u00adroul, a \u00e9t\u00e9 fait en beau\u00adcoup d\u2019en\u00addroits, \u00e0 Nar\u00adbonne entre autres, o\u00f9 le can\u00addi\u00addat r\u00e9vo\u00adlu\u00adtion\u00adnaire socia\u00adliste a obte\u00adnu plus de 8000 voix, et cet essai a prou\u00adv\u00e9 l\u2019in\u00adsuf\u00adfi\u00adsance de ce moyen de lutte. D\u2019a\u00adbord, rien ne garan\u00adtit la liber\u00adt\u00e9 du vote, et rien ne peut la garan\u00adtir&nbsp;: on a vu la spo\u00adlia\u00adtion des votes et de la liber\u00adt\u00e9 des \u00e9lec\u00adteurs se pra\u00adti\u00adquer sur une vaste \u00e9chelle par le gou\u00adver\u00adne\u00adment, par l\u2019ad\u00admi\u00adnis\u00adtra\u00adtion, par les d\u00e9pu\u00adt\u00e9s, par les chefs d\u2019in\u00addus\u00adtrie, qui pra\u00adti\u00adquaient qui l\u2019in\u00adti\u00admi\u00adda\u00adtion, qui d\u2019autres moyens aus\u00adsi odieux&nbsp;; l\u2019\u00e9\u00adga\u00adli\u00adt\u00e9 sociale de tous les citoyens pour\u00adrait seule garan\u00adtir la liber\u00adt\u00e9 du vote, et cette \u00e9ga\u00adli\u00adt\u00e9 n\u2019existe pas et n\u2019exis\u00adte\u00adra pas tant que la r\u00e9vo\u00adlu\u00adtion sociale ne sera pas&nbsp;faite.<\/p>\n<p>\u00ab&nbsp;L\u2019o\u00adra\u00adteur sup\u00adpose les conseils et les assem\u00adbl\u00e9es natio\u00adnales tout pleins de d\u00e9l\u00e9\u00adgu\u00e9s socia\u00adlistes et d\u00e9clare que, m\u00eame dans ce cas, la ques\u00adtion sociale ne serait point r\u00e9so\u00adlue, car, dit-il, il fau\u00addrait employer des moyens r\u00e9vo\u00adlu\u00adtion\u00adnaires qua\u00adli\u00adfi\u00e9s ill\u00e9\u00adgaux, et ces moyens r\u00e9vo\u00adlu\u00adtion\u00adnaires empor\u00adte\u00adraient tout d\u2019a\u00adbord la dis\u00adpa\u00adri\u00adtion des assem\u00adbl\u00e9es qui seraient d\u00e9si\u00adreuses de les appliquer.<\/p>\n<p>\u00ab&nbsp;Il pro\u00adpo\u00adsa de ne rete\u00adnir des r\u00e9so\u00adlu\u00adtions du congr\u00e8s du Havre (1880) que l\u2019ac\u00adtion r\u00e9vo\u00adlu\u00adtion\u00adnaire. Il recon\u00adna\u00eet le Congr\u00e8s sou\u00adve\u00adrain et libre de choi\u00adsir le mode de lutte qu\u2019il croi\u00adra le meilleur et le plus capable de lui don\u00adner la vic\u00adtoire d\u00e9fi\u00adni\u00adtive. Quant \u00e0 lui, d\u00e9l\u00e9\u00adgu\u00e9 de Nar\u00adbonne, il se d\u00e9clare anar\u00adchiste, c\u2019est-\u00e0-dire com\u00admu\u00adniste libertaire.&nbsp;\u00bb<\/p>\n<p>De telles d\u00e9cla\u00adra\u00adtions expliquent sur\u00adabon\u00addam\u00adment le grand nombre de groupes anar\u00adchistes que comp\u00adtait le Par\u00adti ouvrier et dis\u00adpensent de plus amples com\u00admen\u00adtaires. Pas\u00adsons donc sans tar\u00adder&nbsp;au<\/p>\n<p><sc>ii<\/sc>. \u2013 <i>Par\u00adti ouvrier fran\u00ad\u00e7ais (mar\u00adxiste)<\/i>. \u2013 On sait que les membres de ce par\u00adti quit\u00adt\u00e8rent le congr\u00e8s de Saint-\u00c9tienne au nombre de 23, et all\u00e8rent ouvrir \u00e0 Roanne un congr\u00e8s par\u00adti\u00adcu\u00adlier. Par\u00admi ces 23, se trou\u00advaient Dereure, Dor\u00admoy, Far\u00adjat, Fre\u00adjac, Fouilland, Guesde et Lafargue. De ceux qui appar\u00adte\u00adnant alors \u00e0 la frac\u00adtion pos\u00adsi\u00adbi\u00adliste, devaient plus tard rejoindre les dis\u00adsi\u00addents et gros\u00adsir l\u2019\u00e9\u00adtat-major gues\u00addiste, deux \u00e9taient res\u00adt\u00e9s au congr\u00e8s de Saint-\u00c9tienne&nbsp;: l\u2019un, P\u00e9dron, de Troyes, d\u00e9j\u00e0 ind\u00e9\u00adcis sur la direc\u00adtion \u00e0 prendre&nbsp;; l\u2019autre, Fer\u00adroul, mani\u00adfes\u00adtant publi\u00adque\u00adment (26 sep\u00adtembre) l\u2019a\u00advis que le d\u00e9part des Guesde, des Lafargue et de leurs amis \u00ab&nbsp;ren\u00addait un grand ser\u00advice au Par\u00adti ouvrier&nbsp;\u00bb. Le congr\u00e8s de Roanne \u00e9la\u00adbo\u00adra \u00e0 son tour un pro\u00adgramme, qu\u2019un de ses auteurs, Jean Dor\u00admoy, en une bro\u00adchure qui date de 1883, com\u00admente&nbsp;ainsi&nbsp;:<\/p>\n<p>\u00ab&nbsp;Au congr\u00e8s col\u00adlec\u00adti\u00adviste de Mar\u00adseille (1879), une nou\u00advelle tac\u00adtique appa\u00adra\u00eet. L\u2019action \u00e9lec\u00adto\u00adrale est affir\u00adm\u00e9e \u00e0 nou\u00adveau comme une n\u00e9ces\u00adsi\u00adt\u00e9\u2026 <i>Mais ce n\u2019est plus dans l\u2019es\u00adp\u00e9\u00adrance d\u2019\u00e9\u00adman\u00adci\u00adper le tra\u00advail avec des moyens par\u00adle\u00admen\u00adtaires, mais pour consti\u00adtuer le pro\u00adl\u00e9\u00adta\u00adriat en un par\u00adti de lutte et pr\u00e9\u00adpa\u00adrer ain\u00adsi une arm\u00e9e pour la r\u00e9vo\u00adlu\u00adtion d\u00e9cla\u00adr\u00e9e in\u00e9vi\u00adtable. Il s\u2019a\u00adgis\u00adsait de trans\u00adpor\u00adter sur le ter\u00adrain poli\u00adtique l\u2019an\u00adta\u00adgo\u00adnisme des classes qui existe sur le ter\u00adrain \u00e9co\u00adno\u00admique, de s\u00e9pa\u00adrer \u00e0 l\u2019aide du bul\u00adle\u00adtin de vote les sala\u00adri\u00e9s des sala\u00adriants<\/i> afin de les oppo\u00adser les uns aux autres et de les faire se heurter.&nbsp;\u00bb<\/p>\n<p>Une par\u00adtie de ce pro\u00adgramme \u00e9la\u00adbo\u00adr\u00e9e en 1880 par le congr\u00e8s r\u00e9gio\u00adnal de Paris disait&nbsp;: \u00ab&nbsp;\u2026 Tout en se ser\u00advant des moyens l\u00e9gaux, le pro\u00adl\u00e9\u00adta\u00adriat ne pour\u00adra arri\u00adver \u00e0 son \u00e9man\u00adci\u00adpa\u00adtion par la voie paci\u00adfique, et la r\u00e9vo\u00adlu\u00adtion sociale par la force reste <i>la seule solu\u00adtion d\u00e9fi\u00adni\u00adtive<\/i> pos\u00adsible&nbsp;; 5.&nbsp;L\u2019in\u00adter\u00adven\u00adtion poli\u00adtique sera subor\u00addon\u00adn\u00e9e au mou\u00adve\u00adment socia\u00adliste et ne lui ser\u00advi\u00adra que de moyen&nbsp;; 6.&nbsp;Tout en se m\u00ealant aux luttes des dif\u00adf\u00e9\u00adrentes frac\u00adtions de la bour\u00adgeoi\u00adsie, pour les com\u00adbattre indis\u00adtinc\u00adte\u00adment, le pro\u00adl\u00e9\u00adta\u00adriat pour\u00adsui\u00advra son orga\u00adni\u00adsa\u00adtion dis\u00adtincte\u2026&nbsp;\u00bb Ce fut cette par\u00adtie que reprit et confir\u00adma le congr\u00e8s gues\u00addiste de Roanne en le fai\u00adsant pr\u00e9\u00adc\u00e9\u00adder des obser\u00adva\u00adtions suivantes&nbsp;:<\/p>\n<p>\u00ab&nbsp;Appe\u00adl\u00e9 par son ordre du jour \u00e0 s\u2019oc\u00adcu\u00adper du pro\u00adgramme du Par\u00adti, le Congr\u00e8s natio\u00adnal de Roanne a confir\u00adm\u00e9 les d\u00e9ci\u00adsions des congr\u00e8s de Mar\u00adseille et du Havre rela\u00adti\u00adve\u00adment \u00e0 la n\u00e9ces\u00adsi\u00adt\u00e9 de l\u2019ac\u00adtion \u00e9lec\u00adto\u00adrale, mais <i>uni\u00adque\u00adment comme moyen de pro\u00adpa\u00adgande, d\u2019or\u00adga\u00adni\u00adsa\u00adtion et de lutte<\/i>. Repous\u00adsant comme une tra\u00adhi\u00adson l\u2019i\u00add\u00e9e seule de <i>par\u00adle\u00admean\u00adta\u00adri\u00adser<\/i> le Par\u00adti ouvrier et de faire d\u00e9pendre le salut du pro\u00adl\u00e9\u00adta\u00adriat de la conqu\u00eate paci\u00adfique et gra\u00adduelle du pou\u00advoir muni\u00adci\u00adpal ou l\u00e9gis\u00adla\u00adtif, le Congr\u00e8s main\u00adtient que pour l\u2019ex\u00adpro\u00adpria\u00adtion de la classe capi\u00adta\u00adliste, qui est notre but, il n\u2019y a qu\u2019un moyen&nbsp;: \u2013 l\u2019ac\u00adtion r\u00e9volutionnaire.&nbsp;\u00bb<\/p>\n<p>Pas plus, donc, pour les col\u00adlec\u00adti\u00advistes gues\u00addistes que pour les pos\u00adsi\u00adbi\u00adlistes, l\u2019ac\u00adtion par\u00adle\u00admen\u00adtaire ne pou\u00advait \u00eatre un moyen d\u2019\u00e9\u00adman\u00adci\u00adpa\u00adtion. Mais qu\u2019en\u00adten\u00addaient-ils alors par \u00ab&nbsp;conqu\u00eate du pou\u00advoir poli\u00adtique&nbsp;\u00bb&nbsp;? \u00c0 cette ques\u00adtion, r\u00e9so\u00adlue d\u00e9j\u00e0 dans le sens anti-\u00e9ta\u00adtiste par les membres du congr\u00e8s de Saint-\u00c9tienne, voi\u00adci com\u00adment r\u00e9pond Dor\u00admoy, un des <i>lea\u00adders<\/i> du congr\u00e8s de Roanne&nbsp;: \u00ab&nbsp;Par conqu\u00eate de l\u2019\u00c9tat, nous n\u2019en\u00adten\u00addons pas la conser\u00adva\u00adtion <i>mais la des\u00adtruc\u00adtion<\/i> de l\u2019\u00c9tat bour\u00adgeois et la consti\u00adtu\u00adtion d\u2019un pou\u00advoir r\u00e9vo\u00adlu\u00adtion\u00adnaire <i>jus\u00adqu\u2019\u00e0 l\u2019ex\u00adpro\u00adpria\u00adtion \u00e9co\u00adno\u00admique com\u00adpl\u00e8te de la classe capi\u00adta\u00adliste.<\/i>&nbsp;\u00bb<\/p>\n<p>Voi\u00adl\u00e0 qui est par\u00adl\u00e9 net. Entre les anar\u00adchistes et les col\u00adlec\u00adti\u00advistes, tous convain\u00adcus de la n\u00e9ces\u00adsi\u00adt\u00e9, ou plu\u00adt\u00f4t de la fata\u00adli\u00adt\u00e9 d\u2019une r\u00e9vo\u00adlu\u00adtion vio\u00adlente, il n\u2019y avait qu\u2019un d\u00e9bat&nbsp;: la dur\u00e9e de l\u2019\u00e9\u00adtat de r\u00e9vo\u00adlu\u00adtion, c\u2019est-\u00e0-dire l\u2019u\u00adti\u00adli\u00adt\u00e9 ou l\u2019i\u00adnu\u00adti\u00adli\u00adt\u00e9 d\u2019une dic\u00adta\u00adture r\u00e9vo\u00adlu\u00adtion\u00adnaire jus\u00adqu\u2019\u00e0 des\u00adtruc\u00adtion par\u00adfaite du sys\u00adt\u00e8me poli\u00adtique et social.<\/p>\n<p>Cer\u00adtaines pro\u00adpo\u00adsi\u00adtions, d\u2019ailleurs, pr\u00e9\u00adc\u00e9\u00addem\u00adment sou\u00admises au congr\u00e8s r\u00e9gio\u00adnal de la F\u00e9d\u00e9\u00adra\u00adtion du Centre (Paris, 1880), et repro\u00adduites dans la bro\u00adchure de Dor\u00admoy, confirment cette inter\u00adpr\u00e9\u00adta\u00adtion. \u00ab&nbsp;Les groupes r\u00e9vo\u00adlu\u00adtion\u00adnaires, dit une pro\u00adpo\u00adsi\u00adtion du groupe l\u2019\u00c9galit\u00e9 (gues\u00addiste), ne se dif\u00adf\u00e9\u00adren\u00adcient que sur des ques\u00adtions d\u2019ordre secon\u00addaire, dont nous allons pas\u00adser quelques-unes en&nbsp;revue&nbsp;:<\/p>\n<p>\u00ab&nbsp;<i>Ques\u00adtion \u00e9lec\u00adto\u00adrale<\/i>. \u2013 Cer\u00adtains pr\u00eachent l\u2019abs\u00adten\u00adtion abso\u00adlue\u2026 Les meneurs pos\u00adsi\u00adbi\u00adlistes ne voient dans les \u00e9lec\u00adtions que la tim\u00adbale \u00e0 d\u00e9cro\u00adcher\u2026 Nous pro\u00adfi\u00adtons, nous, des p\u00e9riodes \u00e9lec\u00adto\u00adrales pour pro\u00adpa\u00adger les id\u00e9es expro\u00adpria\u00adtrices\u2026 Notre but n\u2019est pas de fabri\u00adquer des \u00e9lus, mais des socia\u00adlistes r\u00e9volutionnaires.<\/p>\n<p>\u00ab&nbsp;<i>Action indi\u00advi\u00adduelle, action col\u00adlec\u00adtive<\/i>. \u2013 Des r\u00e9vo\u00adlu\u00adtion\u00adnaires croient h\u00e2ter l\u2019heure de la r\u00e9vo\u00adlu\u00adtion par des actes indi\u00advi\u00adduels\u2026 <i>Bien que notre admi\u00adnis\u00adtra\u00adtion soit acquise \u00e0 des actes indi\u00advi\u00adduels<\/i>\u2026, cepen\u00addant, nous ne conseillons pas les actes de pro\u00adpa\u00adgande par le&nbsp;fait\u2026<\/p>\n<p>\u00ab&nbsp;Ces ques\u00adtions sont pour nous secon\u00addaires, et loin de deman\u00adder qu\u2019on les \u00e9carte, nous croyons qu\u2019elles doivent conti\u00adnuer \u00e0 nous dif\u00adf\u00e9\u00adren\u00adcier. Si les diver\u00adgences entre les groupes se bor\u00adnaient \u00e0 n\u2019\u00eatre que th\u00e9o\u00adriques et de tac\u00adtique\u2026, il fau\u00addrait se r\u00e9jouir de ces diver\u00adgences qui attestent l\u2019in\u00add\u00e9\u00adpen\u00addance des groupes, cher\u00adchant \u00e0 faire triom\u00adpher ce qu\u2019ils pensent \u00eatre le vrai et l\u2019utile\u2026<\/p>\n<p>\u00ab&nbsp;En cons\u00e9\u00adquence, le Congr\u00e8s r\u00e9gio\u00adnal du Centre d\u00e9clare que\u2026 c\u2019est sur l\u2019ap\u00adpro\u00adpria\u00adtion col\u00adlec\u00adtive ou sociale \u00e0 r\u00e9a\u00adli\u00adser de haute lutte que doit se faire l\u2019u\u00adnion r\u00e9vo\u00adlu\u00adtion\u00adnaire du pro\u00adl\u00e9\u00adta\u00adriat. Consi\u00add\u00e9\u00adrant, d\u2019autre part, que, sur les moyens \u00e0 employer pour arri\u00adver \u00e0 cette socia\u00adli\u00adsa\u00adtion\u2026, de graves diver\u00adgences se sont mani\u00adfes\u00adt\u00e9es, les uns croyant devoir user de toutes les armes\u2026 pour orga\u00adni\u00adser la classe ouvri\u00e8re en par\u00adti de com\u00adbat, pen\u00addant que les autres \u00e9l\u00e8vent l\u2019abs\u00adten\u00adtion \u00e9lec\u00adto\u00adrale \u00e0 la hau\u00adteur d\u2019un prin\u00adcipe\u2026, le Congr\u00e8s, tout en res\u00adtant per\u00adsua\u00add\u00e9 que l\u2019ex\u00adpro\u00adpria\u00adtion poli\u00adtique de la bour\u00adgeoi\u00adsie devra pr\u00e9\u00adc\u00e9\u00adder son expro\u00adpria\u00adtion \u00e9co\u00adno\u00admique, est d\u2019a\u00advis de lais\u00adser aux dif\u00adf\u00e9\u00adrents grou\u00adpe\u00adments r\u00e9vo\u00adlu\u00adtion\u00adnaires la liber\u00adt\u00e9 la plus abso\u00adlue en mati\u00e8re de pro\u00adpa\u00adgande et d\u2019action.<\/p>\n<p>\u00ab&nbsp;Ce que le Congr\u00e8s juge indis\u00adpen\u00adsable, en revanche, et ce qu\u2019il ose attendre de tous les grou\u00adpe\u00adments s\u00e9rieu\u00adse\u00adment r\u00e9vo\u00adlu\u00adtion\u00adnaires, c\u2019est qu\u2019ils ne fassent pas, comme les pre\u00admiers pos\u00adsi\u00adbi\u00adlistes venus, le jeu de l\u2019en\u00adne\u00admi com\u00admun en se calom\u00adniant r\u00e9ci\u00adpro\u00adque\u00adment, et qu\u2019ils suivent en cela l\u2019exemple des groupes blan\u00adquistes qui\u2026 ne se sont jamais mis en tra\u00advers de l\u2019ac\u00adtion de per\u00adsonne et celui de la F\u00e9d\u00e9\u00adra\u00adtion du Centre qui\u2026 refu\u00adsait, il n\u2019y a que quelques mois, de jeter par-des\u00adsus bord les anar\u00adchistes frap\u00adp\u00e9s \u00e0 Mont\u00adceau et \u00e0&nbsp;Lyon.<\/p>\n<p>\u00ab&nbsp;Divi\u00ads\u00e9s comme nous le sommes sur la fa\u00e7on la meilleure et la plus prompte de ren\u00adver\u00adser l\u2019ordre capi\u00adta\u00adliste, nous pou\u00advons et nous devons nous ren\u00adcon\u00adtrer et nous heur\u00adter dans nos cam\u00adpagnes contra\u00addic\u00adtoires&nbsp;; mais cette concur\u00adrence, <i>m\u00eame pous\u00ads\u00e9e jus\u00adqu\u2019\u00e0 l\u2019an\u00adta\u00adgo\u00adnisme<\/i>, loin d\u2019\u00eatre un \u00e9l\u00e9\u00adment de fai\u00adblesse, est, en m\u00eame temps qu\u2019un signe, une cause de force, si nous savons nous \u00e9le\u00adver au res\u00adpect mutuel n\u00e9cessaire.&nbsp;\u00bb<\/p>\n<p>Arr\u00ea\u00adtons l\u00e0 cette \u00e9vo\u00adca\u00adtion d\u2019an\u00adtiques prin\u00adcipes. Le temps a mar\u00adch\u00e9, dira-t-on, et qui peut d\u00e9ci\u00adder si ce sont les hommes ou les choses qui ont \u00e9vo\u00adlu\u00e9&nbsp;? Mais cette ques\u00adtion en d\u00e9ter\u00admine une autre, dont la r\u00e9ponse ne sau\u00adrait \u00eatre dou\u00adteuse&nbsp;: Le suf\u00adfrage uni\u00adver\u00adsel et les condi\u00adtions o\u00f9 il s\u2019exerce sont-ils dif\u00adf\u00e9\u00adrents aujourd\u2019\u00adhui de ce qu\u2019ils \u00e9taient il y a quinze ans&nbsp;? \u2013 Si, d\u2019ailleurs, nous ne devions \u00e9vi\u00adter d\u2019a\u00adbu\u00adser des <i>Temps Nou\u00adveaux<\/i>, nous mon\u00adtre\u00adrions, par une cita\u00adtion de la bro\u00adchure-pro\u00adgramme qui est <i>r\u00e9gle\u00admen\u00adtai\u00adre\u00adment<\/i> remise \u00e0 tout groupe adh\u00e9\u00adrent au par\u00adti gues\u00addiste (p. 49), ce que pensent aujourd\u2019\u00adhui encore MM.&nbsp;Guesde et Lafargue des huit heures, du pro\u00adgramme muni\u00adci\u00adpal, et autres r\u00e9formes du m\u00eame genre. Le mal\u00adheur est que la masse ne lit point les pro\u00adgrammes, m\u00eame ceux qu\u2019elle accepte&nbsp;; elle se contente de suivre aveu\u00adgl\u00e9\u00adment la voie o\u00f9 marchent les chefs qu\u2019elle s\u2019est don\u00adn\u00e9s. Nous dirons bien\u00adt\u00f4t pour\u00adquoi ces chefs ont modi\u00adfi\u00e9 leur opi\u00adnion ori\u00adgi\u00adnelle et pour\u00adquoi le pro\u00adl\u00e9\u00adta\u00adriat doit se gar\u00adder de les imiter.<\/p>\n<p>[\/\u200bFernand <sc>Pel\u00adlou\u00adtier<\/sc>\/\u200b]<\/p>\n","protected":false},"excerpt":{"rendered":"<p>L\u2019In\u00adter\u00adna\u00adtio\u00adnale, avons-nous dit, a net\u00adte\u00adment et \u00e0 diverses reprises signi\u00adfi\u00e9 que les r\u00e9formes par\u00adtielles sont dan\u00adge\u00adreuses, et, par\u00adtant de ce prin\u00adcipe, elle a d\u00e9cla\u00adr\u00e9 que si le pro\u00adl\u00e9\u00adta\u00adriat doit com\u00adpl\u00e9\u00adter son \u00ab&nbsp;action&nbsp;\u00bb \u00e9co\u00adno\u00admique par l\u2019\u00ab&nbsp;action&nbsp;\u00bb poli\u00adtique, il doit se gar\u00adder du moins du par\u00adle\u00admen\u00adta\u00adrisme, c\u2019est-\u00e0-dire de toute coop\u00e9\u00adra\u00adtion aux lois dites ouvri\u00e8res, ne consi\u00add\u00e9\u00adrer&nbsp;les&nbsp;[\u2026]<\/p>\n","protected":false},"author":1,"featured_media":0,"comment_status":"closed","ping_status":"closed","sticky":false,"template":"","format":"standard","meta":{"wp_typography_post_enhancements_disabled":false,"footnotes":""},"categories":[420],"tags":[],"ppma_author":[540],"class_list":["post-3519","post","type-post","status-publish","format-standard","hentry","category-les-temps-nouveaux-n17-24-30-aout-1895"],"authors":[{"term_id":540,"user_id":1,"is_guest":0,"slug":"admin_3gikpwyf","display_name":"Vincent Dubuc","avatar_url":"https:\/\/secure.gravatar.com\/avatar\/d015720652c25fd2ced191ade86430094e1f288a17483713e3b34d26dea52507?s=96&d=mm&r=g","author_category":"","user_url":"https:\/\/la-presse-anarchiste.net","last_name":"Dubuc","first_name":"Vincent","job_title":"","description":""}],"_links":{"self":[{"href":"https:\/\/la-presse-anarchiste.net\/index.php\/wp-json\/wp\/v2\/posts\/3519","targetHints":{"allow":["GET"]}}],"collection":[{"href":"https:\/\/la-presse-anarchiste.net\/index.php\/wp-json\/wp\/v2\/posts"}],"about":[{"href":"https:\/\/la-presse-anarchiste.net\/index.php\/wp-json\/wp\/v2\/types\/post"}],"author":[{"embeddable":true,"href":"https:\/\/la-presse-anarchiste.net\/index.php\/wp-json\/wp\/v2\/users\/1"}],"replies":[{"embeddable":true,"href":"https:\/\/la-presse-anarchiste.net\/index.php\/wp-json\/wp\/v2\/comments?post=3519"}],"version-history":[{"count":0,"href":"https:\/\/la-presse-anarchiste.net\/index.php\/wp-json\/wp\/v2\/posts\/3519\/revisions"}],"wp:attachment":[{"href":"https:\/\/la-presse-anarchiste.net\/index.php\/wp-json\/wp\/v2\/media?parent=3519"}],"wp:term":[{"taxonomy":"category","embeddable":true,"href":"https:\/\/la-presse-anarchiste.net\/index.php\/wp-json\/wp\/v2\/categories?post=3519"},{"taxonomy":"post_tag","embeddable":true,"href":"https:\/\/la-presse-anarchiste.net\/index.php\/wp-json\/wp\/v2\/tags?post=3519"},{"taxonomy":"author","embeddable":true,"href":"https:\/\/la-presse-anarchiste.net\/index.php\/wp-json\/wp\/v2\/ppma_author?post=3519"}],"curies":[{"name":"wp","href":"https:\/\/api.w.org\/{rel}","templated":true}]}}