{"id":3526,"date":"2013-04-12T13:53:16","date_gmt":"2013-04-12T13:53:16","guid":{"rendered":"https:\/\/la-presse-anarchiste.net\/index.php\/2013\/04\/12\/debat-si-coup-bas-no\/"},"modified":"2013-04-12T13:53:16","modified_gmt":"2013-04-12T13:53:16","slug":"debat-si-coup-bas-no","status":"publish","type":"post","link":"https:\/\/la-presse-anarchiste.net\/index.php\/2013\/04\/12\/debat-si-coup-bas-no\/","title":{"rendered":"D\u00e9bat si&nbsp;! Coup bas,&nbsp;no&nbsp;!"},"content":{"rendered":"<div class=\"pdfprnt-buttons pdfprnt-buttons-post pdfprnt-top-right\"><a href=\"https:\/\/la-presse-anarchiste.net\/index.php\/wp-json\/wp\/v2\/posts\/3526?print=pdf\" class=\"pdfprnt-button pdfprnt-button-pdf\" target=\"_blank\"><img decoding=\"async\" src=\"https:\/\/la-presse-anarchiste.net\/wp-content\/plugins\/pdf-print\/images\/pdf.png\" alt=\"image_pdf\" title=\"Afficher le PDF\"><\/a><a href=\"https:\/\/la-presse-anarchiste.net\/index.php\/wp-json\/wp\/v2\/posts\/3526?print=print\" class=\"pdfprnt-button pdfprnt-button-print\" target=\"_blank\"><img decoding=\"async\" src=\"https:\/\/la-presse-anarchiste.net\/wp-content\/plugins\/pdf-print\/images\/print.png\" alt=\"image_print\" title=\"Contenu imprim\u00e9\"><\/a><\/div><div align=\"justify\">\n<p>En trai\u00adtant de la ques\u00adtion cubaine dans notre der\u00adnier num\u00e9\u00adro, nous n\u2019ignorions pas les pos\u00adsi\u00adbi\u00adli\u00adt\u00e9s de d\u00e9bat que ce pro\u00adbl\u00e8me ris\u00adquait de sou\u00adle\u00adver, et nous les sou\u00adhai\u00adtions car, fid\u00e8les aux objec\u00adtifs pre\u00admiers de nos cahiers, nous pen\u00adsons que <u>tout<\/u> doit \u00eatre dit, afin d\u2019\u00eatre dis\u00adcu\u00adt\u00e9 par <u>tous<\/u>, pour qu\u2019\u00e9galement <u>tous<\/u> nous tirions profit.<\/p>\n<p>Mais quelles que soient nos insuf\u00adfi\u00adsances, nos erreurs, ou nos d\u00e9fauts, on nous ren\u00addra cette jus\u00adtice qu\u2019au tra\u00advers de nos articles et \u00e9tudes, nous avons le moins pos\u00adsible sacri\u00adfi\u00e9 \u00e0 la <u>pol\u00e9\u00admique<\/u>, forme agr\u00e9able et brillante de la dis\u00adcus\u00adsion, certes, mais qui ne nous semble pas \u00eatre la plus constructive\u2026<\/p>\n<p>Or, il est amu\u00adsant de consta\u00adter que ce que nous, jeunes hommes, devrions aimer par \u00ab&nbsp;tem\u00adp\u00e9\u00adra\u00adment&nbsp;\u00bb et n\u00e9an\u00admoins repous\u00adsons, est repris par des cama\u00adrades plus \u00e2g\u00e9s, hommes d\u2019exp\u00e9rience et de cabi\u00adnet, pour \u00e9tayer leur r\u00e9ponse ou leur attaque.<\/p>\n<p>Ain\u00adsi en est-il d\u2019un article de Roger Hagnauer, paru dans \u00ab&nbsp;La R\u00e9vo\u00adlu\u00adtion Pro\u00adl\u00e9\u00adta\u00adrienne&nbsp;\u00bb d\u2019avril der\u00adnier, et consa\u00adcr\u00e9 pour une bonne part \u00e0 l\u2019\u00e9tude de notre cama\u00adrade Renof (voir plus loin la r\u00e9ponse de&nbsp;Renof).<\/p>\n<p>Pol\u00e9\u00admique \u00e9ga\u00adle\u00adment un article-r\u00e9ponse de Gas\u00adton Leval qui, nous pr\u00e9\u00adcise-t-il, est \u00e0 publier dans le pro\u00adchain \u00ab&nbsp;Noir et Rouge&nbsp;\u00bb, \u00ab&nbsp;comme l\u2019indique un mini\u00admum d\u2019impartialit\u00e9&nbsp;\u00bb (phrase sou\u00adli\u00adgn\u00e9e par l\u2019auteur&nbsp;!). Nous nous fai\u00adsons, bien enten\u00addu, un plai\u00adsir de repro\u00adduire l\u2019essentiel dudit article.<\/p>\n<p>Voi\u00adci donc \u00e0 pro\u00adpos de Cuba, un d\u00e9bat enga\u00adg\u00e9. S\u2019il risque d\u2019\u00eatre moins serein que nous l\u2019aurions sou\u00adhai\u00adt\u00e9 \u00e0 l \u2018ori\u00adgine, nous essaie\u00adrons pour notre part, d\u2019en res\u00adter aux argu\u00adments, aux <u>faits<\/u>. Mais qu\u2019on ne se m\u00e9prenne sur\u00adtout pas sur notre m\u00e9fiance de la pol\u00e9\u00admique, car m\u00e9fiance ne signi\u00adfie nul\u00adle\u00adment crainte et nous sau\u00adrions le prou\u00adver \u00e0 l\u2019occasion. Il reste qu\u2019on pour\u00adrait nous objec\u00adter \u00ab&nbsp;mais la pol\u00e9\u00admique, c\u2019est vous qui l\u2019avez sou\u00adle\u00adv\u00e9e en atta\u00adquant Gas\u00adton Leval dans votre num\u00e9\u00adro&nbsp;20, en par\u00adlant de son amour-pas\u00adsion pour les USA&nbsp;!&nbsp;\u00bb La ques\u00adtion sem\u00adble\u00adrait \u00e0 pre\u00admi\u00e8re vue judi\u00adcieuse s\u2019il s\u2019\u00e9tait effec\u00adti\u00adve\u00adment agi d\u2019une \u00ab&nbsp;m\u00e9chan\u00adce\u00adt\u00e9&nbsp;\u00bb de notre part, vis-\u00e0-vis de Leval&nbsp;: en ce cas nous nous en excu\u00adse\u00adrions deman\u00addant que l\u2019on mette cet \u00ab&nbsp;exc\u00e8s&nbsp;\u00bb sur le compte d\u2019une fou\u00adgueuse jeu\u00adnesse (c\u2019est bien connu&nbsp;!) et l\u2019affaire \u00e9tait close. Mais il s\u2019agit en l\u2019occurrence, de tout autre chose et c\u2019est bien pour\u00adquoi notre groupe, soli\u00addaire, tient \u00e0 expli\u00adquer ici sa posi\u00adtion, \u00e0 \u00ab&nbsp;faire le point&nbsp;\u00bb, comme nous le fai\u00adsons par\u00adfois, quand l\u2019affaire en vaut la&nbsp;peine.<\/p>\n<p>Quand notre cama\u00adrade Renof dit, en par\u00adlant de Leval&nbsp;: \u00ab&nbsp;l\u2019amour-passion qu\u2019il a pour les USA fait que ses articles sont d\u2019une telle stu\u00adpi\u00addi\u00adt\u00e9 qu\u2019il m\u2019est impos\u00adsible d\u2019en par\u00adler en res\u00adtant dans les limites de la cor\u00adrec\u00adtion&nbsp;\u00bb, il exprime en termes certes durs, son indi\u00adgna\u00adtion devant des prises de posi\u00adtion lui sem\u00adblant indignes d\u2019un liber\u00adtaire, f\u00fbt-il \u00ab&nbsp;socia\u00adliste&nbsp;\u00bb. Il est nor\u00admal qu\u2019il l\u2019exprime et le comi\u00adt\u00e9 de r\u00e9dac\u00adtion de \u00ab&nbsp;Noir et Rouge&nbsp;\u00bb r\u00e9agit pareille\u00adment devant les articles et ana\u00adlyses de Leval consa\u00adcr\u00e9s au pro\u00adbl\u00e8me cubain. Et encore, s\u2019il n\u2019y avait que le pro\u00adbl\u00e8me cubain&nbsp;! mais il s\u2019av\u00e8re que d\u00e9pas\u00adsant le cadre de Cuba, Leval prend des posi\u00adtions g\u00e9n\u00e9\u00adrales avec les\u00adquelles nous nous trou\u00advons de plus en plus en d\u00e9sac\u00adcord total. Cette ques\u00adtion m\u00e9rite que l\u2019on s\u2019y arr\u00eate quelque peu.<\/p>\n<p>Par\u00adlons net. Nous pen\u00adsons que sur Cuba, sur les pays du Tiers-monde, comme sur tout autre pro\u00adbl\u00e8me, les liber\u00adtaires doivent \u00eatre capables de par\u00adler et de se d\u00e9fi\u00adnir, <u>sans pour autant bas\u00adcu\u00adler vers un bloc ou l\u2019autre<\/u>. Nous savons bien que la posi\u00adtion liber\u00adtaire est dif\u00adfi\u00adcile, pour les maniaques de la sch\u00e9\u00adma\u00adti\u00adsa\u00adtion, parce qu\u2019elle se r\u00e9f\u00e8re constam\u00adment \u00e0 <u>l\u2019humain<\/u> et nous place une fois pour toutes aux c\u00f4t\u00e9s des oppri\u00adm\u00e9s contre leurs oppres\u00adseurs. De ce fait, elle nous <u>inter\u00addit<\/u> pr\u00e9\u00adci\u00ads\u00e9\u00adment de sch\u00e9\u00adma\u00adti\u00adser, et au nom d\u2019un pr\u00e9\u00adten\u00addu \u00ab&nbsp;r\u00e9a\u00adlisme&nbsp;\u00bb, de choi\u00adsir entre la peste capi\u00adta\u00adliste et le cho\u00adl\u00e9\u00adra sta\u00adli\u00adnien, comme le font mal\u00adheu\u00adreu\u00adse\u00adment cer\u00adtains dont nous pen\u00adsons qu\u2019ils n\u2019agissent pas, ou plus, en libertaires.<\/p>\n<p>Cette dif\u00adfi\u00adcul\u00adt\u00e9 ne concerne pas seule\u00adment les deux blocs qui vou\u00addraient se par\u00adta\u00adger le monde, mais \u00e9ga\u00adle\u00adment les pays colo\u00adni\u00ads\u00e9s. Par\u00adlant de Cuba, nous ne pou\u00advons nous emp\u00ea\u00adcher de pen\u00adser au pro\u00adbl\u00e8me alg\u00e9\u00adrien, car la sch\u00e9\u00adma\u00adti\u00adsa\u00adtion cit\u00e9e plus haut, jouait l\u00e0 en sens contraire&nbsp;! Et cette fois, notre posi\u00adtion liber\u00adtaire nous obli\u00adgeait \u00e0 choi\u00adsir, mais <u>contre le colo\u00adnia\u00adlisme<\/u>, pour des hommes lut\u00adtant avant tout pour leur vie, et non \u00e0 ren\u00advoyer dos \u00e0 dos colo\u00adni\u00adsa\u00adteurs et colo\u00adni\u00ads\u00e9s, en expli\u00adquant savam\u00adment qu\u2019il s\u2019agissait d\u2019une lutte entre deux nationalismes.<\/p>\n<p>Ne pas choi\u00adsir&nbsp;? Choi\u00adsir&nbsp;? La contra\u00addic\u00adtion n\u2019est en fait qu\u2019apparente et la \u00ab&nbsp;ligne&nbsp;\u00bb anar\u00adchiste, pr\u00e9\u00adci\u00ads\u00e9\u00adment parce qu\u2019elle est anti\u00addog\u00adma\u00adtique, passe de la d\u00e9fense des Conseils Ouvriers \u00e0 Buda\u00adpest, \u00e0 celle des pay\u00adsans alg\u00e9\u00adriens, sans pour cela approu\u00adver le \u00ab&nbsp;monde libre&nbsp;\u00bb ou le futur gou\u00adver\u00adne\u00adment FLN. Est-ce si dif\u00adfi\u00adcile \u00e0 com\u00adprendre, apr\u00e8s tout&nbsp;? Nous ne le croyons pas et per\u00adsis\u00adtons \u00e0 affir\u00admer que sur <u>tous<\/u> les pro\u00adbl\u00e8mes les liber\u00adtaires peuvent et doivent avoir leur posi\u00adtion propre, qui est d\u2019ind\u00e9pendance vis-\u00e0-vis des blocs, en pro\u00adfi\u00adtant au maxi\u00admum des luttes qu\u2019ils se livrent. Rap\u00adpe\u00adlons-nous la tac\u00adtique \u00ab&nbsp;3<sup>\u00e8me<\/sup> front&nbsp;\u00bb pr\u00f4\u00adn\u00e9e par le \u00ab&nbsp;Liber\u00adtaire&nbsp;\u00bb des ann\u00e9es 1950, tac\u00adtique qui fit cou\u00adler beau\u00adcoup trop d\u2019encre en nos milieux et fut d\u00e9cri\u00e9e par cer\u00adtains esprits forts, quand elle ne les fai\u00adsait pas rica\u00adner, et pour quelle rai\u00adson&nbsp;? Tout sim\u00adple\u00adment parce que nous \u00e9non\u00adcions cette \u00e9vi\u00addence&nbsp;: \u00ab&nbsp;ni Sta\u00adline, ni Tru\u00adman&nbsp;\u00bb, pr\u00e9\u00adci\u00ads\u00e9e en une autre for\u00admule \u00ab&nbsp;contre Sta\u00adline, sans \u00eatre pour Tru\u00adman&nbsp;\u00bb, \u00ab&nbsp;contre Tru\u00adman sans \u00eatre pour Sta\u00adline&nbsp;\u00bb. En repen\u00adsant \u00e0 cela, nous ne trou\u00advons pas cette posi\u00adtion si risible et croyons m\u00eame qu\u2019elle peut res\u00adter valable pour des anar\u00adchistes en l\u2019actualisant, bien entendu.<\/p>\n<p>Aus\u00adsi et pour en reve\u00adnir \u00e0 lui, quand Leval sous pr\u00e9\u00adtexte de r\u00e9a\u00adlisme et de lutte anti\u00adcom\u00admu\u00adniste prend en fait par\u00adti pour le monde dit \u00ab&nbsp;libre&nbsp;\u00bb, pour \u00ab&nbsp;l\u2019Occident&nbsp;\u00bb, face \u00e0 \u00ab&nbsp;l\u2019Orient&nbsp;\u00bb, nous ne pou\u00advons nous taire et d\u00e9non\u00ad\u00e7ons cette position.<\/p>\n<p>Mais nous avions com\u00admen\u00adc\u00e9 avec Cuba, nous y revien\u00addrons avec l\u2019article d\u2019Hagnauer. Et c\u2019est l\u00e0 que nous consta\u00adtons une \u00e9trange rela\u00adtion entre la r\u00e9ac\u00adtion de celui-ci et la posi\u00adtion de Leval. \u00c0 Leval qui, dans maints articles, reproche \u00e0 cer\u00adtains liber\u00adtaires de ne pas assez d\u00e9non\u00adcer le dan\u00adger bol\u00adche\u00advique, d\u2019\u00eatre en fait trop gen\u00adtils pour les cocos, Hagnauer fait pen\u00addant et nous accuse tout sim\u00adple\u00adment de pro\u00adcas\u00adtrisme et bien enten\u00addu de com\u00admu\u00adnisme, l\u2019un n\u2019allant pas sans l\u2019autre, com\u00adment donc&nbsp;! Ain\u00adsi quand on touche \u00e0 Leval, c\u2019est Hagnauer qui souffre, curieux&nbsp;!<\/p>\n<p>Il ne s\u2019agit pas ici de r\u00e9fu\u00adter les argu\u00adments de l\u2019article paru dans la \u00ab&nbsp;R\u00e9vo\u00adlu\u00adtion Pro\u00adl\u00e9\u00adta\u00adrienne&nbsp;\u00bb, l\u2019ami Renof s\u2019en char\u00adgeant plus loin, mais plu\u00adt\u00f4t de par\u00adler de l\u2019\u00e9tat d\u2019esprit de son auteur. Nous ver\u00adrons qu\u2019ainsi nous res\u00adtons en plein dans ce pro\u00adbl\u00e8me du \u00ab&nbsp;choix&nbsp;\u00bb pos\u00e9 dans le pr\u00e9\u00adsent article.<\/p>\n<p>\u00c9par\u00adgnons \u00e0 nos lec\u00adteurs une r\u00e9ponse aux astuces d\u2019Hagnauer sur notre faible audience, la \u00ab&nbsp;na\u00ef\u00adve\u00adt\u00e9&nbsp;\u00bb de notre cama\u00adrade et autres bonnes blagues pour arri\u00adver \u00e0 plus s\u00e9rieux. Apr\u00e8s une fort diver\u00adtis\u00adsante inter\u00adpr\u00e9\u00adta\u00adtion de notre anti-\u00e9lec\u00adto\u00adra\u00adlisme, Hagnauer l\u00e2che une petite phrase (qui prend tout son sel pour qui a <u>lu<\/u> l\u2019article de Renof et y a remar\u00adqu\u00e9 la large place consa\u00adcr\u00e9e \u00e0 l\u2019envahissement sta\u00adli\u00adnien de la r\u00e9vo\u00adlu\u00adtion cubaine) qui jus\u00adti\u00adfie notre pro\u00adtes\u00adta\u00adtion et nous fait s\u00e9rieu\u00adse\u00adment dou\u00adter de l\u2019honn\u00eatet\u00e9 d\u2019Hagnauer la pol\u00e9\u00admique ayant bon dos. Celui-ci \u00e9crit&nbsp;: \u00ab&nbsp;invo\u00adlon\u00adtai\u00adre\u00adment peut-\u00eatre, Renof sou\u00adligne l\u2019importance des com\u00admu\u00adnistes\u2026&nbsp;\u00bb. On admi\u00adre\u00adra, et nos lec\u00adteurs avec nous, cet \u00ab&nbsp;invo\u00adlon\u00adtai\u00adre\u00adment&nbsp;\u00bb mis l\u00e0 sans aucun doute par le plus grand des hasards et Roger Hagnauer qui vient de publier \u00ab&nbsp;l\u2019expression \u00e9crite et orale&nbsp;\u00bb ignore cer\u00adtai\u00adne\u00adment ce que lire veut&nbsp;dire&nbsp;!<\/p>\n<p>N\u2019insistons pas&nbsp;: on voit la man\u0153uvre elle n\u2019est pas nou\u00advelle et pour nous \u00eatre atta\u00adqu\u00e9 \u00e0 ce sujet tabou, Cuba \u2013 en essayant (mal\u00adheu\u00adreux que nous sommes) d\u2019\u00e9tudier les c\u00f4t\u00e9s <u>n\u00e9ga\u00adtifs et posi\u00adtifs<\/u> de la r\u00e9vo\u00adlu\u00adtion cas\u00adtriste \u2013 nous sommes tax\u00e9s de pro\u00adcom\u00admu\u00adnisme. Outre que ladite accu\u00adsa\u00adtion ne nous fera pas taire, on nous per\u00admet\u00adtra de trou\u00adver tr\u00e8s curieuse cette manie d\u2019accuser de pro\u00adcom\u00admu\u00adnisme les cama\u00adrades qui ne font ni du \u00ab&nbsp;monde libre&nbsp;\u00bb ni de FO leurs che\u00advaux de bataille. Pro\u00adbl\u00e8me \u00e0 \u00e9tu\u00addier un jour, qui r\u00e9ser\u00adve\u00adra cer\u00adtai\u00adne\u00adment beau\u00adcoup de surprises&nbsp;!<\/p>\n<p>Nous ne ferons pas aux cama\u00adrades qui nous lisent l\u2019injure de leur lais\u00adser croire que nous allons nous \u00ab&nbsp;jus\u00adti\u00adfier&nbsp;\u00bb face aux conclu\u00adsions d\u2019Hagnauer&nbsp;: ils lisent eux \u00ab&nbsp;Noir et Rouge&nbsp;\u00bb et connaissent eux, nos posi\u00adtions sur le sta\u00adli\u00adnisme. Il en va de m\u00eame pour Cas\u00adtro et il est bien \u00e9vident que nous ne pour\u00adrons jamais \u00eatre les \u00ab&nbsp;cryp\u00adtos&nbsp;\u00bb d\u2019un \u00ab&nbsp;grand homme&nbsp;\u00bb, qu\u2019il soit bar\u00adbu, \u00e0 tomates, ou avec deux \u00e9toiles sur le&nbsp;k\u00e9pi.<\/p>\n<p>Nous conti\u00adnue\u00adrons donc \u00e0 par\u00adler (si n\u00e9ces\u00adsaire) de Cuba et de tous les pro\u00adbl\u00e8mes r\u00e9pu\u00adt\u00e9s d\u00e9li\u00adcats, dif\u00adfi\u00adciles. En fait, un pro\u00adbl\u00e8me n\u2019est jamais d\u00e9li\u00adcat, dif\u00adfi\u00adcile, si on essaie de faire le maxi\u00admum de lumi\u00e8re sur la ques\u00adtion. O\u00f9 notre posi\u00adtion serait cri\u00adti\u00adquable, c\u2019est si nous <u>cachions<\/u> volon\u00adtai\u00adre\u00adment, tel ou tel aspect d\u2019un pro\u00adbl\u00e8me \u00e9tu\u00addi\u00e9 pour le pr\u00e9\u00adsen\u00adter sui\u00advant un point de vue pr\u00e9\u00adfa\u00adbri\u00adqu\u00e9, favo\u00adrable \u00e0 on ne sait quelle th\u00e8se\u2026<\/p>\n<p>\u00c0 nous qui d\u00e9non\u00ad\u00e7ons pr\u00e9\u00adci\u00ads\u00e9\u00adment cer\u00adtaines d\u00e9via\u00adtions et n\u2019avons de ce fait ni FO, ni CGT, ni franc-ma\u00e7on\u00adne\u00adrie \u00e0 m\u00e9na\u00adger, nous atten\u00addons qu\u2019on fasse un <u>seul<\/u> reproche de ce c\u00f4t\u00e9. En six ans, il ne nous a jamais \u00e9t\u00e9 adres\u00ads\u00e9, cela nous auto\u00adrise \u00e0 conti\u00adnuer notre tra\u00advail avec confiance et tran\u00adquilli\u00adt\u00e9. Les pro\u00adbl\u00e8mes int\u00e9\u00adres\u00adsants ne manquent pas&nbsp;!<\/p>\n<p>[\/\u200b<sc>Noir et Rouge<\/sc>\/\u200b]<\/p>\n<\/div>\n","protected":false},"excerpt":{"rendered":"<p>En trai\u00adtant de la ques\u00adtion cubaine dans notre der\u00adnier num\u00e9\u00adro, nous n\u2019ignorions pas les pos\u00adsi\u00adbi\u00adli\u00adt\u00e9s de d\u00e9bat que ce pro\u00adbl\u00e8me ris\u00adquait de sou\u00adle\u00adver, et nous les sou\u00adhai\u00adtions car, fid\u00e8les aux objec\u00adtifs pre\u00admiers de nos cahiers, nous pen\u00adsons que tout doit \u00eatre dit, afin d\u2019\u00eatre dis\u00adcu\u00adt\u00e9 par tous, pour qu\u2019\u00e9galement tous nous tirions pro\u00adfit. Mais quelles&nbsp;[\u2026]<\/p>\n","protected":false},"author":1,"featured_media":0,"comment_status":"closed","ping_status":"closed","sticky":false,"template":"","format":"standard","meta":{"wp_typography_post_enhancements_disabled":false,"footnotes":""},"categories":[421],"tags":[],"ppma_author":[540],"class_list":["post-3526","post","type-post","status-publish","format-standard","hentry","category-noir-rouge-na21-juin-1962"],"authors":[{"term_id":540,"user_id":1,"is_guest":0,"slug":"admin_3gikpwyf","display_name":"Vincent Dubuc","avatar_url":"https:\/\/secure.gravatar.com\/avatar\/d015720652c25fd2ced191ade86430094e1f288a17483713e3b34d26dea52507?s=96&d=mm&r=g","author_category":"","user_url":"https:\/\/la-presse-anarchiste.net","last_name":"Dubuc","first_name":"Vincent","job_title":"","description":""}],"_links":{"self":[{"href":"https:\/\/la-presse-anarchiste.net\/index.php\/wp-json\/wp\/v2\/posts\/3526","targetHints":{"allow":["GET"]}}],"collection":[{"href":"https:\/\/la-presse-anarchiste.net\/index.php\/wp-json\/wp\/v2\/posts"}],"about":[{"href":"https:\/\/la-presse-anarchiste.net\/index.php\/wp-json\/wp\/v2\/types\/post"}],"author":[{"embeddable":true,"href":"https:\/\/la-presse-anarchiste.net\/index.php\/wp-json\/wp\/v2\/users\/1"}],"replies":[{"embeddable":true,"href":"https:\/\/la-presse-anarchiste.net\/index.php\/wp-json\/wp\/v2\/comments?post=3526"}],"version-history":[{"count":0,"href":"https:\/\/la-presse-anarchiste.net\/index.php\/wp-json\/wp\/v2\/posts\/3526\/revisions"}],"wp:attachment":[{"href":"https:\/\/la-presse-anarchiste.net\/index.php\/wp-json\/wp\/v2\/media?parent=3526"}],"wp:term":[{"taxonomy":"category","embeddable":true,"href":"https:\/\/la-presse-anarchiste.net\/index.php\/wp-json\/wp\/v2\/categories?post=3526"},{"taxonomy":"post_tag","embeddable":true,"href":"https:\/\/la-presse-anarchiste.net\/index.php\/wp-json\/wp\/v2\/tags?post=3526"},{"taxonomy":"author","embeddable":true,"href":"https:\/\/la-presse-anarchiste.net\/index.php\/wp-json\/wp\/v2\/ppma_author?post=3526"}],"curies":[{"name":"wp","href":"https:\/\/api.w.org\/{rel}","templated":true}]}}