{"id":3527,"date":"2013-04-12T13:53:14","date_gmt":"2013-04-12T13:53:14","guid":{"rendered":"https:\/\/la-presse-anarchiste.net\/index.php\/2013\/04\/12\/cuba-suite\/"},"modified":"2013-04-12T13:53:14","modified_gmt":"2013-04-12T13:53:14","slug":"cuba-suite","status":"publish","type":"post","link":"https:\/\/la-presse-anarchiste.net\/index.php\/2013\/04\/12\/cuba-suite\/","title":{"rendered":"Cuba (suite)"},"content":{"rendered":"<div class=\"pdfprnt-buttons pdfprnt-buttons-post pdfprnt-top-right\"><a href=\"https:\/\/la-presse-anarchiste.net\/index.php\/wp-json\/wp\/v2\/posts\/3527?print=pdf\" class=\"pdfprnt-button pdfprnt-button-pdf\" target=\"_blank\"><img decoding=\"async\" src=\"https:\/\/la-presse-anarchiste.net\/wp-content\/plugins\/pdf-print\/images\/pdf.png\" alt=\"image_pdf\" title=\"Afficher le PDF\"><\/a><a href=\"https:\/\/la-presse-anarchiste.net\/index.php\/wp-json\/wp\/v2\/posts\/3527?print=print\" class=\"pdfprnt-button pdfprnt-button-print\" target=\"_blank\"><img decoding=\"async\" src=\"https:\/\/la-presse-anarchiste.net\/wp-content\/plugins\/pdf-print\/images\/print.png\" alt=\"image_print\" title=\"Contenu imprim\u00e9\"><\/a><\/div><div align=\"justify\">\n<p>L\u2019abondance des \u00e9l\u00e9\u00adments de l\u2019actualit\u00e9 nous oblige \u00e0 d\u00e9ve\u00adlop\u00adper cer\u00adtains points de notre article paru dans le pr\u00e9\u00adc\u00e9\u00addent num\u00e9ro.<\/p>\n<p><b><sc>Le pro\u00adbl\u00e8me communiste<\/sc><\/b><\/p>\n<p>Le pre\u00admier d\u00e9cembre 1961, Cas\u00adtro se d\u00e9cla\u00adrait com\u00admu\u00adniste. Ce dis\u00adcours a une his\u00adtoire curieuse&nbsp;: il dura 5 heures et n\u2019a jamais \u00e9t\u00e9 publi\u00e9 int\u00e9\u00adgra\u00adle\u00adment \u00e0 Cuba. Il faut en retran\u00adcher ce qui a \u00e9t\u00e9 dit, et ce qu\u2019on lui a fait dire. Cas\u00adtro affir\u00adma que la R\u00e9vo\u00adlu\u00adtion a besoin pour r\u00e9us\u00adsir d\u2019un par\u00adti unique fon\u00add\u00e9 sur le mar\u00adxisme, et que&nbsp;lui&nbsp;:<\/p>\n<p>\u00ab&nbsp;Est-ce que je crois au mar\u00adxisme&nbsp;? Je crois de fa\u00e7on abso\u00adlue au mar\u00adxisme&nbsp;! Y croyais-je le pre\u00admier jan\u00advier (1959)&nbsp;? (\u2026) Non je ne le com\u00adpre\u00adnais pas comme je le com\u00adprends aujourd\u2019hui. Si je com\u00adpare ma com\u00adpr\u00e9\u00adhen\u00adsion d\u2019alors \u00e0 celle d\u2019aujourd\u2019hui, il y a une grande dif\u00adf\u00e9\u00adrence \u2026 (mais) \u2026 <u>je suis mar\u00adxiste l\u00e9ni\u00adniste et je le serai jusqu\u2019\u00e0 la fin de mes jours<\/u>&nbsp;\u00bb.<\/p>\n<p>\u00c0 cela l\u2019United Press Inter\u00adna\u00adtio\u00adnal (UPI) prin\u00adci\u00adpale agence de presse am\u00e9\u00adri\u00adcaine, ajou\u00adta un para\u00adgraphe apo\u00adcryphe o\u00f9 Cas\u00adtro disait qu\u2019il \u00e9tait com\u00admu\u00adniste depuis l\u2019Universit\u00e9, mais qu\u2019il avait cach\u00e9 ses id\u00e9es pour prendre plus faci\u00adle\u00adment le pou\u00advoir. (Le 13 jan\u00advier 1962 le direc\u00adteur de l\u2019UPI d\u00e9non\u00ad\u00e7ait les pres\u00adsions \u00e9co\u00adno\u00admiques et poli\u00adtiques aux\u00adquelles il avait \u00e0 faire face). La revue \u00ab&nbsp;Par\u00adti\u00adsans&nbsp;\u00bb d\u2019avril 1962 a don\u00adn\u00e9 des extraits frag\u00admen\u00adtaires et \u00e9dul\u00adco\u00adr\u00e9s de ce discours.<\/p>\n<p>Cette volte-face de Cas\u00adtro en com\u00adplet d\u00e9sac\u00adcord avec ses pre\u00admiers dis\u00adcours est stig\u00adma\u00adti\u00ads\u00e9e par les liber\u00adtaires cubains (f\u00e9vrier 1962)&nbsp;:<\/p>\n<p>\u00ab&nbsp;Nous ne croyons pas que Fidel Cas\u00adtro soit com\u00admu\u00adniste, parce qu\u2019\u00eatre com\u00admu\u00adniste c\u2019est \u00eatre quelque chose, et Fidel Cas\u00adtro n\u2019est qu\u2019un aven\u00adtu\u00adrier <u>assoif\u00adf\u00e9 de pou\u00advoir et de gloire<\/u>. Il fut un temps o\u00f9 il se van\u00adtait d\u2019\u00eatre d\u00e9mo\u00adcrate et consti\u00adtu\u00adtion\u00adnel&nbsp;; il n\u2019\u00e9tait ni l\u2019un ni l\u2019autre. Plus tard en des\u00adcen\u00addant de la Sier\u00adra Maes\u00adtra, il fit montre d\u2019un <u>catho\u00adli\u00adcisme \u00e9cla\u00adtant<\/u>, qui le pous\u00adsait \u00e0 se parer de m\u00e9dailles reli\u00adgieuses qu\u2019il por\u00adtait fi\u00e8\u00adre\u00adment au&nbsp;cou&nbsp;\u00bb.<\/p>\n<p>Exa\u00admi\u00adnons les suites poli\u00adtiques de ce discours.<\/p>\n<p>Le 15 f\u00e9vrier, Car\u00adlos Rafael Rodri\u00adguez (cf. \u00ab&nbsp;NR&nbsp;\u00bb n\u00b0&nbsp;20, pages 18 \u00e0 22), est nom\u00adm\u00e9 Pr\u00e9\u00adsident de l\u2019Institut Natio\u00adnale de la R\u00e9forme Agraire, le poste le plus impor\u00adtant apr\u00e8s celui de Fidel Cas\u00adtro. L\u2019ex-pr\u00e9sident, Nu\u00f1ez Jime\u00adnez, fid\u00e9\u00adliste de la \u00ab&nbsp;belle \u00e9poque&nbsp;\u00bb, tr\u00e8s connu, semble avoir \u00e9t\u00e9 com\u00adpl\u00e8\u00adte\u00adment limog\u00e9.<\/p>\n<p>11 mars 1962&nbsp;: l\u2019Organisation des R\u00e9vo\u00adlu\u00adtion\u00adnaires Int\u00e9\u00adgr\u00e9s (ORI) Stade pr\u00e9\u00adpa\u00adra\u00adtoire du Par\u00adti Uni\u00adfi\u00e9 de la R\u00e9vo\u00adlu\u00adtion Socia\u00adliste, est for\u00adm\u00e9. Sur les 25 membres du Comi\u00adt\u00e9 Direc\u00adteur, il y a 9 communistes.<\/p>\n<p>Le 17 mars, Fidel Cas\u00adtro d\u00e9clare&nbsp;:<\/p>\n<p>\u00ab&nbsp;<u>Les fonc\u00adtions de l\u2019\u00c9tat sont une chose, celle du Par\u00adti une autre<\/u>\u2026 Si l\u2019on ne com\u00adprend pas cela, on va au&nbsp;chaos&nbsp;\u00bb.<\/p>\n<p>Fidel Cas\u00adtro ajoute une cri\u00adtique des oppor\u00adtu\u00adnistes et des arri\u00advistes et dit que les ministres doivent \u00eatre res\u00adpon\u00adsables devant l\u2019\u00c9tat et les cel\u00adlules devant le Comi\u00adt\u00e9 Direc\u00adteur des ORI. \u00c9vi\u00addem\u00adment, il y a du tirage entre fid\u00e9\u00adlistes et com\u00admu\u00adnistes, c\u2019est-\u00e0-dire nou\u00adveaux et anciens com\u00admu\u00adnistes. Le 24 mars Fidel Cas\u00adtro est nom\u00adm\u00e9 pre\u00admier secr\u00e9\u00adtaire des ORI, et le 26 Raul Cas\u00adtro est second secr\u00e9\u00adtaire. On atten\u00addait un com\u00admu\u00adniste comme second secr\u00e9\u00adtaire, par exemple le fameux Car\u00adlos Rafael Rodri\u00adguez, mais c\u2019est Raul, comme si les fid\u00e9\u00adlistes vou\u00adlaient concen\u00adtrer le pou\u00advoir en leurs mains. Le m\u00eame jour, comme par hasard, Car\u00adlos Rafael Rodri\u00adguez fait un violent dis\u00adcours contre le plan de ration\u00adne\u00adment annon\u00adc\u00e9 le 13 par Fidel Cas\u00adtro en per\u00adsonne (rema\u00adnie\u00adments minis\u00adt\u00e9\u00adriels, un jour avant le minis\u00adt\u00e8re du com\u00admerce int\u00e9\u00adrieur passe \u00e0 un com\u00admu\u00adniste). Le len\u00adde\u00admain 27, nou\u00advel hasard, Fidel Cas\u00adtro fait un dis\u00adcours tr\u00e8s violent contre un membre com\u00admu\u00adniste des ORI, Ani\u00adbal Escalente&nbsp;:<\/p>\n<p>\u00ab&nbsp;La van\u00adtar\u00addise des vieux mili\u00adtants com\u00admu\u00adnistes et la croyance que les r\u00e9vo\u00adlu\u00adtion\u00adnaires qui ne leur appar\u00adtiennent pas ne sont pas capables d\u2019occuper des postes impor\u00adtants <u>est une poli\u00adtique absurde, n\u00e9ga\u00adti\u00adve\u00adment stu\u00adpide<\/u>\u2026 Nous avons oubli\u00e9 que le nombre des com\u00admu\u00adnistes de ce pays \u00e9tait autre\u00adfois tr\u00e8s r\u00e9duit. Main\u00adte\u00adnant que le peuple tout entier adh\u00e8re au mar\u00adxisme-l\u00e9ni\u00adnisme, le sec\u00adta\u00adrisme des vieux mili\u00adtants com\u00admu\u00adnistes devient <u>absurde<\/u>&nbsp;\u00bb.<\/p>\n<p>Pour\u00adquoi g\u00e9n\u00e9\u00adra\u00adli\u00adser la conduite d\u2019Escalente et accu\u00adser d\u2019autoritarisme et de graves erreurs tous les com\u00admu\u00adnistes&nbsp;? Le 28 Esca\u00adlente prend l\u2019avion pour Prague, le jour\u00adnal du PC pr\u00eache \u00ab&nbsp;l\u2019union la plus large que jamais&nbsp;\u00bb et cri\u00adtique Esca\u00adlente. Le 6 avril, un com\u00admu\u00adniste membre des ORI en pro\u00advince, \u00e9ga\u00adle\u00adment atta\u00adqu\u00e9 par Fidel Cas\u00adtro le 27 mars, est d\u00e9mis de ses fonc\u00adtions. Le 11 avril, la Prav\u00adda approuve l\u2019expulsion d\u2019Escalente. Le 30 avril, un autre com\u00admu\u00adniste est d\u00e9mis de ses fonc\u00adtions, \u00e0 La Havane cette fois. Cer\u00adtains fid\u00e9\u00adlistes limo\u00adg\u00e9s r\u00e9ap\u00adpa\u00adraissent. Le 11 mai, Fidel Cas\u00adtro pro\u00adnonce un grand dis\u00adcours, ren\u00addu public quelques jours apr\u00e8s. Il cri\u00adtique le sec\u00adta\u00adrisme des com\u00admu\u00adnistes des ORI, \u00ab&nbsp;<u>sec\u00adta\u00adrisme impla\u00adcable, infa\u00adti\u00adgable, sys\u00adt\u00e9\u00adma\u00adtique, qu\u2019on ren\u00adcontre par\u00adtout \u00e0 tous les \u00e9che\u00adlons<\/u>&nbsp;\u00bb. De nom\u00adbreux abus furent commis.<\/p>\n<p>\u00ab&nbsp;Nous sommes all\u00e9s voir (l\u2019application des ORI) <u>tout \u00e9tait un mon\u00adceau de merde<\/u>, je m\u2019excuse de ce que le terme \u00e0 d\u2019irr\u00e9v\u00e9rencieux\u2026 Les com\u00admu\u00adnistes croyaient qu\u2019ils avaient <u>gagn\u00e9 la R\u00e9vo\u00adlu\u00adtion \u00e0 la lote\u00adrie<\/u> en oubliant le sang ver\u00ads\u00e9, les sacri\u00adfices qu\u2019a co\u00fb\u00adt\u00e9 cette r\u00e9vo\u00adlu\u00adtion\u2026 Si des pro\u00adpri\u00e9\u00adt\u00e9s ont \u00e9t\u00e9 ind\u00fb\u00adment confis\u00adqu\u00e9es, nous les ren\u00addrons \u00e0 leurs pro\u00adpri\u00e9\u00adtaires, car si, par ce geste, on contente des mil\u00adliers de per\u00adsonnes, elles mar\u00adche\u00adront alors avec la R\u00e9vo\u00adlu\u00adtion\u2026 Il faut savoir dis\u00adtin\u00adguer les fautes d\u2019Anibal Esca\u00adlente et celles com\u00admises par nous tous, et par 400 Ani\u00adbal qui cir\u00adculent par ici\u2026 Nous fai\u00adsons cette auto\u00adcri\u00adtique de nos erreurs sur un plan mar\u00adxiste-l\u00e9ni\u00adniste. <u>Que per\u00adsonne ne s\u2019imagine<\/u> que nous fai\u00adsons un pas en arri\u00e8re&nbsp;\u00bb.<\/p>\n<p>Le 22 mai on annonce la cr\u00e9a\u00adtion d\u2019un camp de r\u00e9\u00e9du\u00adca\u00adtion pour tra\u00advailleurs \u00ab&nbsp;com\u00admet\u00adtant des erreurs ou des infrac\u00adtions entra\u00ee\u00adnant un pr\u00e9\u00adju\u00addice social, sans consti\u00adtuer un crime, \u00e0 pro\u00adpre\u00adment par\u00adler&nbsp;\u00bb. Le 25, un nou\u00advel accord p\u00e9tro\u00adlier est sign\u00e9 avec l\u2019URSS&nbsp;;<\/p>\n<p>Il y a une vio\u00adlente lutte d\u2019influence dans le pou\u00advoir entre fid\u00e9\u00adlistes et com\u00admu\u00adnistes, mais le pou\u00advoir lui-m\u00eame est tou\u00adjours plus&nbsp;fort.<\/p>\n<p><b><sc>Les pro\u00adbl\u00e8mes \u00e9conomiques<\/sc><\/b><\/p>\n<p>Les pro\u00adbl\u00e8mes \u00e9co\u00adno\u00admiques viennent accen\u00adtuer l\u2019influence de l\u2019\u00c9tat.<\/p>\n<p>Une consta\u00adta\u00adtion pour d\u00e9bu\u00adter&nbsp;: le com\u00admerce ext\u00e9\u00adrieur se fai\u00adsait \u00e0 <u>75&nbsp;% avec les USA<\/u> sous Batis\u00adta, il passe \u00e0 <u>78&nbsp;% avec les pays de l\u2019Est<\/u> sous Castro.<\/p>\n<p>La r\u00e9duc\u00adtion volon\u00adtaire de part et d\u2019autre du com\u00admerce am\u00e9\u00adri\u00adca\u00adno-cubain, et la rup\u00adture depuis la conf\u00e9\u00adrence de Pun\u00adta del Este (f\u00e9vrier 1962) a entra\u00ee\u00adn\u00e9 de s\u00e9rieuses dif\u00adfi\u00adcul\u00adt\u00e9s. Celles-ci se sont mani\u00adfes\u00adt\u00e9es sur\u00adtout pour les cita\u00addins, mais pour la majo\u00adri\u00adt\u00e9 de la popu\u00adla\u00adtion, la situa\u00adtion est tout de m\u00eame meilleure. La ces\u00adsa\u00adtion du com\u00admerce avec les USA et leurs alli\u00e9s (sauf le Cana\u00adda, mais y com\u00adpris la France) prive le gou\u00adver\u00adne\u00adment cubain de quelque vingt mil\u00adlions de dol\u00adlars. En outre la s\u00e9che\u00adresse de cette ann\u00e9e a pro\u00advo\u00adqu\u00e9 une faible r\u00e9colte de sucre. Le 13 mars 1962, Cas\u00adtro doit annon\u00adcer un plan de ration\u00adne\u00adment&nbsp;car&nbsp;:&nbsp;<\/p>\n<p>\u00ab&nbsp;Le pro\u00adbl\u00e8me du ravi\u00adtaille\u00adment est le pro\u00adbl\u00e8me le plus s\u00e9rieux de la r\u00e9volution&nbsp;\u00bb.<\/p>\n<p>Le plan est divi\u00ads\u00e9 en trois chapitres&nbsp;:&nbsp;<\/p>\n<ol>\n<li> mati\u00e8res grasses, l\u00e9gumes&nbsp;: il sera four\u00adni par mois \u00e0 cha\u00adcun 2 livres de mati\u00e8res grasses, 6 de riz, 1,5 de hari\u00adcots, len\u00adtilles ou pois chiches,<\/li>\n<li> pro\u00adduits de m\u00e9nage&nbsp;: 1 savon\u00adnette, 1 savon, 1 paquet de les\u00adsive, 1 tube de p\u00e2te den\u00adti\u00adfrice par mois et pour deux personnes,<\/li>\n<li> La Havane&nbsp;: 150 grammes de viande par per\u00adsonne dans les villes par semaine, 1 pou\u00adlet de 2 livres par mois, 5 \u0153ufs par mois,&nbsp;etc.<\/li>\n<\/ol>\n<p>Le 26 mars, dans son dis\u00adcours de cri\u00adtique Car\u00adlos Rafael Rodri\u00adguez affirme&nbsp;:<\/p>\n<p>\u00ab&nbsp;Une semaine apr\u00e8s l\u2019entr\u00e9e en vigueur du plan de ration\u00adne\u00adment, nous pou\u00advons consta\u00adter que <u>ce plan marche mal<\/u>&nbsp;\u00bb.<\/p>\n<p>Le Mou\u00adve\u00adment Liber\u00adtaire Cubain (MLC) signale, en avril, que la mise en pra\u00adtique du plan est toute th\u00e9o\u00adrique et que le peuple mani\u00adfeste sa mau\u00advaise humeur.<\/p>\n<p>Il semble enfin que la baisse de la r\u00e9colte de sucre soit due \u00e9ga\u00adle\u00adment \u00e0 la concur\u00adrence qui existe en fait entre les anciennes com\u00adpa\u00adgnies sucri\u00e8res natio\u00adna\u00adli\u00ads\u00e9es et les coop\u00e9ratives.<\/p>\n<p>Les cou\u00adpeurs de canne pr\u00e9\u00adf\u00e9\u00adrant tra\u00advailler dans les coop\u00e9\u00adra\u00adtives o\u00f9 ils sont mieux pay\u00e9s, d\u2019o\u00f9 manque de main\u2011d\u2019\u0153uvre dans les ex-compagnies.<\/p>\n<p>Sur le plan ban\u00adcaire et indus\u00adtriel, les accords avec les pays de l\u2019Est se sont mul\u00adti\u00adpli\u00e9s ces der\u00adniers mois. Cepen\u00addant la classe ouvri\u00e8re pr\u00e9\u00adoc\u00adcupe tou\u00adjours le r\u00e9gime&nbsp;:<\/p>\n<p>\u00ab&nbsp;<u>L\u2019absent\u00e9isme<\/u> prend \u201cdes carac\u00adt\u00e9\u00adris\u00adtiques alarmantes&nbsp;\u201c\u2026&nbsp;\u00bb<\/p>\n<p>\u2026il est&nbsp;: <\/p>\n<p>\u00ab&nbsp;\u2026le contre-r\u00e9vo\u00adlu\u00adtion\u00adnaire le plus sombre, le plus subtil&nbsp;\u201c,<\/p>\n<p>disait Gue\u00adva\u00adra en sep\u00adtembre 1961. En novembre, il ajou\u00adtait que la classe ouvri\u00e8re&nbsp;:<\/p>\n<p>\u00ab&nbsp;<u>don\u00adnait l\u2019impression de ne pas com\u00adprendre le nou\u00adveau r\u00f4le qu\u2019elle avait \u00e0 jouer<\/u>&nbsp;\u00bb.<\/p>\n<p><b><sc>L\u2019opposition<\/sc><\/b><\/p>\n<p>L\u2019opposition \u00e0 Cuba m\u00eame semble impos\u00adsible. Il existe des maquis contre-r\u00e9vo\u00adlu\u00adtion\u00adnaires. Selon le MLC il y a 40&nbsp;000 per\u00adsonnes empri\u00adson\u00adn\u00e9es pour oppo\u00adsi\u00adtion poli\u00adtique et trai\u00adt\u00e9es sau\u00adva\u00adge\u00adment. En jan\u00advier un cama\u00adrade \u00e9crivait&nbsp;:&nbsp;<\/p>\n<p>\u00ab&nbsp;<u>Nous avons vu, de nos yeux vus, le mitraillage de groupes de per\u00adsonnes o\u00f9 7 \u00eatres humains p\u00e9rirent\u2026 Nous avons vu l\u2019assassinat d\u2019un groupe de plus de 8 per\u00adsonnes<\/u> pour le seul d\u00e9lit de vou\u00adloir sor\u00adtir clan\u00addes\u00adti\u00adne\u00adment du pays sur une embar\u00adca\u00adtion\u2026 Nous savons que <u>chaque fois qu\u2019un bateau<\/u> emme\u00adnant des per\u00adsonnes qui veulent fuir le com\u00admu\u00adnisme, est pris, <u>il est mitraill\u00e9 et cou\u00adl\u00e9<\/u> sans qu\u2019on s\u2019occupe de savoir s\u2019il y a des enfants et des femmes \u00e0&nbsp;bord\u2026&nbsp;\u00bb.<\/p>\n<p>En f\u00e9vrier, une loi est \u00e9dic\u00adt\u00e9e qui punit de mort les per\u00adsonnes prises les armes \u00e0 la main et les sabo\u00adteurs. en avril, le pro\u00adc\u00e8s des 1&nbsp;179 pri\u00adson\u00adniers du d\u00e9bar\u00adque\u00adment man\u00adqu\u00e9 a lieu, mais aucun n\u2019est condam\u00adn\u00e9 \u00e0 mort&nbsp;; ils sont tous condam\u00adn\u00e9s, mais sont lib\u00e9\u00adrables si leur famille paie une cer\u00adtaine somme. L\u2019an der\u00adnier Fidel Cas\u00adtro vou\u00adlait les \u00e9chan\u00adger contre des trac\u00adteurs d\u2019une valeur totale de 140 mil\u00adlions de nou\u00adveaux francs, aujourd\u2019hui il demande 310 mil\u00adlions de nou\u00adveaux francs.<\/p>\n<p>L\u2019\u00e9migration cubaine aux USA s\u2019agite en mars, une mani\u00adfes\u00adta\u00adtion a eu lieu \u00e0 Mia\u00admi contre la pas\u00adsi\u00advi\u00adt\u00e9 du Conseil R\u00e9vo\u00adlu\u00adtion\u00adnaire Anti\u00adcas\u00adtriste (CRA)&nbsp;; en avril le Mou\u00adve\u00adment R\u00e9vo\u00adlu\u00adtion\u00adnaire Popu\u00adlaire (MRP) qui a rom\u00adpu avec le CRA depuis le d\u00e9bar\u00adque\u00adment, annonce qu\u2019il va orga\u00adni\u00adser une arm\u00e9e&nbsp;; en avril \u00e9ga\u00adle\u00adment, <u>le car\u00addi\u00adnal Spell\u00admann<\/u>, donne 25&nbsp;000 nou\u00adveaux francs pour le rachat des pri\u00adson\u00adniers&nbsp;; tou\u00adjours en avril Bar\u00adquin ancien colo\u00adnel de l\u2019arm\u00e9e de Batis\u00adta prend contact \u00e0 Mia\u00admi avec le MRP. Quant au MLC bien qu\u2019il approuve l\u2019action de l\u2019\u00e9migration, il d\u00e9nonce en avril l\u2019action des <u>par\u00adti\u00adsans de Batis\u00adta<\/u> par\u00admi les \u00e9mi\u00adgr\u00e9s \u00ab&nbsp;ces ban\u00addits d\u00e9gui\u00ads\u00e9s en mar\u00adtyrs pr\u00e9\u00adtendent se conver\u00adtir en moteur de toute solu\u00adtion du drame cubain&nbsp;\u00bb.<\/p>\n<p>Dans le m\u00eame cou\u00adrant d\u2019id\u00e9es qui consiste \u00e0 mon\u00adter en \u00e9pingle l\u2019importance de l\u2019\u00e9migration envers laquelle nous main\u00adte\u00adnons une atti\u00adtude m\u00e9fiante nous pour\u00adrions par\u00adler d\u2019antis\u00e9mitisme. Cer\u00adtaines explo\u00adsions contre les maga\u00adsins juifs, et aus\u00adsi le fait que l\u2019Haias, orga\u00adni\u00adsa\u00adtion sio\u00adniste, s\u2019occupe d\u2019\u00e9vacuer les juifs cubains le prou\u00adve\u00adraient. Cepen\u00addant Fidel Cas\u00adtro a&nbsp;dit&nbsp;:<\/p>\n<p>\u00ab&nbsp;\u00catre anti\u00adca\u00adtho\u00adlique, anti\u00adcom\u00admu\u00adniste, anti\u00ads\u00e9\u00admite, c\u2019est \u00eatre un contre-r\u00e9volutionnaire&nbsp;\u00bb.<\/p>\n<p>Mais on conna\u00eet la valeur des d\u00e9cla\u00adra\u00adtions cas\u00adtristes. De toute fa\u00e7on le racisme \u00e0 Cuba, peuple m\u00e9lan\u00adg\u00e9 \u00e0 l\u2019extr\u00eame ne peut \u00eatre que rela\u00adtif, par rap\u00adport \u00e0 beau\u00adcoup d\u2019autres pays.<\/p>\n<p><b><sc>La poli\u00adtique ext\u00e9rieure<\/sc><\/b><\/p>\n<p>Nous disions dans notre conclu\u00adsion pr\u00e9\u00adc\u00e9\u00addente&nbsp;: \u00ab&nbsp;on n\u2019est plus colom\u00adbien ou mexi\u00adcain, on est pour ou contre Cas\u00adtro&nbsp;\u00bb. La conf\u00e9\u00adrence de Pun\u00adta del Este l\u2019a bien mon\u00adtr\u00e9. Les USA avaient convo\u00adqu\u00e9 l\u2019organisation des \u00c9tats Am\u00e9\u00adri\u00adcains (OEA) pour qu\u2019ils excluent Cuba, et pour qu\u2019ils donnent un blanc-seing aux USA pour qu\u2019un nou\u00adveau d\u00e9bar\u00adque\u00adment du 17 avril 1961 ait lieu. Aupa\u00adra\u00advant les dis\u00adcours inju\u00adrieux de Cas\u00adtro en d\u00e9cembre 1961, contre les gou\u00adver\u00adne\u00adments de la Colom\u00adbie, de Pana\u00adma, am\u00e8nent ceux-ci \u00e0 rompre leurs rela\u00adtions diplo\u00adma\u00adtiques avec&nbsp;Cuba.<\/p>\n<p>\u00c0 Pun\u00adta del Este, fin jan\u00advier, Cuba est condam\u00adn\u00e9 puis exclu de l\u2019OEA, mais l\u2019abstention des grands pays&nbsp;: Chi\u00adli, Argen\u00adtine, Br\u00e9\u00adsil, \u00c9qua\u00adteur, Mexique, Boli\u00advie, emp\u00eache les USA de pr\u00e9\u00adsen\u00adter une motion de sanc\u00adtion contre Cuba. De nom\u00adbreuses mani\u00adfes\u00adta\u00adtions sou\u00advent san\u00adglantes en faveur de Cuba avaient eu lieu dans presque tous les pays lati\u00adno-am\u00e9\u00adri\u00adcains. En Argen\u00adtine et en \u00c9qua\u00adteur, les \u00e9l\u00e9\u00adments conser\u00adva\u00adteurs, c\u2019est-\u00e0-dire l\u2019extr\u00eame droite, com\u00adpo\u00ads\u00e9e de pro\u00adpri\u00e9\u00adtaires fon\u00adciers et de l\u2019arm\u00e9e obligent les gou\u00adver\u00adne\u00adments \u00e0 rompre les rela\u00adtions diplo\u00adma\u00adtiques avec Cuba. En Argen\u00adtine Fron\u00addi\u00adzi est chas\u00ads\u00e9 et aujourd\u2019hui encore la crise est ouverte. Au Vene\u00adzue\u00adla un putsch pro-fid\u00e9\u00adliste a eu lieu en mars et en juin. Aux USA Ken\u00adne\u00addy rompt toutes rela\u00adtions \u00e9co\u00adno\u00admiques avec Cuba. Cuba porte plainte aux Nations Unies contre \u00ab&nbsp;l\u2019agression \u00e9co\u00adno\u00admique des USA&nbsp;\u00bb, mais n\u2019\u00e9tant pas appuy\u00e9 par les pays du bloc afro-asia\u00adtique, il aban\u00addonne la partie.<\/p>\n<p>En jan\u00advier un obs\u00adcur fonc\u00adtion\u00adnaire du pape annonce que Fidel Cas\u00adtro est <u>excom\u00admu\u00adni\u00e9<\/u>. En r\u00e9a\u00adli\u00adt\u00e9, <u>il n\u2019en est rien<\/u>, du reste le pr\u00e9\u00adsident de la R\u00e9pu\u00adblique a envoy\u00e9 \u00ab&nbsp;des v\u0153ux sin\u00adc\u00e8res de pros\u00adp\u00e9\u00adri\u00adt\u00e9 chr\u00e9\u00adtienne&nbsp;\u00bb \u00e0 Jean XXIII. Cuba est tou\u00adjours en rela\u00adtions diplo\u00adma\u00adtiques avec le <u>Vati\u00adcan<\/u> de m\u00eame qu\u2019avec <u>l\u2019Espagne fran\u00adquiste<\/u>.<\/p>\n<p><b><sc>Les anar\u00adchistes et&nbsp;Cuba<\/sc><\/b><\/p>\n<p>Une lettre du 23 jan\u00advier 1962 du MLC nous com\u00admu\u00adnique les ren\u00adsei\u00adgne\u00adments suivants&nbsp;:<\/p>\n<p>\u00ab&nbsp;Le mou\u00adve\u00adment liber\u00adtaire existe \u00e0 Cuba depuis l\u2019\u00e9poque de la colo\u00adnie, sous l\u2019influence d\u2019une grande quan\u00adti\u00adt\u00e9 de <u>mili\u00adtants espa\u00adgnols<\/u>, qui fuyaient de la p\u00e9nin\u00adsule \u00e0 cause de la r\u00e9pres\u00adsion conti\u00adnuelle qu\u2019y subis\u00adsaient nos cama\u00adrades\u2026 Notre mou\u00adve\u00adment \u00e0 Cuba eut une <u>impor\u00adtance extra\u00ador\u00addi\u00adnaire<\/u>, jusqu\u2019\u00e0 l\u2019av\u00e8nement au pou\u00advoir du g\u00e9n\u00e9\u00adral Macha\u00addo en 1925. Les syn\u00addi\u00adcats ouvriers diri\u00adg\u00e9s par des cama\u00adrades liber\u00adtaires cubains et espa\u00adgnols r\u00e9pon\u00addaient \u00e0 l\u2019orientation anar\u00adcho-syn\u00addi\u00adca\u00adliste du mou\u00adve\u00adment espa\u00adgnol uti\u00adli\u00adsant la tac\u00adtique de l\u2019action directe comme m\u00e9thode de com\u00adbat et obser\u00advant une atti\u00adtude farou\u00adche\u00adment anti-poli\u00adtique\u2026 La f\u00e9roce r\u00e9pres\u00adsion de Macha\u00addo affai\u00adblit extra\u00ador\u00addi\u00adnai\u00adre\u00adment nos rangs, car de nom\u00adbreux mili\u00adtants cubains et espa\u00adgnols furent assas\u00adsi\u00adn\u00e9s par les forces poli\u00adci\u00e8res et mili\u00adtaires tan\u00addis que la majo\u00adri\u00adt\u00e9 des mili\u00adtants espa\u00adgnols \u00e9tait d\u00e9por\u00adt\u00e9e en Espagne. Les <u>com\u00admu\u00adnistes<\/u> pro\u00adfi\u00adt\u00e8rent de cette \u00e9tape pour avan\u00adcer dans le mou\u00adve\u00adment ouvrier\u2026 En 1938 les com\u00admu\u00adnistes firent un pacte avec Batis\u00adta, lui offrant leur appui poli\u00adtique en \u00e9change du mono\u00adpole total des orga\u00adni\u00adsa\u00adtions syndicales.<\/p>\n<p>\u2026 L\u2019attitude du MLC envers Batis\u00adta fut <u>constante<\/u> durant les deux p\u00e9riodes de sa dic\u00adta\u00adture&nbsp;: de 1935 \u00e0 1944 nous avons constam\u00adment conspi\u00adr\u00e9 et lut\u00adt\u00e9 conjoin\u00adte\u00adment avec les forces d\u00e9mo\u00adcra\u00adtiques qui le com\u00adbat\u00adtaient&nbsp;; de 1952 \u00e0 1958 de m\u00eame. <u>Jamais nous n\u2019avons tran\u00adsi\u00adg\u00e9<\/u> avec la dic\u00adta\u00adture civi\u00adco-mili\u00adtaire de Batis\u00adta, et, durant le com\u00adbat contre elle de nom\u00adbreux cama\u00adrades furent arr\u00ea\u00adt\u00e9s et tor\u00adtu\u00adr\u00e9s, et cer\u00adtains assas\u00adsi\u00adn\u00e9s, par les sbires de Batis\u00adta. Notre atti\u00adtude envers Cas\u00adtro avant le 1<sup>er<\/sup> jan\u00advier 1959 fut claire&nbsp;: nous l\u2019avons tou\u00adjours jug\u00e9 comme un <u>aven\u00adtu\u00adrier sans scru\u00adpule<\/u> et d\u00e9si\u00adrant le pou\u00advoir, comme un homme <u>sans id\u00e9o\u00adlo\u00adgie d\u00e9fi\u00adnie<\/u>, et par cons\u00e9\u00adquent, adon\u00adn\u00e9 \u00e0 la d\u00e9ma\u00adgo\u00adgie et au diri\u00adgisme\u2026 N\u00e9an\u00admoins de nom\u00adbreux liber\u00adtaires lut\u00adt\u00e8rent dans les cadres du Mou\u00adve\u00adment R\u00e9vo\u00adlu\u00adtion\u00adnaire du 26 juillet\u2026 Tr\u00e8s rapi\u00adde\u00adment, durant les pre\u00admiers jours de jan\u00advier 1959, ses <u>inten\u00adtions tota\u00adli\u00adtaires<\/u> appa\u00adrurent\u2026 Nous avons ten\u00adt\u00e9 d\u2019exprimer notre d\u00e9sac\u00adcord sur l\u2019orientation plus <u>qu\u2019autoritaire<\/u> du nou\u00adveau r\u00e9gime par des d\u00e9cla\u00adra\u00adtions publiques et des dis\u00adcus\u00adsions ouvertes des d\u00e9ci\u00adsions gou\u00adver\u00adne\u00admen\u00adtales. Mais tr\u00e8s rapi\u00adde\u00adment nous v\u00eemes que cela \u00e9tait impos\u00adsible, parce que toute atti\u00adtude cri\u00adtique \u00e9tait aus\u00adsi\u00adt\u00f4t qua\u00adli\u00adfi\u00e9e de \u00ab&nbsp;<u>contre-r\u00e9vo\u00adlu\u00adtion\u00adnaire<\/u>&nbsp;\u00bb\u2026 Tout ceci obli\u00adgea cer\u00adtains de nos mili\u00adtants \u00e0 se pla\u00adcer fran\u00adche\u00adment dans l\u2019opposition au r\u00e9gime fid\u00e9\u00adliste, ce qui les for\u00ad\u00e7a par la suite \u00e0 prendre le che\u00admin de <u>l\u2019exil<\/u>, tan\u00addis que d\u2019autres mili\u00adtants plus maniables et plus souples s\u2019adaptaient \u00e0 la situa\u00adtion et d\u00e9ci\u00addaient de par\u00adti\u00adci\u00adper \u00e9troi\u00adte\u00adment \u00e0 la nou\u00advelle dic\u00adta\u00adture. Pour nous ces der\u00adniers ont ces\u00ads\u00e9 d\u2019\u00eatre des mili\u00adtants libertaires\u2026<\/p>\n<p>De ce qui pr\u00e9\u00adc\u00e8de d\u00e9coule notre atti\u00adtude actuelle&nbsp;: nous sommes contre l\u2019actuelle dic\u00adta\u00adture tota\u00adli\u00adtaire cas\u00adtro-com\u00admu\u00adniste&nbsp;; <u>nous nous oppo\u00adsons r\u00e9so\u00adlu\u00adment \u00e0 toute solu\u00adtion impo\u00ads\u00e9e par des puis\u00adsances \u00e9tran\u00adg\u00e8res<\/u> qui sup\u00adpose le retour \u00e0 la situa\u00adtion ant\u00e9\u00adrieure au 1<sup>er<\/sup> jan\u00advier 1959&nbsp;; nous lut\u00adtons pour que le peuple cubain <u>r\u00e9cu\u00adp\u00e8re sa liber\u00adt\u00e9<\/u> pour pour\u00adsuivre le pro\u00adces\u00adsus trans\u00adfor\u00adma\u00adteur de la r\u00e9vo\u00adlu\u00adtion sur des voies <u>plus libres et plus justes<\/u>\u2026 Nous nous effor\u00ad\u00e7ons d\u2019organiser l\u2019action de tous les peuples lati\u00adno-am\u00e9\u00adri\u00adcains, dans la lutte contre l\u2019exploitation et l\u2019oppression, <u>sans nous ins\u00adcrire dans aucun des blocs imp\u00e9\u00adria\u00adlistes qui se dis\u00adputent actuel\u00adle\u00adment la domi\u00adna\u00adtion du monde<\/u>\u2026<\/p>\n<p>Il existe dans le mou\u00adve\u00adment liber\u00adtaire inter\u00adna\u00adtio\u00adnal une absurde confu\u00adsion sur la tra\u00adg\u00e9\u00addie cubaine, c\u2019est pour\u00adquoi les juge\u00adments des cama\u00adrades s\u2019av\u00e8rent contra\u00addic\u00adtoires\u2026 G. Leval a une posi\u00adtion que nous par\u00adta\u00adgeons en gros, mais il nous semble un peu enclin \u00e0 voir le pro\u00adbl\u00e8me actuel avec <u>trop de com\u00adplai\u00adsance pour le bloc occi\u00adden\u00adtal<\/u>\u2026 Ta conclu\u00adsion&nbsp;[[C\u2019est-\u00e0-dire la conclu\u00adsion de notre lettre au MLC  o\u00f9 nous d\u00e9non\u00adcions l\u2019ac\u00adtion com\u00admu\u00adniste et le peu d\u2019in\u00adfluence des masses.]] sur le r\u00e9gime r\u00e9gnant dans notre pays est cor\u00adrecte&nbsp;: dog\u00adma\u00adtisme exces\u00adsif, totale influence com\u00admu\u00adniste et pas\u00adsi\u00advi\u00adt\u00e9 totale des masses qui sont uti\u00adli\u00ads\u00e9es exclu\u00adsi\u00adve\u00adment comme \u00ab&nbsp;claque&nbsp;\u00bb. Depuis lors, tout ce que tu as vu s\u2019est <u>for\u00adte\u00adment accen\u00adtu\u00e9<\/u>&nbsp;: Cuba est aujourd\u2019hui un pays \u00ab&nbsp;socia\u00adliste&nbsp;\u00bb de plus qui tourne dans l\u2019orbite sovi\u00e9\u00adtique. Et mal\u00adheu\u00adreu\u00adse\u00adment le pro\u00adbl\u00e8me cubain est deve\u00adnu une pi\u00e8ce de plus sur le com\u00adpli\u00adqu\u00e9 \u00e9chi\u00adquier inter\u00adna\u00adtio\u00adnal&nbsp;\u00ab&nbsp;(lettre du 23\/\u200b01\/\u200b1962 du Mou\u00adve\u00adment Liber\u00adtaire Cubain).<\/p>\n<p>En avril 1962, le MLC nous informe de la situa\u00adtion des liber\u00adtaires arr\u00ea\u00adt\u00e9s. Jos\u00e9 Ace\u00adna condam\u00adn\u00e9 \u00e0 20 ans de tra\u00advaux for\u00adc\u00e9s pour acti\u00advi\u00adt\u00e9s&nbsp;\u00bb&nbsp;contre-r\u00e9vo\u00adlu\u00adtion\u00adnaires&nbsp;\u00ab&nbsp;(ancien membre du mou\u00adve\u00adment du 26 juillet, tor\u00adtu\u00adr\u00e9 sous Batis\u00adta)&nbsp;; Pla\u00adci\u00addo Men\u00addez <u>12 ans<\/u> de tra\u00advaux for\u00adc\u00e9s&nbsp;; Alber\u00adto Gar\u00adcia, Joa\u00adquim Aubi et San\u00adda\u00adlio Torres, <u>30 ans<\/u> de tra\u00advaux for\u00adc\u00e9s. Anto\u00adnio Daga et Luis Miguel depuis un an en pri\u00adson n\u2019ont pas encore \u00e9t\u00e9&nbsp;jug\u00e9s.<\/p>\n<p>Le 22 avril une r\u00e9union du MLC f\u00e9li\u00adcite la F\u00e9d\u00e9\u00adra\u00adtion argen\u00adtine et la CNT du Mexique pour leur appui, condamne la FA uru\u00adguayenne et&nbsp;\u00bb&nbsp;l\u2019Adunata dei Refrat\u00adta\u00adri&nbsp;\u00ab&nbsp;pour&nbsp;\u00bb&nbsp;son hos\u00adti\u00adli\u00adt\u00e9 envers les liber\u00adtaires cubains exi\u00adl\u00e9s et ses sym\u00adpa\u00adthies voi\u00adl\u00e9es pour la dic\u00adta\u00adture tota\u00adli\u00adtaire castro-communiste&nbsp;\u00bb.&nbsp;<\/p>\n<p><u>Adu\u00adna\u00adta<\/u> le 3 mai annonce qu\u2019elle ne publie plus les articles d\u2019un cama\u00adrade cubain par suite de d\u00e9sac\u00adcords de par et d\u2019autre. Le cama\u00adrade cubain disait que&nbsp;:&nbsp;<\/p>\n<p>\u00ab&nbsp;la marche sur La Havane de Fidel Cas\u00adtro est une vul\u00adgaire paro\u00addie de la marche sur Rome de Mussolini&nbsp;\u00bb.<\/p>\n<p>\u00c0 quoi \u00ab&nbsp;Adu\u00adna\u00adta&nbsp;\u00bb avait d\u00e9j\u00e0 r\u00e9pon\u00addu (18 novembre 1961) que c\u2019\u00e9tait igno\u00adrer l\u2019histoire car pour Mus\u00adso\u00adli\u00adni ce fut une com\u00e9\u00addie \u00ab&nbsp;il se ren\u00addait \u00e0 Rome \u00e0 l\u2019invitation du roi en \u201d&nbsp;slee\u00adping-car&nbsp;\u201d avec ses che\u00admises noires&nbsp;\u00bb, alors que pour Cas\u00adtro ce fut la lutte de tout un peuple.<\/p>\n<p><u>Uma\u00adni\u00adta Nova<\/u> le 11 mars publie une lettre du m\u00eame cama\u00adrade cubain qui reproche \u00e0 Uma\u00adni\u00adta Nova ses sym\u00adpa\u00adthies pro\u00adcas\u00adtristes, la direc\u00adtion r\u00e9pond en repro\u00adchant \u00e0 celui-ci ses sym\u00adpa\u00adthies pro-USA. Le 27 mai, la direc\u00adtion publie une tr\u00e8s vio\u00adlence note contre ce cama\u00adrade cubain, lui repro\u00adchant de s\u2019\u00eatre r\u00e9fu\u00adgi\u00e9 \u00e0 Mia\u00admi et de n\u2019avoir pas d\u00e9non\u00adc\u00e9 les crimes de Batista.<\/p>\n<p>Notre conclu\u00adsion est exac\u00adte\u00adment la m\u00eame que celle du pr\u00e9\u00adc\u00e9\u00addent num\u00e9\u00adro. Les atti\u00adtudes se sont dur\u00adcies&nbsp;; il appa\u00adra\u00eet dor\u00e9\u00adna\u00advant cer\u00adtain que les USA ne recu\u00adle\u00adront pas. Le pou\u00advoir \u00e9ta\u00adtique pro\u00adfi\u00adtant de la situa\u00adtion poli\u00adtique et \u00e9co\u00adno\u00admique accen\u00adtue conti\u00adnuel\u00adle\u00adment son emprise. Savoir si Cas\u00adtro devien\u00addra un com\u00admu\u00adniste ortho\u00addoxe ou h\u00e9t\u00e9\u00adro\u00addoxe n\u2019a <u>gu\u00e8re d\u2019importance<\/u>, il faut se deman\u00adder comme le peuple pour\u00adra retrou\u00adver <u>ses liber\u00adt\u00e9s<\/u> sans rien perdre de ce qu\u2019il a acquis. Et dans la conjonc\u00adture actuelle nous ne voyons <u>pas d\u2019espoir ni \u00e0 l\u2019int\u00e9rieur ni \u00e0 l\u2019ext\u00e9rieur de Cuba<\/u>.<\/p>\n<p>[\/\u200bIsra\u00ebl <sc>Renof<\/sc>\/\u200b]<\/p>\n<\/div>\n","protected":false},"excerpt":{"rendered":"<p>L\u2019abondance des \u00e9l\u00e9\u00adments de l\u2019actualit\u00e9 nous oblige \u00e0 d\u00e9ve\u00adlop\u00adper cer\u00adtains points de notre article paru dans le pr\u00e9\u00adc\u00e9\u00addent num\u00e9\u00adro. Le pro\u00adbl\u00e8me com\u00admu\u00adniste Le pre\u00admier d\u00e9cembre 1961, Cas\u00adtro se d\u00e9cla\u00adrait com\u00admu\u00adniste. Ce dis\u00adcours a une his\u00adtoire curieuse&nbsp;: il dura 5 heures et n\u2019a jamais \u00e9t\u00e9 publi\u00e9 int\u00e9\u00adgra\u00adle\u00adment \u00e0 Cuba. Il faut en retran\u00adcher ce qui&nbsp;a&nbsp;[\u2026]<\/p>\n","protected":false},"author":1,"featured_media":0,"comment_status":"closed","ping_status":"closed","sticky":false,"template":"","format":"standard","meta":{"wp_typography_post_enhancements_disabled":false,"footnotes":""},"categories":[421],"tags":[],"ppma_author":[540],"class_list":["post-3527","post","type-post","status-publish","format-standard","hentry","category-noir-rouge-na21-juin-1962"],"authors":[{"term_id":540,"user_id":1,"is_guest":0,"slug":"admin_3gikpwyf","display_name":"Vincent Dubuc","avatar_url":"https:\/\/secure.gravatar.com\/avatar\/d015720652c25fd2ced191ade86430094e1f288a17483713e3b34d26dea52507?s=96&d=mm&r=g","author_category":"","user_url":"https:\/\/la-presse-anarchiste.net","last_name":"Dubuc","first_name":"Vincent","job_title":"","description":""}],"_links":{"self":[{"href":"https:\/\/la-presse-anarchiste.net\/index.php\/wp-json\/wp\/v2\/posts\/3527","targetHints":{"allow":["GET"]}}],"collection":[{"href":"https:\/\/la-presse-anarchiste.net\/index.php\/wp-json\/wp\/v2\/posts"}],"about":[{"href":"https:\/\/la-presse-anarchiste.net\/index.php\/wp-json\/wp\/v2\/types\/post"}],"author":[{"embeddable":true,"href":"https:\/\/la-presse-anarchiste.net\/index.php\/wp-json\/wp\/v2\/users\/1"}],"replies":[{"embeddable":true,"href":"https:\/\/la-presse-anarchiste.net\/index.php\/wp-json\/wp\/v2\/comments?post=3527"}],"version-history":[{"count":0,"href":"https:\/\/la-presse-anarchiste.net\/index.php\/wp-json\/wp\/v2\/posts\/3527\/revisions"}],"wp:attachment":[{"href":"https:\/\/la-presse-anarchiste.net\/index.php\/wp-json\/wp\/v2\/media?parent=3527"}],"wp:term":[{"taxonomy":"category","embeddable":true,"href":"https:\/\/la-presse-anarchiste.net\/index.php\/wp-json\/wp\/v2\/categories?post=3527"},{"taxonomy":"post_tag","embeddable":true,"href":"https:\/\/la-presse-anarchiste.net\/index.php\/wp-json\/wp\/v2\/tags?post=3527"},{"taxonomy":"author","embeddable":true,"href":"https:\/\/la-presse-anarchiste.net\/index.php\/wp-json\/wp\/v2\/ppma_author?post=3527"}],"curies":[{"name":"wp","href":"https:\/\/api.w.org\/{rel}","templated":true}]}}