{"id":3544,"date":"2013-04-15T02:34:24","date_gmt":"2013-04-15T02:34:24","guid":{"rendered":"https:\/\/la-presse-anarchiste.net\/index.php\/2013\/04\/15\/a-letalage-du-bouquiniste-5\/"},"modified":"2013-04-15T02:34:24","modified_gmt":"2013-04-15T02:34:24","slug":"a-letalage-du-bouquiniste-5","status":"publish","type":"post","link":"https:\/\/la-presse-anarchiste.net\/index.php\/2013\/04\/15\/a-letalage-du-bouquiniste-5\/","title":{"rendered":"\u00c0 l\u2019\u00e9talage du Bouquiniste"},"content":{"rendered":"<div class=\"pdfprnt-buttons pdfprnt-buttons-post pdfprnt-top-right\"><a href=\"https:\/\/la-presse-anarchiste.net\/index.php\/wp-json\/wp\/v2\/posts\/3544?print=pdf\" class=\"pdfprnt-button pdfprnt-button-pdf\" target=\"_blank\"><img decoding=\"async\" src=\"https:\/\/la-presse-anarchiste.net\/wp-content\/plugins\/pdf-print\/images\/pdf.png\" alt=\"image_pdf\" title=\"Afficher le PDF\"><\/a><a href=\"https:\/\/la-presse-anarchiste.net\/index.php\/wp-json\/wp\/v2\/posts\/3544?print=print\" class=\"pdfprnt-button pdfprnt-button-print\" target=\"_blank\"><img decoding=\"async\" src=\"https:\/\/la-presse-anarchiste.net\/wp-content\/plugins\/pdf-print\/images\/print.png\" alt=\"image_print\" title=\"Contenu imprim\u00e9\"><\/a><\/div><div align=\"justify\">\n<p><sc>Un Jar\u00addin sur l\u2019Oronte<\/sc>, <i>par Mau\u00adrice Bar\u00adr\u00e9s<\/i>.\u200a\u2014\u200a<sc>Nou\u00advelles pages de cri\u00adtiques et de doc\u00adtrine<\/sc>, <i>par Paul Bour\u00adget<\/i>.\u200a\u2014\u200aSi je r\u00e9unis ici ces deux livres et ces deux noms, c\u2019est pour la rai\u00adson sui\u00advante, \u00e0 laquelle s\u2019int\u00e9resseront, j\u2019en suis cer\u00adtain, mes lec\u00adteurs. Sur le para\u00adsi\u00adtisme dans la lit\u00adt\u00e9\u00adra\u00adture de notre soci\u00e9\u00adt\u00e9 capi\u00adta\u00adliste et bour\u00adgeoise, il y aurait, je ne dis pas seule\u00adment un article ins\u00adtruc\u00adtif \u00e0 faire\u200a\u2014\u200ail sera fait ici m\u00eame comme je le dis plus haut\u200a\u2014\u200amais un gros livre auquel ne man\u00adque\u00adrait certes pas la docu\u00admen\u00adta\u00adtion. Par\u00admi les para\u00adsites qu\u2019il convien\u00addrait d\u2019\u00e9tudier d\u2019abord, il importe de citer Bar\u00adr\u00e9s et Bour\u00adget, ce der\u00adnier tout au moins en tant que critique.<\/p>\n<p>Je dois dire que le para\u00adsi\u00adtisme de Bar\u00adr\u00e9s a \u00e9t\u00e9 d\u00e9j\u00e0 mis vigou\u00adreu\u00adse\u00adment en relief dans une petite <i>San\u00adguine<\/i> \u00e9chap\u00adp\u00e9e peu avant la guerre \u00e0 la plume de Fer\u00adnand Kol\u00adney et dont voi\u00adci un extrait&nbsp;: \u00ab&nbsp;\u2026 \u00c9cri\u00advain de troi\u00adsi\u00e8me main, il d\u00e9bo\u00adbine, tel un t\u0153nia, une prose qui char\u00adrie labo\u00adrieu\u00adse\u00adment tous les r\u00e9si\u00addus de Sten\u00addhal, de Taine et de Renan. La forme pauvre, indi\u00adgente est ins\u00adcrite \u00e0 l\u2019Assistance publique du p\u00e9dan\u00adtisme. En b\u00e9quillant, ses phrases ataxiques se trament au long des p\u00e9riodes pous\u00adsives et s\u2019encombrent d\u2019un bric-\u00e0-brac d\u2019images pous\u00adsi\u00e9\u00adreuses sur quoi, avec achar\u00adne\u00adment il pro\u00adm\u00e8ne le plu\u00admeau de la pr\u00e9ciosit\u00e9\u2026&nbsp;\u00bb<\/p>\n<p>On ne sau\u00adrait vrai\u00adment, avec une vir\u00adtuo\u00adsi\u00adt\u00e9 plus grande, clouer un insecte copro\u00adphage sur le li\u00e8ge d\u2019une col\u00adlec\u00adtion. Je laisse de c\u00f4t\u00e9 le sadisme du Bar\u00adr\u00e8s frous\u00adsard et guer\u00adrier, qui m\u00e9rite une longue \u00e9tude \u00e0 part. Or il arrive que son der\u00adnier, livre dont j\u2019ai cit\u00e9 plus haut le titre est encore plus uni\u00adforme, plus excr\u00e9\u00admen\u00adtiel que les pr\u00e9\u00adc\u00e9\u00addents. On dirait vrai\u00adment le pro\u00adduit mal\u00adodo\u00adrant d\u2019un gros hel\u00adminthe qui se serait vau\u00adtr\u00e9 pen\u00addant de longs jours dans le gros intes\u00adtin de Renan. Si, par hasard, vous en dou\u00adtez, lisez-le.&nbsp;<\/p>\n<p>Ce que Bar\u00adr\u00e9s est pour Renan, son confr\u00e8re en natio\u00adna\u00adlisme, Paul Bour\u00adget, dans son \u0153uvre de cri\u00adtique l\u2019est pour Taine, l\u2019auteur de l\u2019<i><intelligence><\/intelligence><\/i>, un des livres les plus puis\u00adsants du si\u00e8cle d\u00e9funt.<\/p>\n<p>Je crois donc inutile d\u2019insister, puisque je dois reprendre ici le sujet. Je me conten\u00adte\u00adrai de signa\u00adler les niai\u00adse\u00adries, les stu\u00adpi\u00addi\u00adt\u00e9s, tout le grouille\u00adment d\u2019id\u00e9es fausses qui se trouvent col\u00adlec\u00adt\u00e9es sur le mode et avec les pro\u00adc\u00e9\u00add\u00e9s de Taine dans ses <i>Nou\u00advelles pages de cri\u00adtique et de doc\u00adtrine<\/i>.<\/p>\n<p>Comme mod\u00e8les de patrio\u00adtisme d\u00e9for\u00adma\u00adteur, je cite\u00adrai les cha\u00adpitres sur <i>Hae\u00adckel et le pan\u00adger\u00adma\u00adnisme, Kant et G\u0153the, Le Natio\u00adna\u00adlisme intel\u00adlec\u00adtuel, La paix de Ver\u00adsailles, L\u2019Imp\u00e9rialisme, Le Mili\u00adta\u00adrisme, La Crise de l\u2019Id\u00e9e du Tra\u00advail, La Lutte des Classes<\/i>.<\/p>\n<p>Rien ne prouve mieux l\u2019agonie du r\u00e9gime que le suc\u00adc\u00e8s fait \u00e0 ces \u00e9lu\u00adcu\u00adbra\u00adtions de rh\u00e9\u00adteur et la place que Bour\u00adget occupe \u00e0 c\u00f4t\u00e9 de Bar\u00adr\u00e9s, par\u00admi ]a pr\u00e9\u00adten\u00addue \u00e9lite de notre&nbsp;temps.<\/p>\n<p><sc>Lamen\u00adnais, sa vie, ses id\u00e9es et ses ouvrages<\/sc>, <i>par M.&nbsp;F. Duine<\/i>.\u200a\u2014\u200aAvec ce livre je me suis vrai\u00adment repo\u00ads\u00e9 des pr\u00e9\u00adc\u00e9\u00addentes \u0153uvres, abso\u00adlu\u00adment d\u00e9pour\u00advues d\u2019id\u00e9es justes.<\/p>\n<p>Apr\u00e8s avoir la atten\u00adti\u00adve\u00adment et avoir relu ensuite <i>Les Paroles d\u2019un Croyant<\/i>, tou\u00adjours en bonne place dans ma biblio\u00adth\u00e8que, j\u2019ai pen\u00ads\u00e9 qu\u2019Anatole France avait eu rai\u00adson de rap\u00adpe\u00adler der\u00adni\u00e8\u00adre\u00adment \u00e0 notre g\u00e9n\u00e9\u00adra\u00adtion oublieuse le sou\u00adve\u00adnir du grand pol\u00e9\u00admiste. Oui, certes, j\u2019estime que les esprits les plus libres de notre temps peuvent le reven\u00addi\u00adquer comme un anc\u00eatre&nbsp;; je vais plus loin, et je dis que si l\u2019on se reporte \u00e0 l\u2019\u00e9poque o\u00f9 ayant jet\u00e9 son froc \u00e0 la t\u00eate du pape, il \u00e9cri\u00advit son fameux pam\u00adphlet admi\u00adrable de viru\u00adlence dans sa forme apo\u00adca\u00adlyp\u00adtique, on peut affir\u00admer que sa voix fut celle du pre\u00admier r\u00e9vol\u00adt\u00e9 liber\u00adtaire cla\u00admant sa haine des grands et puis\u00adsant les oppri\u00adm\u00e9s \u00e0 secouer leurs cha\u00eenes. Pour ma part, m\u00eame aujourd\u2019hui, je ne puis relire ce petit livre sans \u00e9prou\u00adver, aus\u00adsi \u00e2pre et aus\u00adsi violent pour le capi\u00adta\u00adlisme triom\u00adphant, le sen\u00adti\u00adment de m\u00e9pris et de d\u00e9go\u00fbt qui m\u2019a pous\u00ads\u00e9 \u00e0 consa\u00adcrer ma vie \u00e0 la d\u00e9fense des d\u00e9sh\u00e9\u00adri\u00adt\u00e9s et des humbles.<\/p>\n<p>Pour\u00adquoi faut-il que ce chef\u2011d\u2019\u0153uvre soit aujourd\u2019hui introu\u00advable dans le com\u00admerce et demeure ain\u00adsi incon\u00adnu au pro\u00adl\u00e9\u00adta\u00adriat mili\u00adtant de France&nbsp;?&nbsp;\u2026<\/p>\n<p>Pour\u00adquoi faut-il qu\u2019il ne se trouve pas un \u00e9di\u00adteur d\u2019avant-garde pour le r\u00e9\u00e9di\u00adter dans une \u00e9di\u00adtion \u00e0 bon mar\u00adch\u00e9 et le mettre ain\u00adsi entre les mains de tous les mis\u00e9\u00adreux qui vont, errant sur la terre comme l\u2019exil\u00e9 de Lamen\u00adnais, et qui aime\u00adraient lire leur r\u00e9volte expri\u00adm\u00e9e dans un lan\u00adgage superbe&nbsp;?<\/p>\n<p><sc>La vie \u00e0 Deau\u00adville<\/sc>, <i>par M.&nbsp;Georges Michel<\/i>.\u200a\u2014\u200aC\u2019est aus\u00adsi, toute com\u00adpa\u00adrai\u00adson mise \u00e0 part, pour sa forme acerbe et mor\u00addante, pour ses vitu\u00adp\u00e9\u00adra\u00adtions vio\u00adlentes contre nos para\u00adsites mil\u00adlion\u00adnaires et mil\u00adliar\u00addaires que j\u2019ai lu avec plai\u00adsir ce livre qui nous donne un tableau vivant et fouill\u00e9 de ce grand tri\u00adpot inter\u00adna\u00adtio\u00adnal qu\u2019est Deau\u00adville pen\u00addant trois mois de l\u2019ann\u00e9e. Ils sont, ma foi, bien cro\u00adqu\u00e9s, je dirai m\u00eame pour cer\u00adtains gra\u00adv\u00e9s \u00e0 l\u2019eau-forte, tous ces Car\u00adtouche de la Bourse, tous ces for\u00adbans de la Haute, toutes ces canailles dor\u00e9es, tous ces vau\u00adtours qui s\u2019abattent sur cette place pour y d\u00e9vo\u00adrer en quelques semaines une par\u00adtie de leur proie&nbsp;; m\u00eal\u00e9s \u00e0 eux, comme les cor\u00adbeaux se m\u00ealent par\u00adfois aux cha\u00adro\u00adgnards, nous y voyons les roman\u00adciers \u00e0 la Pr\u00e9\u00advost, les psy\u00adcho\u00adlogues \u00e0 la Bour\u00adget, les chro\u00adni\u00adqueurs figa\u00adristes, les jour\u00adna\u00adleux de Buneau-Varilla et de Letel\u00adlier, tout le bric-\u00e0-brac artis\u00adtique, lit\u00adt\u00e9\u00adraire et mon\u00addain, toute la l\u00e9gion de snobs et de splee\u00adn\u00e9\u00adtiques, qui l\u2019hiver venu s\u2019en iront pro\u00adme\u00adner leur oisi\u00adve\u00adt\u00e9 pay\u00e9e par le tra\u00advailleur pro\u00adl\u00e9\u00adtaire sous le ciel plus cl\u00e9\u00adment de la C\u00f4te d\u2019Azur.<\/p>\n<p><sc>Des\u00adcartes<\/sc>, <i>par Jacques Che\u00adva\u00adlier<\/i>.\u200a\u2014\u200aUn livre sur le grand phi\u00adlo\u00adsophe qui serait utile \u00e0 lire s\u2019il n\u2019\u00e9tait impr\u00e9\u00adgn\u00e9 d\u2019un bout \u00e0 l\u2019autre, d un pro\u00adfond esprit cl\u00e9\u00adri\u00adcal. L\u2019auteur, en effet, a l\u2019air d\u2019ignorer que si Des\u00adcartes parait avoir tenu compte dans son \u0153uvre du vieux Dieu des Juifs, c\u2019est qu\u2019\u00e0 son \u00e9poque la crainte de la Bas\u00adtille \u00e9tait le com\u00admen\u00adce\u00adment de la sagesse pour tous les cher\u00adcheurs. Peut-\u00eatre man\u00adqua-t-il un peu trop de cou\u00adrage. Je n\u2019en dis\u00adcon\u00adviens certes pas.<\/p>\n<p><sc>La der\u00adni\u00e8re aven\u00adture de Can\u00addide<\/sc>, <i>par Mioche<\/i> (Soci\u00e9\u00adt\u00e9 mutuelle d\u2019\u00e9dition).\u200a\u2014\u200aPetit livre, voire modeste bro\u00adchure, qui contient en ses 70 pages plus d\u2019id\u00e9es et plus d\u2019esprit que n\u2019importe quel gros bou\u00adquin de Pierre Benoit, le r\u00e9cla\u00admier fan\u00adtas\u00adtique, ou du sopo\u00adri\u00adfique Hen\u00adry Bor\u00addeaux. Avec une iro\u00adnie vrai\u00adment vol\u00adtai\u00adrienne l\u2019auteur a pu peindre ce m\u00eame monde de la Bourse que nous avons vu tout \u00e0 l\u2019heure pre\u00adnant ses \u00e9bats \u00e0 Deau\u00adville en com\u00adpa\u00adgnie d\u2019Alphonse XIII, le <i>mat\u00adto\u00efde<\/i>, le d\u00e9g\u00e9\u00adn\u00e9\u00adr\u00e9, le scro\u00adfu\u00adleux qui r\u00e8gne sur les Espagnols.<\/p>\n<p>Et \u00e0 pro\u00adpos de ce petit livre, qu\u2019il me soit per\u00admis de signa\u00adler ici l\u2019\u0153uvre accom\u00adplie, l\u2019effort pour\u00adsui\u00advi par la <i>Soci\u00e9\u00adt\u00e9 mutuelle d\u2019\u00e9dition<\/i> qui, sous une forme typo\u00adgra\u00adphique par\u00adfaite et avec un papier irr\u00e9\u00adpro\u00adchable, ce qui n\u2019est pas \u00e0 d\u00e9dai\u00adgner, pr\u00e9\u00adsente au public des \u0153uvres judi\u00adcieu\u00adse\u00adment choi\u00adsies, par\u00admi les bonnes pro\u00adduc\u00adtions d\u2019avant-garde, de carac\u00adt\u00e8re et de ten\u00addances v\u00e9ri\u00adta\u00adble\u00adment ind\u00e9\u00adpen\u00addants. Cela est deve\u00adnu si rare aujourd\u2019hui.<\/p>\n<p>[|POUR MENTION|]<\/p>\n<p><i>Le pain et le bl\u00e9<\/i>, par Jules Leroux.\u200a\u2014\u200a<i>La Hol\u00adlande dans le monde<\/i>, par Hen\u00adri Asse\u00adlin.\u200a\u2014\u200a<i>La Fian\u00adc\u00e9e morte<\/i>, par Faure-Biguet.\u200a\u2014\u200a<i>Pas\u00adteur et son \u0153uvre<\/i>, par L. Des\u00adcour.\u200a\u2014\u200a<i>Sa Majes\u00adt\u00e9 l\u2019alcool<\/i>, par Finot, livre remar\u00adquable sur lequel je revien\u00addrai.\u200a\u2014\u200a<i>Sous le feuillage clas\u00adsique<\/i>, par G. Grappe.\u200a\u2014\u200a<i>Aux pays occu\u00adp\u00e9s<\/i>, par Jean Renaud.<\/p>\n<p>[\/P.V.\/]<\/p><\/div>\n","protected":false},"excerpt":{"rendered":"<p>Un Jar\u00addin sur l\u2019Oronte, par Mau\u00adrice Bar\u00adr\u00e9s.\u200a\u2014\u200aNou\u00advelles pages de cri\u00adtiques et de doc\u00adtrine, par Paul Bour\u00adget.\u200a\u2014\u200aSi je r\u00e9unis ici ces deux livres et ces deux noms, c\u2019est pour la rai\u00adson sui\u00advante, \u00e0 laquelle s\u2019int\u00e9resseront, j\u2019en suis cer\u00adtain, mes lec\u00adteurs. Sur le para\u00adsi\u00adtisme dans la lit\u00adt\u00e9\u00adra\u00adture de notre soci\u00e9\u00adt\u00e9 capi\u00adta\u00adliste et bour\u00adgeoise, il y aurait, je&nbsp;[\u2026]<\/p>\n","protected":false},"author":1,"featured_media":0,"comment_status":"closed","ping_status":"closed","sticky":false,"template":"","format":"standard","meta":{"wp_typography_post_enhancements_disabled":false,"footnotes":""},"categories":[422],"tags":[],"ppma_author":[540],"class_list":["post-3544","post","type-post","status-publish","format-standard","hentry","category-la-revue-anarchiste-na10-octobre-1922"],"authors":[{"term_id":540,"user_id":1,"is_guest":0,"slug":"admin_3gikpwyf","display_name":"Vincent Dubuc","avatar_url":"https:\/\/secure.gravatar.com\/avatar\/d015720652c25fd2ced191ade86430094e1f288a17483713e3b34d26dea52507?s=96&d=mm&r=g","author_category":"","user_url":"https:\/\/la-presse-anarchiste.net","last_name":"Dubuc","first_name":"Vincent","job_title":"","description":""}],"_links":{"self":[{"href":"https:\/\/la-presse-anarchiste.net\/index.php\/wp-json\/wp\/v2\/posts\/3544","targetHints":{"allow":["GET"]}}],"collection":[{"href":"https:\/\/la-presse-anarchiste.net\/index.php\/wp-json\/wp\/v2\/posts"}],"about":[{"href":"https:\/\/la-presse-anarchiste.net\/index.php\/wp-json\/wp\/v2\/types\/post"}],"author":[{"embeddable":true,"href":"https:\/\/la-presse-anarchiste.net\/index.php\/wp-json\/wp\/v2\/users\/1"}],"replies":[{"embeddable":true,"href":"https:\/\/la-presse-anarchiste.net\/index.php\/wp-json\/wp\/v2\/comments?post=3544"}],"version-history":[{"count":0,"href":"https:\/\/la-presse-anarchiste.net\/index.php\/wp-json\/wp\/v2\/posts\/3544\/revisions"}],"wp:attachment":[{"href":"https:\/\/la-presse-anarchiste.net\/index.php\/wp-json\/wp\/v2\/media?parent=3544"}],"wp:term":[{"taxonomy":"category","embeddable":true,"href":"https:\/\/la-presse-anarchiste.net\/index.php\/wp-json\/wp\/v2\/categories?post=3544"},{"taxonomy":"post_tag","embeddable":true,"href":"https:\/\/la-presse-anarchiste.net\/index.php\/wp-json\/wp\/v2\/tags?post=3544"},{"taxonomy":"author","embeddable":true,"href":"https:\/\/la-presse-anarchiste.net\/index.php\/wp-json\/wp\/v2\/ppma_author?post=3544"}],"curies":[{"name":"wp","href":"https:\/\/api.w.org\/{rel}","templated":true}]}}