{"id":356,"date":"2007-05-22T11:57:44","date_gmt":"2007-05-22T11:57:44","guid":{"rendered":"https:\/\/la-presse-anarchiste.net\/index.php\/2007\/05\/22\/la-terreur-detat-en-argentine-et-en-uruguay\/"},"modified":"2007-05-22T11:57:44","modified_gmt":"2007-05-22T11:57:44","slug":"la-terreur-detat-en-argentine-et-en-uruguay","status":"publish","type":"post","link":"https:\/\/la-presse-anarchiste.net\/index.php\/2007\/05\/22\/la-terreur-detat-en-argentine-et-en-uruguay\/","title":{"rendered":"La terreur d\u2019\u00c9tat en Argentine et en Uruguay"},"content":{"rendered":"<div class=\"pdfprnt-buttons pdfprnt-buttons-post pdfprnt-top-right\"><a href=\"https:\/\/la-presse-anarchiste.net\/index.php\/wp-json\/wp\/v2\/posts\/356?print=pdf\" class=\"pdfprnt-button pdfprnt-button-pdf\" target=\"_blank\"><img decoding=\"async\" src=\"https:\/\/la-presse-anarchiste.net\/wp-content\/plugins\/pdf-print\/images\/pdf.png\" alt=\"image_pdf\" title=\"Afficher le PDF\"><\/a><a href=\"https:\/\/la-presse-anarchiste.net\/index.php\/wp-json\/wp\/v2\/posts\/356?print=print\" class=\"pdfprnt-button pdfprnt-button-print\" target=\"_blank\"><img decoding=\"async\" src=\"https:\/\/la-presse-anarchiste.net\/wp-content\/plugins\/pdf-print\/images\/print.png\" alt=\"image_print\" title=\"Contenu imprim\u00e9\"><\/a><\/div><div align=\"justify\">\n\tEn ce temps-ci, o\u00f9 le Gou\u00adlag devient pla\u00adn\u00e9\u00adtaire, par\u00adler de la r\u00e9pres\u00adsion est une t\u00e2che mono\u00adtone et ter\u00adrible. Des gibets de l\u2019I\u00adran aux asiles psy\u00adchia\u00adtriques en U.R.S.S. tous les moyens pos\u00adsibles et ima\u00adgi\u00adnables sont mis au ser\u00advice de la rai\u00adson d\u2019\u00c9\u00adtat pour an\u00e9an\u00adtir la r\u00e9volte, pour affir\u00admer la domi\u00adna\u00adtion et l\u2019ex\u00adploi\u00adta\u00adtion. \u00c0 l\u2019\u00e9\u00adpoque des mul\u00adti\u00adna\u00adtio\u00adnales, les \u00e9coles de tor\u00adture sont inter\u00adna\u00adtio\u00adnales et les polices ont abo\u00adli\u200a\u2014\u200apour elles et seule\u00adment pour elles\u200a\u2014\u200ales fronti\u00e8res.&nbsp;\n<p>\tDans la zone sud de l\u2019A\u00adm\u00e9\u00adrique Latine un nou\u00adveau nazisme prend forme et se d\u00e9ve\u00adloppe sous le regard bien\u00adveillant des \u00c9tats-Unis. Le coup d\u2019\u00c9\u00adtat mili\u00adtaire fas\u00adciste de Pino\u00adchet fut pr\u00e9\u00adpa\u00adr\u00e9 par la C.I.A. Dans un style moins spec\u00adta\u00adcu\u00adlaire au d\u00e9but mais de plus en plus vio\u00adlente, la r\u00e9pres\u00adsion en Argen\u00adtine et en Uru\u00adguay com\u00admence \u00e0 d\u00e9pas\u00adser celle du&nbsp;Chili.&nbsp;<\/p>\n<p>\tAu moment du der\u00adnier coup mili\u00adtaire en Argen\u00adtine\u200a\u2014\u200ale 24 mars 1976\u200a\u2014\u200aon parle offi\u00adciel\u00adle\u00adment de 4&nbsp;000 pri\u00adson\u00adniers poli\u00adtiques. Six mois plus tard, on les cal\u00adcule entre 25 et 30&nbsp;000. Ces empri\u00adson\u00adn\u00e9s sont dans des condi\u00adtions de d\u00e9ten\u00adtion \u00e9pou\u00advan\u00adtables dues \u00e0 l\u2019en\u00adcom\u00adbre\u00adment des pri\u00adsons, au fait que depuis novembre 1975 plu\u00adsieurs pri\u00adsons sont dans la juri\u00addic\u00adtion mili\u00adtaire, \u00e0 la pra\u00adtique cou\u00adrante de la tor\u00adture et \u00e0 l\u2019ap\u00adpli\u00adca\u00adtion de la \u00ab&nbsp;ley de fugas&nbsp;\u00bb [[Loi auto\u00adri\u00adsant \u00e0 tirer \u00e0 vue sur un pri\u00adson\u00adnier en fuite, qui sert d\u2019a\u00adli\u00adbi \u00e0 de nom\u00adbreuses liqui\u00adda\u00adtions.]]. En m\u00eame temps le cli\u00admat g\u00e9n\u00e9\u00adral, \u00e9co\u00adno\u00admique, social et poli\u00adtique se d\u00e9grade constam\u00adment. L\u2019in\u00adfla\u00adtion mons\u00adtrueuse, une poli\u00adtique \u00e9co\u00adno\u00admique propre aux classes sup\u00e9\u00adrieures et le contr\u00f4le poli\u00adcier des mou\u00adve\u00adments de pro\u00adtes\u00adta\u00adtion se d\u00e9ve\u00adloppent en m\u00eame temps que la ter\u00adreur d\u2019\u00c9\u00adtat et que la reven\u00addi\u00adca\u00adtion id\u00e9o\u00adlo\u00adgique d\u2019un cer\u00adtain nazisme.&nbsp;<\/p>\n<p>\t\u00c0 l\u2019\u00e9\u00adgal de ce qui s\u2019est pas\u00ads\u00e9 au Gua\u00adte\u00adma\u00adla, la s\u00e9ques\u00adtra\u00adtion et l\u2019as\u00adsas\u00adsi\u00adnat sont une entre\u00adprise poli\u00adtique r\u00e9gl\u00e9e soi\u00adgneu\u00adse\u00adment [[Au Gua\u00adte\u00adma\u00adla on estime que 15&nbsp;000 per\u00adsonnes ont \u00e9t\u00e9 tu\u00e9es de cette fa\u00e7ons entre 1970 et 1975 (Amnes\u00adty Inter.).]]. On \u00e9va\u00adlue \u00e0 2&nbsp;000 les assas\u00adsi\u00adnats poli\u00adtiques com\u00admis par les A.A.A. entre 1973 et 1975. Aujourd\u2019\u00adhui les 3&nbsp;A n\u2019a\u00adgissent plus sous ce sigle et la tech\u00adnique a un peu chan\u00adg\u00e9. Jus\u00adqu\u2019\u00e0 l\u2019an\u00adn\u00e9e der\u00adni\u00e8re la s\u00e9ques\u00adtra\u00adtion \u00e9tait sui\u00advie de l\u2019ap\u00adpa\u00adri\u00adtion du cadavre, sou\u00advent sus\u00adcep\u00adtible d\u2019\u00eatre recon\u00adnu. Actuel\u00adle\u00adment, apr\u00e8s la s\u00e9ques\u00adtra\u00adtion, le silence abso\u00adlu&nbsp;; de temps en temps, des piles de cadavres non iden\u00adti\u00adfiables sont trou\u00adv\u00e9es. On pense qu\u2019en r\u00e9ponse aux actions de la gu\u00e9\u00adrilla ces cadavres sont le r\u00e9sul\u00adtat de l\u2019ex\u00e9\u00adcu\u00adtion de pri\u00adson\u00adniers-otages. Les groupes char\u00adg\u00e9s de cette besogne op\u00e8rent dans la plus grande impu\u00adni\u00adt\u00e9&nbsp;: ils sont for\u00adm\u00e9s par des gens de l\u2019ex\u00adtr\u00eame-droite, poli\u00adciers et mili\u00adtaires, ils conservent des rap\u00adports hi\u00e9\u00adrar\u00adchiques entre eux et ne cachent pas trop leur appar\u00adte\u00adnance aux corps arm\u00e9s de l\u2019\u00c9\u00adtat [[Voir la bro\u00adchure <em>Un t\u00e9moi\u00adgnage<\/em>. Cor\u00adrup\u00adtion dans l\u2019ar\u00adm\u00e9e et la police uru\u00adguayenne. \u00c9di\u00adt\u00e9 par le Comi\u00adt\u00e9 de d\u00e9fense des pri\u00adson\u00adniers en Uru\u00adguay, 67 rue du Th\u00e9\u00e2tre, Paris 15<sup>e<\/sup>.]]. Ils se pro\u00adm\u00e8nent dans la ville dans des Ford Fal\u00adcon, en civil et avec des armes longues&nbsp;; les per\u00adqui\u00adsi\u00adtions ont lieu aus\u00adsi bien de jour que de nuit, les loge\u00adments \u00e9tant sac\u00adca\u00adg\u00e9s et pill\u00e9s. Non seule\u00adment la per\u00adsonne recher\u00adch\u00e9e est emme\u00adn\u00e9e, mais d\u2019autres membres de sa famille et par\u00adfois tous ceux qui s\u2019y trou\u00advaient [[<strong>I.<\/strong> Le 14 ao\u00fbt 1975, les parents, fr\u00e8re et soeur de Maria\u00adno Pujals (un gu\u00e9\u00adrille\u00adro tu\u00e9 en 1972) furent enle\u00adv\u00e9s de leur domi\u00adcile et ex\u00e9\u00adcu\u00adt\u00e9s. Leurs corps furent ensuite d\u00e9truits \u00e0 la dyna\u00admite. Amnes\u00adty Inter\u00adna\u00adtio\u00adnal. Rap\u00adport annuel 1975\u200a\u2013\u200a1976, p.&nbsp;84.<\/p>\n<p><strong>II.<\/strong> Dans la nuit du 14 au 15 juillet der\u00adnier, vers les trois heures du matin, un groupe d\u2019hommes arm\u00e9s se pr\u00e9\u00adsen\u00adta au domi\u00adcile de la famille Tar\u00adno\u00adpolskv, sis au num\u00e9\u00adro 2600 de la Rue Pena, \u00e0 Bue\u00adnos Aires. Sup\u00adpo\u00ads\u00e9\u00adment munis d\u2019un man\u00addat d\u2019ar\u00adres\u00adta\u00adtion contre la jeune fille Bet\u00adti\u00adna, \u00e9tu\u00addiante de 15 ans, les hommes arm\u00e9s firent d\u2019a\u00adbord sau\u00adter la porte \u00e0 l\u2019aide d\u2019une bombe, puis p\u00e9n\u00e9\u00adtr\u00e8rent dans la mai\u00adson. Comme la jeune \u00e9tu\u00addiante ne s\u2019y trou\u00advait pas, puis\u00adqu\u2019elle \u00e9tait all\u00e9e dor\u00admir chez sa grand-m\u00e8re, ils prirent comme otages ses parents qui n\u2019a\u00advaient pour\u00adtant jamais mili\u00adt\u00e9 dans aucun par\u00adti poli\u00adtique, et les emme\u00adn\u00e8rent de force sans m\u00eame leur per\u00admettre de prendre avec eux du linge chaud pour se pro\u00adt\u00e9\u00adger du froid d\u2019hi\u00adver. Ils les obli\u00adg\u00e8rent alors \u00e0 les conduire au domi\u00adcile de la grand-m\u00e8re, o\u00f9 se trou\u00advait Bet\u00adti\u00adna, ain\u00adsi que chez leur fils a\u00een\u00e9 qui effec\u00adtuait alors son ser\u00advice mili\u00adtaire et qui ne se trou\u00advait pas chez lui ce soir-l\u00e0, \u00e9tant don\u00adn\u00e9 que les troupes avaient \u00e9t\u00e9 consi\u00adgn\u00e9es dans leurs casernes. N\u00e9an\u00admoins, ils emme\u00adn\u00e8rent son \u00e9pouse Lau\u00adra Tar\u00adno\u00adpols\u00adky. Les trois domi\u00adciles furent fouill\u00e9s de fond en comble par le groupe arm\u00e9 qui non seule\u00adment d\u00e9trui\u00adsit de nom\u00adbreux effets per\u00adson\u00adnels mais s\u2019empara de plu\u00adsieurs objets de valeur. Les cinq per\u00adsonnes, y com\u00adpris le fils a\u00een\u00e9 Ser\u00adgio, ont depuis lors dis\u00adpa\u00adrues et on est sans nou\u00advelles d\u2019elles. Les mul\u00adtiples d\u00e9marches effec\u00adtu\u00e9es par la famille aupr\u00e8s du minis\u00adt\u00e8re de l\u2019In\u00adt\u00e9\u00adrieur, le recours d\u2019Hal\u00adbeas Cor\u00adpus pr\u00e9\u00adsen\u00adt\u00e9 devant dif\u00adf\u00e9\u00adrents tri\u00adbu\u00adnaux ain\u00adsi que les recherches entre\u00adprises par la Chambre argen\u00adtine de l\u2019in\u00addus\u00adtrie chi\u00admique n\u2019ont don\u00adn\u00e9 aucun r\u00e9sul\u00adtat et aucune de ces per\u00adsonnes n\u2019est r\u00e9apparue.]].&nbsp;<\/p>\n<p>\u00c9tant don\u00adn\u00e9 que la fina\u00adli\u00adt\u00e9 de ces pro\u00adc\u00e9\u00add\u00e9s est inti\u00admi\u00adda\u00adtoire, ter\u00adro\u00adriste, ils ne s\u2019exercent pas seule\u00adment sur les mili\u00adtants syn\u00addi\u00adcaux ou poli\u00adtiques et leurs proches, mais aus\u00adsi sur les couches intel\u00adlec\u00adtuelles de la bour\u00adgeoi\u00adsie lib\u00e9\u00adrale, par exemple et tr\u00e8s sp\u00e9\u00adcia\u00adle\u00adment les avo\u00adcats qui ont os\u00e9 d\u00e9fendre les pri\u00adson\u00adniers, des psy\u00adchiatres et psy\u00adcho\u00adlogues (il y a une liste de 10 dis\u00adpa\u00adrus), des jour\u00adna\u00adlistes, etc.&nbsp;<\/p>\n<p>\tLes bandes nazi-fas\u00adcistes affichent publi\u00adque\u00adment leur id\u00e9o\u00adlo\u00adgie. Dans les rues de Bue\u00adnos Aires est appa\u00adrue la vieille lit\u00adt\u00e9\u00adra\u00adture nazie et com\u00admence la per\u00ads\u00e9\u00adcu\u00adtion des Juifs. La per\u00ads\u00e9\u00adcu\u00adtion id\u00e9o\u00adlo\u00adgique a pris une telle ampleur que les gens d\u00e9truisent spon\u00adta\u00adn\u00e9\u00adment tous les livres en rap\u00adport, si loin\u00adtain soit-il, avec le mar\u00adxisme, la r\u00e9vo\u00adlu\u00adtion et m\u00eame Freud, consi\u00add\u00e9\u00adr\u00e9 sub\u00adver\u00adsif par les nou\u00adveaux ma\u00eetres [[Il est signi\u00adfi\u00adca\u00adtif du cli\u00admat id\u00e9o\u00adlo\u00adgique r\u00e9ac\u00adtion\u00adnaire, moyen-\u00e2geux, la per\u00ads\u00e9\u00adcu\u00adtion diri\u00adg\u00e9e sur les sciences sociales, en par\u00adti\u00adcu\u00adlier la psy\u00adcho\u00adlo\u00adgie et la psy\u00adcha\u00adna\u00adlyse, consi\u00add\u00e9\u00adr\u00e9es sub\u00adver\u00adsives et contraires \u00e0 la morale, la famille et la patrie. Un exemple&nbsp;: tous les patients en \u00ab&nbsp;psy\u00adcho\u00adth\u00e9\u00adra\u00adpie de groupe&nbsp;\u00bb doivent \u00eatre d\u00e9cla\u00adr\u00e9s au com\u00admis\u00adsa\u00adriat du quar\u00adtier. Les Centres de San\u00adt\u00e9 Men\u00adtale ont \u00e9t\u00e9 d\u00e9man\u00adte\u00adl\u00e9s et on leur applique la \u00ab&nbsp;Loi de S\u00e9cu\u00adri\u00adt\u00e9&nbsp;\u00bb qui per\u00admet de faire ces\u00adser imm\u00e9\u00addia\u00adte\u00adment dans ses fonc\u00adtions tout employ\u00e9 soup\u00ad\u00e7on\u00adn\u00e9 de non-confor\u00admisme id\u00e9ologique.]].&nbsp;<\/p>\n<p>L\u2019a\u00adgi\u00adta\u00adtion ouvri\u00e8re fut tr\u00e8s impor\u00adtante pen\u00addant les der\u00adni\u00e8res ann\u00e9es, mal\u00adgr\u00e9 le niveau de cor\u00adrup\u00adtion atteint par la bureau\u00adcra\u00adtie syn\u00addi\u00adcale, jamais \u00e9ga\u00adl\u00e9 dans le pays, et leur com\u00adpro\u00admis\u00adsion poli\u00adtique avec le p\u00e9ro\u00adnisme offi\u00adciel. Le contr\u00f4le est tr\u00e8s s\u00e9v\u00e8re et les gr\u00e8ves sont inter\u00addites&nbsp;: cepen\u00addant. quelques gr\u00e8ves tr\u00e8s impor\u00adtantes se d\u00e9ve\u00adloppent, telles que celles de Luez et Fuer\u00adza (\u00e9lec\u00adtri\u00adci\u00adt\u00e9) dans les mois der\u00adniers. De plus en plus le sabo\u00adtage devient une tech\u00adnique d\u2019ac\u00adtion, sur\u00adtout dans l\u2019in\u00addus\u00adtrie automobile.&nbsp;<\/p>\n<p>\tDes cen\u00adtaines de mil\u00adliers de r\u00e9fu\u00adgi\u00e9s lati\u00adno-am\u00e9\u00adri\u00adcains sont gra\u00adve\u00adment mena\u00adc\u00e9s. Un exemple par\u00admi d\u2019autres&nbsp;: le 21 mai on a d\u00e9cou\u00advert les corps muti\u00adl\u00e9s de 5 Chiliens.&nbsp;<\/p>\n<p>Dans les six mois der\u00adniers, la col\u00adlu\u00adsion entre la police uru\u00adguayenne et argen\u00adtine a per\u00admis l\u2019ac\u00adtion de com\u00adman\u00addos \u00ab&nbsp;mixtes&nbsp;\u00bb,\u200a\u2014\u200ade mili\u00adtaires et poli\u00adciers, uru\u00adguayens et argen\u00adtins\u200a\u2014\u200aqui op\u00e8rent sur les deux rives du Rio de la Pla\u00adta. Ceci a per\u00admis l\u2019as\u00adsas\u00adsi\u00adnat ou la s\u00e9ques\u00adtra\u00adtion d\u2019une cen\u00adtaine de mili\u00adtants de la R.O.E. (R\u00e9sis\u00adtance Ouvri\u00e8re-Etu\u00addiante), la plu\u00adpart exi\u00adl\u00e9s en Argen\u00adtine. En ce qui concerne l\u2019U\u00adru\u00adguay le nombre de pri\u00adson\u00adniers poli\u00adtiques d\u00e9passe les 6&nbsp;000, pro\u00adpor\u00adtion \u00e9norme compte tenu du fait que la popu\u00adla\u00adtion du pays est de 2 mil\u00adlions et demi d\u2019ha\u00adbi\u00adtants. Devant une situa\u00adtion de r\u00e9ces\u00adsion \u00e9co\u00adno\u00admique et de forte infla\u00adtion\u200a\u2014\u200acomme par\u00adtout en Am\u00e9\u00adrique Latine, sauf le Vene\u00adzue\u00adla\u200a\u2014\u200ale d\u00e9peu\u00adple\u00adment est grand et les forces arm\u00e9es, qui sont deve\u00adnues pen\u00addant les der\u00adni\u00e8res ann\u00e9es des forces d\u2019oc\u00adcu\u00adpa\u00adtion, ont expul\u00ads\u00e9 du pays un demi-mil\u00adlion d\u2019ha\u00adbi\u00adtants. Cette migra\u00adtion \u00e9co\u00adno\u00admique et poli\u00adtique s\u2019a\u00adche\u00admi\u00adnait g\u00e9n\u00e9\u00adra\u00adle\u00adment vers l\u2019Argentine.&nbsp;<\/p>\n<p>Nous avons d\u00e9j\u00e0 dit que la r\u00e9pres\u00adsion a dure\u00adment frap\u00adp\u00e9 ces der\u00adniers temps les cama\u00adrades de la R.O.E. Cette orga\u00adni\u00adsa\u00adtion fut cr\u00e9\u00e9e en 1968 par des cama\u00adrades de la F.A.U. (F\u00e9d\u00e9\u00adra\u00adtion anar\u00adchiste Uru\u00adguayenne) pour faire face \u00e0 la dic\u00adta\u00adture, apr\u00e8s la sup\u00adpres\u00adsion de toutes les orga\u00adni\u00adsa\u00adtions poli\u00adtiques de gauche (1967&nbsp;: d\u00e9cret qui ordonne la dis\u00adso\u00adlu\u00adtion de la F.A.U., du Mou\u00adve\u00adment R\u00e9vo\u00adlu\u00adtion\u00adnaire Orien\u00adtal, du Mou\u00adve\u00adment de la Gauche R\u00e9vo\u00adlu\u00adtion\u00adnaire, Mou\u00adve\u00adment d\u2019Ac\u00adtion Popu\u00adlaire Uru\u00adguayenne et Par\u00adti Socialiste).&nbsp;<\/p>\n<p>Entre sep\u00adtembre 1975 et avril 1976, la R.O.E. publiait et fai\u00adsait cir\u00adcu\u00adler en Uru\u00adguay <em>7a Sema\u00adna<\/em> (heb\u00addo\u00adma\u00addaire) et <em>En pocas pala\u00adbras<\/em> (En quelques mots), ce der\u00adnier avec un conte\u00adnu plus agi\u00adta\u00adteur, ain\u00adsi que le <em>Bole\u00adtin de la R\u00e9sis\u00adten\u00adcia<\/em>. <\/p>\n<p>Dans le cou\u00adrant du mois de juillet, un com\u00adman\u00addo de poli\u00adciers et mili\u00adtaires s\u00e9ques\u00adtra \u00e0 l\u2019in\u00adt\u00e9\u00adrieur de l\u2019Am\u00adbas\u00adsade du Vene\u00adzue\u00adla l\u2019ins\u00adti\u00adtu\u00adtrice Ele\u00adna Quin\u00adte\u00adros de Diaz, mili\u00adtante de la R.O.E. Quelques jours apr\u00e8s, fin juillet, de nom\u00adbreux mili\u00adtants syn\u00addi\u00adcaux de l\u2019en\u00adtre\u00adprise Fun\u00adsa-Fires\u00adtone, de la Banque d\u2019As\u00adsu\u00adrances et d\u2019autres lieux de tra\u00advail furent d\u00e9te\u00adnus et tortur\u00e9s.&nbsp;<\/p>\n<p>\tPeu apr\u00e8s le coup mili\u00adtaire en Argen\u00adtine, le 28 mars, trois mili\u00adtants de la R.O.E. furent d\u00e9te\u00adnus quand ils essayaient de pas\u00adser la fron\u00adti\u00e8re. A la m\u00eame \u00e9poque furent s\u00e9ques\u00adtr\u00e9s \u00e0 Bue\u00adnos Aires Tel\u00adba Jua\u00adrez, Eduar\u00addo Chiz\u00adzo\u00adla et Ary Cabre\u00adra (R.O.E.). On retrou\u00adva les corps des deux pre\u00admiers, cri\u00adbl\u00e9s de balles, dans les rues de Bue\u00adnos Aires. Des cadavres qui ne purent pas \u00eatre iden\u00adti\u00adfi\u00e9s, avec des traces d\u2019a\u00adtroces tor\u00adtures, com\u00admen\u00adc\u00e8rent \u00e0 appa\u00adra\u00eetre sur les c\u00f4tes uruguayennes.&nbsp;<\/p>\n<p>Le 8 juin fut d\u00e9te\u00adnu, \u00e0 son domi\u00adcile, \u00e0 Bue\u00adnos Aires, Gerar\u00addo Gat\u00adti, 46 ans, qui avait \u00e9t\u00e9 mili\u00adtant des Arts Gra\u00adphiques de Mon\u00adte\u00advi\u00addeo et l\u2019un des fon\u00adda\u00adteurs et ani\u00adma\u00adteurs de la F.A.U. entre 56 et 67, \u00e9poque \u00e0 laquelle la F.A.U. entre dans la clan\u00addes\u00adti\u00adni\u00adt\u00e9. Il par\u00adti\u00adci\u00adpa \u00e0 la fon\u00adda\u00adtion de la cen\u00adtrale uni\u00adtaire Conven\u00adtion Natio\u00adnale de Tra\u00advailleurs (C.N.T.), fut membre du secr\u00e9\u00adta\u00adriat et mili\u00adtait dans la ten\u00addance liber\u00adtaire minoritaire.&nbsp;<\/p>\n<p>\tGat\u00adti avait col\u00adla\u00adbo\u00adr\u00e9 aus\u00adsi \u00e0 plu\u00adsieurs publi\u00adca\u00adtions anar\u00adchistes&nbsp;: <em>Lucha Liber\u00adta\u00adria<\/em>  [[Au moment de la cr\u00e9a\u00adtion de la F.A.U., en 1956, le jour\u00adnal anar\u00adchiste <em>Volun\u00adtad<\/em> devint son porte-parole avec le nom de <em>Lucha Liber\u00adta\u00adria<\/em> mais en gar\u00addant l\u2019an\u00adcienne num\u00e9\u00adro\u00adta\u00adtion.]] (p\u00e9rio\u00addique) et <em>Rojo y Negro<\/em> (revue) ain\u00adsi qu\u2019aux <em>Lettres de la Fau<\/em> qui cir\u00adcu\u00adlaient m\u00eame apr\u00e8s la dis\u00adso\u00adlu\u00adtion publique de cette orga\u00adni\u00adsa\u00adtion. Il avait \u00e9t\u00e9 le direc\u00adteur du jour\u00adnal <em>Epo\u00adca<\/em> jus\u00adqu\u2019\u00e0 sa sup\u00adpres\u00adsion (par d\u00e9cret) et fut un des fon\u00adda\u00adteurs de la R.O.E. En appli\u00adca\u00adtion des \u00ab&nbsp;Mesures Sp\u00e9\u00adciales de S\u00e9cu\u00adri\u00adt\u00e9&nbsp;\u00bb fut d\u00e9te\u00adnu en 1970. Empri\u00adson\u00adn\u00e9 et tor\u00adtu\u00adr\u00e9 \u00e0 plu\u00adsieurs reprises, il s\u2019\u00e9\u00adtait exi\u00adl\u00e9 en Argen\u00adtine en&nbsp;1973.&nbsp;<\/p>\n<p>Le 15 juin, une semaine apr\u00e8s son arres\u00adta\u00adtion, les auto\u00adri\u00adt\u00e9s argen\u00adtines infor\u00adm\u00e8rent le Juge que Gerar\u00addo Gat\u00adti n\u2019\u00e9\u00adtait pas empri\u00adson\u00adn\u00e9 en Argentine.&nbsp;<\/p>\n<p>\tLe 20 juin fut d\u00e9te\u00adnu Enrique Rodri\u00adguez Lar\u00adre\u00adta, jour\u00adna\u00adliste, mili\u00adtant de la R.O.E., pen\u00addant qu\u2019il cir\u00adcu\u00adlait dans le centre de Bue\u00adnos Aires. Il ne fut pas retrou\u00adv\u00e9, et quelques jours plus tard, pen\u00addant qu\u2019ils r\u00e9a\u00adli\u00adsaient des d\u00e9marches pour essayer de le retrou\u00adver, sa femme et son p\u00e8re furent s\u00e9ques\u00adtr\u00e9s. D\u00e8s lors, on n\u2019a plus eu de nou\u00advelles d\u2019eux.&nbsp;<\/p>\n<p>\tDans la nuit du 13 au 14 juillet on per\u00adqui\u00adsi\u00adtion\u00adna plu\u00adsieurs loge\u00adments de r\u00e9fu\u00adgi\u00e9s uru\u00adguayens. Par\u00admi les nom\u00adbreux d\u00e9te\u00adnus se trou\u00advaient&nbsp;: L\u00e9on Duarte, ancien mili\u00adtant de la F.A.U., membre de la R.O.E., mili\u00adtant ouvrier de l\u2019in\u00addus\u00adtrie du caou\u00adtchouc, fon\u00adda\u00adteur de la C.N.T.U. et membre du secr\u00e9\u00adta\u00adriat&nbsp;; Jos\u00e9 F\u00e9lix Diaz (mari de l\u2019ins\u00adti\u00adtu\u00adtrice s\u00e9ques\u00adtr\u00e9e \u00e0 l\u2019Am\u00adbas\u00adsade du Vene\u00adzue\u00adla \u00e0 Mon\u00adte\u00advi\u00addeo)&nbsp;; Mar\u00adga\u00adri\u00adta Miche\u00adli\u00adni [[Fille du s\u00e9na\u00adteur uru\u00adguayen Zel\u00adnar Miche\u00adli\u00adni, qui fut s\u00e9ques\u00adtr\u00e9 \u00e0 Bue\u00adnos Aires avec le pr\u00e9\u00adsident de la Chambre de D\u00e9pu\u00adt\u00e9s Uru\u00adguayenne, Hec\u00adtor Gutier\u00adrez Ruiz. Leurs corps cri\u00adbl\u00e9s de balles furent retrou\u00adv\u00e9s le 21 mai ain\u00adsi que les cadavres de 2 autres r\u00e9fu\u00adgi\u00e9s uru\u00adguayens.]]&nbsp;; Raul Altu\u00f1a\u200a\u2014\u200atous mili\u00adtants de la R.O.E. et deux enfants \u00e2g\u00e9s de 18 mois et de 20&nbsp;jours.&nbsp;<\/p>\n<p>Pen\u00addant la deuxi\u00e8me quin\u00adzaine du mois d\u2019ao\u00fbt, Washing\u00adton Ferez\u200a\u2014\u200aactuel\u00adle\u00adment exi\u00adl\u00e9 en Su\u00e8de\u200a\u2014\u200apublia un t\u00e9moi\u00adgnage qui parut dans la presse bour\u00adgeoise de plu\u00adsieurs pays d\u2019Eu\u00adrope, d\u00e9non\u00ad\u00e7ant les m\u00e9thodes employ\u00e9s par l\u2019ar\u00adm\u00e9e et la police.&nbsp;<\/p>\n<p>\tW. Per\u00adez, ancien ouvrier du caou\u00adtchouc, qui tra\u00advaillait comme ven\u00addeur de jour\u00adnaux depuis deux ans, \u00e0 Bue\u00adnos Aires. fut s\u00e9ques\u00adtr\u00e9 pour ser\u00advir d\u2019in\u00adter\u00adm\u00e9\u00addiaire, dans un plan sup\u00adpo\u00ads\u00e9 d\u2019ex\u00adtor\u00adsion de fonds \u00e0 la R.O.E. Entre juin et juillet il voit vivants Gat\u00adti et Duarte, tous les deux pr\u00e9\u00adsen\u00adtant des signes \u00e9vi\u00addents d\u2019a\u00advoir \u00e9t\u00e9 sau\u00adva\u00adge\u00adment tortur\u00e9s.&nbsp;<\/p>\n<p>\tD\u00e9but octobre, de nou\u00advelles arres\u00adta\u00adtions ont \u00e9t\u00e9 effec\u00adtu\u00e9es en Argen\u00adtine et on conna\u00eet les noms de 22 cama\u00adrades, mili\u00adtants de la R.O.E.<\/p>\n<p>\tUn autre groupe de cama\u00adrades et deux enfants furent tu\u00e9s dans le si\u00e8ge d\u2019une mai\u00adson, apr\u00e8s 12 heures de lutte dans laquelle l\u2019ar\u00adm\u00e9e inter\u00advint avec armes lourdes.&nbsp;<\/p>\n<p>\tDe la cen\u00adtaine de mili\u00adtants dont on a par\u00adl\u00e9 plus haut, on sait jus\u00adqu\u2019\u00e0 pr\u00e9\u00adsent qu\u2019en\u00advi\u00adron 12 sont morts, et plus ou moins 20 com\u00admencent \u00e0 appa\u00adra\u00eetre entre les mains de la police uru\u00adguayenne. Des autres, on est sans nouvelles.&nbsp;<\/p>\n<p>\tUn autre groupe de cama\u00adrades anar\u00adchistes uru\u00adguayens qui en 1956 fai\u00adsaient par\u00adtie de la F.A.U.\u200a\u2014\u200ajus\u00adqu\u2019\u00e0 une scis\u00adsion sur\u00adve\u00adnue en 1964\u200a\u2014\u200aconsti\u00adtuaient depuis 1955 le noyau cen\u00adtral d\u2019une com\u00admu\u00adnau\u00adt\u00e9 de vie et de tra\u00advail ins\u00adtal\u00adl\u00e9e \u00e0 Mon\u00adte\u00advi\u00addeo. Cette com\u00admu\u00adnau\u00adt\u00e9 qui avait l\u2019une des impri\u00adme\u00adries les plus impor\u00adtantes de la ville, subit une r\u00e9pres\u00adsion constante jus\u00adqu\u2019\u00e0 l\u2019\u00e9\u00adcra\u00adse\u00adment&nbsp;total.&nbsp;<\/p>\n<p>Apr\u00e8s d\u2019in\u00adnom\u00adbrables per\u00adqui\u00adsi\u00adtions, et la d\u00e9ten\u00adtion par p\u00e9riodes plus ou moins pro\u00adlon\u00adg\u00e9es de la tota\u00adli\u00adt\u00e9 des adultes\u200a\u2014\u200adont plu\u00adsieurs bru\u00adta\u00adle\u00adment tor\u00adtu\u00adr\u00e9s\u200a\u2014\u200aet l\u2019im\u00adpos\u00adsi\u00adbi\u00adli\u00adt\u00e9 d\u2019u\u00adti\u00adli\u00adser l\u2019im\u00adpri\u00adme\u00adrie, qui \u00e9tait leur seul moyen de vie. la Com\u00admu\u00adnau\u00adt\u00e9 du Sud se vit contrainte \u00e0 s\u2019exi\u00adler. Quelques-uns se sont ins\u00adtal\u00adl\u00e9s au P\u00e9rou, d\u2019autres r\u00e9us\u00adsirent \u00e0 sor\u00adtir avec l\u2019aide d\u2019Am\u00adnes\u00adty Inter\u00adna\u00adtio\u00adnal vers l\u2019Eu\u00adrope. Un autre groupe (7 per\u00adsonnes) li\u00e9 aus\u00adsi \u00e0 la com\u00admu\u00adnau\u00adt\u00e9, moins chan\u00adceux, pas\u00adsa en Argen\u00adtine. Ils y furent arr\u00ea\u00adt\u00e9s et tor\u00adtu\u00adr\u00e9s et sont empri\u00adson\u00adn\u00e9s depuis un&nbsp;an.&nbsp;<\/p>\n<p>\tLa dif\u00adfu\u00adsion de ces infor\u00adma\u00adtions a pour nous deux fina\u00adli\u00adt\u00e9s fon\u00adda\u00admen\u00adtales&nbsp;: l\u2019une c\u2019est de par\u00adti\u00adci\u00adper \u00e0 l\u2019\u0153uvre de soli\u00adda\u00adri\u00adt\u00e9 inter\u00adna\u00adtio\u00adnale indis\u00adpen\u00adsable \u00e2 la lutte que m\u00e8nent les cama\u00adrades de l\u2019A\u00adm\u00e9\u00adrique Latine. L\u2019autre c\u2019est d\u2019ap\u00adpe\u00adler tout le mou\u00adve\u00adment anar\u00adchiste euro\u00adp\u00e9en \u00e0 r\u00e9fl\u00e9\u00adchir sur les menaces impli\u00adqu\u00e9es dans le futur imm\u00e9\u00addiat d\u2019une soci\u00e9\u00adt\u00e9 lib\u00e9\u00adrale avan\u00adc\u00e9e qui cache sous un voile de pudeur la force inh\u00e9\u00adrente \u00e0 l\u2019\u00c9\u00adtat et le capi\u00adtal et \u00e0 laquelle les classes domi\u00adnantes feront appel d\u00e8s qu\u2019elles ver\u00adront en dan\u00adger leurs pr\u00e9\u00adro\u00adga\u00adtives \u00e9co\u00adno\u00admiques et politiques.<\/p>\n<p>Syrs<\/p>\n<p>Dans le pro\u00adchain num\u00e9\u00adro de <em>La Lan\u00adterne Noire<\/em> nous esp\u00e9\u00adrons pou\u00advoir pr\u00e9\u00adsen\u00adter un expo\u00ads\u00e9 des posi\u00adtions id\u00e9o\u00adlo\u00adgiques et stra\u00adt\u00e9\u00adgiques de la R.O.E. et de son \u00e9vo\u00adlu\u00adtion depuis les ori\u00adgines de la F.A.U. Nous don\u00adne\u00adrons aus\u00adsi une infor\u00adma\u00adtion plus com\u00adpl\u00e8te sur la Com\u00admu\u00adnau\u00adt\u00e9 du Sud, de Montevideo.<\/p><\/div>\n","protected":false},"excerpt":{"rendered":"<p>En ce temps-ci, o\u00f9 le Gou\u00adlag devient pla\u00adn\u00e9\u00adtaire, par\u00adler de la r\u00e9pres\u00adsion est une t\u00e2che mono\u00adtone et ter\u00adrible. Des gibets de l\u2019I\u00adran aux asiles psy\u00adchia\u00adtriques en U.R.S.S. tous les moyens pos\u00adsibles et ima\u00adgi\u00adnables sont mis au ser\u00advice de la rai\u00adson d\u2019\u00c9\u00adtat pour an\u00e9an\u00adtir la r\u00e9volte, pour affir\u00admer la domi\u00adna\u00adtion et l\u2019ex\u00adploi\u00adta\u00adtion. \u00c0 l\u2019\u00e9\u00adpoque des multinationales,&nbsp;[\u2026]<\/p>\n","protected":false},"author":1,"featured_media":0,"comment_status":"closed","ping_status":"closed","sticky":false,"template":"","format":"standard","meta":{"wp_typography_post_enhancements_disabled":false,"footnotes":""},"categories":[40],"tags":[],"ppma_author":[540],"class_list":["post-356","post","type-post","status-publish","format-standard","hentry","category-la-lanterne-noire-n6-7-novembre-1976"],"authors":[{"term_id":540,"user_id":1,"is_guest":0,"slug":"admin_3gikpwyf","display_name":"Vincent Dubuc","avatar_url":"https:\/\/secure.gravatar.com\/avatar\/d015720652c25fd2ced191ade86430094e1f288a17483713e3b34d26dea52507?s=96&d=mm&r=g","author_category":"","user_url":"https:\/\/la-presse-anarchiste.net","last_name":"Dubuc","first_name":"Vincent","job_title":"","description":""}],"_links":{"self":[{"href":"https:\/\/la-presse-anarchiste.net\/index.php\/wp-json\/wp\/v2\/posts\/356","targetHints":{"allow":["GET"]}}],"collection":[{"href":"https:\/\/la-presse-anarchiste.net\/index.php\/wp-json\/wp\/v2\/posts"}],"about":[{"href":"https:\/\/la-presse-anarchiste.net\/index.php\/wp-json\/wp\/v2\/types\/post"}],"author":[{"embeddable":true,"href":"https:\/\/la-presse-anarchiste.net\/index.php\/wp-json\/wp\/v2\/users\/1"}],"replies":[{"embeddable":true,"href":"https:\/\/la-presse-anarchiste.net\/index.php\/wp-json\/wp\/v2\/comments?post=356"}],"version-history":[{"count":0,"href":"https:\/\/la-presse-anarchiste.net\/index.php\/wp-json\/wp\/v2\/posts\/356\/revisions"}],"wp:attachment":[{"href":"https:\/\/la-presse-anarchiste.net\/index.php\/wp-json\/wp\/v2\/media?parent=356"}],"wp:term":[{"taxonomy":"category","embeddable":true,"href":"https:\/\/la-presse-anarchiste.net\/index.php\/wp-json\/wp\/v2\/categories?post=356"},{"taxonomy":"post_tag","embeddable":true,"href":"https:\/\/la-presse-anarchiste.net\/index.php\/wp-json\/wp\/v2\/tags?post=356"},{"taxonomy":"author","embeddable":true,"href":"https:\/\/la-presse-anarchiste.net\/index.php\/wp-json\/wp\/v2\/ppma_author?post=356"}],"curies":[{"name":"wp","href":"https:\/\/api.w.org\/{rel}","templated":true}]}}