{"id":3565,"date":"2013-05-11T11:11:19","date_gmt":"2013-05-11T11:11:19","guid":{"rendered":"https:\/\/la-presse-anarchiste.net\/index.php\/2013\/05\/11\/la-crainte-reciproque\/"},"modified":"2013-05-11T11:11:19","modified_gmt":"2013-05-11T11:11:19","slug":"la-crainte-reciproque","status":"publish","type":"post","link":"https:\/\/la-presse-anarchiste.net\/index.php\/2013\/05\/11\/la-crainte-reciproque\/","title":{"rendered":"La crainte r\u00e9ciproque"},"content":{"rendered":"<div class=\"pdfprnt-buttons pdfprnt-buttons-post pdfprnt-top-right\"><a href=\"https:\/\/la-presse-anarchiste.net\/index.php\/wp-json\/wp\/v2\/posts\/3565?print=pdf\" class=\"pdfprnt-button pdfprnt-button-pdf\" target=\"_blank\"><img decoding=\"async\" src=\"https:\/\/la-presse-anarchiste.net\/wp-content\/plugins\/pdf-print\/images\/pdf.png\" alt=\"image_pdf\" title=\"Afficher le PDF\"><\/a><a href=\"https:\/\/la-presse-anarchiste.net\/index.php\/wp-json\/wp\/v2\/posts\/3565?print=print\" class=\"pdfprnt-button pdfprnt-button-print\" target=\"_blank\"><img decoding=\"async\" src=\"https:\/\/la-presse-anarchiste.net\/wp-content\/plugins\/pdf-print\/images\/print.png\" alt=\"image_print\" title=\"Contenu imprim\u00e9\"><\/a><\/div><p>_\u200b<br>\n<\/p>\n<div align=\"justify\">\n<p>26 d\u00e9cembre 1946. \u2015 \u2026 Voi\u00adci quelques remarques per\u00adson\u00adnelles se rap\u00adpor\u00adtant au num\u00e9\u00adro de novembre de \u00ab&nbsp;l\u2019Unique&nbsp;\u00bb.<\/p>\n<p>Tout d\u2019a\u00adbord je tiens a me d\u00e9cla\u00adrer enti\u00e8\u00adre\u00adment d\u2019ac\u00adcord avec vous sur votre concep\u00adtion de l\u2019in\u00addi\u00advi\u00addua\u00adlisme liber\u00adtaire, telle que vous la pr\u00e9\u00adsen\u00adtez dans der\u00adni\u00e8re colonne de la page&nbsp;73, o\u00f9 vous \u00e9cri\u00advez tr\u00e8s jus\u00adte\u00adment&nbsp;: \u00ab&nbsp;Ce qui nous int\u00e9\u00adresse sur\u00adtout \u2015 pour l\u2019ins\u00adtant\u200a\u2014\u200an\u2019est pas tant le fait \u00e9co\u00adno\u00admique que la pos\u00adsi\u00adbi\u00adli\u00adt\u00e9 de nous conduire \u2015 \u00e9thi\u00adque\u00adment par\u00adlant\u200a\u2014\u200a\u00e0 notre guise, de faire conna\u00eetre et expri\u00admer publi\u00adque\u00adment et ouver\u00adte\u00adment notre pen\u00ads\u00e9e, donc nos cri\u00adtiques ou notre oppo\u00adsi\u00adtion, et cela sans avoir \u00e0 redou\u00adter aucune cen\u00adsure qu\u2019il s\u2019a\u00adgisse de la parole, de l\u2019im\u00adpri\u00adm\u00e9, de l\u2019art sous toutes ses mani\u00adfes\u00adta\u00adtions, la pos\u00adsi\u00adbi\u00adli\u00adt\u00e9 de nous unir, de nous asso\u00adcier \u00e0 toutes sortes de fins utiles ou agr\u00e9ables, d\u00e8s lors que nous nous inter\u00addi\u00adsons d\u2019empi\u00e9ter sur l\u2019ac\u00adti\u00advi\u00adt\u00e9 des asso\u00adcia\u00adtions autres que les n\u00f4tres ou de nous immis\u00adcer dans leur fonctionnement.&nbsp;\u00bb<\/p>\n<p>Je tiens aus\u00adsi \u00e0 mar\u00adquer mon accord avec les lignes ci-apr\u00e8s&nbsp;: \u00ab&nbsp;Elle (la soci\u00e9\u00adt\u00e9 indi\u00advi\u00addua\u00adliste an-archiste) r\u00e9unit tous ceux chez les\u00adquels, dans tous les lieux, on ren\u00adcontre la m\u00eame atti\u00adtude n\u00e9ga\u00adtrice et r\u00e9sis\u00adtante \u00e0 l\u2019\u00e9\u00adgard de la r\u00e9a\u00adli\u00adt\u00e9 \u00e9ta\u00adtiste, de l\u2019ac\u00adtion gou\u00adver\u00adne\u00admen\u00adtale, de la poli\u00adtique par\u00adti\u00adsane, et ain\u00adsi de&nbsp;suite.&nbsp;\u00bb<\/p>\n<p>Cette r\u00e9union, cette com\u00admu\u00adnion morale d\u2019un petit nombre de cama\u00adrades dans le domaine des id\u00e9es est la chose la plus pr\u00e9\u00adcieuse \u00e0 sau\u00adve\u00adgar\u00adder et \u00e0 d\u00e9ve\u00adlop\u00adper \u00e0 notre triste \u00e9poque.<\/p>\n<p>Main\u00adte\u00adnant, dans le m\u00eame num\u00e9\u00adro, feuillets verts, page&nbsp;<sc>vi<\/sc>, au bas de la der\u00adni\u00e8re cotonne, je trouve quelque chose d\u2019ab\u00adso\u00adlu\u00adment effa\u00adrant pour moi (mais  peut-\u00eatre suis-je encore\u2026 na\u00eff&nbsp;!) je veux dire l\u2019a\u00adpo\u00adlo\u00adgie de la force, pr\u00e9\u00adsen\u00adt\u00e9e par Enzo Mar\u00adtuc\u00adci. Com\u00adment, peut-on, dans notre milieu, pro\u00adnon\u00adcer des paroles comme celle-l\u00e0&nbsp;: \u00ab&nbsp;Quand tous seront forts, tous se res\u00adpec\u00adte\u00adront parce que tous se craignent&nbsp;\u00bb. C\u2019est plus qu\u2019a\u00adhu\u00adris\u00adsant&nbsp;! D\u2019a\u00adbord, tout le monde ne peut deve\u00adnir \u00e9ga\u00adle\u00adment forts. Alors les moins forts entre les forts n\u2019au\u00adront qu\u2019\u00e0\u2026 cre\u00adver&nbsp;! De plus, que pen\u00adser de cet \u00e9tat de choses bas\u00e9 sur la <i>crainte<\/i> r\u00e9ci\u00adproque. Dr\u00f4le d\u2019a\u00adnar\u00adchie&nbsp;! Et la com\u00adpa\u00adrai\u00adson ne peut man\u00adquer de venir \u00e0 l\u2019es\u00adprit que jus\u00adte\u00adment, \u00e0 notre \u00e9poque actuelle, entre les hommes comme entre les nations, c\u2019est le triomphe de la force, c\u2019est la lutte, o\u00f9 cha\u00adcun veut se rendre fort, plus fort que son voi\u00adsin. Et l\u2019on est alors obli\u00adg\u00e9 de conclure que le sys\u00adt\u00e8me de E.&nbsp;Mar\u00adtuc\u00adci est le r\u00e8gne de la force pous\u00ads\u00e9 \u00e0 un plus haut degr\u00e9 encore qu\u2019ac\u00adtuel\u00adle\u00adment, ce qui n\u2019est pas peu dire. Car enfin, si la maxime ci-des\u00adsus \u00e9tait exacte, la paix devrait, r\u00e9gner entre hommes et nations, vu que nations et indi\u00advi\u00addus ne songent qu\u2019\u00e0 se rendre tou\u00adjours plus forts pour se faire craindre des voi\u00adsins. Je pro\u00adteste avec la der\u00adni\u00e8re \u00e9ner\u00adgie contre de telles th\u00e9o\u00adries dignes (\u00e0 mon tr\u00e8s humble avis) du pire hit\u00adl\u00e9\u00adrisme, du plus bas auto\u00adri\u00adta\u00adrisme et, tou\u00adjours \u00e0 mon avis, <i>incom\u00adpa\u00adtibles<\/i> avec l\u2019a\u00adnar\u00adchisme indi\u00advi\u00addua\u00adliste. Libre ensuite \u00e0 Mar\u00adtuc\u00adci de refu\u00adser en bloc, l\u2019a\u00adnar\u00adchisme des \u00ab&nbsp;chris\u00adtia\u00adni\u00adsants&nbsp;\u00bb comme Kro\u00adpot\u00adkine et Mala\u00adtes\u00adta&nbsp;! Que veut dire \u00ab&nbsp;chris\u00adtia\u00adni\u00adsants&nbsp;\u00bb&nbsp;? Ce mot me choque. Mar\u00adtuc\u00adci semble l\u2019employer jus\u00adte\u00adment, pour l\u2019ap\u00adpli\u00adquer \u00e0 ceux qui pr\u00eachent \u00ab&nbsp;l\u2019a\u00admour&nbsp;\u00bb. Et alors je pose une ques\u00adtion&nbsp;: \u00ab&nbsp;est-on \u201cchris\u00adtia\u00adni\u00adsant\u201d par le seul fait qu\u2019on pr\u00eache l\u2019a\u00admour&nbsp;?&nbsp;\u00bb Mais, en ce cas, moi, ath\u00e9e convain\u00adcu et ind\u00e9\u00adra\u00adci\u00adnable, je suis chris\u00adtia\u00adni\u00adsant. L\u2019a\u00admour n\u2019est pas le mono\u00adpole du chris\u00adtia\u00adnisme, que je sache&nbsp;? Ni m\u00eame d\u2019une reli\u00adgion quelconque&nbsp;!<\/p>\n<p>[\/\u200b R.P. <sc>Besan\u00ad\u00e7on<\/sc>\/\u200b]<\/p><\/div>\n","protected":false},"excerpt":{"rendered":"<p>_\u200b\u200b 26 d\u00e9cembre 1946. \u2015 \u2026 Voi\u00adci quelques remarques per\u00adson\u00adnelles se rap\u00adpor\u00adtant au num\u00e9\u00adro de novembre de \u00ab&nbsp;l\u2019Unique&nbsp;\u00bb. Tout d\u2019a\u00adbord je tiens a me d\u00e9cla\u00adrer enti\u00e8\u00adre\u00adment d\u2019ac\u00adcord avec vous sur votre concep\u00adtion de l\u2019in\u00addi\u00advi\u00addua\u00adlisme liber\u00adtaire, telle que vous la pr\u00e9\u00adsen\u00adtez dans der\u00adni\u00e8re colonne de la page&nbsp;73, o\u00f9 vous \u00e9cri\u00advez tr\u00e8s jus\u00adte\u00adment&nbsp;: \u00ab&nbsp;Ce qui nous int\u00e9resse&nbsp;[\u2026]<\/p>\n","protected":false},"author":1,"featured_media":0,"comment_status":"closed","ping_status":"closed","sticky":false,"template":"","format":"standard","meta":{"wp_typography_post_enhancements_disabled":false,"footnotes":""},"categories":[426],"tags":[],"ppma_author":[540],"class_list":["post-3565","post","type-post","status-publish","format-standard","hentry","category-lunique-n17-janvier-fevrier-1947"],"authors":[{"term_id":540,"user_id":1,"is_guest":0,"slug":"admin_3gikpwyf","display_name":"Vincent Dubuc","avatar_url":"https:\/\/secure.gravatar.com\/avatar\/d015720652c25fd2ced191ade86430094e1f288a17483713e3b34d26dea52507?s=96&d=mm&r=g","author_category":"","user_url":"https:\/\/la-presse-anarchiste.net","last_name":"Dubuc","first_name":"Vincent","job_title":"","description":""}],"_links":{"self":[{"href":"https:\/\/la-presse-anarchiste.net\/index.php\/wp-json\/wp\/v2\/posts\/3565","targetHints":{"allow":["GET"]}}],"collection":[{"href":"https:\/\/la-presse-anarchiste.net\/index.php\/wp-json\/wp\/v2\/posts"}],"about":[{"href":"https:\/\/la-presse-anarchiste.net\/index.php\/wp-json\/wp\/v2\/types\/post"}],"author":[{"embeddable":true,"href":"https:\/\/la-presse-anarchiste.net\/index.php\/wp-json\/wp\/v2\/users\/1"}],"replies":[{"embeddable":true,"href":"https:\/\/la-presse-anarchiste.net\/index.php\/wp-json\/wp\/v2\/comments?post=3565"}],"version-history":[{"count":0,"href":"https:\/\/la-presse-anarchiste.net\/index.php\/wp-json\/wp\/v2\/posts\/3565\/revisions"}],"wp:attachment":[{"href":"https:\/\/la-presse-anarchiste.net\/index.php\/wp-json\/wp\/v2\/media?parent=3565"}],"wp:term":[{"taxonomy":"category","embeddable":true,"href":"https:\/\/la-presse-anarchiste.net\/index.php\/wp-json\/wp\/v2\/categories?post=3565"},{"taxonomy":"post_tag","embeddable":true,"href":"https:\/\/la-presse-anarchiste.net\/index.php\/wp-json\/wp\/v2\/tags?post=3565"},{"taxonomy":"author","embeddable":true,"href":"https:\/\/la-presse-anarchiste.net\/index.php\/wp-json\/wp\/v2\/ppma_author?post=3565"}],"curies":[{"name":"wp","href":"https:\/\/api.w.org\/{rel}","templated":true}]}}