{"id":3566,"date":"2013-05-11T11:11:16","date_gmt":"2013-05-11T11:11:16","guid":{"rendered":"https:\/\/la-presse-anarchiste.net\/index.php\/2013\/05\/11\/leducation-de-lenfant\/"},"modified":"2013-05-11T11:11:16","modified_gmt":"2013-05-11T11:11:16","slug":"leducation-de-lenfant","status":"publish","type":"post","link":"https:\/\/la-presse-anarchiste.net\/index.php\/2013\/05\/11\/leducation-de-lenfant\/","title":{"rendered":"L\u2019\u00e9ducation de l\u2019enfant"},"content":{"rendered":"<div class=\"pdfprnt-buttons pdfprnt-buttons-post pdfprnt-top-right\"><a href=\"https:\/\/la-presse-anarchiste.net\/index.php\/wp-json\/wp\/v2\/posts\/3566?print=pdf\" class=\"pdfprnt-button pdfprnt-button-pdf\" target=\"_blank\"><img decoding=\"async\" src=\"https:\/\/la-presse-anarchiste.net\/wp-content\/plugins\/pdf-print\/images\/pdf.png\" alt=\"image_pdf\" title=\"Afficher le PDF\"><\/a><a href=\"https:\/\/la-presse-anarchiste.net\/index.php\/wp-json\/wp\/v2\/posts\/3566?print=print\" class=\"pdfprnt-button pdfprnt-button-print\" target=\"_blank\"><img decoding=\"async\" src=\"https:\/\/la-presse-anarchiste.net\/wp-content\/plugins\/pdf-print\/images\/print.png\" alt=\"image_print\" title=\"Contenu imprim\u00e9\"><\/a><\/div><p>_\u200b <\/p>\n<div align=\"justify\">\n<p>Je sais tou\u00adjours heu\u00adreuse quand je vois dans \u00ab&nbsp;l\u2019U\u00adnique&nbsp;\u00bb des articles consa\u00adcr\u00e9s \u00e0 l\u2019\u00e9\u00addu\u00adca\u00adtion car je crois que la r\u00e9vo\u00adlu\u00adtion des enfants fait par\u00adtie de la grande r\u00e9vo\u00adlu\u00adtion sociale dont on parle toujours.<\/p>\n<p>Que de parents soi-disant tr\u00e8s avan\u00adc\u00e9s en mati\u00e8re sociale sont des des\u00adpotes envers leurs enfants et pr\u00e9\u00adparent une race d\u2019as\u00adser\u00advis&nbsp;; ils ne se rendent pas compte que la vraie r\u00e9vo\u00adlu\u00adtion, la seule qui compte vrai\u00adment, c\u2019est en soi-m\u00eame qu\u2019il faut la faire, en abo\u00adlis\u00adsant en sois les ins\u00adtincts tyran\u00adniques&nbsp;; c\u2019est eux-m\u00eames qu\u2019ils aiment dans leurs enfants, leur propre moi \u00e9go\u00efste, et cet amour \u00e9go\u00efste finit par \u00e9touf\u00adfer l\u2019en\u00adfant \u00e0 force de soins jaloux.<\/p>\n<p>J\u2019ai eu l\u2019oc\u00adca\u00adsion de voir un pr\u00e9\u00adten\u00addu r\u00e9for\u00adma\u00adteur social pr\u00e9\u00adco\u00adni\u00adsant soi-disant des id\u00e9es liber\u00adtaires&nbsp;: sa pauvre petite fille \u00e9tait tel\u00adle\u00adment oppri\u00adm\u00e9e qu\u2019elle ne pou\u00advait plus vivre sa vie d\u2019en\u00adfant. Le p\u00e8re appe\u00adlait cela une \u00e9du\u00adca\u00adtion \u00ab&nbsp;raffin\u00e9e&nbsp;\u00bb.<\/p>\n<p>Je crois que l\u2019on peut juger le degr\u00e9 d\u2019\u00e9\u00advo\u00adlu\u00adtion des gens \u00e0 la fa\u00e7on dont ils se com\u00adportent avec les enfants, triste conclu\u00adsion pour&nbsp;nous&nbsp;!<\/p>\n<p>Quand l\u2019\u00e9\u00addu\u00adca\u00adteur, le parent, sera-t-il pour l\u2019en\u00adfant seule\u00adment un guide respectueux&nbsp;?<\/p>\n<p>[\/\u200bTh\u00e9r\u00e8se <sc>Gau\u00adcher<\/sc>\/\u200b]<\/p><\/div>\n","protected":false},"excerpt":{"rendered":"<p>_\u200b\u200b Je sais tou\u00adjours heu\u00adreuse quand je vois dans \u00ab&nbsp;l\u2019U\u00adnique&nbsp;\u00bb des articles consa\u00adcr\u00e9s \u00e0 l\u2019\u00e9\u00addu\u00adca\u00adtion car je crois que la r\u00e9vo\u00adlu\u00adtion des enfants fait par\u00adtie de la grande r\u00e9vo\u00adlu\u00adtion sociale dont on parle tou\u00adjours. Que de parents soi-disant tr\u00e8s avan\u00adc\u00e9s en mati\u00e8re sociale sont des des\u00adpotes envers leurs enfants et pr\u00e9\u00adparent une race d\u2019as\u00adser\u00advis&nbsp;;&nbsp;ils&nbsp;[\u2026]<\/p>\n","protected":false},"author":1,"featured_media":0,"comment_status":"closed","ping_status":"closed","sticky":false,"template":"","format":"standard","meta":{"wp_typography_post_enhancements_disabled":false,"footnotes":""},"categories":[426],"tags":[],"ppma_author":[540],"class_list":["post-3566","post","type-post","status-publish","format-standard","hentry","category-lunique-n17-janvier-fevrier-1947"],"authors":[{"term_id":540,"user_id":1,"is_guest":0,"slug":"admin_3gikpwyf","display_name":"Vincent Dubuc","avatar_url":"https:\/\/secure.gravatar.com\/avatar\/d015720652c25fd2ced191ade86430094e1f288a17483713e3b34d26dea52507?s=96&d=mm&r=g","author_category":"","user_url":"https:\/\/la-presse-anarchiste.net","last_name":"Dubuc","first_name":"Vincent","job_title":"","description":""}],"_links":{"self":[{"href":"https:\/\/la-presse-anarchiste.net\/index.php\/wp-json\/wp\/v2\/posts\/3566","targetHints":{"allow":["GET"]}}],"collection":[{"href":"https:\/\/la-presse-anarchiste.net\/index.php\/wp-json\/wp\/v2\/posts"}],"about":[{"href":"https:\/\/la-presse-anarchiste.net\/index.php\/wp-json\/wp\/v2\/types\/post"}],"author":[{"embeddable":true,"href":"https:\/\/la-presse-anarchiste.net\/index.php\/wp-json\/wp\/v2\/users\/1"}],"replies":[{"embeddable":true,"href":"https:\/\/la-presse-anarchiste.net\/index.php\/wp-json\/wp\/v2\/comments?post=3566"}],"version-history":[{"count":0,"href":"https:\/\/la-presse-anarchiste.net\/index.php\/wp-json\/wp\/v2\/posts\/3566\/revisions"}],"wp:attachment":[{"href":"https:\/\/la-presse-anarchiste.net\/index.php\/wp-json\/wp\/v2\/media?parent=3566"}],"wp:term":[{"taxonomy":"category","embeddable":true,"href":"https:\/\/la-presse-anarchiste.net\/index.php\/wp-json\/wp\/v2\/categories?post=3566"},{"taxonomy":"post_tag","embeddable":true,"href":"https:\/\/la-presse-anarchiste.net\/index.php\/wp-json\/wp\/v2\/tags?post=3566"},{"taxonomy":"author","embeddable":true,"href":"https:\/\/la-presse-anarchiste.net\/index.php\/wp-json\/wp\/v2\/ppma_author?post=3566"}],"curies":[{"name":"wp","href":"https:\/\/api.w.org\/{rel}","templated":true}]}}