{"id":358,"date":"2007-05-23T14:09:36","date_gmt":"2007-05-23T14:09:36","guid":{"rendered":"https:\/\/la-presse-anarchiste.net\/index.php\/2007\/05\/23\/lisolement-dans-le-fascisme-technocratique\/"},"modified":"2007-05-23T14:09:36","modified_gmt":"2007-05-23T14:09:36","slug":"lisolement-dans-le-fascisme-technocratique","status":"publish","type":"post","link":"https:\/\/la-presse-anarchiste.net\/index.php\/2007\/05\/23\/lisolement-dans-le-fascisme-technocratique\/","title":{"rendered":"L\u2019isolement dans le fascisme technocratique"},"content":{"rendered":"<div class=\"pdfprnt-buttons pdfprnt-buttons-post pdfprnt-top-right\"><a href=\"https:\/\/la-presse-anarchiste.net\/index.php\/wp-json\/wp\/v2\/posts\/358?print=pdf\" class=\"pdfprnt-button pdfprnt-button-pdf\" target=\"_blank\"><img decoding=\"async\" src=\"https:\/\/la-presse-anarchiste.net\/wp-content\/plugins\/pdf-print\/images\/pdf.png\" alt=\"image_pdf\" title=\"Afficher le PDF\"><\/a><a href=\"https:\/\/la-presse-anarchiste.net\/index.php\/wp-json\/wp\/v2\/posts\/358?print=print\" class=\"pdfprnt-button pdfprnt-button-print\" target=\"_blank\"><img decoding=\"async\" src=\"https:\/\/la-presse-anarchiste.net\/wp-content\/plugins\/pdf-print\/images\/print.png\" alt=\"image_print\" title=\"Contenu imprim\u00e9\"><\/a><\/div><div align=\"justify\">\nLorsque nous nous aper\u00adce\u00advrons que nous par\u00adlons dans un d\u00e9sert, il sera un peu tard pour uti\u00adli\u00adser des porte-voix. Peut-\u00eatre faut-il craindre la grande mys\u00adti\u00adfi\u00adca\u00adtion que repr\u00e9\u00adsente le fait que nos dis\u00adcours s\u2019ex\u00adpriment encore et recueillent ici ou l\u00e0 quelques oreilles com\u00adpa\u00adtis\u00adsantes ou sym\u00adpa\u00adthi\u00adsantes. Sans doute faut-il voir dans le rem\u00adpla\u00adce\u00adment de Mar\u00adcel\u00adlin par Chi\u00adrac puis par Ponia\u00adtows\u00adki au minis\u00adt\u00e8re de l\u2019In\u00adt\u00e9\u00adrieur plus qu\u2019une de ces tra\u00addi\u00adtion\u00adnelles valses qui per\u00admettent \u00e0 tout un cha\u00adcun de se par\u00adta\u00adger le fameux g\u00e2teau du pou\u00advoir. La r\u00e9pres\u00adsion a en fait chan\u00adg\u00e9 d\u2019o\u00adrien\u00adta\u00adtion&nbsp;: la France est pas\u00ads\u00e9e plus ou moins dou\u00adce\u00adreu\u00adse\u00adment d\u2019un r\u00e9gime lib\u00e9\u00adral de droite clas\u00adsique \u00e0 un r\u00e9gime lib\u00e9\u00adral de tech\u00adno-droite&nbsp;: Schmidt n\u2019a pas h\u00e9si\u00adt\u00e9 \u00e0 y recon\u00adna\u00eetre les&nbsp;siens.&nbsp;\n<p>\tPlioutch qui, par ailleurs, ne pousse pas bien loin son ana\u00adlyse du sys\u00adt\u00e8me sovi\u00e9\u00adtique, ne se trompe pas quand il voit entre les orien\u00adta\u00adtions de \u00ab&nbsp;l\u2019Est&nbsp;\u00bb et de \u00ab&nbsp;l\u2019Ouest&nbsp;\u00bb une conver\u00adgence vers un fas\u00adcisme tech\u00adno\u00adcra\u00adtique. Les deux termes et leur liai\u00adson m\u00e9ritent d\u2019\u00eatre expli\u00adci\u00adt\u00e9s. On com\u00admen\u00adce\u00adra par technocratie.&nbsp;<\/p>\n<p>\tLa France en donne un exemple assez clair avec ses poli\u00adti\u00adciens ou ses admi\u00adnis\u00adtra\u00adteurs direc\u00adte\u00adment sor\u00adtis de l\u2019E.N.A., son duo c\u00e9l\u00e8bre Atta\u00adli-Sto\u00adle\u00adru, pen\u00addant bien plus inqui\u00e9\u00adtant parce que bien plus puis\u00adsant du duo Mit\u00adter\u00adrand-Gis\u00adcard. Pen\u00addant que s\u2019a\u00adgitent sur le devant de la sc\u00e8ne ceux qui aspirent aux fonc\u00adtions et sur\u00adtout aux appa\u00adrences du pou\u00advoir, d\u2019autres mani\u00adpulent celui-ci, un peu plus dans l\u2019ombre, un peu plus discr\u00e8tement.&nbsp;<\/p>\n<p>Il y a donc main\u00adte\u00adnant des sp\u00e9\u00adcia\u00adlistes clai\u00adre\u00adment avou\u00e9s de l\u2019ad\u00admi\u00adnis\u00adtra\u00adtion de nos affaires, des d\u00e9ten\u00adteurs d\u2019un savoir, d\u2019un pou\u00advoir auquel nous n\u2019a\u00advons aucune part, sinon peut-\u00eatre de choi\u00adsir entre l\u2019un et l\u2019un, l\u2019autre et l\u2019autre.&nbsp;<\/p>\n<p>Ce n\u2019est pas un hasard si Sto\u00adle\u00adru est ministre du tra\u00advail manuel. Le lib\u00e9\u00adra\u00adlisme avan\u00adc\u00e9 fait pro\u00adfes\u00adsion de social tout comme la social-d\u00e9mo\u00adcra\u00adtie en Alle\u00admagne&nbsp;: les uns et les autres sont les fr\u00e8res-jumeaux porte-dra\u00adpeaux du socia\u00adlisme&nbsp;: fin finale du capi\u00adta\u00adlisme sau\u00advage, r\u00e9par\u00adti\u00adtion de la crois\u00adsance, d\u00e9l\u00e9\u00adga\u00adtion de pou\u00advoir, contr\u00f4le syn\u00addi\u00adcal\u2026 Pen\u00addant ce temps, pro\u00adgres\u00adsi\u00adve\u00adment et s\u00fbre\u00adment, entre dans les t\u00eates la com\u00adplexi\u00adt\u00e9 crois\u00adsante de l\u2019ap\u00adpa\u00adreil socio-\u00e9co\u00adno\u00admique&nbsp;; com\u00adplexi\u00adt\u00e9 qui n\u00e9ces\u00adsite le recours \u00e0 des sp\u00e9\u00adcia\u00adlistes. Non plus des sp\u00e9\u00adcia\u00adlistes-repr\u00e9\u00adsen\u00adtants (d\u00e9mo\u00adcra\u00adtie clas\u00adsique&nbsp;: on \u00e9lit des d\u00e9pu\u00adt\u00e9s&nbsp;; \u00e0 noter que ni Atta\u00adli ni Sto\u00adle\u00adru ne le sont) mais des sp\u00e9\u00adcia\u00adlistes ges\u00adtion\u00adnaires&nbsp;: la \u00ab&nbsp;poli\u00adti\u00adsa\u00adtion&nbsp;\u00bb des can\u00adto\u00adnales, des muni\u00adci\u00adpales en est un signe&nbsp;: ce n\u2019est plus au niveau de la ges\u00adtion de la com\u00admune ou du d\u00e9parte\u00adment que se situent les choix mais \u00e0 celui du gain du pou\u00advoir cen\u00adtral. Alors s\u2019ins\u00adtalle un pro\u00adces\u00adsus de non-res\u00adpon\u00adsa\u00adbi\u00adli\u00adsa\u00adtion, de d\u00e9s\u00adin\u00adt\u00e9\u00adr\u00eat&nbsp;: il s\u2019a\u00adgit de sur\u00advivre tout en pro\u00adfi\u00adtant non de vivre tout en r\u00e9a\u00adli\u00adsant. Quelques jeux, com\u00adp\u00e9\u00adti\u00adtions spor\u00adtives entre\u00adte\u00adnues \u00e0 grand ren\u00adfort de son\u00addages, de d\u00e9bats dits contra\u00addic\u00adtoires nous sont conc\u00e9\u00add\u00e9s&nbsp;: la grande finale de Coupe de France Mit\u00adter\u00adrand-Gis\u00adcard reste bien incer\u00adtaine et les sup\u00adpor\u00adters de l\u2019une ou l\u2019autre \u00e9quipe se livrent aux m\u00eames \u00ab&nbsp;d\u00e9bor\u00adde\u00adments&nbsp;\u00bb que ceux de Bas\u00adtia. Le plas\u00adtic peut ser\u00advir pour les deux causes et fait sau\u00adter le cou\u00advercle de la mar\u00admite sans nous emp\u00ea\u00adcher de mijo\u00adter, ni d\u2019\u00eatre pro\u00adgres\u00adsi\u00adve\u00adment gav\u00e9s, oies inca\u00adpables de pous\u00adser le moindre cri d\u2019a\u00adlarme, cordes vocales \u00e9touf\u00adf\u00e9es par la graisse.&nbsp;<\/p>\n<p>\tLe consen\u00adsus dont on nous parle tant \u00e0 l\u2019heure actuelle n\u2019est pas un vain mot&nbsp;: il fonc\u00adtionne \u00e0 peu pr\u00e8s cor\u00adrec\u00adte\u00adment dans une Alle\u00admagne qui s\u2019est plus ou moins d\u00e9li\u00advr\u00e9e des p\u00e9ch\u00e9s du nazisme et qui pros\u00adp\u00e8re \u00e0 l\u2019ombre de la social-d\u00e9mo\u00adcra\u00adtie. Quelles reven\u00addi\u00adca\u00adtions res\u00adtent-t-ils dans une crois\u00adsance \u00e9co\u00adno\u00admique conti\u00adnue et aux fruits assez bien r\u00e9par\u00adtis&nbsp;: le socia\u00adlisme est l\u00e0, au pou\u00advoir ins\u00adti\u00adtu\u00adtion\u00adnel et dans les faits socio-\u00e9co\u00adno\u00admiques. Gis\u00adcard ne r\u00eave que de \u00e7a, se voyant, ori\u00adgines obligent, en Roi de France comme il y a un roi de la Su\u00e8de \u00ab&nbsp;ex-socia\u00adliste&nbsp;\u00bb. Les tech\u00adno\u00adcrates mettent en place, for\u00adti\u00adfient un sys\u00adt\u00e8me injuste mais confor\u00adtable&nbsp;: les quelques voix qui s\u2019\u00e9\u00adl\u00e8vent par\u00adviennent aux oreilles de tous dans un \u00e9cho d\u00e9for\u00adm\u00e9 par les m\u00e9dias qui nous contr\u00f4lent bien plus que nous ne les contr\u00f4\u00adle\u00adrons jamais.&nbsp;<\/p>\n<p>Les pays dits socia\u00adlistes sont par\u00adve\u00adnus aux m\u00eames r\u00e9sul\u00adtats par les m\u00eames moyens&nbsp;: la crois\u00adsance \u00e9co\u00adno\u00admique de l\u2019Al\u00adle\u00admagne de l\u2019Est n\u2019a sans doute pas grand-chose \u00e0 envier \u00e0 celle de l\u2019Al\u00adle\u00admagne de l\u2019Ouest. La tra\u00adduc\u00adtion au niveau poli\u00adtique est qua\u00adsi\u00adment iden\u00adtique&nbsp;: \u00e0 la g\u00e9n\u00e9\u00adra\u00adtion des vieux poli\u00adti\u00adciens sta\u00adli\u00adniens suc\u00adc\u00e8de plus ou moins ais\u00e9\u00adment celle des tech\u00adno\u00adcrates \u00e9le\u00adv\u00e9s dans le s\u00e9rail&nbsp;: Gomul\u00adka est rem\u00adpla\u00adc\u00e9 par Gie\u00adrek, Rako\u00adsi par Kadar, Ulbricht par Hone\u00adcker. Quelques br\u00e8ches s\u2019ouvrent par les\u00adquelles tentent de s\u2019en\u00adgouf\u00adfrer des forces popu\u00adlaires long\u00adtemps com\u00adpri\u00adm\u00e9es (insur\u00adrec\u00adtions hon\u00adgroises, alle\u00admandes, polo\u00adnaises), mais vites r\u00e9prim\u00e9es.&nbsp;<\/p>\n<p>\tC\u2019est sur cette forme de r\u00e9pres\u00adsion&nbsp;: inter\u00adven\u00adtion de l\u2019ar\u00adm\u00e9e sovi\u00e9\u00adtique, mas\u00adsacres et fusillades qu\u2019il convient de s\u2019in\u00adter\u00adro\u00adger aus\u00adsi. Bien \u00e9vi\u00addem\u00adment elle trouve leur pen\u00addant dans des pays comme le Chi\u00adli mais on peut se deman\u00adder si elle n\u2019est pas, sinon d\u00e9pas\u00ads\u00e9e du moins r\u00e9ser\u00adv\u00e9e aux moments de lutte sociale intense&nbsp;: \u00e0 cet \u00e9gard, je serais en Ita\u00adlie, je me ferais quelques soucis\u2026&nbsp;<\/p>\n<p>\tMais en l\u2019ab\u00adsence de ces luttes sociales, avec un mou\u00adve\u00adment ouvrier \u00e9cra\u00ads\u00e9 (Alle\u00admagne apr\u00e8s le nazisme), \u00ab&nbsp;d\u00e9tour\u00adn\u00e9&nbsp;\u00bb (U.R.S.S. apr\u00e8s 1917), \u00e9touf\u00adf\u00e9 (France, depuis la Lib\u00e9\u00adra\u00adtion) d\u2019autres formes de r\u00e9pres\u00adsion sont \u00e0 l\u2019oeuvre que nous ma\u00ee\u00adtri\u00adsons d\u2019au\u00adtant moins qu\u2019elles sont plus indirectes.&nbsp;<\/p>\n<p>\tIl semble qu\u2019il faille l\u00e0 don\u00adner un sens plus g\u00e9n\u00e9\u00adral au mot fas\u00adcisme&nbsp;: ce n\u2019est plus seule\u00adment l\u2019or\u00adga\u00adni\u00adsa\u00adtion poli\u00adtique de l\u2019\u00e9\u00adtat autour d\u2019un chef sou\u00adte\u00adnu par des groupes mili\u00adta\u00adri\u00ads\u00e9s \u00e0 outrance et s\u2019im\u00adpo\u00adsant lors d\u2019une crise \u00e9co\u00adno\u00admique grave. C\u2019est aus\u00adsi main\u00adte\u00adnant le consen\u00adsus le plus large autour des valeurs id\u00e9o\u00adlo\u00adgiques de l\u2019\u00e9\u00adtat, lequel rem\u00adplace ais\u00e9\u00adment au niveau du sym\u00adbole mais aus\u00adsi \u00e0 celui de l\u2019ef\u00adfi\u00adca\u00adci\u00adt\u00e9 le p\u00e8re tout-puis\u00adsant Joseph-B\u00e9ni\u00adto-Adolf. \u00c0 la remise de com\u00adp\u00e9\u00adtence sur la prise en charge des m\u00e9ca\u00adnismes poli\u00adtiques, sociaux et \u00e9co\u00adno\u00admiques (tech\u00adno\u00adcra\u00adtie), s\u2019a\u00adjoute\u200a\u2014\u200acom\u00adpen\u00adsa\u00adtion, sou\u00adpape de s\u00e9cu\u00adri\u00adt\u00e9\u200a\u2014\u200aune esp\u00e8ce de contr\u00f4le id\u00e9o\u00adlo\u00adgique assu\u00adr\u00e9 par tous. L\u2019Al\u00adle\u00admagne de l\u2019Ouest en est l\u2019exemple le plus frap\u00adpant et il n\u2019est m\u00eame pas besoin de cher\u00adcher dans la fic\u00adtion de \u00ab&nbsp;l\u2019hon\u00adneur per\u00addu de Kata\u00adri\u00adna Blum&nbsp;\u00bb pour en trou\u00adver la preuve&nbsp;: pen\u00adsons sim\u00adple\u00adment \u00e0 l\u2019im\u00adpos\u00adsi\u00adbi\u00adli\u00adt\u00e9 pour les per\u00adsonnes \u00ab&nbsp;n\u2019ac\u00adcep\u00adtant pas les r\u00e8gles de la consti\u00adtu\u00adtion lib\u00e9\u00adrale&nbsp;\u00bb d\u2019exer\u00adcer une fonc\u00adtion dans l\u2019ad\u00admi\u00adnis\u00adtra\u00adtion qui reste par ailleurs peu\u00adpl\u00e9e de fas\u00adcistes mal repen\u00adtis, \u00e0 l\u2019ar\u00adres\u00adta\u00adtion d\u2019un avo\u00adcat venu pro\u00adtes\u00adter contre un avo\u00adcat ancien res\u00adpon\u00adsable nazi, \u00e0 l\u2019\u00e9\u00admis\u00adsion de TV o\u00f9 les spec\u00adta\u00adteurs sont invi\u00adt\u00e9s \u00e0 trou\u00adver des \u00ab&nbsp;hors-la-loi&nbsp;\u00bb. C\u2019est volon\u00adtai\u00adre\u00adment que je ne cite pas ici les cam\u00adpagnes \u00ab&nbsp;hys\u00adt\u00e9\u00adriques&nbsp;\u00bb du groupe Sprin\u00adger contre la bande \u00e0 Baa\u00adder. En effet, je crois que la stra\u00adt\u00e9\u00adgie du pou\u00advoir d\u2019\u00e9\u00adtat en Alle\u00admagne d\u00e9passe de loin la r\u00e9pres\u00adsion des groupes gau\u00adchistes mino\u00adri\u00adtaires. Elle vise \u00e0 ins\u00adtal\u00adler dans la t\u00eate des gens non pas la peur (comme au Chi\u00adli), mais le consen\u00adsus. Il s\u2019a\u00adgit de faire accep\u00adter par tous la sou\u00admis\u00adsion \u00e0 des valeurs qui sont, elles, clai\u00adre\u00adment fas\u00adcistes m\u00eame si la forme ins\u00adti\u00adtu\u00adtion\u00adnelle de l\u2019\u00e9\u00adtat ne l\u2019est pas&nbsp;: d\u00e9non\u00adcia\u00adtion, contr\u00f4le quo\u00adti\u00addien des acti\u00advi\u00adt\u00e9s quo\u00adti\u00addiennes, natio\u00adna\u00adlisme, accord social sous l\u2019ar\u00adbi\u00adtrage de l\u2019\u00e9\u00adtat et confor\u00admisme id\u00e9o\u00adlo\u00adgique garant non seule\u00adment de la crois\u00adsance \u00e9co\u00adno\u00admique mais encore de la pos\u00adsi\u00adbi\u00adli\u00adt\u00e9 de b\u00e9n\u00e9\u00adfi\u00adcier des fruits de cette croissance.&nbsp;<\/p>\n<p>Dans cette pers\u00adpec\u00adtive, les groupes gau\u00adchistes risquent d\u2019\u00eatre d\u2019au\u00adtant moins dan\u00adge\u00adreux parce que d\u2019au\u00adtant plus seuls&nbsp;: com\u00adpl\u00e8\u00adte\u00adment \u00e0 contre-cou\u00adrant de ce confor\u00admisme ils raniment \u00ab&nbsp;la grande peur des bien-pen\u00adsants&nbsp;\u00bb (qui recouvrent d\u2019ailleurs de plus en plus la popu\u00adla\u00adtion enti\u00e8re et de ce fait, pra\u00adti\u00adque\u00adment iso\u00adl\u00e9s, peuvent \u00eatre r\u00e9pri\u00adm\u00e9s plus faci\u00adle\u00adment&nbsp;: Hol\u00adger Meins n\u2019a pas \u00e9t\u00e9 tu\u00e9 dans un affron\u00adte\u00adment avec la police mais a cre\u00adv\u00e9 dans l\u2019i\u00adso\u00adle\u00adment capi\u00adton\u00adn\u00e9 de sa cel\u00adlule, dans l\u2019in\u00addif\u00adf\u00e9\u00adrence vis-\u00e0-vis d\u2019une gr\u00e8ve de la faim qui n\u2019a sus\u00adci\u00adt\u00e9 que peu de soli\u00adda\u00adri\u00adt\u00e9. Quant \u00e0 Ulrike Mein\u00adhof, com\u00adment a\u2011t-elle \u00e9t\u00e9 d\u00e9truite et com\u00adbien sommes nous \u00e0 nous en pr\u00e9\u00adoc\u00adcu\u00adper&nbsp;? C\u2019est ce fas\u00adcisme quo\u00adti\u00addien accep\u00adt\u00e9, sinon vou\u00adlu par les plus larges couches de la popu\u00adla\u00adtion, qui est dans nos soci\u00e9\u00adt\u00e9s la forme la plus avan\u00adc\u00e9e de la r\u00e9pres\u00adsion. C\u2019est lui que tentent de mettre en place Gis\u00adcard et sur\u00adtout Ponia\u00adtows\u00adki&nbsp;: les r\u00e9ac\u00adtions des gens \u00e0 l\u2019af\u00adfaire de Troyes indiquent que le pro\u00adces\u00adsus ne s\u2019en\u00adgage peut-\u00eatre pas si mal que \u00e7a. Il fonc\u00adtionne plus ou moins com\u00adpl\u00e8\u00adte\u00adment par ailleurs dans \u00ab&nbsp;les pays de l\u2019Est&nbsp;\u00bb o\u00f9 le confor\u00admisme impo\u00ads\u00e9 par le matra\u00adquage id\u00e9o\u00adlo\u00adgique appa\u00adra\u00eet encore comme le plus s\u00fbr moyen d\u2019\u00e9\u00adchap\u00adper au Goulag.&nbsp;<\/p>\n<p>\tL\u2019u\u00adni\u00advers concen\u00adtra\u00adtion\u00adnaire cherche \u00e0 s\u2019\u00e9\u00adtendre \u00e0 toute la soci\u00e9\u00adt\u00e9 avec l\u2019ac\u00adcep\u00adta\u00adtion pas\u00adsive de celle-ci. Apr\u00e8s l\u2019U.R.S.S.-Goulag se pro\u00adfilent l\u2019Al\u00adle\u00admagne-Sprin\u00adger, la France-Pari\u00adsien Lib\u00e9\u00adr\u00e9. Ce fas\u00adcisme tech\u00adno\u00adcra\u00adtique n\u2019est peut-\u00eatre pas s\u00fbr de triom\u00adpher mais il lui reste en der\u00adnier recours la pos\u00adsi\u00adbi\u00adli\u00adt\u00e9 du fas\u00adcisme ordi\u00adnaire&nbsp;: tanks, napalm, chasse aux d\u00e9viants. Tout cela exige sans doute de nou\u00advelles formes de lutte qui existent d\u00e9j\u00e0 ou qui sont encore \u00e0 inven\u00adter mais dont le d\u00e9ve\u00adlop\u00adpe\u00adment devient de plus en plus urgent.<\/p>\n<p>Serge<\/p><\/div>\n","protected":false},"excerpt":{"rendered":"<p>Lorsque nous nous aper\u00adce\u00advrons que nous par\u00adlons dans un d\u00e9sert, il sera un peu tard pour uti\u00adli\u00adser des porte-voix. Peut-\u00eatre faut-il craindre la grande mys\u00adti\u00adfi\u00adca\u00adtion que repr\u00e9\u00adsente le fait que nos dis\u00adcours s\u2019ex\u00adpriment encore et recueillent ici ou l\u00e0 quelques oreilles com\u00adpa\u00adtis\u00adsantes ou sym\u00adpa\u00adthi\u00adsantes. Sans doute faut-il voir dans le rem\u00adpla\u00adce\u00adment de Mar\u00adcel\u00adlin par Chirac&nbsp;[\u2026]<\/p>\n","protected":false},"author":1,"featured_media":0,"comment_status":"closed","ping_status":"closed","sticky":false,"template":"","format":"standard","meta":{"wp_typography_post_enhancements_disabled":false,"footnotes":""},"categories":[40],"tags":[],"ppma_author":[540],"class_list":["post-358","post","type-post","status-publish","format-standard","hentry","category-la-lanterne-noire-n6-7-novembre-1976"],"authors":[{"term_id":540,"user_id":1,"is_guest":0,"slug":"admin_3gikpwyf","display_name":"Vincent Dubuc","avatar_url":"https:\/\/secure.gravatar.com\/avatar\/d015720652c25fd2ced191ade86430094e1f288a17483713e3b34d26dea52507?s=96&d=mm&r=g","author_category":"","user_url":"https:\/\/la-presse-anarchiste.net","last_name":"Dubuc","first_name":"Vincent","job_title":"","description":""}],"_links":{"self":[{"href":"https:\/\/la-presse-anarchiste.net\/index.php\/wp-json\/wp\/v2\/posts\/358","targetHints":{"allow":["GET"]}}],"collection":[{"href":"https:\/\/la-presse-anarchiste.net\/index.php\/wp-json\/wp\/v2\/posts"}],"about":[{"href":"https:\/\/la-presse-anarchiste.net\/index.php\/wp-json\/wp\/v2\/types\/post"}],"author":[{"embeddable":true,"href":"https:\/\/la-presse-anarchiste.net\/index.php\/wp-json\/wp\/v2\/users\/1"}],"replies":[{"embeddable":true,"href":"https:\/\/la-presse-anarchiste.net\/index.php\/wp-json\/wp\/v2\/comments?post=358"}],"version-history":[{"count":0,"href":"https:\/\/la-presse-anarchiste.net\/index.php\/wp-json\/wp\/v2\/posts\/358\/revisions"}],"wp:attachment":[{"href":"https:\/\/la-presse-anarchiste.net\/index.php\/wp-json\/wp\/v2\/media?parent=358"}],"wp:term":[{"taxonomy":"category","embeddable":true,"href":"https:\/\/la-presse-anarchiste.net\/index.php\/wp-json\/wp\/v2\/categories?post=358"},{"taxonomy":"post_tag","embeddable":true,"href":"https:\/\/la-presse-anarchiste.net\/index.php\/wp-json\/wp\/v2\/tags?post=358"},{"taxonomy":"author","embeddable":true,"href":"https:\/\/la-presse-anarchiste.net\/index.php\/wp-json\/wp\/v2\/ppma_author?post=358"}],"curies":[{"name":"wp","href":"https:\/\/api.w.org\/{rel}","templated":true}]}}