{"id":3613,"date":"2014-03-25T10:38:41","date_gmt":"2014-03-25T10:38:41","guid":{"rendered":"https:\/\/la-presse-anarchiste.net\/index.php\/2014\/03\/25\/paul-zorkine\/"},"modified":"2014-03-25T10:38:41","modified_gmt":"2014-03-25T10:38:41","slug":"paul-zorkine","status":"publish","type":"post","link":"https:\/\/la-presse-anarchiste.net\/index.php\/2014\/03\/25\/paul-zorkine\/","title":{"rendered":"Paul Zorkine"},"content":{"rendered":"<div class=\"pdfprnt-buttons pdfprnt-buttons-post pdfprnt-top-right\"><a href=\"https:\/\/la-presse-anarchiste.net\/index.php\/wp-json\/wp\/v2\/posts\/3613?print=pdf\" class=\"pdfprnt-button pdfprnt-button-pdf\" target=\"_blank\"><img decoding=\"async\" src=\"https:\/\/la-presse-anarchiste.net\/wp-content\/plugins\/pdf-print\/images\/pdf.png\" alt=\"image_pdf\" title=\"Afficher le PDF\"><\/a><a href=\"https:\/\/la-presse-anarchiste.net\/index.php\/wp-json\/wp\/v2\/posts\/3613?print=print\" class=\"pdfprnt-button pdfprnt-button-print\" target=\"_blank\"><img decoding=\"async\" src=\"https:\/\/la-presse-anarchiste.net\/wp-content\/plugins\/pdf-print\/images\/print.png\" alt=\"image_print\" title=\"Contenu imprim\u00e9\"><\/a><\/div><div align=\"justify\">\n<p>Paul Zor\u00adkine est&nbsp;mort.<\/p>\n<p>Il est dif\u00adfi\u00adcile de cacher, d\u2019\u00e9touffer la dou\u00adleur devant cette mort absurde \u2013 acci\u00addent de voi\u00adture \u2013 d\u2019un cama\u00adrade encore jeune \u2013 41 ans \u2013 plein d\u2019une telle vita\u00adli\u00adt\u00e9, d\u2019une telle richesse, d\u2019une telle promesse.<\/p>\n<p>Le cama\u00adrade Rol\u00adland, dans le <i>Monde Liber\u00adtaire<\/i> d\u2019octobre 1962 a d\u00e9j\u00e0 pr\u00e9\u00adsen\u00adt\u00e9 sa vie, bref et \u00e9cla\u00adtant exemple de cette volon\u00adt\u00e9 ten\u00addue vers la liber\u00adt\u00e9, vers la jus\u00adtice, vers l\u2019anarchisme. <\/p>\n<p>La presse liber\u00adtaire a annon\u00adc\u00e9 sa dis\u00adpa\u00adri\u00adtion, a sou\u00adli\u00adgn\u00e9 la perte pour tout le mouvement.<\/p>\n<p>Je ne peux ajou\u00adter \u00e0 cet hom\u00admage una\u00adnime que l\u2019expression de mon sen\u00adti\u00adment vis-\u00e0-vis de Pav\u00adl\u00e9 (son nom slave) qui a \u00e9t\u00e9 pen\u00addant plus de 10 ans un ami, un fr\u00e8re, qu\u2019on retrou\u00advait dans nos r\u00e9unions liber\u00adtaires ain\u00adsi que dans les jour\u00adn\u00e9es d\u2019intimit\u00e9, de vacances, les soi\u00adr\u00e9es enti\u00e8res pas\u00ads\u00e9es devant le feu de che\u00admi\u00adn\u00e9e \u00e0 \u00e9cou\u00adter ses incom\u00adpa\u00adrables his\u00adtoires. Ces sou\u00adve\u00adnirs res\u00adte\u00adront gra\u00adv\u00e9s au plus pro\u00adfonde de moi-m\u00eame \u00e0 l\u2019abri de tout&nbsp;oubli\u2026<\/p>\n<p>Mais ce qui cor\u00adres\u00adpond le mieux \u00e0 sa m\u00e9moire, lui qui \u00e9tait tou\u00adjours tour\u00adn\u00e9 vers l\u2019avenir, vers la r\u00e9a\u00adli\u00adt\u00e9, c\u2019est, au lieu de comp\u00adter nos sou\u00adve\u00adnirs, d\u2019essayer de tirer quelques ensei\u00adgne\u00adments de son propre exemple.<\/p>\n<p>Il faut avant tout sou\u00adli\u00adgner sa <u>fid\u00e9\u00adli\u00adt\u00e9 pro\u00adl\u00e9\u00adta\u00adrienne<\/u>, pro\u00adfon\u00add\u00e9\u00adment sociale et r\u00e9vo\u00adlu\u00adtion\u00adnaire. En pleine r\u00e9union de tra\u00advail sur la lutte de classe, il a d\u00e9cla\u00adr\u00e9&nbsp;: \u201c&nbsp;la ques\u00adtion \u201c&nbsp;pour&nbsp;\u201d ou \u201c&nbsp;contre&nbsp;\u201d la lutte de classe ne se pose pas pour nous, cette lutte existe et nous en fai\u00adsons par\u00adtie&nbsp;\u201d. On sait que lui-m\u00eame venait d\u2019une des familles les plus illustres de la bour\u00adgeoi\u00adsie du Mon\u00adt\u00e9\u00adn\u00e9\u00adgro (comme l\u2019a d\u00e9j\u00e0 dit Roland), qu\u2019il a quit\u00adt\u00e9 sa classe, qu\u2019il a \u00e9pou\u00ads\u00e9 \u00e0 fond la cause du pro\u00adl\u00e9\u00adta\u00adriat, qu\u2019il a lut\u00adt\u00e9 jusqu\u2019au bout pour cette cause, y com\u00adpris contre les dan\u00adgers de l\u2019esprit bour\u00adgeois qui nous entoure, qui nous p\u00e9n\u00e8tre m\u00eame mal\u00adgr\u00e9 nous (ce dont beau\u00adcoup d\u2019entre nous ne sont pas conscients).<\/p>\n<p>Son exp\u00e9\u00adrience, son dyna\u00admisme, son r\u00e9a\u00adlisme ont heur\u00adt\u00e9 tout de suite les sur\u00advi\u00advants de <u>l\u2019anarchisme sen\u00adti\u00admen\u00adtal, l\u2019anarchisme de \u201c&nbsp;grand-papa&nbsp;\u201d<\/u> (comme il disait). Il refu\u00adsait les pr\u00e9\u00adoc\u00adcu\u00adpa\u00adtions st\u00e9\u00adriles, pseu\u00addo-phi\u00adlo\u00adso\u00adphiques, faus\u00adse\u00adment huma\u00adni\u00adtaires et indi\u00advi\u00addua\u00adlistes, il essayait de pla\u00adcer sa propre acti\u00advi\u00adt\u00e9 ain\u00adsi que celle de ses cama\u00adrades dans des pers\u00adpec\u00adtives poli\u00adtiques, sociales, \u00e9co\u00adno\u00admiques. En m\u00eame temps, sa pro\u00adfonde fid\u00e9\u00adli\u00adt\u00e9 aux prin\u00adcipes liber\u00adtaires l\u2019obligeait \u00e0 lut\u00adter contre toute confu\u00adsion et toute sim\u00adpli\u00adfi\u00adca\u00adtion des id\u00e9es anarchistes.<\/p>\n<p>Il plai\u00adsan\u00adtait sou\u00advent les cama\u00adrades \u201c&nbsp;amis de H.R.&nbsp;\u201d, \u201c&nbsp;amis de S.F.&nbsp;\u201d, etc. <u>plus fid\u00e8les \u00e0 la m\u00e9moire d\u2019un indi\u00advi\u00addu qu\u2019\u00e0 la pen\u00ads\u00e9e anar\u00adchiste<\/u>, plus aptes \u00e0 cher\u00adcher la v\u00e9ri\u00adt\u00e9 dans les pages d\u2019un livre que dans la r\u00e9a\u00adli\u00adt\u00e9 mou\u00advante (et pour\u00adtant, il cher\u00adchait \u00e0 faire conna\u00eetre nos clas\u00adsiques, sans jamais les prendre comme infaillibles). <u>Il ne faut donc pas que nous fas\u00adsions aus\u00adsi de lui-m\u00eame un mythe, une idole<\/u>.<\/p>\n<p>Il pr\u00e9\u00adf\u00e9\u00adrait <u>se fondre dans le groupe<\/u> par\u00admi ses cama\u00adrades, ce qui n\u2019est pas tou\u00adjours facile&nbsp;: la volon\u00adt\u00e9 du groupe ne doit pas \u00eatre obli\u00adga\u00adtoi\u00adre\u00adment la volon\u00adt\u00e9 de la majo\u00adri\u00adt\u00e9, encore moins celle de la m\u00e9dio\u00adcri\u00adt\u00e9&nbsp;; la per\u00adson\u00adna\u00adli\u00adt\u00e9 d\u2019un cama\u00adrade (et sa per\u00adson\u00adna\u00adli\u00adt\u00e9 \u00e9tait grande) ne doit ni s\u2019imposer comme infaillible, ni subir des ampu\u00adta\u00adtions. Je me rap\u00adpelle que Paul, envoy\u00e9 comme d\u00e9l\u00e9\u00adgu\u00e9 des GAAR au congr\u00e8s de 1960 de la FA y a d\u00e9fen\u00addu nos posi\u00adtions col\u00adlec\u00adtives bien que ses propres opi\u00adnions aient \u00e9t\u00e9 un peu dif\u00adf\u00e9\u00adrentes. Il ne serait donc pas exact de dire qu\u2019il \u00e9tait intran\u00adsi\u00adgeant&nbsp;; je l\u2019ai vu lui-m\u00eame recon\u00adna\u00eetre cer\u00adtaines de ses exa\u00adg\u00e9\u00adra\u00adtions, de ses erreurs m\u00eame. Lequel d\u2019entre nous en a sou\u00advent fait autant&nbsp;?<\/p>\n<p>Ce qui ren\u00addait dif\u00adfi\u00adcile de com\u00adprendre Paul, c\u2019\u00e9tait qu\u2019ayant un carac\u00adt\u00e8re pas facile du tout, il avait en m\u00eame temps un esprit logique et s\u00fbr&nbsp;; <u>il ne refu\u00adsait pas de prendre la res\u00adpon\u00adsa\u00adbi\u00adli\u00adt\u00e9<\/u>, m\u00eame celle des autres, quand il s\u2019agissait de d\u00e9fendre une th\u00e8se, de deve\u00adnir le \u201c&nbsp;bouc \u00e9mis\u00adsaire&nbsp;\u201d, de concen\u00adtrer sur lui les attaques. De plus, pour pro\u00advo\u00adquer une prise de conscience, un choc d\u2019id\u00e9es, il ne refu\u00adsait pas un lan\u00adgage fort, une atti\u00adtude violente.<\/p>\n<p>Il est habi\u00adtuel de cou\u00advrir de com\u00adpli\u00adments les cama\u00adrades dis\u00adpa\u00adrus&nbsp;; ce n\u2019\u00e9tait pas son habi\u00adtude \u00e0 lui&nbsp;: cha\u00adcun de nous pos\u00ads\u00e8de des d\u00e9fauts, pr\u00e9\u00adsente des fai\u00adblesses, <u>Paul aus\u00adsi<\/u>. Entra\u00ee\u00adn\u00e9 par sa logique, par la fougue de son carac\u00adt\u00e8re, il \u00e9tait capable de n\u00e9gli\u00adger des choses aus\u00adsi n\u00e9ces\u00adsaires dans une vie mili\u00adtante qu\u2019une ami\u00adti\u00e9, une sou\u00adplesse, une atti\u00adtude \u00e9thique irr\u00e9\u00adpro\u00adchable. M\u00eame dans le mili\u00adtan\u00adtisme, il se conten\u00adtait sou\u00advent de tra\u00adcer des pers\u00adpec\u00adtives, de pr\u00e9\u00adsen\u00adter des id\u00e9es g\u00e9n\u00e9\u00adrales, des pos\u00adsi\u00adbi\u00adli\u00adt\u00e9s, d\u2019avancer devant les autres\u2026 sans se sou\u00adcier de l\u2019application, de la r\u00e9a\u00adli\u00adsa\u00adtion, de l\u2019organisation de ces m\u00eames id\u00e9es, du tra\u00advail quo\u00adti\u00addien et ingrat. Il devait sou\u00advent \u00eatre secon\u00add\u00e9, asso\u00adci\u00e9 \u00e0 un autre cama\u00adrade (il avait d\u2019ailleurs le sens de la cama\u00adra\u00adde\u00adrie) pour qu\u2019une t\u00e2che soit bien ter\u00admi\u00adn\u00e9e. Mais ce qui \u00e9tait <u>le plus inqui\u00e9\u00adtant<\/u>, c\u2019est que ces der\u00adniers mois, ces der\u00adni\u00e8res ann\u00e9es m\u00eame, il \u00e9tait sub\u00admer\u00adg\u00e9 de tra\u00advail pro\u00adfes\u00adsion\u00adnel, d\u2019activit\u00e9s mili\u00adtantes absor\u00adbantes (et en m\u00eame temps tou\u00adjours jug\u00e9es insuf\u00adfi\u00adsantes pour lui-m\u00eame), c\u2019est que ses nerfs mis \u00e0 l\u2019\u00e9preuve d\u00e8s son jeune \u00e2ge \u00e9taient constam\u00adment ten\u00addus. Ses amis essayaient de le conseiller, de le m\u00e9na\u00adger, de lui cr\u00e9er des ins\u00adtants d\u2019accalmie\u2026 mais sou\u00advent sans r\u00e9sul\u00adtat&nbsp;: il br\u00fb\u00adlait comme une flamme, comme s\u2019il \u00e9tait pres\u00ads\u00e9 de consu\u00admer sa vie. Son acci\u00addent absurde a d\u2019ailleurs pro\u00adba\u00adble\u00adment la m\u00eame ori\u00adgine, un arc trop ten\u00addu qui&nbsp;casse.<\/p>\n<p>C\u2019est pour la m\u00eame rai\u00adson que nous, \u00e0 <u>Noir et Rouge<\/u>, n\u2019avons pas r\u00e9pon\u00addu \u00e0 la petite annonce qu\u2019il avait fait ins\u00e9\u00adrer il y a un an dans le Monde Liber\u00adtaire et qui vou\u00adlait dis\u00adcr\u00e9\u00addi\u00adter nos cahiers. Sur ce point, il faut pr\u00e9\u00adci\u00adser que Paul a par\u00adti\u00adci\u00adp\u00e9 d\u00e8s le d\u00e9but au tra\u00advail de Noir et Rouge (l\u2019\u00e9dito du n\u00b0&nbsp;1, octobre 1955, est de lui)&nbsp;; apr\u00e8s un tra\u00advail com\u00admun d\u2019environ 6 ans, nous nous sommes s\u00e9pa\u00adr\u00e9s sur le plan mili\u00adtant pour des rai\u00adsons pure\u00adment tac\u00adtiques (nos concep\u00adtions id\u00e9o\u00adlo\u00adgiques ont tou\u00adjours \u00e9t\u00e9 iden\u00adtiques). C\u2019est ain\u00adsi qu\u2019il a par\u00adti\u00adci\u00adp\u00e9, avec le groupe Krons\u00adtadt, au regrou\u00adpe\u00adment anar\u00adchiste-com\u00admu\u00adniste au sein de la FA fran\u00ad\u00e7aise. C\u2019est son der\u00adnier apport posi\u00adtif au mou\u00adve\u00adment libertaire.<\/p>\n<p>Ce qui est regret\u00adtable, c\u2019est que tra\u00advail id\u00e9o\u00adlo\u00adgique, orga\u00adni\u00adsa\u00adtion\u00adnel, tac\u00adtique, de r\u00e9no\u00adva\u00adtion du mou\u00adve\u00adment liber\u00adtaire soit \u00e0 peine \u00e9bau\u00adch\u00e9&nbsp;; et que nous tous, nous ayons encore besoin de&nbsp;Paul.<\/p>\n<p>Ce qui est p\u00e9nible, c\u2019est qu\u2019il y a quelques jours, nous \u00e9tions debout, chan\u00adtant l\u2019Internationale, devant son cer\u00adcueil recou\u00advert d\u2019un dra\u00adpeau libertaire.<\/p>\n<p>[\/\u200bTh\u00e9o (23 octobre 1962)\/]<\/p>\n<\/div>\n","protected":false},"excerpt":{"rendered":"<p>Paul Zor\u00adkine est&nbsp;mort. Il est dif\u00adfi\u00adcile de cacher, d\u2019\u00e9touffer la dou\u00adleur devant cette mort absurde \u2013 acci\u00addent de voi\u00adture \u2013 d\u2019un cama\u00adrade encore jeune \u2013 41 ans \u2013 plein d\u2019une telle vita\u00adli\u00adt\u00e9, d\u2019une telle richesse, d\u2019une telle pro\u00admesse. Le cama\u00adrade Rol\u00adland, dans le Monde Liber\u00adtaire d\u2019octobre 1962 a d\u00e9j\u00e0 pr\u00e9\u00adsen\u00adt\u00e9 sa vie, bref et \u00e9clatant&nbsp;[\u2026]<\/p>\n","protected":false},"author":1,"featured_media":0,"comment_status":"closed","ping_status":"closed","sticky":false,"template":"","format":"standard","meta":{"wp_typography_post_enhancements_disabled":false,"footnotes":""},"categories":[437],"tags":[],"ppma_author":[540],"class_list":["post-3613","post","type-post","status-publish","format-standard","hentry","category-noir-rouge-na22-octobre-novembre-1962"],"authors":[{"term_id":540,"user_id":1,"is_guest":0,"slug":"admin_3gikpwyf","display_name":"Vincent Dubuc","avatar_url":"https:\/\/secure.gravatar.com\/avatar\/d015720652c25fd2ced191ade86430094e1f288a17483713e3b34d26dea52507?s=96&d=mm&r=g","author_category":"","user_url":"https:\/\/la-presse-anarchiste.net","last_name":"Dubuc","first_name":"Vincent","job_title":"","description":""}],"_links":{"self":[{"href":"https:\/\/la-presse-anarchiste.net\/index.php\/wp-json\/wp\/v2\/posts\/3613","targetHints":{"allow":["GET"]}}],"collection":[{"href":"https:\/\/la-presse-anarchiste.net\/index.php\/wp-json\/wp\/v2\/posts"}],"about":[{"href":"https:\/\/la-presse-anarchiste.net\/index.php\/wp-json\/wp\/v2\/types\/post"}],"author":[{"embeddable":true,"href":"https:\/\/la-presse-anarchiste.net\/index.php\/wp-json\/wp\/v2\/users\/1"}],"replies":[{"embeddable":true,"href":"https:\/\/la-presse-anarchiste.net\/index.php\/wp-json\/wp\/v2\/comments?post=3613"}],"version-history":[{"count":0,"href":"https:\/\/la-presse-anarchiste.net\/index.php\/wp-json\/wp\/v2\/posts\/3613\/revisions"}],"wp:attachment":[{"href":"https:\/\/la-presse-anarchiste.net\/index.php\/wp-json\/wp\/v2\/media?parent=3613"}],"wp:term":[{"taxonomy":"category","embeddable":true,"href":"https:\/\/la-presse-anarchiste.net\/index.php\/wp-json\/wp\/v2\/categories?post=3613"},{"taxonomy":"post_tag","embeddable":true,"href":"https:\/\/la-presse-anarchiste.net\/index.php\/wp-json\/wp\/v2\/tags?post=3613"},{"taxonomy":"author","embeddable":true,"href":"https:\/\/la-presse-anarchiste.net\/index.php\/wp-json\/wp\/v2\/ppma_author?post=3613"}],"curies":[{"name":"wp","href":"https:\/\/api.w.org\/{rel}","templated":true}]}}