{"id":3620,"date":"2014-03-26T14:08:46","date_gmt":"2014-03-26T14:08:46","guid":{"rendered":"https:\/\/la-presse-anarchiste.net\/index.php\/2014\/03\/26\/lopus-dei\/"},"modified":"2014-03-26T14:08:46","modified_gmt":"2014-03-26T14:08:46","slug":"lopus-dei","status":"publish","type":"post","link":"https:\/\/la-presse-anarchiste.net\/index.php\/2014\/03\/26\/lopus-dei\/","title":{"rendered":"L\u2019Opus dei"},"content":{"rendered":"<div class=\"pdfprnt-buttons pdfprnt-buttons-post pdfprnt-top-right\"><a href=\"https:\/\/la-presse-anarchiste.net\/index.php\/wp-json\/wp\/v2\/posts\/3620?print=pdf\" class=\"pdfprnt-button pdfprnt-button-pdf\" target=\"_blank\"><img decoding=\"async\" src=\"https:\/\/la-presse-anarchiste.net\/wp-content\/plugins\/pdf-print\/images\/pdf.png\" alt=\"image_pdf\" title=\"Afficher le PDF\"><\/a><a href=\"https:\/\/la-presse-anarchiste.net\/index.php\/wp-json\/wp\/v2\/posts\/3620?print=print\" class=\"pdfprnt-button pdfprnt-button-print\" target=\"_blank\"><img decoding=\"async\" src=\"https:\/\/la-presse-anarchiste.net\/wp-content\/plugins\/pdf-print\/images\/print.png\" alt=\"image_print\" title=\"Contenu imprim\u00e9\"><\/a><\/div><div align=\"justify\">\n<p>Cet article est ins\u00adpi\u00adr\u00e9 d\u2019un docu\u00adment four\u00adni par le CARE[[Comit\u00e9 d\u2019Aide \u00e0 la R\u00e9sis\u00adtance Espa\u00adgnole \u2013 M<sup>me<\/sup>&nbsp;Audry, ccp Paris 18.654\u200a\u2013\u200a23&nbsp;; 20 rue du Rame\u00adlagh-16<sup>e<\/sup>.]].<\/p>\n<h2>Origines<\/h2>\n<p>La \u00ab&nbsp;Soci\u00e9\u00adt\u00e9 sacer\u00addo\u00adtale de la Sainte Croix et de l\u2019Opus Dei&nbsp;\u00bb, fon\u00add\u00e9e par le P\u00e8re Jos\u00e9 Maria Escriv\u00e0 de Bala\u00adguer, en 1928, fut approu\u00adv\u00e9e cano\u00adni\u00adque\u00adment par le Saint-Si\u00e8ge, par le d\u00e9cret \u00ab&nbsp;Pri\u00admum inter ins\u00adti\u00adtu\u00adta&nbsp;\u00bb, le 16 juin 1950 comme ins\u00adti\u00adtu\u00adtion s\u00e9cu\u00adli\u00e8re de l\u2019\u00c9glise. L\u2019objectif de cette ins\u00adti\u00adtu\u00adtion est \u00ab&nbsp;d\u2019atteindre la per\u00adfec\u00adtion chr\u00e9\u00adtienne et d\u2019exercer plei\u00adne\u00adment l\u2019apostolat en pra\u00adti\u00adquant dans le si\u00e8cle et au moyen du si\u00e8cle les conseils \u00e9van\u00adg\u00e9\u00adliques&nbsp;\u00bb. Une des normes secr\u00e8tes de l\u2019Opus Dei fixe comme t\u00e2che de \u00ab&nbsp;r\u00e9a\u00adli\u00adser l\u2019\u0153uvre de l\u2019apostolat au moyen de la r\u00e9no\u00adva\u00adtion de la vie chr\u00e9\u00adtienne, en la ren\u00addant authen\u00adtique&nbsp;\u00bb, et insiste sur \u00ab&nbsp;pro\u00adpa\u00adger la vie chr\u00e9\u00adtienne dans les pays o\u00f9 elle est peu d\u00e9ve\u00adlop\u00adp\u00e9e&nbsp;\u00bb. De cette mani\u00e8re, l\u2019Opus a \u00e9ta\u00adbli des antennes \u00e0 Rome, Lis\u00adbonne, Paris, Londres, New York, Chi\u00adca\u00adgo, Bue\u00adnos Aires, Mexi\u00adco, San\u00adtia\u00adgo du Chi\u00adli, etc. Au total, il compte plus de cent r\u00e9si\u00addences dans le monde entier et le \u00ab&nbsp;col\u00adl\u00e8ge romain de la Sainte Croix&nbsp;\u00bb \u00e0 Rome, o\u00f9 actuel\u00adle\u00adment suivent des \u00e9tudes de droit cano\u00adnique pr\u00e8s de 90 membres de l\u2019Opus, par\u00admi les\u00adquels seuls quelques-uns se pr\u00e9\u00adparent \u00e0 \u00eatre pr\u00eatres.<\/p>\n<p>Les membres de l\u2019Opus agissent en pri\u00adv\u00e9, et par p\u00e9riode, c\u2019est-\u00e0-dire d\u2019abord six mois, apr\u00e8s un an, deux, etc. Les trois v\u0153ux de pau\u00advre\u00adt\u00e9, ob\u00e9is\u00adsance, chas\u00adte\u00adt\u00e9, sont sui\u00advis par une cer\u00adtaine cat\u00e9\u00adgo\u00adrie et bien qu\u2019ils puissent \u00e9ga\u00adle\u00adment deve\u00adnir pr\u00eatres (il y en a quelque 50 en Espagne, \u00e0 Rome, et en Am\u00e9\u00adrique), ils m\u00e8nent une vie pro\u00adfes\u00adsion\u00adnelle abso\u00adlu\u00adment nor\u00admale, et natu\u00adrel\u00adle\u00adment, les non-pr\u00eatres s\u2019habillent en civil. Cette facul\u00adt\u00e9 de se m\u00ealer par\u00admi les gens et de pas\u00adser inaper\u00ad\u00e7u a cr\u00e9\u00e9 autour de la Com\u00adpa\u00adgnie une l\u00e9gende de mys\u00adt\u00e8re et de m\u00e9fiance, et vu ses pro\u00adc\u00e9\u00add\u00e9s, on la consi\u00add\u00e8re comme une esp\u00e8ce de franc-ma\u00e7on\u00adne\u00adrie. Son guide et aus\u00adsi sa cl\u00e9 et sa tac\u00adtique est le livre \u00ab&nbsp;Che\u00admin&nbsp;\u00bb du p\u00e8re Escriv\u00e0.<\/p>\n<h2>Fonctionnement<\/h2>\n<p>\u00c0 c\u00f4t\u00e9 des membres de la Soci\u00e9\u00adt\u00e9 qui font trois v\u0153ux (qui s\u2019appellent soci\u00e9\u00adtaires \u00ab&nbsp;super\u00adnu\u00adm\u00e9\u00adraires&nbsp;\u00bb, et qui peuvent \u00eatre pr\u00eatres ou la\u00efcs), il y a les soci\u00e9\u00adtaires \u00ab&nbsp;num\u00e9\u00adraires&nbsp;\u00bb qui ne pro\u00adnoncent pas les trois v\u0153ux et qui sont mari\u00e9s nor\u00adma\u00adle\u00adment. Ils versent des coti\u00adsa\u00adtions \u00e0 la Soci\u00e9\u00adt\u00e9 et doivent faire un mini\u00admum de pra\u00adtiques reli\u00adgieuses et de pri\u00e8res \u00e9ta\u00adblies par la Com\u00adpa\u00adgnie et se sou\u00admettre \u00e0 une dis\u00adci\u00adpline et \u00e0 la direc\u00adtion spi\u00adri\u00adtuelle de leurs pr\u00eatres. Ces soci\u00e9\u00adtaires forment en pra\u00adtique ce que les congr\u00e9\u00adga\u00adtions reli\u00adgieuses appellent le troi\u00adsi\u00e8me ordre. La Soci\u00e9\u00adt\u00e9 est diri\u00adg\u00e9e par un Conseil G\u00e9n\u00e9\u00adral qui \u00e9tait \u00e0 Madrid jusqu\u2019\u00e0 son trans\u00adfert \u00e0 Rome. Outre le Pr\u00e9\u00adsident, G\u00e9n\u00e9\u00adral et fon\u00adda\u00adteur, le p\u00e8re Escriv\u00e0, sup\u00e9\u00adrieur de l\u2019abbaye de Montserrat.<\/p>\n<h2>Buts<\/h2>\n<p>Si, face \u00e0 la r\u00e9forme pro\u00adtes\u00adtante, l\u2019espagnol Loyo\u00adla a sur\u00adgi pr\u00e9\u00adci\u00ads\u00e9\u00adment avec la Com\u00adpa\u00adgnie de J\u00e9sus, l\u2019Opus Dei, cr\u00e9a\u00adtion d\u2019un autre espa\u00adgnol, appa\u00adra\u00eet dans notre \u00e8re indus\u00adtrielle avec un nou\u00adveau style de lutte et de pro\u00ads\u00e9\u00adly\u00adtisme reli\u00adgieux la\u00efc des affaires, de l\u2019industrie et de la vie pro\u00adfes\u00adsion\u00adnelle et uni\u00adver\u00adsi\u00adtaire. Tan\u00addis que les j\u00e9suites cultivent et contr\u00f4lent depuis les centres d\u2019enseignement secon\u00addaire les familles bour\u00adgeoises, l\u2019Opus se consacre de pr\u00e9\u00adf\u00e9\u00adrence aux uni\u00adver\u00adsi\u00adtaires, et plus sp\u00e9\u00adcia\u00adle\u00adment \u00e0 ceux qui suivent les car\u00adri\u00e8res tech\u00adniques, comme les ing\u00e9\u00adnieurs, les m\u00e9de\u00adcins, et les archi\u00adtectes. Il faut recon\u00adna\u00eetre qu\u2019une bonne par\u00adtie de son suc\u00adc\u00e8s est due au magni\u00adfique mat\u00e9\u00adriel humain qu\u2019ils trou\u00adv\u00e8rent tout de suite apr\u00e8s la guerre civile, et dont les j\u00e9suites ne sur\u00adent pas pro\u00adfi\u00adter, absor\u00adb\u00e9s qu\u2019ils \u00e9taient par leurs vieilles formes de \u00ab&nbsp;captation&nbsp;\u00bb.<\/p>\n<h2>L\u2019Opus et l\u2019universit\u00e9<\/h2>\n<p>Cepen\u00addant, ce halo de mys\u00adt\u00e8re que les jeunes per\u00ad\u00e7oivent dans l\u2019Opus \u00e0 cause du com\u00adpor\u00adte\u00adment de ses membres, fait que les \u00e9tu\u00addiants repoussent les ten\u00adta\u00adtives de cap\u00adta\u00adtion et ne cachent pas leur hos\u00adti\u00adli\u00adt\u00e9 envers les cama\u00adrades dont on sait qu\u2019ils \u00ab&nbsp;sont de l\u2019Opus&nbsp;\u00bb. Les membres de l\u2019Opus uti\u00adlisent les chaires uni\u00adque\u00adment comme moyen pour pla\u00adcer leurs hommes, sans v\u00e9ri\u00adtable objec\u00adtif p\u00e9da\u00adgo\u00adgique, peut-\u00eatre parce que, intel\u00adlec\u00adtuel\u00adle\u00adment, ils sont plus que m\u00e9diocres, sauf quelques excep\u00adtions, dont nous avons fait men\u00adtion [[En novembre 1961 a \u00e9t\u00e9 inau\u00adgu\u00adr\u00e9 en Navarre une uni\u00adver\u00adsi\u00adt\u00e9 de l\u2019O\u00adpus en pr\u00e9\u00adsence de ministres. Il s\u2019a\u00adgit de for\u00admer \u00ab&nbsp;des mino\u00adri\u00adt\u00e9s diri\u00adgeantes choi\u00adsies pour\u2026 un ordre nou\u00adveau.]]. Leur d\u00e9sir d\u2019occuper des charges poli\u00adtiques les oblige \u00e0 aban\u00addon\u00adner les chaires. L\u2019actuel ministre du Com\u00admerce, Ullastres (aujourd\u2019hui pro\u00adfes\u00adseur \u00e0 l\u2019Universit\u00e9 de Madrid), quand il obtint la chaire d\u2019\u00c9conomie \u00e0 l\u2019Universit\u00e9 de Mur\u00adcie, ne dai\u00adgna m\u00eame pas en prendre pos\u00adses\u00adsion, ce qui lui valut d\u2019\u00eatre bl\u00e2\u00adm\u00e9 par le doyen de la facult\u00e9.<\/p>\n<p><strong><em>L\u2019O\u00adpus et l\u2019\u00e9conomie]]]<\/em><\/strong><\/p>\n<p>Direc\u00adte\u00adment, sans pos\u00ads\u00e9\u00adder de grandes pro\u00adpri\u00e9\u00adt\u00e9s agri\u00adcoles ou indus\u00adtrielles \u00e0 son nom, comme il en est g\u00e9n\u00e9\u00adra\u00adle\u00adment dans les autres ordres reli\u00adgieux, sans avoir besoin de cher\u00adcher des dons, des h\u00e9ri\u00adtages, ou des legs reli\u00adgieux, trop osten\u00adsibles et tou\u00adjours expo\u00ads\u00e9s au risque d\u2019un nou\u00adveau d\u00e9mem\u00adbre\u00adment dans un pays aux chan\u00adge\u00adments aus\u00adsi radi\u00adcaux que l\u2019Espagne, la Com\u00adpa\u00adgnie dis\u00adpose en abon\u00addance du prin\u00adci\u00adpal res\u00adsort&nbsp;: <u>l\u2019argent<\/u>. Il est curieux de consta\u00adter que, tan\u00addis que l\u2019infiltration uni\u00adver\u00adsi\u00adtaire achoppe sur des dif\u00adfi\u00adcul\u00adt\u00e9s et \u00e9veille des soup\u00ad\u00e7ons, il y ait eu beau\u00adcoup de pro\u00adgr\u00e8s, ces der\u00adniers temps, dans la cap\u00adta\u00adtion de puis\u00adsants indus\u00adtriels, poli\u00adti\u00adciens, et hommes d\u2019affaires. Tout cela explique la ver\u00adti\u00adgi\u00adneuse expan\u00adsion en spi\u00adrale de l\u2019Opus en Espagne, dont une ind\u00e9\u00adniable mani\u00adfes\u00adta\u00adtion est l\u2019actuelle prise en main des prin\u00adci\u00adpaux res\u00adsorts de l\u2019\u00e9conomie (telles les grandes banques espagnoles).<\/p>\n<p>Un aspect impor\u00adtant des acti\u00advi\u00adt\u00e9s de l\u2019Opus est consti\u00adtu\u00e9 par les soci\u00e9\u00adt\u00e9s immo\u00adbi\u00adli\u00e8res. Cer\u00adtaines sont deve\u00adnues des affaires pros\u00adp\u00e8res et sont une source des prin\u00adci\u00adpaux reve\u00adnus de l\u2019Opus. L\u2019industrie cin\u00e9\u00adma\u00adto\u00adgra\u00adphique a \u00e9t\u00e9 \u00e9ga\u00adle\u00adment tou\u00adch\u00e9e, avec des films comme la s\u00e9rie rose de Romy Schnei\u00adder, dont la mora\u00adli\u00adt\u00e9 est moins impor\u00adtante que les b\u00e9n\u00e9\u00adfices qu\u2019on en&nbsp;tire.<\/p>\n<p>Un cas int\u00e9\u00adres\u00adsant est celui de la Banque d\u2019Andorre. En th\u00e9o\u00adrie, il s\u2019agit du \u00ab&nbsp;Cr\u00e9\u00addit Andorr\u00e0&nbsp;\u00bb. L\u2019\u00e9v\u00eaque de Urgel, co-prince d\u2019Andorre, avec la France, a \u00e9t\u00e9 gagn\u00e9 par l\u2019Opus. La situa\u00adtion du pays per\u00admet le tra\u00adfic de devises, ain\u00adsi que des inva\u00adsions de capi\u00adtaux hors d\u2019Espagne. Le ministre du Com\u00admerce Ullastres couvre ces op\u00e9\u00adra\u00adtions ill\u00e9\u00adgales, puisque membre de l\u2019Opus.<\/p>\n<h2>L\u2019Opus et la culture<\/h2>\n<p>L\u2019obsession de l\u2019Opus a \u00e9t\u00e9 de com\u00adbattre \u00ab&nbsp;L\u2019Institution Libre d\u2019Enseignement&nbsp;\u00bb (foyer la\u00efc de la fin du 19<sup>e<\/sup>) et l\u2019enseignement la\u00efc ins\u00adtau\u00adr\u00e9 par la r\u00e9pu\u00adblique en&nbsp;1931.<\/p>\n<p>En 1940, le ministre de l\u2019\u00e9ducation, favo\u00adrable \u00e0 l\u2019Opus, auto\u00adrise la cr\u00e9a\u00adtion du \u00ab&nbsp;Conseil de Recherches Scien\u00adti\u00adfiques&nbsp;\u00bb qui sert de (\u2026 manque un mot) \u00e0 l\u2019Opus. Le ministre sui\u00advant, catho\u00adlique lib\u00e9\u00adral ten\u00adta de sous\u00adtraire ce centre \u00e0 l\u2019Opus, mais il \u00e9choua, et fut rem\u00adpla\u00adc\u00e9, \u00e0 cause des men\u00e9es de Car\u00adlos Serer, th\u00e9o\u00adri\u00adcien de l\u2019Opus. Car\u00adlos Serer est par\u00adti\u00adsan d\u2019un \u00ab&nbsp;Kul\u00adtur\u00adkampf&nbsp;\u00bb espa\u00adgnol, c\u2019est-\u00e0-dire, une culture diri\u00adg\u00e9e, anti\u00adcom\u00admu\u00adniste, etc. \u00ab&nbsp;Notre pays a besoin d\u2019une conscience natio\u00adnale construite sur sa foi tra\u00addi\u00adtion\u00adnelle catho\u00adlique, et il doit obte\u00adnir <u>son uni\u00adt\u00e9 spi\u00adri\u00adtuelle int\u00e9\u00adrieure<\/u> dans cette tra\u00addi\u00adtion (\u2026 cette rai\u00adson\u00adnable atti\u00adtude d\u2019\u00e9loignement n\u2019exclut pas le para\u00addoxe selon lequel l\u2019Espagne est, en revanche, pr\u00eate \u00e0 secon\u00adder tout ce qui peut sup\u00adpo\u00adser la <u>rechris\u00adtia\u00adni\u00adsa\u00adtion de l\u2019Europe par la Paix ou par la guerre<\/u>&nbsp;\u00bb (La Fuer\u00adza Crea\u00addo\u00adra de la Liber\u00adtad, page&nbsp;76).<\/p>\n<p>De plus, l\u2019O\u00adpus contr\u00f4le de nom\u00adbreuses publi\u00adca\u00adtions et \u00e9di\u00adtions de livres&nbsp;: \u201cActua\u00adli\u00addad Espa\u00f1o\u00adla, Pun\u00adta Euro\u00adpa, Dia\u00adro de Leon, Cor\u00adreo Cata\u00adlan,&nbsp;etc.\u201d<\/p>\n<p>L\u2019in\u00adqui\u00adsi\u00adtion qu\u2019\u00e9\u00adta\u00adblit l\u2019O\u00adpus \u00e9touffe les rares foyers de culture qui res\u00adtent en Espagne.<\/p>\n<h2>L\u2019Opus et la politique<\/h2>\n<p>Toutes ces man\u0153uvres secr\u00e8tes s\u2019orientent-elles vers un objec\u00adtif poli\u00adtique d\u00e9termin\u00e9&nbsp;?<\/p>\n<p>La Com\u00adpa\u00adgnie affirme sans ambages que non, ceci pour la gale\u00adrie. L\u2019Opus n\u2019a pas d\u00e9voi\u00adl\u00e9 ses buts, mais d\u2019apr\u00e8s l\u2019id\u00e9ologie com\u00admune \u00e0 ses membres, quelques conclu\u00adsions peuvent \u00eatre tir\u00e9es. M\u00e9pris des masses, culte des mino\u00adri\u00adt\u00e9s, conser\u00adva\u00adtisme. C\u2019est sur ce sch\u00e9\u00adma r\u00e9ac\u00adtion\u00adnaire et conser\u00adva\u00adteur, que se d\u00e9ve\u00adloppe une id\u00e9o\u00adlo\u00adgie orien\u00adt\u00e9e vers le cor\u00adpo\u00adra\u00adtisme, le r\u00e9for\u00admisme, afin de main\u00adte\u00adnir les pri\u00advi\u00adl\u00e8ges des castes sup\u00e9\u00adrieures. La \u201ctra\u00addi\u00adtion\u201d offre le cadre de ce r\u00e9for\u00admisme&nbsp;: la monar\u00adchie auto\u00adri\u00adtaire, la famille chr\u00e9\u00adtienne tra\u00addi\u00adtion\u00adnelle, le vil\u00adlage, la cor\u00adpo\u00adra\u00adtion m\u00e9di\u00e9\u00advale actua\u00adli\u00ads\u00e9e, les nom\u00adbreuses d\u00e9cla\u00adra\u00adtions d\u2019anticommunisme et d\u2019antiprotestantisme d\u2019Occident et d\u2019Orient, montrent que l\u2019Opus pense le 20<sup>e<\/sup> si\u00e8cle comme le 16<sup>e<\/sup>, et que les solu\u00adtions pro\u00adpo\u00ads\u00e9es sont une \u201crestruc\u00adtu\u00adra\u00adtion\u201d de l\u2019inquisition sous toutes ses formes.<\/p>\n<h2>L\u2019Opus et le gouvernement franquiste<\/h2>\n<p>L\u2019ascension de l\u2019Opus au moment o\u00f9 la Pha\u00adlange d\u00e9cline est symptomatique.<\/p>\n<p>La R\u00e9vo\u00adlu\u00adtion Natio\u00adnale Syn\u00addi\u00adcale r\u00eav\u00e9e par la Pha\u00adlange est rem\u00adpla\u00adc\u00e9e par l\u2019Espagne catho\u00adlique et tra\u00addi\u00adtion\u00adnelle. L\u2019Opus se pr\u00e9\u00adsente comme troi\u00adsi\u00e8me force entre la Pha\u00adlange et l\u2019arm\u00e9e, net\u00adte\u00adment monar\u00adchiste vers 1956. Aujourd\u2019hui, le chan\u00adge\u00adment minis\u00adt\u00e9\u00adriel de juillet, apr\u00e8s les gr\u00e8ves de cette ann\u00e9e, a ren\u00adfor\u00adc\u00e9 la posi\u00adtion de l\u2019Opus dans sa domi\u00adna\u00adtion de l\u2019industrie, c\u2019est-\u00e0-dire de ce qu\u2019il y a de plus puis\u00adsant et pro\u00adfond en Espagne.<\/p>\n<h2>Conclusion<\/h2>\n<p>Il serait trop facile de croire que la France est \u00e9par\u00adgn\u00e9e par ce fl\u00e9au. On signale des cas iso\u00adl\u00e9s d\u2019activit\u00e9s de l\u2019Opus Dei \u00e0 Paris, \u00e0 Pau. Il faut com\u00adprendre que l\u2019Opus Dei est l\u2019id\u00e9ologie de la classe pos\u00ads\u00e9\u00addante et qu\u2019elle devien\u00addra peut-\u00eatre aus\u00adsi celle du capi\u00adta\u00adlisme. Et cela est bien plus dan\u00adge\u00adreux que Teil\u00adhard de Char\u00addin, dont la revue Pla\u00adn\u00e8te montre pour\u00adtant com\u00adment on peut s\u2019en ser\u00advir pour jus\u00adti\u00adfier un futur fascisme.<\/p>\n<p>[\/\u200bDiego <sc>Saba\u00addell<\/sc>\/\u200b]<\/p>\n<h2>Bibliographie&nbsp;:<\/h2>\n<p>- Esprit, sep\u00adtembre 1956 (c\u2019est-\u00e0-dire juillet 1957).<br> \u2013 Nues\u00adtro Tiem\u00adpo, juillet 1958, Tri\u00adbu\u00adna Socia\u00adlis\u00adta, n\u00b0&nbsp;3.<br> \u2013 Canard Encha\u00ee\u00adn\u00e9 (vers 1960, date perdue).<br> \u2013 Chro\u00adnique Espagne n\u00b0&nbsp;141, 166, 168, 171, 174, 181, 185, 187, 208, 237, 246,&nbsp;247.&nbsp;<\/p><\/div>\n","protected":false},"excerpt":{"rendered":"<p>Cet article est ins\u00adpi\u00adr\u00e9 d\u2019un docu\u00adment four\u00adni par le CARE[[Comit\u00e9 d\u2019Aide \u00e0 la R\u00e9sis\u00adtance Espa\u00adgnole \u2013 Mme&nbsp;Audry, ccp Paris 18.654 \u2013 23&nbsp;; 20 rue du Rame\u00ad\u00adlagh-16<sup>e<\/sup>.]]. Ori\u00adgines La \u00ab&nbsp;Soci\u00e9\u00adt\u00e9 sacer\u00addo\u00adtale de la Sainte Croix et de l\u2019Opus Dei&nbsp;\u00bb, fon\u00add\u00e9e par le P\u00e8re Jos\u00e9 Maria Escriv\u00e0 de Bala\u00adguer, en 1928, fut approu\u00adv\u00e9e cano\u00adni\u00adque\u00adment par le Saint-Si\u00e8ge, par&nbsp;le&nbsp;[\u2026]<\/p>\n","protected":false},"author":1,"featured_media":0,"comment_status":"closed","ping_status":"closed","sticky":false,"template":"","format":"standard","meta":{"wp_typography_post_enhancements_disabled":false,"footnotes":""},"categories":[438],"tags":[],"ppma_author":[540],"class_list":["post-3620","post","type-post","status-publish","format-standard","hentry","category-noir-rouge-n23-fevrier-1963"],"authors":[{"term_id":540,"user_id":1,"is_guest":0,"slug":"admin_3gikpwyf","display_name":"Vincent Dubuc","avatar_url":"https:\/\/secure.gravatar.com\/avatar\/d015720652c25fd2ced191ade86430094e1f288a17483713e3b34d26dea52507?s=96&d=mm&r=g","author_category":"","user_url":"https:\/\/la-presse-anarchiste.net","last_name":"Dubuc","first_name":"Vincent","job_title":"","description":""}],"_links":{"self":[{"href":"https:\/\/la-presse-anarchiste.net\/index.php\/wp-json\/wp\/v2\/posts\/3620","targetHints":{"allow":["GET"]}}],"collection":[{"href":"https:\/\/la-presse-anarchiste.net\/index.php\/wp-json\/wp\/v2\/posts"}],"about":[{"href":"https:\/\/la-presse-anarchiste.net\/index.php\/wp-json\/wp\/v2\/types\/post"}],"author":[{"embeddable":true,"href":"https:\/\/la-presse-anarchiste.net\/index.php\/wp-json\/wp\/v2\/users\/1"}],"replies":[{"embeddable":true,"href":"https:\/\/la-presse-anarchiste.net\/index.php\/wp-json\/wp\/v2\/comments?post=3620"}],"version-history":[{"count":0,"href":"https:\/\/la-presse-anarchiste.net\/index.php\/wp-json\/wp\/v2\/posts\/3620\/revisions"}],"wp:attachment":[{"href":"https:\/\/la-presse-anarchiste.net\/index.php\/wp-json\/wp\/v2\/media?parent=3620"}],"wp:term":[{"taxonomy":"category","embeddable":true,"href":"https:\/\/la-presse-anarchiste.net\/index.php\/wp-json\/wp\/v2\/categories?post=3620"},{"taxonomy":"post_tag","embeddable":true,"href":"https:\/\/la-presse-anarchiste.net\/index.php\/wp-json\/wp\/v2\/tags?post=3620"},{"taxonomy":"author","embeddable":true,"href":"https:\/\/la-presse-anarchiste.net\/index.php\/wp-json\/wp\/v2\/ppma_author?post=3620"}],"curies":[{"name":"wp","href":"https:\/\/api.w.org\/{rel}","templated":true}]}}