{"id":3622,"date":"2014-03-26T14:08:42","date_gmt":"2014-03-26T14:08:42","guid":{"rendered":"https:\/\/la-presse-anarchiste.net\/index.php\/2014\/03\/26\/la-belgique-et-le-congo\/"},"modified":"2014-03-26T14:08:42","modified_gmt":"2014-03-26T14:08:42","slug":"la-belgique-et-le-congo","status":"publish","type":"post","link":"https:\/\/la-presse-anarchiste.net\/index.php\/2014\/03\/26\/la-belgique-et-le-congo\/","title":{"rendered":"La Belgique et le&nbsp;Congo"},"content":{"rendered":"<div class=\"pdfprnt-buttons pdfprnt-buttons-post pdfprnt-top-right\"><a href=\"https:\/\/la-presse-anarchiste.net\/index.php\/wp-json\/wp\/v2\/posts\/3622?print=pdf\" class=\"pdfprnt-button pdfprnt-button-pdf\" target=\"_blank\"><img decoding=\"async\" src=\"https:\/\/la-presse-anarchiste.net\/wp-content\/plugins\/pdf-print\/images\/pdf.png\" alt=\"image_pdf\" title=\"Afficher le PDF\"><\/a><a href=\"https:\/\/la-presse-anarchiste.net\/index.php\/wp-json\/wp\/v2\/posts\/3622?print=print\" class=\"pdfprnt-button pdfprnt-button-print\" target=\"_blank\"><img decoding=\"async\" src=\"https:\/\/la-presse-anarchiste.net\/wp-content\/plugins\/pdf-print\/images\/print.png\" alt=\"image_print\" title=\"Contenu imprim\u00e9\"><\/a><\/div><div align=\"justify\">\n<p>[(Nous avons re\u00e7u une lettre d\u2019un cama\u00adrade de Bruxelles nous don\u00adnant des infor\u00adma\u00adtions int\u00e9\u00adres\u00adsantes. Nous les publions telles quelles, en tant qu\u2019article.)]<br>\n<\/p>\n<p>D\u00e8s avant l\u2019ind\u00e9pendance du Congo, j\u2019ai tenu \u00e0 infor\u00admer objec\u00adti\u00adve\u00adment les cama\u00adrades d\u2019autres pays au sujet des pro\u00adbl\u00e8mes poli\u00adtiques qui se posaient au Congo. Ce que j\u2019exposerai ici (en guise de pr\u00e9\u00adface \u00e0 d\u2019autres \u00e9tudes \u00e0 ce sujet) est fon\u00add\u00e9 sur des entre\u00adtiens que j\u2019eus avec des \u00e9tu\u00addiants congo\u00adlais (plus de 2&nbsp;000 bour\u00adsiers actuel\u00adle\u00adment en Bel\u00adgique) et sur les d\u00e9cla\u00adra\u00adtions de l\u2019ancien chef de cabi\u00adnet de Lumumba.&nbsp;<\/p>\n<p>Le Congo \u00e9tait d\u00e9j\u00e0 un \u00ab&nbsp;\u00c9tat ind\u00e9\u00adpen\u00addant&nbsp;\u00bb jusqu\u2019en 1908, sous la dic\u00adta\u00adture, \u00e0 vrai dire f\u00e9roce, du roi L\u00e9o\u00adpold II, et apr\u00e8s cette ann\u00e9e, sous la dic\u00adta\u00adture du minis\u00adt\u00e8re des Colo\u00adnies. Les dif\u00adf\u00e9\u00adrents \u00ab&nbsp;conseils&nbsp;\u00bb, tant au Congo qu\u2019en Bel\u00adgique, \u00e9taient pure\u00adment consul\u00adta\u00adtifs. Ces conseils \u00e9taient com\u00adpo\u00ads\u00e9s prin\u00adci\u00adpa\u00adle\u00adment de \u00ab&nbsp;mon\u00adsei\u00adgneurs&nbsp;\u00bb et de repr\u00e9\u00adsen\u00adtants des trusts qui domi\u00adnaient tout l\u2019\u00e9difice \u00e9co\u00adno\u00admique du Congo. C\u2019est prin\u00adci\u00adpa\u00adle\u00adment l\u2019\u00c9glise, le Vati\u00adcan, qui a vou\u00adlu l\u2019ind\u00e9pendance totale du Congo, sur\u00adtout depuis qu\u2019un ministre lib\u00e9\u00adral et franc-ma\u00e7on avait ins\u00adtal\u00adl\u00e9 des \u00e9coles d\u2019\u00c9tat, non confes\u00adsion\u00adnelles, au Congo. Les Kasa Vubu, Adou\u00adla Il\u00e9o, Mobou\u00adtou, etc. sont des fils \u00ab&nbsp;d\u00e9vou\u00e9s&nbsp;\u00bb de l\u2019\u00c9glise romaine. Bom\u00adbo\u00adko, l\u2019actuel ministre des Affaires est \u00e0 peu pr\u00e8s le seul libre-pen\u00adseur, ancien \u00e9tu\u00addiant de l\u2019Universit\u00e9 libre de Bruxelles.<\/p>\n<p>Il faut noter \u00e9ga\u00adle\u00adment qu\u2019en 1908 les d\u00e9pu\u00adt\u00e9s socia\u00adlistes n\u2019ont accor\u00add\u00e9 leur voix \u00e0 la r\u00e9forme consti\u00adtu\u00adtion\u00adnelle, qui accep\u00adtait la tutelle sur le Congo, \u00e0 la condi\u00adtion qu\u2019aucun mili\u00adcien ne f\u00fbt jamais envoy\u00e9 l\u00e0-bas. En 1959 et 1960, ce ne furent pas seule\u00adment les catho\u00adliques (envi\u00adron 45&nbsp;% des \u00e9lec\u00adteurs belges), mais aus\u00adsi les socia\u00adlistes, et avant tout les jeunes gardes socia\u00adlistes, ain\u00adsi que tous les \u00e9l\u00e9\u00adments dits de gauche qui se sont oppo\u00ads\u00e9s \u00e0 cr\u00e9er un corps exp\u00e9\u00addi\u00adtion\u00adnaire au Congo. Les para\u00adchu\u00adtistes qui y furent envoy\u00e9s en juillet 1961, apr\u00e8s l\u2019\u00e9meute de la \u00ab&nbsp;Force publique&nbsp;\u00bb \u00e9taient tous des volon\u00adtaires de m\u00eame que les \u00ab&nbsp;mer\u00adce\u00adnaires&nbsp;\u00bb aux\u00adquels fit appel Tshom\u00adb\u00e9. Toutes ces condi\u00adtions font qu\u2019il n\u2019y a jamais eu rup\u00adture effec\u00adtive entre le Congo et la Bel\u00adgique. Les rap\u00adports se re-nor\u00adma\u00adlisent petit \u00e0&nbsp;petit.<\/p>\n<p>Tels sont les faits. Ce qui s\u2019est pas\u00ads\u00e9 dans la cou\u00adlisse, dont je ne connais qu\u2019une par\u00adtie, devra un jour expli\u00adquer tout ce qui s\u2019est \u00e9car\u00adt\u00e9 du sch\u00e9\u00adma que je viens de tra\u00adcer. D\u00e8s qu\u2019il s\u2019av\u00e9rait que la Bel\u00adgique allait \u00ab&nbsp;l\u00e2cher le Congo&nbsp;\u00bb, des \u00ab&nbsp;vents variables&nbsp;\u00bb de toutes les direc\u00adtions se sont lev\u00e9s pour y mener leurs intrigues, toutes \u00e9ga\u00adle\u00adment sor\u00addides, d\u2019o\u00f9 le cyclone&nbsp;: les Am\u00e9\u00adri\u00adcains redou\u00adtaient la concur\u00adrence du cuivre katan\u00adgais, et auraient bien sou\u00adhai\u00adt\u00e9 la fer\u00adme\u00adture des usines du Katan\u00adga, au besoin en les bom\u00adbar\u00addant&nbsp;; les Hin\u00addous vou\u00adlaient y ins\u00adtal\u00adler un mil\u00adlion de \u00ab&nbsp;coo\u00adlies&nbsp;\u00bb, l\u2019\u00c9gypte nas\u00ads\u00e9\u00adrienne se fit le sou\u00adtien du lou\u00admoum\u00adbisme&nbsp;; le Gha\u00adna de Nkru\u00admah s\u2019en m\u00ealait, etc.<\/p>\n<p>Bien que sachant que l\u2019ONU est un syn\u00addi\u00adcat de gou\u00adver\u00adne\u00adments, je n\u2019h\u00e9siterais pas, au d\u00e9but de juillet 1960, d\u2019applaudir l\u2019intrusion de l\u2019Organisation mon\u00addiale dans les affaires congo\u00adlaises. C\u2019\u00e9tait le moindre mal, en \u00e9gard sur\u00adtout au dan\u00adger de l\u2019\u00e9clatement de guerres tri\u00adbales \u2013 ce dan\u00adger \u00e9tait bien connu ici en Bel\u00adgique \u2013 non seule\u00adment entre Lulua et Balua, mais qui auraient oppo\u00ads\u00e9 en quelques jours les nom\u00adbreuses tri\u00adbus du Congo \u00e0 l\u2019extermination r\u00e9ciproque.<\/p>\n<p>Que d\u2019autre part, et non seule\u00adment \u00e0 cause de toutes ces intrigues, cha\u00adcun y a per\u00addu des plumes, c\u2019\u00e9tait pr\u00e9\u00advu \u00e9ga\u00adle\u00adment&nbsp;: l\u2019ONU d\u2019abord, y a per\u00addu sa r\u00e9pu\u00adta\u00adtion, a \u00e9t\u00e9 obli\u00adg\u00e9 de se d\u00e9mas\u00adquer, les hin\u00addous, les \u00c9thio\u00adpiens, les Am\u00e9\u00adri\u00adcains, les Belges (catho\u00adliques sur\u00adtout, qui avaient esp\u00e9\u00adr\u00e9 conti\u00adnuer leur domi\u00adna\u00adtion par l\u2019interm\u00e9diaire des cat\u00e9\u00adchi\u00ads\u00e9s congo\u00adlais), etc.<\/p>\n<p>Lumum\u00adba devait mou\u00adrir parce qu\u2019il vou\u00adlait la\u00ef\u00adci\u00adser le Congo. Il \u00e9tait plu\u00adt\u00f4t lib\u00e9\u00adral (comme Combes ou Gam\u00adbet\u00adta en France) que com\u00admu\u00adniste&nbsp;; il n\u2019y avait pas, \u00e0 vrai dire, de com\u00admu\u00adnistes congolais.<\/p>\n<p>Lumum\u00adba vou\u00adlait trans\u00adfor\u00admer l\u2019Universit\u00e9 catho\u00adlique \u00ab&nbsp;Lova\u00adnium&nbsp;\u00bb suc\u00adcur\u00adsale de l\u2019Universit\u00e9 catho\u00adlique de Lou\u00advain, en Uni\u00adver\u00adsi\u00adt\u00e9 d\u2019\u00c9tat. Cette rai\u00adson, \u00e0 c\u00f4t\u00e9 de nom\u00adbreuses autres, aurait \u00e9t\u00e9 une rai\u00adson suf\u00adfi\u00adsante pour l\u2019\u00e9carter \u00ab&nbsp;par tous les moyens&nbsp;\u00bb.<\/p>\n<p>C\u2019est deux mois avant l\u2019ind\u00e9pendance com\u00adpl\u00e8te que le vice-pr\u00e9\u00adsident du par\u00adti de Lumum\u00adba, le sinistre Nen\u00adda\u00adka, actuel\u00adle\u00adment le chef tout puis\u00adsant de la police d\u2019\u00c9tat du Congo, est venu prendre ses ins\u00adtruc\u00adtions et apprendre sa le\u00e7on, ici, \u00e0 Bruxelles. Par\u00admi ces ins\u00adtruc\u00adtions, figu\u00adrait celle d\u2019op\u00e9rer la scis\u00adsion dans le par\u00adti de Lumum\u00adba, afin d\u2019emp\u00eacher Lumum\u00adba de prendre le pou\u00advoir. La man\u0153uvre ayant \u00e9chou\u00e9 par\u00adtiel\u00adle\u00adment, parce que enta\u00adm\u00e9e trop tard, il ne res\u00adtait qu\u2019une seule alter\u00adna\u00adtive&nbsp;: tuer Lumumba\u2026<\/p>\n<p>L\u2019\u00c9glise compte encore tou\u00adjours exer\u00adcer une dic\u00adta\u00adture ouverte ou occulte au Congo&nbsp;; elle a d\u00e9j\u00e0 obte\u00adnu que tout l\u2019enseignement lui soit confi\u00e9. Elle estime qu\u2019elle a bien com\u00admis cer\u00adtaines erreurs de tac\u00adtique, mais que rien n\u2019est per\u00addu pour y ins\u00adtal\u00adler sa dic\u00adta\u00adture \u00e0 elle. En effet, les prin\u00adci\u00adpaux intel\u00adlec\u00adtuels du Congo sont des pr\u00eatres noirs, par\u00admi les\u00adquels il y a d\u00e9j\u00e0 une dizaine de mon\u00adsei\u00adgneurs, et des types sor\u00adtis de leurs s\u00e9mi\u00adnaires, dont le Pr\u00e9\u00adsident Kasa&nbsp;Vubu\u2026<\/p>\n<p>Les \u00ab&nbsp;assis\u00adtants tech\u00adniques&nbsp;\u00bb four\u00adnis par la Bel\u00adgique, sont tri\u00e9s sur le volet&nbsp;; la pr\u00e9\u00adf\u00e9\u00adrence est tou\u00adjours don\u00adn\u00e9e \u00e0 des catho\u00adliques&nbsp;: c\u2019est le cabi\u00adnet de Kasa Vubu qui les choi\u00adsit sur une liste com\u00admu\u00adni\u00adqu\u00e9e par le gou\u00adver\u00adne\u00adment belge. Il est clair que par ce fait, les trusts belges se sentent ras\u00adsu\u00adr\u00e9s. L\u2019on a confi\u00e9 \u00ab&nbsp;le main\u00adtien de l\u2019ordre&nbsp;\u00bb, au sabre onu\u00adsien, le gou\u00adpillon et le capi\u00adtal se ren\u00adforcent entre-temps, et se lavant les mains, se refont une virginit\u00e9.<\/p>\n<p>J\u2019ai oubli\u00e9 de signa\u00adler dans mon pr\u00e9\u00adam\u00adbule, que d\u00e8s l\u2019origine de la domi\u00adna\u00adtion capi\u00adta\u00adliste belge, il a \u00e9t\u00e9 entendu&nbsp;:<\/p>\n<p>1.\tque la Bel\u00adgique s\u2019occupait du Congo pour \u00ab&nbsp;civi\u00adli\u00adser les n\u00e8gres&nbsp;\u00bb \u2013 j\u2019ai enten\u00addu cela d\u00e8s l\u2019\u00e9cole pri\u00admaire \u2013 mais cela signi\u00adfiait exac\u00adte\u00adment et s\u2019\u00e9tait \u00e9crit dans la \u00ab&nbsp;charte colo\u00adniale&nbsp;\u00bb que par civi\u00adli\u00adsa\u00adtion on enten\u00addait la \u00ab&nbsp;civi\u00adli\u00adsa\u00adtion chr\u00e9\u00adtienne&nbsp;\u00bb. Ce fut le <u>but unique<\/u> de tous ceux qui ont jamais eu quelque chose \u00e0 dire au Congo. Et nous savons que civi\u00adli\u00adsa\u00adtion chr\u00e9\u00adtienne a tou\u00adjours vou\u00adlu dire&nbsp;: sujets tr\u00e8s sou\u00admis de la th\u00e9o\u00adcra\u00adtie romaine, tra\u00advaillant \u00e0 la sueur de leur front afin d\u2019enrichir leurs ma\u00eetres, ins\u00adtru\u00adments de&nbsp;Dieu.<\/p>\n<p>2.\tque les colons ne pou\u00advaient pas s\u2019installer au Congo&nbsp;; les rares per\u00adsonnes qui l\u2019ont ris\u00adqu\u00e9 devaient ver\u00adser une garan\u00adtie de 50&nbsp;000 francs au gou\u00adver\u00adne\u00adment belge, avant d\u2019obtenir leurs papiers et prendre tout \u00e0 leurs frais et risques. Le Congo n\u2019a jamais \u00e9t\u00e9 une colo\u00adnie de peu\u00adple\u00adment. Les blancs qui s\u2019y ren\u00addaient \u00e9taient tous des mis\u00adsion\u00adnaires ou des admi\u00adnis\u00adtra\u00adteurs&nbsp;; les pre\u00admiers d\u00e9pen\u00addaient direc\u00adte\u00adment du Vati\u00adcan, les seconds rece\u00advaient leurs ins\u00adtruc\u00adtions de la dic\u00adta\u00adture du minis\u00adt\u00e8re des Colo\u00adnies ou des trusts. Les blancs qui ne fai\u00adsaient pas par\u00adtie de ces deux classes, \u00e9taient sur\u00adveill\u00e9s et n\u2019avaient aucun droit, sauf celui d\u2019exploiter les&nbsp;Noirs.<\/p>\n<p>Aujourd\u2019hui, Spaak est \u00e0 New York. Il veut s\u2019arranger avec les Am\u00e9\u00adri\u00adcains ins\u00adpi\u00adr\u00e9s par les Anglais, afin de consti\u00adtuer un front com\u00admun bel\u00adgo-anglo-saxon et de faire en sorte que l\u2019ONU puisse se reti\u00adrer du Congo, sans perte de pres\u00adtige. Il n\u2019est pas impos\u00adsible qu\u2019on \u00e9la\u00adbore une f\u00e9d\u00e9\u00adra\u00adtion un peu sp\u00e9\u00adciale, faite de tout l\u2019ancien Congo belge et de la Rho\u00add\u00e9\u00adsie du Nord (plus peut-\u00eatre le Tan\u00adga\u00adnyi\u00adka), qui consti\u00adtue\u00adrait une sorte de \u00ab&nbsp;Mar\u00adch\u00e9 Com\u00admun&nbsp;\u00bb au c\u0153ur de l\u2019Afrique. Ce sont ces pays qui sont de tr\u00e8s loin, les pays les plus riches, poten\u00adtiel\u00adle\u00adment, de tout le conti\u00adnent africain.<\/p>\n<p>Le concile romain se pr\u00e9\u00adoc\u00adcupe \u00e9ga\u00adle\u00adment du pro\u00adbl\u00e8me des mis\u00adsions qui ont, sur beau\u00adcoup de points du globe, subi des \u00e9checs reten\u00adtis\u00adsants&nbsp;; il y est ques\u00adtion de tra\u00advailler dor\u00e9\u00adna\u00advant la main dans la main avec les mis\u00adsions pro\u00adtes\u00adtantes. L\u2019\u0153cum\u00e9nisme se r\u00e9a\u00adli\u00adse\u00adrait ain\u00adsi par le bas, d\u2019abord.<\/p>\n<p>Ils ont toutes chances de r\u00e9us\u00adsir au Congo pour la rai\u00adson bien simple que les tri\u00adbus congo\u00adlaises sont encore livr\u00e9es aux super\u00adsti\u00adtions et qu\u2019on ne peut ima\u00adgi\u00adner un Noir deve\u00adnir un ath\u00e9e. Des \u00e9tu\u00addiants noirs de l\u2019Universit\u00e9 libre de Bruxelles, libre-exa\u00admi\u00adniste et franc-ma\u00e7onne, par\u00adcourent ici les bou\u00adqui\u00adne\u00adries, \u00e0 la recherche d\u2019ouvrages sur la magie et les sciences occultes. Il fau\u00addra des dizaines d\u2019ann\u00e9es, avant qu\u2019ils atteignent le niveau de culture de la moyenne de nos populations.<\/p>\n<p>Je ne doute cepen\u00addant pas qu\u2019ils y par\u00advien\u00addront car les Noirs du Congo, des Ban\u00adtous et des Bakon\u00adgos en majo\u00adri\u00adt\u00e9, sont des types tr\u00e8s intel\u00adli\u00adgents et dans le fond, sans pr\u00e9\u00adju\u00adg\u00e9s. Tous les bou\u00adle\u00adver\u00adse\u00adments aux\u00adquels ils assistent, ne font qu\u2019aiguiser leur esprit, et des influences de toutes sortes jouent pour leur faire com\u00adprendre que les \u00ab&nbsp;P\u00e8res&nbsp;\u00bb et les \u00ab&nbsp;Mon\u00adsei\u00adgneurs&nbsp;\u00bb ne leur ont pas tout dit et qu\u2019il y a encore \u00e9nor\u00adm\u00e9\u00adment \u00e0 apprendre de ces sacr\u00e9s blancs. Une autre carac\u00adt\u00e9\u00adris\u00adtique des Noirs du Congo apr\u00e8s leur intel\u00adli\u00adgence, est l\u2019absence d\u2019esprit de ran\u00adcune ou de ven\u00adgeance&nbsp;; ils sont bon copains, mais ils sont volages, chan\u00adgeant leur fusil d\u2019\u00e9paule avec une d\u00e9sin\u00advol\u00adture d\u00e9con\u00adcer\u00adtante, n\u2019ayant jamais peur de se contre\u00addire, d\u2019une heure \u00e0 l\u2019autre, et pre\u00adnant la vie tou\u00adjours du bon&nbsp;c\u00f4t\u00e9\u2026<\/p>\n<p>Cette note est deve\u00adnue plus longue que je n\u2019avais vou\u00adlu, je m\u2019en excuse. Il fau\u00addra encore reve\u00adnir \u00e0 cette question.<\/p>\n<p>[\/\u200bJ. D.&nbsp;S.\/]&nbsp;<\/p><\/div>\n","protected":false},"excerpt":{"rendered":"<p>[(Nous avons re\u00e7u une lettre d\u2019un cama\u00adrade de Bruxelles nous don\u00adnant des infor\u00adma\u00adtions int\u00e9\u00adres\u00adsantes. Nous les publions telles quelles, en tant qu\u2019article.)] D\u00e8s avant l\u2019ind\u00e9pendance du Congo, j\u2019ai tenu \u00e0 infor\u00admer objec\u00adti\u00adve\u00adment les cama\u00adrades d\u2019autres pays au sujet des pro\u00adbl\u00e8mes poli\u00adtiques qui se posaient au Congo. Ce que j\u2019exposerai ici (en guise de pr\u00e9\u00adface&nbsp;\u00e0&nbsp;[\u2026]<\/p>\n","protected":false},"author":1,"featured_media":0,"comment_status":"closed","ping_status":"closed","sticky":false,"template":"","format":"standard","meta":{"wp_typography_post_enhancements_disabled":false,"footnotes":""},"categories":[438],"tags":[],"ppma_author":[540],"class_list":["post-3622","post","type-post","status-publish","format-standard","hentry","category-noir-rouge-n23-fevrier-1963"],"authors":[{"term_id":540,"user_id":1,"is_guest":0,"slug":"admin_3gikpwyf","display_name":"Vincent Dubuc","avatar_url":"https:\/\/secure.gravatar.com\/avatar\/d015720652c25fd2ced191ade86430094e1f288a17483713e3b34d26dea52507?s=96&d=mm&r=g","author_category":"","user_url":"https:\/\/la-presse-anarchiste.net","last_name":"Dubuc","first_name":"Vincent","job_title":"","description":""}],"_links":{"self":[{"href":"https:\/\/la-presse-anarchiste.net\/index.php\/wp-json\/wp\/v2\/posts\/3622","targetHints":{"allow":["GET"]}}],"collection":[{"href":"https:\/\/la-presse-anarchiste.net\/index.php\/wp-json\/wp\/v2\/posts"}],"about":[{"href":"https:\/\/la-presse-anarchiste.net\/index.php\/wp-json\/wp\/v2\/types\/post"}],"author":[{"embeddable":true,"href":"https:\/\/la-presse-anarchiste.net\/index.php\/wp-json\/wp\/v2\/users\/1"}],"replies":[{"embeddable":true,"href":"https:\/\/la-presse-anarchiste.net\/index.php\/wp-json\/wp\/v2\/comments?post=3622"}],"version-history":[{"count":0,"href":"https:\/\/la-presse-anarchiste.net\/index.php\/wp-json\/wp\/v2\/posts\/3622\/revisions"}],"wp:attachment":[{"href":"https:\/\/la-presse-anarchiste.net\/index.php\/wp-json\/wp\/v2\/media?parent=3622"}],"wp:term":[{"taxonomy":"category","embeddable":true,"href":"https:\/\/la-presse-anarchiste.net\/index.php\/wp-json\/wp\/v2\/categories?post=3622"},{"taxonomy":"post_tag","embeddable":true,"href":"https:\/\/la-presse-anarchiste.net\/index.php\/wp-json\/wp\/v2\/tags?post=3622"},{"taxonomy":"author","embeddable":true,"href":"https:\/\/la-presse-anarchiste.net\/index.php\/wp-json\/wp\/v2\/ppma_author?post=3622"}],"curies":[{"name":"wp","href":"https:\/\/api.w.org\/{rel}","templated":true}]}}