{"id":3637,"date":"2014-03-30T09:35:50","date_gmt":"2014-03-30T09:35:50","guid":{"rendered":"https:\/\/la-presse-anarchiste.net\/index.php\/2014\/03\/30\/avant-courrier\/"},"modified":"2014-03-30T09:35:50","modified_gmt":"2014-03-30T09:35:50","slug":"avant-courrier","status":"publish","type":"post","link":"https:\/\/la-presse-anarchiste.net\/index.php\/2014\/03\/30\/avant-courrier\/","title":{"rendered":"Avant-courrier"},"content":{"rendered":"<div class=\"pdfprnt-buttons pdfprnt-buttons-post pdfprnt-top-right\"><a href=\"https:\/\/la-presse-anarchiste.net\/index.php\/wp-json\/wp\/v2\/posts\/3637?print=pdf\" class=\"pdfprnt-button pdfprnt-button-pdf\" target=\"_blank\"><img decoding=\"async\" src=\"https:\/\/la-presse-anarchiste.net\/wp-content\/plugins\/pdf-print\/images\/pdf.png\" alt=\"image_pdf\" title=\"Afficher le PDF\"><\/a><a href=\"https:\/\/la-presse-anarchiste.net\/index.php\/wp-json\/wp\/v2\/posts\/3637?print=print\" class=\"pdfprnt-button pdfprnt-button-print\" target=\"_blank\"><img decoding=\"async\" src=\"https:\/\/la-presse-anarchiste.net\/wp-content\/plugins\/pdf-print\/images\/print.png\" alt=\"image_print\" title=\"Contenu imprim\u00e9\"><\/a><\/div><div align=\"justify\">\n<div style=\"text-indent: 1cm\">\n<p>Les \u00e9tudes de <a href=\"http:\/\/www.la-presse-anarchiste.net\/spip.php?rubrique460\">notre der\u00adnier num\u00e9\u00adro<\/a> ont pro\u00advo\u00adqu\u00e9 de nom\u00adbreuses r\u00e9ac\u00adtions posi\u00adtives et n\u00e9ga\u00adtives. Bien qu\u2019il soit r\u00e9pon\u00addu per\u00adson\u00adnel\u00adle\u00adment \u00e0 chaque lettre, nous vou\u00adlons ici faire quelques remarques g\u00e9n\u00e9rales.<\/p>\n<h2>I. Les kibboutzim<\/h2>\n<p>Nous sommes en m\u00eame temps accu\u00ads\u00e9s de ne pas prendre de posi\u00adtions nettes et pr\u00e9\u00adcises et de d\u00e9fendre une ins\u00adti\u00adtu\u00adtion sociale dans un \u00c9tat moderne. Il n\u2019est pas inutile de sou\u00adli\u00adgner que NR se veut \u00eatre avant tout des \u00ab&nbsp;Cahiers d\u2019\u00c9tudes Liber\u00adtaires&nbsp;\u00bb, et donc, au lieu de don\u00adner des mots d\u2019ordre ou des conclu\u00adsions \u00ab&nbsp;simples et claires&nbsp;\u00bb, il essaie d\u2019aller le plus loin pos\u00adsible dans un pro\u00adbl\u00e8me don\u00adn\u00e9, d\u2019envisager et d\u2019embrasser la plus grande quan\u00adti\u00adt\u00e9 pos\u00adsible de contra\u00addic\u00adtions, bref, d\u2019avoir une opi\u00adnion cri\u00adtique et non confor\u00admiste, sur les pro\u00adbl\u00e8mes qu\u2019il traite.<\/p>\n<p>Les lec\u00adteurs eux-m\u00eames devront se faire leur opinion.<\/p>\n<p>Ain\u00adsi, pour les kib\u00adbout\u00adzim, nous n\u2019avons pas cach\u00e9 notre sym\u00adpa\u00adthie envers ce mou\u00adve\u00adment com\u00admu\u00adnau\u00adtaire, tout en fai\u00adsant cer\u00adtaines r\u00e9serves et en don\u00adnant m\u00eame des opi\u00adnions assez diff\u00e9rentes.<\/p>\n<p>Depuis notre der\u00adnier num\u00e9\u00adro nous avons pu ren\u00adcon\u00adtrer H.Z. venant d\u2019Isra\u00ebl, entre deux avions, et lui poser un cer\u00adtain nombre de ques\u00adtions sou\u00adle\u00adv\u00e9es par les lecteurs&nbsp;:<\/p>\n<p>\u2014 <u>la s\u00e9pa\u00adra\u00adtion des enfants<\/u>, m\u00eame tout petits, de leur milieu fami\u00adlial, n\u2019a\u2011t-elle pas des cons\u00e9\u00adquences dans la psy\u00adcho\u00adlo\u00adgie des nou\u00advelles g\u00e9n\u00e9rations&nbsp;?<\/p>\n<p>\u2014 <u>r\u00e9ponse<\/u>&nbsp;: il y a d\u00e9j\u00e0 deux ou trois g\u00e9n\u00e9\u00adra\u00adtions de ces enfants, et il ne semble pas qu\u2019il existe de troubles par\u00adti\u00adcu\u00adliers&nbsp;; pour\u00adtant les m\u00e8res ont mani\u00adfes\u00adt\u00e9 le d\u00e9sir de gar\u00adder plus long\u00adtemps leurs enfants et des psy\u00adcho\u00adlogues ont mis l\u2019accent sur l\u2019atmosph\u00e8re affec\u00adtive n\u00e9ces\u00adsaire aux enfants.<\/p>\n<p>\u2014 <u>la ques\u00adtion du sala\u00adriat<\/u>&nbsp;: dans les col\u00adlec\u00adti\u00advi\u00adt\u00e9s agri\u00adcoles, il est en train de dis\u00adpa\u00adra\u00eetre, pas tel\u00adle\u00adment pour des consi\u00add\u00e9\u00adra\u00adtions th\u00e9o\u00adriques mais pour une rai\u00adson pure\u00adment pra\u00adtique \u2013 les ouvriers \u00e9tran\u00adgers au kib\u00adboutz \u00e9taient obli\u00adg\u00e9s de man\u00adger, de vivre, dans des col\u00adlec\u00adti\u00advi\u00adt\u00e9s int\u00e9\u00adgrales sans y \u00eatre ni pr\u00e9\u00adpa\u00adr\u00e9s ni adap\u00adt\u00e9s, d\u2019o\u00f9 des conflits d\u2019ambiance, d\u2019atmosph\u00e8re sociale, etc.<\/p>\n<p>\u2014 <u>l\u2019esprit des nou\u00advelles g\u00e9n\u00e9\u00adra\u00adtions<\/u>&nbsp;: il existe un cer\u00adtain d\u00e9ta\u00adche\u00adment des jeunes de l\u2019id\u00e9al com\u00admu\u00adnau\u00adtaire qui a ani\u00adm\u00e9 les fon\u00adda\u00adteurs des kib\u00adbout\u00adzim. La cause peut en \u00eatre l\u2019absence de lutte de classe en Isra\u00ebl&nbsp;[[\u00c0 cause de la puis\u00adsance et de l\u2019u\u00adnion du syn\u00addi\u00adcat et de l\u2019\u00c9\u00adtat, actuel\u00adle\u00adment, la situa\u00adtion semble se rai\u00addir]], ou bien s\u2019inscrire dans l\u2019\u00e9volution glo\u00adbale de la jeu\u00adnesse actuelle qui est plus tour\u00adn\u00e9e vers les r\u00e9a\u00adli\u00adsa\u00adtions mat\u00e9\u00adrielles et personnelles.<\/p>\n<p>\u2014 <u>les pers\u00adpec\u00adtives des kib\u00adbout\u00adzim<\/u>&nbsp;: est-il vrai que l\u2019exp\u00e9rience des kib\u00adbout\u00adzim est ter\u00admi\u00adn\u00e9e&nbsp;? Que leur vita\u00adli\u00adt\u00e9 est \u00e9pui\u00ads\u00e9e, leur ori\u00adgi\u00adna\u00adli\u00adt\u00e9 \u00e9cras\u00e9e&nbsp;?<\/p>\n<p>La r\u00e9ponse ne peut plus \u00eatre ici ni simple ni d\u00e9fi\u00adni\u00adtive. Nom\u00adbreux sont les \u00ab&nbsp;sp\u00e9\u00adcia\u00adlistes&nbsp;\u00bb qui jugent que les kib\u00adbout\u00adzim sont n\u00e9s dans des condi\u00adtions mat\u00e9\u00adrielles, poli\u00adtiques, sociales, natio\u00adnales et id\u00e9o\u00adlo\u00adgiques tr\u00e8s par\u00adti\u00adcu\u00adli\u00e8res&nbsp;; que ces condi\u00adtions ont actuel\u00adle\u00adment chan\u00adg\u00e9 et que les kib\u00adbout\u00adzim ne peuvent donc que s\u2019adapter aux nou\u00advelles condi\u00adtions. Les m\u00eames sp\u00e9\u00adcia\u00adlistes refusent de don\u00adner les kib\u00adbout\u00adzim en exemple aux autres pays sous-d\u00e9ve\u00adlop\u00adp\u00e9s, pr\u00e9\u00adci\u00ads\u00e9\u00adment parce que ces condi\u00adtions par\u00adti\u00adcu\u00adli\u00e8res leur manquent (par exemple le Fonds Natio\u00adnal Juif, le mou\u00adve\u00adment sio\u00adniste, etc.).<\/p>\n<p>Il nous semble que la soci\u00e9\u00adt\u00e9 en Isra\u00ebl est en plaine \u00e9vo\u00adlu\u00adtion et il est trop t\u00f4t pour por\u00adter des juge\u00adments d\u00e9fi\u00adni\u00adtifs. En tout cas, le pou\u00advoir d\u2019adaptation, le sens de fid\u00e9\u00adli\u00adt\u00e9 et de vita\u00adli\u00adt\u00e9, la fier\u00adt\u00e9 d\u2019une r\u00e9us\u00adsite incon\u00adtes\u00adtable, montrent que les kib\u00adbout\u00adzim sont loin de se saborder.<\/p>\n<p>En ce qui concerne les pays sous-d\u00e9ve\u00adlop\u00adp\u00e9s, nom\u00adbreux sont ceux qui touchent des aides ext\u00e9\u00adrieures, m\u00eame plus impor\u00adtantes que celles que la \u00ab&nbsp;Dia\u00adspo\u00adra&nbsp;\u00bb a appor\u00adt\u00e9 \u00e0 Isra\u00ebl, et pour\u00adtant, ces sommes \u00e9normes sont englou\u00adties dans le vide par la bureau\u00adcra\u00adtie, police, etc., sans cr\u00e9a\u00adtion \u00e9co\u00adno\u00admique sociale valable.<\/p>\n<p>[\/\u200b<sc>Yvo<\/sc>.\/\u200b]<\/p>\n<h2>II. Franc-ma\u00e7onnerie<\/h2>\n<p>Les r\u00e9ac\u00adtions sont ici sur deux plans&nbsp;: pour\u00adquoi \u00ab&nbsp;notre int\u00e9\u00adr\u00eat exa\u00adg\u00e9\u00adr\u00e9 pour une ques\u00adtion secon\u00addaire&nbsp;\u00bb, il existe \u00ab&nbsp;de bons anar\u00adchistes qui sont en m\u00eame temps FM&nbsp;\u00bb (par exemple\u2026).<\/p>\n<p>Notre atti\u00adtude vis-\u00e0-vis de la FM n\u2019est pas un fait iso\u00adl\u00e9&nbsp;: cela entre dans la ligne de tra\u00advail de NR d\u2019essayer de \u00ab&nbsp;d\u00e9blayer&nbsp;\u00bb le ter\u00adrain id\u00e9o\u00adlo\u00adgique de cer\u00adtaines confu\u00adsions, mal\u00aden\u00adten\u00addus et erreurs. Nous sommes reve\u00adnus sur la FM parce qu\u2019il nous semble qu\u2019elle fait par\u00adtie de ces confu\u00adsions, comme nous reve\u00adnons sou\u00advent sur le racisme, sur la lutte anti-colo\u00adniale, sur notre posi\u00adtion vis-\u00e0-vis des deux blocs imp\u00e9\u00adria\u00adlistes, etc.<\/p>\n<p>Et nous esp\u00e9\u00adrons allon\u00adger encore cette&nbsp;liste.<\/p>\n<p>Pour la FM, quelques \u00ab&nbsp;petits faits&nbsp;\u00bb nous ont d\u00e9mon\u00adtr\u00e9 qu\u2019il est tou\u00adjours actuel d\u2019en parler&nbsp;:<\/p>\n<p>\u2014 en 1958, au Congr\u00e8s anar\u00adchiste de Londres, la motion d\u2019incompatibilit\u00e9 F\u00e9d\u00e9\u00adra\u00adtion anar\u00adchiste \u2013 loge ma\u00e7on\u00adnique, n\u2019a pas \u00e9t\u00e9 accep\u00adt\u00e9e. Pourquoi&nbsp;?<\/p>\n<p>\u2014 le der\u00adnier livre \u00e9di\u00adt\u00e9 par l\u2019Institut d\u2019Amsterdam (Bakou\u00adnine en Ita\u00adlie) rel\u00e8ve \u00e0 juste titre l\u2019affiliation de Bakou\u00adnine \u00e0 la FM, mais ne men\u00adtionne pas qu\u2019il l\u2019a tr\u00e8s vite quitt\u00e9e.<\/p>\n<p>\u2014 une dis\u00adcus\u00adsion per\u00adson\u00adnelle que j\u2019ai eue en 1962 sur le m\u00eame sujet avec un cama\u00adrade&nbsp;connu.<\/p>\n<p>En tout cas, nous sommes loin de per\u00adson\u00adna\u00adli\u00adser le d\u00e9bat, ou de nous atta\u00adquer \u00e0 tel ou tel cama\u00adrade. Ce n\u2019est pas l\u2019individu qui nous int\u00e9\u00adresse, mais la clar\u00adt\u00e9 dans nos posi\u00adtions id\u00e9ologiques.<\/p>\n<p>[\/\u200b<sc>Th\u00e9o<\/sc>.\/\u200b]\n<\/p><\/div>\n<\/div>\n","protected":false},"excerpt":{"rendered":"<p>Les \u00e9tudes de notre der\u00adnier num\u00e9\u00adro ont pro\u00advo\u00adqu\u00e9 de nom\u00adbreuses r\u00e9ac\u00adtions posi\u00adtives et n\u00e9ga\u00adtives. Bien qu\u2019il soit r\u00e9pon\u00addu per\u00adson\u00adnel\u00adle\u00adment \u00e0 chaque lettre, nous vou\u00adlons ici faire quelques remarques g\u00e9n\u00e9\u00adrales. I. Les kib\u00adbout\u00adzim Nous sommes en m\u00eame temps accu\u00ads\u00e9s de ne pas prendre de posi\u00adtions nettes et pr\u00e9\u00adcises et de d\u00e9fendre une ins\u00adti\u00adtu\u00adtion sociale dans&nbsp;un&nbsp;[\u2026]<\/p>\n","protected":false},"author":1,"featured_media":0,"comment_status":"closed","ping_status":"closed","sticky":false,"template":"","format":"standard","meta":{"wp_typography_post_enhancements_disabled":false,"footnotes":""},"categories":[440],"tags":[],"ppma_author":[540],"class_list":["post-3637","post","type-post","status-publish","format-standard","hentry","category-noir-rouge-na24-mai-juin-1963"],"authors":[{"term_id":540,"user_id":1,"is_guest":0,"slug":"admin_3gikpwyf","display_name":"Vincent Dubuc","avatar_url":"https:\/\/secure.gravatar.com\/avatar\/d015720652c25fd2ced191ade86430094e1f288a17483713e3b34d26dea52507?s=96&d=mm&r=g","author_category":"","user_url":"https:\/\/la-presse-anarchiste.net","last_name":"Dubuc","first_name":"Vincent","job_title":"","description":""}],"_links":{"self":[{"href":"https:\/\/la-presse-anarchiste.net\/index.php\/wp-json\/wp\/v2\/posts\/3637","targetHints":{"allow":["GET"]}}],"collection":[{"href":"https:\/\/la-presse-anarchiste.net\/index.php\/wp-json\/wp\/v2\/posts"}],"about":[{"href":"https:\/\/la-presse-anarchiste.net\/index.php\/wp-json\/wp\/v2\/types\/post"}],"author":[{"embeddable":true,"href":"https:\/\/la-presse-anarchiste.net\/index.php\/wp-json\/wp\/v2\/users\/1"}],"replies":[{"embeddable":true,"href":"https:\/\/la-presse-anarchiste.net\/index.php\/wp-json\/wp\/v2\/comments?post=3637"}],"version-history":[{"count":0,"href":"https:\/\/la-presse-anarchiste.net\/index.php\/wp-json\/wp\/v2\/posts\/3637\/revisions"}],"wp:attachment":[{"href":"https:\/\/la-presse-anarchiste.net\/index.php\/wp-json\/wp\/v2\/media?parent=3637"}],"wp:term":[{"taxonomy":"category","embeddable":true,"href":"https:\/\/la-presse-anarchiste.net\/index.php\/wp-json\/wp\/v2\/categories?post=3637"},{"taxonomy":"post_tag","embeddable":true,"href":"https:\/\/la-presse-anarchiste.net\/index.php\/wp-json\/wp\/v2\/tags?post=3637"},{"taxonomy":"author","embeddable":true,"href":"https:\/\/la-presse-anarchiste.net\/index.php\/wp-json\/wp\/v2\/ppma_author?post=3637"}],"curies":[{"name":"wp","href":"https:\/\/api.w.org\/{rel}","templated":true}]}}