{"id":3648,"date":"2014-03-31T01:00:39","date_gmt":"2014-03-31T01:00:39","guid":{"rendered":"https:\/\/la-presse-anarchiste.net\/index.php\/2014\/03\/31\/echos-damerique\/"},"modified":"2014-03-31T01:00:39","modified_gmt":"2014-03-31T01:00:39","slug":"echos-damerique","status":"publish","type":"post","link":"https:\/\/la-presse-anarchiste.net\/index.php\/2014\/03\/31\/echos-damerique\/","title":{"rendered":"\u00c9chos d\u2019Am\u00e9rique"},"content":{"rendered":"<div class=\"pdfprnt-buttons pdfprnt-buttons-post pdfprnt-top-right\"><a href=\"https:\/\/la-presse-anarchiste.net\/index.php\/wp-json\/wp\/v2\/posts\/3648?print=pdf\" class=\"pdfprnt-button pdfprnt-button-pdf\" target=\"_blank\"><img decoding=\"async\" src=\"https:\/\/la-presse-anarchiste.net\/wp-content\/plugins\/pdf-print\/images\/pdf.png\" alt=\"image_pdf\" title=\"Afficher le PDF\"><\/a><a href=\"https:\/\/la-presse-anarchiste.net\/index.php\/wp-json\/wp\/v2\/posts\/3648?print=print\" class=\"pdfprnt-button pdfprnt-button-print\" target=\"_blank\"><img decoding=\"async\" src=\"https:\/\/la-presse-anarchiste.net\/wp-content\/plugins\/pdf-print\/images\/print.png\" alt=\"image_print\" title=\"Contenu imprim\u00e9\"><\/a><\/div><div align=\"justify\">\n<div style=\"text-indent: 1cm\">\n<p>La presse r\u00e9vo\u00adlu\u00adtion\u00adnaire et anar\u00adchiste d\u2019Am\u00e9rique est peu connue en Europe&nbsp;; rares sont les exem\u00adplaires qui fran\u00adchissent l\u2019oc\u00e9an et plus rares encore sont les vues nou\u00advelles, les pen\u00ads\u00e9es in\u00e9dites que nous y gla\u00adnons. Plus \u00e2pre que nulle part ailleurs la soif du gain, la course effr\u00e9\u00adn\u00e9e \u00e0 la richesse paraissent avoir d\u00e9tour\u00adn\u00e9 bien des \u00e9ner\u00adgies et des intel\u00adli\u00adgences de la recherche de la v\u00e9ri\u00adt\u00e9 et d\u00e9truit chez la plu\u00adpart la volon\u00adt\u00e9 d\u2019affranchissement social.<\/p>\n<p>Cepen\u00addant l\u00e0 comme ailleurs une \u00e9lite lutte et souffre, mais depuis l\u2019entr\u00e9e en guerre de l\u2019Am\u00e9rique, cette lutte est deve\u00adnue sin\u00adgu\u00adli\u00e8\u00adre\u00adment p\u00e9nible et dan\u00adge\u00adreuse. La for\u00admi\u00addable vague de natio\u00adna\u00adlisme qui a d\u00e9fer\u00adl\u00e9 sur les \u00c9tats-Unis a an\u00e9an\u00adti en grande par\u00adtie ce que la pen\u00ads\u00e9e affran\u00adchie en un long effort avait \u00e9di\u00adfi\u00e9 dans le pays du dol\u00adlar, de la bible et du lyn\u00adchage. Par-ci, par-l\u00e0, on enten\u00addait bien par\u00adler des atro\u00adci\u00adt\u00e9s qui se com\u00admet\u00adtaient l\u00e0-bas&nbsp;; la recru\u00addes\u00adcence du lyn\u00adchage de n\u00e8gres, la d\u00e9por\u00adta\u00adtion d\u2019anarchistes \u00e9tran\u00adgers (comme par exemple d\u2019Emma Gold\u00adman et d\u2019Alexandre Berk\u00admann) n\u2019\u00e9taient pas res\u00adt\u00e9es sans \u00e9veiller un \u00e9cho dou\u00adlou\u00adreux dans les rares consciences libres d\u2019Europe, mais il a fal\u00adlu l\u2019affaire Sac\u00adco et Van\u00adzet\u00adti pour mettre \u00e0 nu toute la pour\u00adri\u00adture du r\u00e9gime plou\u00adto\u00adcra\u00adtique, et pour \u00e9mou\u00advoir quelque peu la classe ouvri\u00e8re mon\u00addiale. Cepen\u00addant qu\u2019on ne croie pas que l\u2019indigne machi\u00adna\u00adtion dont furent l\u2019objet les deux r\u00e9vo\u00adlu\u00adtion\u00adnaires fut une excep\u00adtion. Un groupe anar\u00adchiste de Bos\u00adton (Mas\u00adsa\u00adchu\u00adsetts) a publi\u00e9 en jan\u00advier der\u00adnier un fort fas\u00adci\u00adcule illus\u00adtr\u00e9 de 36 pages en langue espa\u00adgnole, inti\u00adtu\u00adl\u00e9 \u00ab&nbsp;Ame\u00adri\u00adca&nbsp;\u00bb qui est bien le r\u00e9qui\u00adsi\u00adtoire le plus acca\u00adblant contre le r\u00e9gime inf\u00e2me et la bar\u00adba\u00adrie effrayante des viles mul\u00adti\u00adtudes qui vivent dans ce&nbsp;pays.<\/p>\n<blockquote><p>\u00ab&nbsp;Mal\u00adgr\u00e9 les actes hon\u00adteux et la vio\u00adlence, dont la Ste terre du dol\u00adlar est fr\u00e9\u00adquem\u00adment le th\u00e9\u00e2tre, \u00e9crit J.&nbsp;Mari\u00adne\u00adro, nous devons admettre, pour \u00eatre impar\u00adtiaux, que pen\u00addant les ann\u00e9es pr\u00e9\u00adc\u00e9\u00addant la guerre, les anar\u00adchistes jouis\u00adsaient aux \u00c9tats-Unis de cer\u00adtaines liber\u00adt\u00e9s, en ce qui concerne la pro\u00adpa\u00adgande orale et \u00e9crite de l\u2019id\u00e9al liber\u00adtaire qui n\u2019existaient pas dans d\u2019autres pays. Ni les auto\u00adri\u00adt\u00e9s ni la bour\u00adgeoi\u00adsie ne s\u2019occupaient de savoir s\u2019il exis\u00adtait en ce pays des jour\u00adnaux ou des groupes de carac\u00adt\u00e8re anar\u00adchiste. Si elles le savaient, elles durent nous prendre pour des hal\u00adlu\u00adci\u00adn\u00e9s, des r\u00eaveurs uto\u00adpiques et elles ne s\u2019occupaient pas de nous. Mais depuis le jour o\u00f9 cette nation entra dans le grand conflit, nous avons subi la r\u00e9pres\u00adsion la plus f\u00e9roce, les per\u00ads\u00e9\u00adcu\u00adtions les plus cruelles et sys\u00adt\u00e9\u00adma\u00adtiques, la tyran\u00adnie la plus cri\u00admi\u00adnelle et raf\u00adfi\u00adn\u00e9e que jamais sous aucun r\u00e9gime, peuple a&nbsp;subi.&nbsp;\u00bb<\/p><\/blockquote>\n<p>Les innom\u00adbrables faits cit\u00e9s dans cet opus\u00adcule, appuy\u00e9s de t\u00e9moi\u00adgnages irr\u00e9\u00adfu\u00adtables des pho\u00adto\u00adgra\u00adphies dont le texte est \u00e9maill\u00e9, consti\u00adtuent la preuve la plus cer\u00adtaine de la v\u00e9ra\u00adci\u00adt\u00e9 de ce qui pr\u00e9\u00adc\u00e8de. Une pho\u00adto\u00adgra\u00adphie nous montre une cama\u00adrade anar\u00adchiste dont le crane est entou\u00adr\u00e9 par une cou\u00adronne de cuir, qu\u2019on serre gra\u00adduel\u00adle\u00adment moyen\u00adnant un b\u00e2ton, jusqu\u2019\u00e0 ce que la pres\u00adsion deve\u00adnant into\u00adl\u00e9\u00adrable d\u00e9cide le pri\u00adson\u00adnier&nbsp;\u00e0 signer la d\u00e9cla\u00adra\u00adtion qu\u2019on lui pr\u00e9\u00adsente. L\u2019Am\u00e9rique conna\u00eet aus\u00adsi les ch\u00e2\u00adti\u00adments cor\u00adpo\u00adrels dont il est fait, dans plu\u00adsieurs \u00c9tats, un usage cou\u00adrant. La pho\u00adto\u00adgra\u00adphie du mal\u00adheu\u00adreux cama\u00adrade Tho\u00admas Mar\u00adti\u00adnez cou\u00adch\u00e9 sur son lit de souf\u00adfrance par suite d\u2019une mala\u00addie incu\u00adrable attra\u00adp\u00e9e dans les cachots de la R\u00e9pu\u00adblique, mala\u00addie dont il est mort peu de temps apr\u00e8s est bien la chose la plus \u00e9mou\u00advante pour toute conscience droite.<\/p>\n<p>Quant \u00e0 l\u2019affaire Sac\u00adco et Van\u00adzet\u00adti et au sort de l\u2019infortun\u00e9 Salu\u00addi, les faits gr\u00e2ce \u00e0 l\u2019agitation qu\u2019il y eut en France en leur faveur, sont trop connus pour qu\u2019il soit n\u00e9ces\u00adsaire d\u2019y reve\u00adnir&nbsp;ici.<\/p>\n<p>Mais pour deux inno\u00adcents sau\u00adv\u00e9s, com\u00adbien de vic\u00adtimes aus\u00adsi int\u00e9\u00adres\u00adsantes conti\u00adnuent \u00e0 \u00eatre broy\u00e9es par l\u2019impitoyable machine gou\u00adver\u00adne\u00admen\u00adtale&nbsp;! Quand est-ce que pour tous ceux-l\u00e0 aus\u00adsi la conscience uni\u00adver\u00adselle fera entendre son&nbsp;v\u00e9to&nbsp;?<\/p>\n<p>[\/\u200b<sc>Dol\u00adci\u00adno<\/sc>\/\u200b]\n<\/p><\/div>\n<\/div>\n","protected":false},"excerpt":{"rendered":"<p>La presse r\u00e9vo\u00adlu\u00adtion\u00adnaire et anar\u00adchiste d\u2019Am\u00e9rique est peu connue en Europe&nbsp;; rares sont les exem\u00adplaires qui fran\u00adchissent l\u2019oc\u00e9an et plus rares encore sont les vues nou\u00advelles, les pen\u00ads\u00e9es in\u00e9dites que nous y gla\u00adnons. Plus \u00e2pre que nulle part ailleurs la soif du gain, la course effr\u00e9\u00adn\u00e9e \u00e0 la richesse paraissent avoir d\u00e9tour\u00adn\u00e9 bien des \u00e9nergies&nbsp;[\u2026]<\/p>\n","protected":false},"author":1,"featured_media":0,"comment_status":"closed","ping_status":"closed","sticky":false,"template":"","format":"standard","meta":{"wp_typography_post_enhancements_disabled":false,"footnotes":""},"categories":[442],"tags":[],"ppma_author":[540],"class_list":["post-3648","post","type-post","status-publish","format-standard","hentry","category-les-vagabonds-n3-aout-1922"],"authors":[{"term_id":540,"user_id":1,"is_guest":0,"slug":"admin_3gikpwyf","display_name":"Vincent Dubuc","avatar_url":"https:\/\/secure.gravatar.com\/avatar\/d015720652c25fd2ced191ade86430094e1f288a17483713e3b34d26dea52507?s=96&d=mm&r=g","author_category":"","user_url":"https:\/\/la-presse-anarchiste.net","last_name":"Dubuc","first_name":"Vincent","job_title":"","description":""}],"_links":{"self":[{"href":"https:\/\/la-presse-anarchiste.net\/index.php\/wp-json\/wp\/v2\/posts\/3648","targetHints":{"allow":["GET"]}}],"collection":[{"href":"https:\/\/la-presse-anarchiste.net\/index.php\/wp-json\/wp\/v2\/posts"}],"about":[{"href":"https:\/\/la-presse-anarchiste.net\/index.php\/wp-json\/wp\/v2\/types\/post"}],"author":[{"embeddable":true,"href":"https:\/\/la-presse-anarchiste.net\/index.php\/wp-json\/wp\/v2\/users\/1"}],"replies":[{"embeddable":true,"href":"https:\/\/la-presse-anarchiste.net\/index.php\/wp-json\/wp\/v2\/comments?post=3648"}],"version-history":[{"count":0,"href":"https:\/\/la-presse-anarchiste.net\/index.php\/wp-json\/wp\/v2\/posts\/3648\/revisions"}],"wp:attachment":[{"href":"https:\/\/la-presse-anarchiste.net\/index.php\/wp-json\/wp\/v2\/media?parent=3648"}],"wp:term":[{"taxonomy":"category","embeddable":true,"href":"https:\/\/la-presse-anarchiste.net\/index.php\/wp-json\/wp\/v2\/categories?post=3648"},{"taxonomy":"post_tag","embeddable":true,"href":"https:\/\/la-presse-anarchiste.net\/index.php\/wp-json\/wp\/v2\/tags?post=3648"},{"taxonomy":"author","embeddable":true,"href":"https:\/\/la-presse-anarchiste.net\/index.php\/wp-json\/wp\/v2\/ppma_author?post=3648"}],"curies":[{"name":"wp","href":"https:\/\/api.w.org\/{rel}","templated":true}]}}