{"id":3649,"date":"2014-03-31T01:01:00","date_gmt":"2014-03-31T01:01:00","guid":{"rendered":"https:\/\/la-presse-anarchiste.net\/index.php\/2014\/03\/31\/pour-seduquer\/"},"modified":"2014-03-31T01:01:00","modified_gmt":"2014-03-31T01:01:00","slug":"pour-seduquer","status":"publish","type":"post","link":"https:\/\/la-presse-anarchiste.net\/index.php\/2014\/03\/31\/pour-seduquer\/","title":{"rendered":"Pour s\u2019\u00e9duquer"},"content":{"rendered":"<div class=\"pdfprnt-buttons pdfprnt-buttons-post pdfprnt-top-right\"><a href=\"https:\/\/la-presse-anarchiste.net\/index.php\/wp-json\/wp\/v2\/posts\/3649?print=pdf\" class=\"pdfprnt-button pdfprnt-button-pdf\" target=\"_blank\"><img decoding=\"async\" src=\"https:\/\/la-presse-anarchiste.net\/wp-content\/plugins\/pdf-print\/images\/pdf.png\" alt=\"image_pdf\" title=\"Afficher le PDF\"><\/a><a href=\"https:\/\/la-presse-anarchiste.net\/index.php\/wp-json\/wp\/v2\/posts\/3649?print=print\" class=\"pdfprnt-button pdfprnt-button-print\" target=\"_blank\"><img decoding=\"async\" src=\"https:\/\/la-presse-anarchiste.net\/wp-content\/plugins\/pdf-print\/images\/print.png\" alt=\"image_print\" title=\"Contenu imprim\u00e9\"><\/a><\/div><div align=\"justify\">\n<div style=\"text-indent: 1cm\">\n<p>&nbsp;Mano\u00adva a signa\u00adl\u00e9 l\u2019initiative de Fon\u00adta\u00adnieu [[voir n\u00b02 des <i>Vaga\u00adbonds<\/i>.]]. Le 1<sup>er<\/sup> cahier de la \u00ab&nbsp;Mutuelle de l\u2019\u00c9ducation&nbsp;\u00bb vient de nous par\u00adve\u00adnir. Ini\u00adtia\u00adtive \u00e0 reprendre et \u00e0 d\u00e9ve\u00adlop\u00adper. L\u2019un des adh\u00e9\u00adrents, Pierre P., nous dit, dans ce 1<sup>er<\/sup> cahiers, en avoir d\u00e9j\u00e0 orga\u00adni\u00ads\u00e9e une pr\u00e9\u00adc\u00e9\u00addem\u00adment. Moi-m\u00eame, en 1917 et 18, avec un bon cama\u00adrade et ami, avais eu \u00e9ga\u00adle\u00adment cette id\u00e9e, et nous f\u00fbmes ain\u00adsi une dizaine \u00e0 \u00e9chan\u00adger des id\u00e9es. Notre \u00ab&nbsp;Pous\u00ads\u00e9e&nbsp;\u00bb a som\u00adbr\u00e9, je ne sais pour\u00adquoi&nbsp;: la guerre, peut-\u00eatre, qui nous dis\u00adper\u00adsait \u00e0 droite et \u00e0 gauche. M\u00fb par l\u2019impulsion de Fon\u00adta\u00adnieu, je fais une nou\u00advelle ten\u00adta\u00adtive. Les cama\u00adrades que cela int\u00e9\u00adresse n\u2019ont qu\u2019\u00e0 m\u2019\u00e9crire. Mais il ne faut pas que l\u2019association d\u00e9passe 5 \u00e0 6 adh\u00e9\u00adrents (\u00ab&nbsp;La Mutuelle&nbsp;\u00bb Fon\u00adta\u00adnieu en r\u00e9unit 7). Il ne faut pas non plus que les adh\u00e9\u00adrents soient de la m\u00eame ville&nbsp;: le charme ne serait pas le m\u00eame, et de plus, pour \u00e9chan\u00adger des id\u00e9es entre com\u00adpa\u00adgnons d\u2019une m\u00eame loca\u00adli\u00adt\u00e9 nous avons les \u00ab&nbsp;groupes&nbsp;\u00bb. Si je rece\u00advais trop d\u2019offres d\u2019adh\u00e9sion je pour\u00adrais mettre en rela\u00adtions les cama\u00adrades \u00ab&nbsp;en suppl\u00e9ment&nbsp;\u00bb.<\/p>\n<p><\/p><center>\n<h3>*  *  *  *<\/h3>\n<p><\/p><\/center><br>\n<br>\nDans ce pre\u00admier cahier, aucun sujet pr\u00e9\u00adcis n\u2019a \u00e9t\u00e9 trai\u00adt\u00e9&nbsp;; sim\u00adple\u00adment des aper\u00ad\u00e7us sur l\u2019\u00e9volution, l\u2019\u00e9tat d\u2019\u00e2me et les concep\u00adtions des dif\u00adf\u00e9\u00adrents adh\u00e9\u00adrents (ce qui m\u2019a \u00e9nor\u00adm\u00e9\u00adment int\u00e9\u00adres\u00ads\u00e9) et aus\u00adsi quelques pr\u00e9\u00adci\u00adsions sur le fonc\u00adtion\u00adne\u00adment de la \u00ab&nbsp;Mutuelle&nbsp;\u00bb. Aucun des adh\u00e9\u00adrents n\u2019a sug\u00adg\u00e9\u00adr\u00e9 une solu\u00adtion dif\u00adf\u00e9\u00adrente de celle pro\u00adpo\u00ads\u00e9e par Fon\u00adta\u00adnieu, ceux-l\u00e0 ont un num\u00e9\u00adro de 1 \u00e0 6, le num\u00e9\u00adro&nbsp;1 traite un sujet, le cahier suit l\u2019ordre \u00e9ta\u00adbli, jusqu\u2019au num\u00e9\u00adro&nbsp;6 et refait le tra\u00adjet inverse pour reve\u00adnir au num\u00e9\u00adro&nbsp;1.\n<p>J\u2019aimerais mieux la m\u00e9thode sui\u00advante&nbsp;: le cama\u00adrade d\u00e9si\u00adreux de voir un sujet \u00e9clair\u00adci \u00e9crit \u00e0 cha\u00adcun des membres de la Mutuelle et l\u2019expose en quelques phrases. Cha\u00adcun, d\u00e8s lors, traite le sujet de son c\u00f4t\u00e9 et l\u2019envoi \u00e0 celui qui l\u2019a pro\u00adpo\u00ads\u00e9. Ce der\u00adnier a pr\u00e9\u00adpa\u00adr\u00e9 son expo\u00ads\u00e9, il le com\u00adpare aux textes re\u00e7us, \u00e9met des opi\u00adnions nou\u00advelles, s\u2019il y a lieu, cri\u00adtique ou acquiesce. Il agglo\u00adm\u00e8re le tout (pour cela, il faut que tous s\u2019entendent pour \u00e9crire sur du papier ayant m\u00eame for\u00admat afin que tous les manus\u00adcrits puissent \u00eatre bro\u00adch\u00e9s en un cahier) et \u00e0 ce moment, seule\u00adment, le cahier fait les deux voyages, dans l\u2019ordre \u00e9ta\u00adbli. L\u2019avantage de cette m\u00e9thode&nbsp;: per\u00adsonne n\u2019est influen\u00adc\u00e9 par les \u00e9crits pr\u00e9\u00adc\u00e9\u00addents et la cri\u00adtique se fait tout aus\u00adsi bien, mais apr\u00e8s&nbsp;coup.<\/p>\n<p><\/p><center>\n<h3>*  *  *  *<\/h3>\n<p><\/p><\/center><br>\n<br>\nUne der\u00adni\u00e8re r\u00e9flexion&nbsp;: ce tra\u00advail fait entre 5 ou 6, il fau\u00addrait que beau\u00adcoup puissent en pro\u00adfi\u00adter. Fon\u00adta\u00adnieu y a son\u00adg\u00e9 et, sur sa demande, Manuel Deval\u00add\u00e8s a bien vou\u00adlu se char\u00adger de don\u00adner, dans le \u00ab&nbsp;R\u00e9veil de l\u2019esclave&nbsp;\u00bb, un suc\u00adcinct compte-ren\u00addu de chaque cahier. Mais il y aurait peut-\u00eatre mieux \u00e0 faire encore. Il fau\u00addrait, quand le sujet trai\u00adt\u00e9 est int\u00e9\u00adres\u00adsant, que le cahier puisse \u00eatre \u00e9di\u00adt\u00e9 et mis en vente. Ici, aux <i>vaga\u00adbonds<\/i>, nous pou\u00advons en \u00e9di\u00adter quel\u00adque\u00adfois. Cer\u00adtai\u00adne\u00adment Fon\u00adta\u00adnieu, qui va lan\u00adcer \u00ab&nbsp;Le Pla\u00adgiaire&nbsp;\u00bb s\u2019en occu\u00adpe\u00adrait par\u00adfois aus\u00adsi. Main\u00adte\u00adnant, cer\u00adtaines de ces Mutuelles \u2013 car elles peuvent et doivent pul\u00adlu\u00adler \u2013 pour\u00adraient publier un organe sp\u00e9\u00adcial, trait d\u2019union de toutes ces Mutuelles et mai\u00adson d\u2019\u00e9dition de leurs cahiers.\n<p><\/p><center>\n<h3>*  *  *  *<\/h3>\n<p><\/p><\/center><br>\n<br>\nAutant d\u2019id\u00e9es que je sugg\u00e8re.\n<p>[\/\u200bPaul <sc>Ber\u00adge\u00adron<\/sc>\/\u200b]\n<\/p><\/div>\n<\/div>\n","protected":false},"excerpt":{"rendered":"<p>&nbsp;Mano\u00adva a signa\u00adl\u00e9 l\u2019initiative de Fon\u00adta\u00adnieu [[voir n\u00b02 des Vaga\u00adbonds.]]. Le 1<sup>er<\/sup> cahier de la \u00ab&nbsp;Mutuelle de l\u2019\u00c9ducation&nbsp;\u00bb vient de nous par\u00adve\u00adnir. Ini\u00adtia\u00adtive \u00e0 reprendre et \u00e0 d\u00e9ve\u00adlop\u00adper. L\u2019un des adh\u00e9\u00adrents, Pierre P., nous dit, dans ce 1<sup>er<\/sup> cahiers, en avoir d\u00e9j\u00e0 orga\u00adni\u00ads\u00e9e une pr\u00e9\u00adc\u00e9\u00addem\u00adment. Moi-m\u00eame, en 1917 et 18, avec un bon cama\u00adrade&nbsp;et&nbsp;[\u2026]<\/p>\n","protected":false},"author":1,"featured_media":0,"comment_status":"closed","ping_status":"closed","sticky":false,"template":"","format":"standard","meta":{"wp_typography_post_enhancements_disabled":false,"footnotes":""},"categories":[442],"tags":[],"ppma_author":[540],"class_list":["post-3649","post","type-post","status-publish","format-standard","hentry","category-les-vagabonds-n3-aout-1922"],"authors":[{"term_id":540,"user_id":1,"is_guest":0,"slug":"admin_3gikpwyf","display_name":"Vincent Dubuc","avatar_url":"https:\/\/secure.gravatar.com\/avatar\/d015720652c25fd2ced191ade86430094e1f288a17483713e3b34d26dea52507?s=96&d=mm&r=g","author_category":"","user_url":"https:\/\/la-presse-anarchiste.net","last_name":"Dubuc","first_name":"Vincent","job_title":"","description":""}],"_links":{"self":[{"href":"https:\/\/la-presse-anarchiste.net\/index.php\/wp-json\/wp\/v2\/posts\/3649","targetHints":{"allow":["GET"]}}],"collection":[{"href":"https:\/\/la-presse-anarchiste.net\/index.php\/wp-json\/wp\/v2\/posts"}],"about":[{"href":"https:\/\/la-presse-anarchiste.net\/index.php\/wp-json\/wp\/v2\/types\/post"}],"author":[{"embeddable":true,"href":"https:\/\/la-presse-anarchiste.net\/index.php\/wp-json\/wp\/v2\/users\/1"}],"replies":[{"embeddable":true,"href":"https:\/\/la-presse-anarchiste.net\/index.php\/wp-json\/wp\/v2\/comments?post=3649"}],"version-history":[{"count":0,"href":"https:\/\/la-presse-anarchiste.net\/index.php\/wp-json\/wp\/v2\/posts\/3649\/revisions"}],"wp:attachment":[{"href":"https:\/\/la-presse-anarchiste.net\/index.php\/wp-json\/wp\/v2\/media?parent=3649"}],"wp:term":[{"taxonomy":"category","embeddable":true,"href":"https:\/\/la-presse-anarchiste.net\/index.php\/wp-json\/wp\/v2\/categories?post=3649"},{"taxonomy":"post_tag","embeddable":true,"href":"https:\/\/la-presse-anarchiste.net\/index.php\/wp-json\/wp\/v2\/tags?post=3649"},{"taxonomy":"author","embeddable":true,"href":"https:\/\/la-presse-anarchiste.net\/index.php\/wp-json\/wp\/v2\/ppma_author?post=3649"}],"curies":[{"name":"wp","href":"https:\/\/api.w.org\/{rel}","templated":true}]}}