{"id":3651,"date":"2014-03-31T01:00:29","date_gmt":"2014-03-31T01:00:29","guid":{"rendered":"https:\/\/la-presse-anarchiste.net\/index.php\/2014\/03\/31\/correspondances-2\/"},"modified":"2014-03-31T01:00:29","modified_gmt":"2014-03-31T01:00:29","slug":"correspondances-2","status":"publish","type":"post","link":"https:\/\/la-presse-anarchiste.net\/index.php\/2014\/03\/31\/correspondances-2\/","title":{"rendered":"Correspondances"},"content":{"rendered":"<div class=\"pdfprnt-buttons pdfprnt-buttons-post pdfprnt-top-right\"><a href=\"https:\/\/la-presse-anarchiste.net\/index.php\/wp-json\/wp\/v2\/posts\/3651?print=pdf\" class=\"pdfprnt-button pdfprnt-button-pdf\" target=\"_blank\"><img decoding=\"async\" src=\"https:\/\/la-presse-anarchiste.net\/wp-content\/plugins\/pdf-print\/images\/pdf.png\" alt=\"image_pdf\" title=\"Afficher le PDF\"><\/a><a href=\"https:\/\/la-presse-anarchiste.net\/index.php\/wp-json\/wp\/v2\/posts\/3651?print=print\" class=\"pdfprnt-button pdfprnt-button-print\" target=\"_blank\"><img decoding=\"async\" src=\"https:\/\/la-presse-anarchiste.net\/wp-content\/plugins\/pdf-print\/images\/print.png\" alt=\"image_print\" title=\"Contenu imprim\u00e9\"><\/a><\/div><div align=\"justify\">\n<div style=\"text-indent: 1cm\">\n<p> \u2026 L\u2019Int\u00e9grale est une colo\u00adnie com\u00admu\u00adniste liber\u00adtaire indi\u00advi\u00addua\u00adliste, en ce sens que le com\u00admu\u00adnisme y est orga\u00adni\u00ads\u00e9 de mani\u00e8re \u00e0 ce que les droits de l\u2019individu y soient maxi\u00admum. Chez nous ce n\u2019est pas l\u2019individu qui doit se plier \u00e0 l\u2019organisation, c\u2019est l\u2019organisation qui doit \u00eatre faite pour l\u2019individu et lui don\u00adner le maxi\u00admum de liber\u00adt\u00e9. En fait, il y a bien un cer\u00adtain assu\u00adjet\u00adtis\u00adse\u00adment, il y a pour les indi\u00advi\u00addus colons des devoirs \u00e9l\u00e9\u00admen\u00adtaires, mais aucun indi\u00advi\u00addu rai\u00adson\u00adnable ne se refu\u00adse\u00adra \u00e0 les rem\u00adplir \u2013 et dans n\u2019importe quel \u00e9tat social \u2013 m\u00eame l\u2019individualisme liber\u00adtaire le plus \u00e9che\u00adve\u00adl\u00e9 \u2013 il y a des suj\u00e9\u00adtions bien plus grandes. Le com\u00admu\u00adnisme per\u00admet\u00adtra l\u2019abondance et le bien-\u00eatre, qui accroissent sin\u00adgu\u00adli\u00e8\u00adre\u00adment la libert\u00e9.<\/p>\n<p>Sup\u00adpres\u00adsion de toutes les contraintes inutiles, telle est notre devise. Si comme le pensent cer\u00adtains de nos cama\u00adrades, toutes les contraintes se montrent inutiles, nous sup\u00adpri\u00adme\u00adrons toutes les contraintes. En atten\u00addant les seules contraintes que nous conser\u00advions \u2013 vu les indi\u00advi\u00addus in\u00e9du\u00adqu\u00e9s que nous serons sou\u00advent for\u00adc\u00e9s d\u2019avoir avec nous, sont&nbsp;: 1) la t\u00e2che, cha\u00adcun \u00e9tant obli\u00adg\u00e9 de four\u00adnir une cer\u00adtaine somme de tra\u00advail qu\u2019il ex\u00e9\u00adcute d\u2019ailleurs avec le maxi\u00admum de liber\u00adt\u00e9, et qu\u2019il choi\u00adsit lui-m\u00eame autant que pos\u00adsible&nbsp;; 2) nous exi\u00adgeons aus\u00adsi entre int\u00e9\u00adgra\u00adlistes la bien\u00adveillance qui n\u2019exclut pas la cri\u00adtique ami\u00adcale, mais exclut les pol\u00e9\u00admiques et les ques\u00adtions de per\u00adsonnes si irritantes.<\/p>\n<p>[\/\u200bVictor <sc>Cois\u00adsac<\/sc><br>\n<br>L\u2019Int\u00e9grale \u2013 Groupe Morelly<br>\n<br>\u00e0 Such (Lot-et-Garonne).\/]<\/p>\n<p><\/p><center>\n<h3> \u2013&nbsp;O&nbsp;\u2013&nbsp;<\/h3>\n<p><\/p><\/center><br>\n<br>\n\u2026 L\u2019individualisme des temps pr\u00e9\u00adsents est une par\u00adti\u00adcu\u00adli\u00e8re r\u00e9sis\u00adtance, ou lutte, contre le milieu oppres\u00adseur, c\u2019est une insur\u00adrec\u00adtion indi\u00advi\u00adduelle d\u2019intensit\u00e9 variable. Mais dans les temps futurs, il est la libre expres\u00adsion de chaque indi\u00advi\u00addu, la pl\u00e9\u00adni\u00adtude de son ori\u00adgi\u00adna\u00adli\u00adt\u00e9 int\u00e9grale.\n<p>La tran\u00adsi\u00adtion entre ces deux \u00e9poques, pr\u00e9\u00adsent et ave\u00adnir, est ame\u00adn\u00e9e le plus ins\u00adtam\u00adment et int\u00e9\u00adgra\u00adle\u00adment par l\u2019anarchie.<\/p>\n<p>Au fond, je soup\u00ad\u00e7onne qu\u2019entre com\u00admu\u00adnistes liber\u00adtaires et indi\u00advi\u00addua\u00adlistes, il n\u2019y ait qu\u2019une impr\u00e9\u00adci\u00adsion, un manque de vigueur sur les pos\u00adsi\u00adbi\u00adli\u00adt\u00e9s imm\u00e9\u00addiates de l\u2019anarchie ou affran\u00adchis\u00adse\u00adment social.<\/p>\n<p>Et c\u2019est bien regrettable.<\/p>\n<p>Le f\u00e9d\u00e9\u00adra\u00adlisme liber\u00adtaire est insa\u00adtu\u00adrable au pr\u00e9\u00adsent, et sa for\u00admule \u00e9co\u00adno\u00admique, qui est la coop\u00e9\u00adra\u00adtion, peut \u00eatre assi\u00admi\u00adl\u00e9e par&nbsp;tous.<\/p>\n<p>Pas\u00ads\u00e9 cette tran\u00adsi\u00adtion, je suis indi\u00advi\u00addua\u00adliste et stirn\u00e9rien.<\/p>\n<p>Dans le champ indi\u00advi\u00adduel, il y a fort \u00e0 gla\u00adner et \u00e0 semer. Votre petit livret peut prendre place avan\u00adta\u00adgeuse pour \u0153uvrer, sai\u00adne\u00adment, entre l\u2019anarchisme sec\u00adtaire \u2013 qui s\u2019\u00e9loigne de l\u2019anarchie \u2013 et l\u2019individualisme mys\u00adtique, p\u00e8re des r\u00e9signations.<\/p>\n<p>Les heurts de la vie, la mis\u00e8re quo\u00adti\u00addienne, un brin d\u2019ignorance ont ame\u00adn\u00e9 celui-ci et celle-l\u00e0.<\/p>\n<p>\u00c0 ceux qui sup\u00adportent plus all\u00e9\u00adgre\u00adment le far\u00addeau de la vie d\u2019\u00e9clairer les autres dans une voie de calme natu\u00adrel et de joies fortes.<\/p>\n<p>[\/\u200bBordeaux, le 10 juillet<br>\n<br><sc>Lar\u00e9s<\/sc>\/\u200b]<\/p>\n<p><\/p><center>\n<h3> \u2013&nbsp;O&nbsp;\u2013&nbsp;<\/h3>\n<p><\/p><\/center><br>\n<br>\n\u2026 Nous qui croyons \u00e0 l\u2019individualisme nous avons besoin aujourd\u2019hui de r\u00e9unir nos efforts afin de mieux affir\u00admer notre foi vers une sagesse tou\u00adjours plus haute et plus&nbsp;forte\u2026\n<p>Il manque aujourd\u2019hui une revue indi\u00advi\u00addua\u00adliste de phi\u00adlo\u00adso\u00adphie qui sorte du domaine des id\u00e9es m\u00e9ta\u00adphy\u00adsiques et qui fasse une place plus large \u00e0 toutes les mani\u00adfes\u00adta\u00adtions de la pen\u00ads\u00e9e classique.<\/p>\n<p>La phi\u00adlo\u00adso\u00adphie indi\u00advi\u00addua\u00adliste et liber\u00adtaire telle que je la con\u00e7ois, doit s\u2019opposer aux ten\u00addances roman\u00adtiques et mys\u00adtiques de la lit\u00adt\u00e9\u00adra\u00adture actuelle.<\/p>\n<p>[\/\u200bCamille <sc>Spiess<\/sc>\/\u200b]<\/p>\n<p><\/p><center>\n<h3> \u2013&nbsp;O&nbsp;\u2013&nbsp;<\/h3>\n<p><\/p><\/center><br>\n<br>\n\u2026 Sous la forme actuelle de ses vagues doc\u00adtrines, de l\u2019impr\u00e9cision inh\u00e9\u00adrente et fatale aux types sociaux de la r\u00e9volte, il n\u2019est gu\u00e8re pos\u00adsible de pr\u00e9\u00adci\u00adser le sens vrai\u00adment humain de l\u2019anarchie.\n<p>Ceux du \u00ab&nbsp;Liber\u00adtaire&nbsp;\u00bb appellent anar\u00adchie leur f\u00e9d\u00e9\u00adra\u00adlisme, et la plu\u00adpart des indi\u00advi\u00addua\u00adlistes, \u00e0 l\u2019oppos\u00e9, rejettent l\u2019id\u00e9e anar\u00adchique dans le domaine phi\u00adlo\u00adso\u00adphique, plu\u00adt\u00f4t m\u00e9ta\u00adphy\u00adsique. Les uns et les autres peuvent voir juste, mais paraissent soit bien tenir au pr\u00e9\u00adsent, soit s\u2019en \u00e9car\u00adter&nbsp;trop.<\/p>\n<p>Pour moi, anar\u00adchie est for\u00admule sociale \u2013 cadre \u00e9co\u00adno\u00admique plus v\u00e9ri\u00adta\u00adble\u00adment phy\u00adsique. Vou\u00adloir l\u2019incorporer au domaine spi\u00adri\u00adtuel et psy\u00adchique reste propre \u00e0 l\u2019individu, peu y par\u00adviennent&nbsp;; et trans\u00adpo\u00adser ces \u00e9tats en nos rela\u00adtions sociales me para\u00eet la der\u00adni\u00e8re erreur.<\/p>\n<p>[\/\u200bBordeaux, 27 juillet<br>\n<br><sc>Lar\u00e9s<\/sc>\/\u200b]<\/p>\n<p>[(La rubrique \u00ab&nbsp;cor\u00adres\u00adpon\u00addances&nbsp;\u00bb recueille, non seule\u00adment les lettres qui nous paraissent int\u00e9\u00adres\u00adsantes, mais aus\u00adsi les pol\u00e9\u00admiques \u2013 cour\u00adtoises \u2013 qu\u2019elles peuvent amener.)]&nbsp;<\/p><\/div>\n<\/div>\n","protected":false},"excerpt":{"rendered":"<p>\u2026 L\u2019Int\u00e9grale est une colo\u00adnie com\u00admu\u00adniste liber\u00adtaire indi\u00advi\u00addua\u00adliste, en ce sens que le com\u00admu\u00adnisme y est orga\u00adni\u00ads\u00e9 de mani\u00e8re \u00e0 ce que les droits de l\u2019individu y soient maxi\u00admum. Chez nous ce n\u2019est pas l\u2019individu qui doit se plier \u00e0 l\u2019organisation, c\u2019est l\u2019organisation qui doit \u00eatre faite pour l\u2019individu et lui don\u00adner le maxi\u00admum&nbsp;de&nbsp;[\u2026]<\/p>\n","protected":false},"author":1,"featured_media":0,"comment_status":"closed","ping_status":"closed","sticky":false,"template":"","format":"standard","meta":{"wp_typography_post_enhancements_disabled":false,"footnotes":""},"categories":[442],"tags":[],"ppma_author":[540],"class_list":["post-3651","post","type-post","status-publish","format-standard","hentry","category-les-vagabonds-n3-aout-1922"],"authors":[{"term_id":540,"user_id":1,"is_guest":0,"slug":"admin_3gikpwyf","display_name":"Vincent Dubuc","avatar_url":"https:\/\/secure.gravatar.com\/avatar\/d015720652c25fd2ced191ade86430094e1f288a17483713e3b34d26dea52507?s=96&d=mm&r=g","author_category":"","user_url":"https:\/\/la-presse-anarchiste.net","last_name":"Dubuc","first_name":"Vincent","job_title":"","description":""}],"_links":{"self":[{"href":"https:\/\/la-presse-anarchiste.net\/index.php\/wp-json\/wp\/v2\/posts\/3651","targetHints":{"allow":["GET"]}}],"collection":[{"href":"https:\/\/la-presse-anarchiste.net\/index.php\/wp-json\/wp\/v2\/posts"}],"about":[{"href":"https:\/\/la-presse-anarchiste.net\/index.php\/wp-json\/wp\/v2\/types\/post"}],"author":[{"embeddable":true,"href":"https:\/\/la-presse-anarchiste.net\/index.php\/wp-json\/wp\/v2\/users\/1"}],"replies":[{"embeddable":true,"href":"https:\/\/la-presse-anarchiste.net\/index.php\/wp-json\/wp\/v2\/comments?post=3651"}],"version-history":[{"count":0,"href":"https:\/\/la-presse-anarchiste.net\/index.php\/wp-json\/wp\/v2\/posts\/3651\/revisions"}],"wp:attachment":[{"href":"https:\/\/la-presse-anarchiste.net\/index.php\/wp-json\/wp\/v2\/media?parent=3651"}],"wp:term":[{"taxonomy":"category","embeddable":true,"href":"https:\/\/la-presse-anarchiste.net\/index.php\/wp-json\/wp\/v2\/categories?post=3651"},{"taxonomy":"post_tag","embeddable":true,"href":"https:\/\/la-presse-anarchiste.net\/index.php\/wp-json\/wp\/v2\/tags?post=3651"},{"taxonomy":"author","embeddable":true,"href":"https:\/\/la-presse-anarchiste.net\/index.php\/wp-json\/wp\/v2\/ppma_author?post=3651"}],"curies":[{"name":"wp","href":"https:\/\/api.w.org\/{rel}","templated":true}]}}