{"id":3677,"date":"1949-01-01T00:03:31","date_gmt":"1949-01-01T00:03:31","guid":{"rendered":"https:\/\/la-presse-anarchiste.net\/index.php\/2014\/04\/12\/croyons-encore-a-la-paix-et-agissons-en-consequence\/"},"modified":"2025-07-22T23:31:50","modified_gmt":"2025-07-22T23:31:50","slug":"croyons-encore-a-la-paix-et-agissons-en-consequence","status":"publish","type":"post","link":"https:\/\/la-presse-anarchiste.net\/index.php\/1949\/01\/01\/croyons-encore-a-la-paix-et-agissons-en-consequence\/","title":{"rendered":"Croyons encore \u00e0 la Paix et agissons en cons\u00e9quence"},"content":{"rendered":"<div class=\"pdfprnt-buttons pdfprnt-buttons-post pdfprnt-top-right\"><a href=\"https:\/\/la-presse-anarchiste.net\/index.php\/wp-json\/wp\/v2\/posts\/3677?print=pdf\" class=\"pdfprnt-button pdfprnt-button-pdf\" target=\"_blank\"><img decoding=\"async\" src=\"https:\/\/la-presse-anarchiste.net\/wp-content\/plugins\/pdf-print\/images\/pdf.png\" alt=\"image_pdf\" title=\"Afficher le PDF\"><\/a><a href=\"https:\/\/la-presse-anarchiste.net\/index.php\/wp-json\/wp\/v2\/posts\/3677?print=print\" class=\"pdfprnt-button pdfprnt-button-print\" target=\"_blank\"><img decoding=\"async\" src=\"https:\/\/la-presse-anarchiste.net\/wp-content\/plugins\/pdf-print\/images\/print.png\" alt=\"image_print\" title=\"Contenu imprim\u00e9\"><\/a><\/div><div align=\"justify\">\n<div style=\"text-indent: 1cm;\">\n<p style=\"text-align: justify;\">Si pour agir il nous fal\u00adlait d\u2019abord acqu\u00e9\u00adrir la cer\u00adti\u00adtude d\u2019aboutir, nous n\u2019agirions jamais et nos efforts actuels pour sau\u00adve\u00adgar\u00adder la paix appa\u00adra\u00ee\u00adtront sans doute ridi\u00adcules, alors que la guerre per\u00adsiste par endroits et couve \u00e0 fleur de terre par\u00adtout dans le&nbsp;monde.<\/p>\n<p style=\"text-align: justify;\">Un cama\u00adrade m\u2019\u00e9crit&nbsp;: \u00ab&nbsp;Que pou\u00advons-nous emp\u00ea\u00adcher&nbsp;? Mieux vaut nous cou\u00adcher, du moins nous ne nous fati\u00adgue\u00adrons point et nous n\u2019irons pas au-devant de nou\u00advelles d\u00e9sillusions.&nbsp;\u00bb<\/p>\n<p style=\"text-align: justify;\">Un autre ami doute de la qua\u00adli\u00adt\u00e9 des paci\u00adfistes d\u2019aujourd\u2019hui&nbsp;: \u00ab&nbsp;Ils sont bien nom\u00adbreux, subi\u00adte\u00adment&nbsp;; quand la guerre arri\u00adve\u00adra, ils se disperseront.&nbsp;\u00bb<\/p>\n<p style=\"text-align: justify;\">Tout est pos\u00adsible et le pire a plus de chance de l\u2019emporter que le mieux. Mais de m\u00eame que le prin\u00adtemps suc\u00adc\u00e8de \u00e0 l\u2019hiver, l\u2019amour de la paix rem\u00adplace les cris de haine de la guerre.<\/p>\n<p style=\"text-align: justify;\">Cet amour est-il pro\u00adfond, durable&nbsp;? Vaines questions.<\/p>\n<p style=\"text-align: justify;\">Il est&nbsp;! Et nous n\u2019allons pas nous en plaindre, nous qui, depuis tant d\u2019ann\u00e9es, atten\u00addons de le voir appara\u00eetre.<\/p>\n<p style=\"text-align: center;\"><strong>* * * *<\/strong><\/p>\n<p style=\"text-align: justify;\">Per\u00adson\u00adnel\u00adle\u00adment, je suis pes\u00adsi\u00admiste. Je crains que la der\u00adni\u00e8re guerre, en fai\u00adsant dis\u00adpa\u00adra\u00eetre quelques grandes nations et en cr\u00e9ant deux blocs g\u00e9ants, ait ren\u00addu presque fatal le heurt que nous redou\u00adtons&nbsp;tous.<\/p>\n<p style=\"text-align: justify;\">En 1939, j\u2019avais la convic\u00adtion que la guerre \u00e9tait \u00e9vi\u00adtable. En 1949, je n\u2019ose en dire autant pour celle qui&nbsp;r\u00f4de.<\/p>\n<p style=\"text-align: justify;\">Le capi\u00adta\u00adlisme d\u2019\u00c9tat sta\u00adli\u00adnien d\u00e9sire d\u00e9faire les trusts am\u00e9\u00adri\u00adcains pour atteindre ensuite \u00e0 son apo\u00adg\u00e9e. Le capi\u00adta\u00adlisme pri\u00adv\u00e9 qui ne veut pas dis\u00adpa\u00adra\u00eetre et dont la puis\u00adsance est encore colos\u00adsale, l\u00e0-bas outre-Atlan\u00adtique, s\u2019appr\u00eate, lui, \u00e0 jouer sa der\u00adni\u00e8re&nbsp;carte.<\/p>\n<p style=\"text-align: justify;\">Il semble bien que les deux monstres vont s\u2019empoigner, nous broyant au milieu.<\/p>\n<p style=\"text-align: justify;\">Et devant cette pers\u00adpec\u00adtive, l\u2019on se sent petit, tout petit, quand on appar\u00adtient \u00e0 un pays vas\u00adsal qui ne sait m\u00eame pas se pro\u00adt\u00e9\u00adger tant soit peu en affir\u00admant sa neu\u00adtra\u00adli\u00adt\u00e9 abso\u00adlue et non arm\u00e9e \u00e0 la face de l\u2019univers.<\/p>\n<p style=\"text-align: justify;\">On vou\u00addrait \u00eatre Russes ou Am\u00e9\u00adri\u00adcains pour faire une pres\u00adsion directe sur des gou\u00adver\u00adnants responsables.<\/p>\n<p style=\"text-align: justify;\">On vou\u00addrait que le paci\u00adfisme qui emplit enfin le c\u0153ur de nom\u00adbreux Fran\u00ad\u00e7ais occupe le c\u0153ur des Am\u00e9\u00adri\u00adcains et des Russes, puisque c\u2019est de leurs pays res\u00adpec\u00adtifs que d\u00e9pend la guerre ou la&nbsp;paix.<\/p>\n<p style=\"text-align: justify;\">On vou\u00addrait que les Russes qui ont souf\u00adfert atro\u00adce\u00adment des guerres puissent par\u00adler&nbsp;; que les Am\u00e9\u00adri\u00adcains en aient p\u00e2ti davan\u00adtage pour s\u2019y oppo\u00adser enfin efficacement.<\/p>\n<p style=\"text-align: center;\"><strong>* * * *<\/strong><\/p>\n<p style=\"text-align: justify;\">Mal\u00adgr\u00e9 cela, amis scep\u00adtiques, la paix n\u2019est pas encore \u00e0 son der\u00adnier souffle. Le pes\u00adsi\u00admiste que je suis admet que des \u00e9v\u00e9\u00adne\u00adments peuvent se pro\u00adduire qui feraient s\u2019estomper et dis\u00adpa\u00adra\u00eetre les dan\u00adgers de guerre.<\/p>\n<p style=\"text-align: justify;\">Que tous les paci\u00adfistes euro\u00adp\u00e9ens enflent donc leur voix, qu\u2019elle prenne une telle ampleur que les pires sourds l\u2019entendent.<\/p>\n<p style=\"text-align: justify;\">Et entrons tous dans la ronde de la paix, \u00e0 c\u00f4t\u00e9 des nou\u00adveaux venus, en vue d\u2019assurer ensemble la conti\u00adnui\u00adt\u00e9 de la&nbsp;vie.<\/p>\n<p style=\"text-align: right;\">Louis Lecoin<\/p>\n<\/div>\n<\/div>\n","protected":false},"excerpt":{"rendered":"<p>Si pour agir il nous fal\u00adlait d\u2019abord acqu\u00e9\u00adrir la cer\u00adti\u00adtude d\u2019aboutir, nous n\u2019agirions jamais et nos efforts actuels pour sau\u00adve\u00adgar\u00adder la paix appa\u00adra\u00ee\u00adtront sans doute ridi\u00adcules, alors que la guerre per\u00adsiste par endroits et couve \u00e0 fleur de terre par\u00adtout dans le&nbsp;monde. Un cama\u00adrade m\u2019\u00e9crit&nbsp;: \u00ab&nbsp;Que pou\u00ad\u00advons-nous emp\u00ea\u00adcher&nbsp;? Mieux vaut nous cou\u00adcher, du moins&nbsp;nous&nbsp;[\u2026]<\/p>\n","protected":false},"author":44,"featured_media":4535,"comment_status":"closed","ping_status":"closed","sticky":false,"template":"wp-custom-template-page-d-article","format":"standard","meta":{"wp_typography_post_enhancements_disabled":false,"footnotes":""},"categories":[445],"tags":[591],"ppma_author":[712],"class_list":["post-3677","post","type-post","status-publish","format-standard","has-post-thumbnail","hentry","category-defense-de-lhomme-n4-janvier-1949","tag-pacifisme"],"authors":[{"term_id":712,"user_id":44,"is_guest":0,"slug":"lecoin-louis","display_name":"Louis Lecoin","avatar_url":"https:\/\/secure.gravatar.com\/avatar\/5ee3a35eeff10a8f4c61a83dc3215d9d4477561e6dd010f07f04f9722535a847?s=96&d=mm&r=g","author_category":"","user_url":"","last_name":"Lecoin","first_name":"Louis","job_title":"","description":""}],"_links":{"self":[{"href":"https:\/\/la-presse-anarchiste.net\/index.php\/wp-json\/wp\/v2\/posts\/3677","targetHints":{"allow":["GET"]}}],"collection":[{"href":"https:\/\/la-presse-anarchiste.net\/index.php\/wp-json\/wp\/v2\/posts"}],"about":[{"href":"https:\/\/la-presse-anarchiste.net\/index.php\/wp-json\/wp\/v2\/types\/post"}],"author":[{"embeddable":true,"href":"https:\/\/la-presse-anarchiste.net\/index.php\/wp-json\/wp\/v2\/users\/44"}],"replies":[{"embeddable":true,"href":"https:\/\/la-presse-anarchiste.net\/index.php\/wp-json\/wp\/v2\/comments?post=3677"}],"version-history":[{"count":2,"href":"https:\/\/la-presse-anarchiste.net\/index.php\/wp-json\/wp\/v2\/posts\/3677\/revisions"}],"predecessor-version":[{"id":9328,"href":"https:\/\/la-presse-anarchiste.net\/index.php\/wp-json\/wp\/v2\/posts\/3677\/revisions\/9328"}],"wp:featuredmedia":[{"embeddable":true,"href":"https:\/\/la-presse-anarchiste.net\/index.php\/wp-json\/wp\/v2\/media\/4535"}],"wp:attachment":[{"href":"https:\/\/la-presse-anarchiste.net\/index.php\/wp-json\/wp\/v2\/media?parent=3677"}],"wp:term":[{"taxonomy":"category","embeddable":true,"href":"https:\/\/la-presse-anarchiste.net\/index.php\/wp-json\/wp\/v2\/categories?post=3677"},{"taxonomy":"post_tag","embeddable":true,"href":"https:\/\/la-presse-anarchiste.net\/index.php\/wp-json\/wp\/v2\/tags?post=3677"},{"taxonomy":"author","embeddable":true,"href":"https:\/\/la-presse-anarchiste.net\/index.php\/wp-json\/wp\/v2\/ppma_author?post=3677"}],"curies":[{"name":"wp","href":"https:\/\/api.w.org\/{rel}","templated":true}]}}