{"id":3695,"date":"1949-01-01T00:21:32","date_gmt":"1949-01-01T00:21:32","guid":{"rendered":"https:\/\/la-presse-anarchiste.net\/index.php\/2014\/04\/12\/histoires-vecues-du-jour-et-de-la-nuit-4\/"},"modified":"2025-07-23T02:33:24","modified_gmt":"2025-07-23T02:33:24","slug":"histoires-vecues-du-jour-et-de-la-nuit-4","status":"publish","type":"post","link":"https:\/\/la-presse-anarchiste.net\/index.php\/1949\/01\/01\/histoires-vecues-du-jour-et-de-la-nuit-4\/","title":{"rendered":"Histoires v\u00e9cues du jour et de la&nbsp;nuit"},"content":{"rendered":"<div class=\"pdfprnt-buttons pdfprnt-buttons-post pdfprnt-top-right\"><a href=\"https:\/\/la-presse-anarchiste.net\/index.php\/wp-json\/wp\/v2\/posts\/3695?print=pdf\" class=\"pdfprnt-button pdfprnt-button-pdf\" target=\"_blank\"><img decoding=\"async\" src=\"https:\/\/la-presse-anarchiste.net\/wp-content\/plugins\/pdf-print\/images\/pdf.png\" alt=\"image_pdf\" title=\"Afficher le PDF\"><\/a><a href=\"https:\/\/la-presse-anarchiste.net\/index.php\/wp-json\/wp\/v2\/posts\/3695?print=print\" class=\"pdfprnt-button pdfprnt-button-print\" target=\"_blank\"><img decoding=\"async\" src=\"https:\/\/la-presse-anarchiste.net\/wp-content\/plugins\/pdf-print\/images\/print.png\" alt=\"image_print\" title=\"Contenu imprim\u00e9\"><\/a><\/div><div align=\"justify\">\n<div style=\"text-indent: 1cm;\">\n<p style=\"text-align: justify;\">C\u2019est bien vrai que la sen\u00adsi\u00adbi\u00adli\u00adt\u00e9 s\u2019\u00e9mousse. Il y a tant de souf\u00adfrance sur la terre, on en a tant vu quand on a un peu v\u00e9cu qu\u2019on finit par se juger, sinon \u00e9go\u00efste (c\u2019est un qua\u00adli\u00adfi\u00adca\u00adtif qui me fait encore peur), tout au moins anes\u00adth\u00e9\u00adsi\u00e9 par la force de l\u2019habitude.<\/p>\n<p style=\"text-align: justify;\">L\u2019habitude qu\u2019on prend de la souf\u00adfrance d\u2019autrui&nbsp;? Bien s\u00fbr&nbsp;! Mes lec\u00adteurs ont rec\u00adti\u00adfi\u00e9 d\u2019eux-m\u00eames. Merci&nbsp;!<\/p>\n<p style=\"text-align: justify;\">Je suis ain\u00adsi excu\u00ads\u00e9 de ne point ten\u00adter de vous \u00e9mou\u00advoir avec ces his\u00adtoires banales et d\u00e9su\u00e8tes de m\u00e8res de famille qui se sui\u00adcident arec leurs enfants affa\u00adm\u00e9s. L\u2019abondance en cette mati\u00e8re a d\u00e9pas\u00ads\u00e9 ce mois-ci les cal\u00adculs les plus pes\u00adsi\u00admistes. Et cela me rap\u00adpelle ce mot savou\u00adreux d\u2019un direc\u00adteur de jour\u00adnal en 1916 qui, devant la mul\u00adti\u00adtude des muti\u00adl\u00e9s cher\u00adchant \u00e0 trou\u00adver leur pitance en ven\u00addant les cartes pos\u00adtales, disait \u00e0 un jeune r\u00e9dacteur&nbsp;:<\/p>\n<p>\u2014 Ne par\u00adlez plus des muti\u00adl\u00e9s, ils sont&nbsp;trop&nbsp;!<\/p>\n<p style=\"text-align: justify;\">Oui, le pro\u00adverbe est vrai. L\u2019exc\u00e8s en tout est un d\u00e9faut. Et quand l\u2019imagination ne vient pas au secours du chro\u00adni\u00adqueur, ou s\u2019il s\u2019obstine \u00e0 se confi\u00adner dans la r\u00e9a\u00adli\u00adt\u00e9, il conna\u00eet sou\u00advent des ins\u00adtants d\u2019inqui\u00e9tude&nbsp;: la corde de la souf\u00adfrance humaine est us\u00e9e&nbsp;; com\u00adment la faire vibrer encore&nbsp;? Tout n\u2019a\u2011t-il pas \u00e9t\u00e9 \u00e9crit\u2026 et&nbsp;v\u00e9cu&nbsp;?<\/p>\n<p style=\"text-align: justify;\"><b>Mais il nous reste le tragi-comique.<\/b><\/p>\n<p style=\"text-align: justify;\">C\u2019est en somme cette for\u00admule qui a per\u00admis au roman\u00adtisme de \u00ab&nbsp;faire neuf&nbsp;\u00bb en sub\u00adsti\u00adtuant le \u00ab&nbsp;drame&nbsp;\u00bb \u00e0 la mono\u00adto\u00adnie clas\u00adsique. Et puis, ce fut \u00ab&nbsp;la tranche de vie&nbsp;\u00bb, celle des Gon\u00adcourt qui sub\u00adsis\u00adte\u00adront long\u00adtemps encore, gr\u00e2ce sur\u00adtout au Prix qu\u2019ils ont fon\u00add\u00e9. On en parle beau\u00adcoup cette semaine encore et cela remet en actua\u00adli\u00adt\u00e9 cette fameuse \u00ab&nbsp;stra\u00adt\u00e9\u00adgie lit\u00adt\u00e9\u00adraire&nbsp;\u00bb o\u00f9 Fer\u00adnand Divoire a si bien ana\u00adly\u00ads\u00e9 les moyens de par\u00adve\u00adnir n\u00e9ces\u00adsaires aux jeunes \u00e9cri\u00advains en qu\u00eate d\u2019honneurs. Recon\u00adnais\u00adsons donc fran\u00adche\u00adment que \u00ab&nbsp;la tranche de vie&nbsp;\u00bb est, par\u00admi tant de sys\u00adt\u00e8mes, ce que nous avons de mieux pour conna\u00eetre la v\u00e9ri\u00adt\u00e9 du jour. Ain\u00adsi, en m\u00eame temps que \u00ab&nbsp;la feuille de tem\u00adp\u00e9\u00adra\u00adture de la pla\u00adn\u00e8te&nbsp;\u00bb dont je par\u00adlais dans le der\u00adnier num\u00e9\u00adro, nous pou\u00advons conna\u00eetre \u00ab&nbsp;sa ten\u00adsion&nbsp;\u00bb. En voi\u00adci un sin\u00adgu\u00adlier sympt\u00f4me&nbsp;:<\/p>\n<p style=\"text-align: justify;\"><b>La tor\u00adture est \u00e0 l\u2019ordre du&nbsp;jour.<\/b><\/p>\n<p style=\"text-align: justify;\">\u00c7a c\u2019est grave. Plus grave que la&nbsp;mort.<\/p>\n<p style=\"text-align: justify;\">Il fut un temps o\u00f9 la tor\u00adture \u00e9tait ins\u00adcrite dans les lois, disons mieux, dans les cou\u00adtumes, plus fortes que les lois. Jusqu\u2019au der\u00adnier tiers du XVIII<sup>e<\/sup> si\u00e8cle, nul ne rou\u00adgis\u00adsait d\u2019ordonner de tor\u00adtu\u00adrer, de voir tor\u00adtu\u00adrer ou de tor\u00adtu\u00adrer un mis\u00e9\u00adrable. Le doux po\u00e8te Robbe de Beau\u00adve\u00adsest nous a cont\u00e9 all\u00e9\u00adgre\u00adment le sup\u00adplice de Damiens en place de Gr\u00e8ve, c\u2019est-\u00e0-dire devant un public innom\u00adbrable, o\u00f9 l\u2019aristocratie se m\u00ealait \u00e0 la pl\u00e8be dans une ignoble jouis\u00adsance. Ce monstre, Damiens, avait d\u2019un coup de canif \u00e9chan\u00adcr\u00e9 l\u2019habit de Louis XV. Condam\u00adn\u00e9 \u00e0 l\u2019\u00e9cart\u00e8lement apr\u00e8s les mul\u00adtiples \u00e9preuves de \u00ab&nbsp;la ques\u00adtion ordi\u00adnaire et extra\u00ador\u00addi\u00adnaire&nbsp;\u00bb, Damiens oppo\u00adsa d\u2019abord \u00e0 ses bour\u00adreaux un sto\u00ef\u00adcisme farouche qui main\u00adtint ses com\u00adplices \u00e0 l\u2019abri. Son cou\u00adrage, comme vous le pen\u00adsez, n\u2019\u00e9mut nul\u00adle\u00adment ses tor\u00adtion\u00adnaires, qui conti\u00adnu\u00e8rent leurs pre\u00admi\u00e8res besognes. Mais, o\u00f9 notre homme se mon\u00adtra tout \u00e0 fait ori\u00adgi\u00adnal, ce fut \u00e0 l\u2019heure de son \u00e9cart\u00e8lement.<\/p>\n<p style=\"text-align: justify;\">En effet, mal\u00adgr\u00e9 les quatre per\u00adche\u00adrons atte\u00adl\u00e9s \u00e0 ses quatre membres, les bras et les jambes du patient se refu\u00ads\u00e8rent \u00e0 se d\u00e9ta\u00adcher de son&nbsp;tronc.<\/p>\n<p style=\"text-align: justify;\">T\u00eate du bourreau&nbsp;!<\/p>\n<p style=\"text-align: justify;\">Les che\u00advaux tiraient. Fouaill\u00e9s, fai\u00adsant cr\u00e9\u00adpi\u00adter le pav\u00e9 sous leurs sabots, ils s\u2019effor\u00e7aient encore.<\/p>\n<p style=\"text-align: justify;\">Et les membres de Damiens s\u2019allongeaient, d\u00e9me\u00adsu\u00adr\u00e9\u00adment, sans quit\u00adter le&nbsp;tronc&nbsp;!<\/p>\n<p style=\"text-align: justify;\">\u2014 \u00c7a ne peut pas durer ain\u00adsi, dit le chef des tour\u00admen\u00adteurs. Il faut deux che\u00advaux en&nbsp;plus.<\/p>\n<p>\u2014 Cela est inter\u00addit par la cou\u00adtume, obser\u00adva un juriste. Tout ce qu\u2019on peut faire dans l\u2019int\u00e9r\u00eat du condam\u00adn\u00e9, et pour per\u00admettre un arra\u00adche\u00adment rapide de ses membres, c\u2019est de sec\u00adtion\u00adner les muscles.<\/p>\n<p>\u2014 Faites&nbsp;! ordon\u00adna le bour\u00adreau \u00e0 ses&nbsp;aides.<\/p>\n<p>\u2014 Oui, mais pour cela, r\u00e9pli\u00adqua le juriste, il faut l\u2019autorisation du Ch\u00e2telet.<\/p>\n<p style=\"text-align: justify;\">On atten\u00addit. L\u2019autorisation arri\u00adva au bout d\u2019une heure, Apr\u00e8s quoi, la jus\u00adtice fut satis\u00adfaite. Chaque che\u00adval empor\u00adta \u00e0 son arri\u00e8re-train un membre de Damiens dont le tronc, gr\u00e9\u00adsillant de plomb fon\u00addu, res\u00adta sur le&nbsp;pav\u00e9.<\/p>\n<p style=\"text-align: justify;\"><b>Vous croyez que je m\u2019\u00e9carte de mon&nbsp;sujet&nbsp;?&nbsp;<\/b><\/p>\n<p style=\"text-align: justify;\">Pas du tout. Car la tor\u00adture est une his\u00adtoire v\u00e9cue du jour et de la nuit. Sa seule dif\u00adf\u00e9\u00adrence avec le pas\u00ads\u00e9 r\u00e9side dans ce fait que son \u00ab&nbsp;appli\u00adca\u00adtion&nbsp;\u00bb ne figure plus dans nos codes. En pra\u00adtique elle a tou\u00adjours droit de cit\u00e9, dans presque tous les pays civi\u00adli\u00ads\u00e9s et, notam\u00adment, chez \u00ab&nbsp;les Grands&nbsp;\u00bb.<\/p>\n<p style=\"text-align: justify;\">Tant et si bien que, sans plus \u00eatre ni\u00e9e, elle a fait tout der\u00adni\u00e8\u00adre\u00adment dans une des salles de la Facul\u00adt\u00e9 de droit, l\u2019objet d\u2019une conf\u00e9\u00adrence ayant pour titre&nbsp;: \u00ab&nbsp;Faut-il r\u00e9ta\u00adblir la torture&nbsp;?&nbsp;\u00bb<\/p>\n<p style=\"text-align: justify;\">L\u2019assistance \u00e9tait de choix&nbsp;: le pr\u00e9\u00adsident de la Cour de jus\u00adtice, le pr\u00e9\u00adsident du Tri\u00adbu\u00adnal mili\u00adtaire, des juges d\u2019instruction, des avo\u00adcats g\u00e9n\u00e9\u00adraux, des membres du Conseil de l\u2019Ordre, des pro\u00adfes\u00adseurs \u00e0 la Facul\u00adt\u00e9, etc. Et n\u2019oublions pas le conf\u00e9\u00adren\u00adcier, un jeune avo\u00adcat de talent&nbsp;: Me Alec Mel\u00adlor. Celui-ci, empres\u00adsons-nous de le dire, conclut \u00e0 l\u2019abolition de la torture.<\/p>\n<p style=\"text-align: justify;\">Voi\u00adl\u00e0 qui est&nbsp;bien.<\/p>\n<p style=\"text-align: justify;\">Mais, si j\u2019en crois les rela\u00adtions que j\u2019ai lues, de cette conf\u00e9\u00adrence, Me Alec Mel\u00adlor aurait prin\u00adci\u00adpa\u00adle\u00adment insis\u00adt\u00e9 pour faire valoir sa th\u00e8se sur <i>l\u2019inutilit\u00e9 de la tor\u00adture, \u00e9tant don\u00adn\u00e9 les moyens scien\u00adti\u00adfiques dont la police dis\u00adpose actuel\u00adle\u00adment pour ses enqu\u00eates<\/i>.<\/p>\n<p style=\"text-align: justify;\">Et c\u2019est l\u00e0 un signe des temps. Car nous sommes ame\u00adn\u00e9s \u00e0 conclure, d\u2019apr\u00e8s l\u2019argumentation m\u00eame du conf\u00e9\u00adren\u00adcier, que <i>si la tor\u00adture n\u2019\u00e9tait pas inutile<\/i>, on pour\u00adrait r\u00e9ins\u00adcrire son appli\u00adca\u00adtion dans le Code p\u00e9nal et dans celui d\u2019Instruction criminelle&nbsp;!<\/p>\n<p style=\"text-align: justify;\">Certes, et j\u2019aime \u00e0 le croire, c\u2019est parce que Me Alec Mel\u00adlor s\u2019adressait \u00e0 un audi\u00adtoire de juristes qu\u2019il a sp\u00e9\u00adcia\u00adle\u00adment sou\u00adli\u00adgn\u00e9, habi\u00adle\u00adment et pour gagner sa cause, <i>l\u2019inutilit\u00e9<\/i> de la tor\u00adture&nbsp;; en avo\u00adcat expert, il savait bien que l\u2019argument pra\u00adtique et uti\u00adli\u00adtaire est pr\u00e9\u00adf\u00e9\u00adrable \u00e0 tout&nbsp;autre.<\/p>\n<p style=\"text-align: justify;\">Mais cela ne nous emp\u00eache point de d\u00e9plo\u00adrer la n\u00e9ces\u00adsi\u00adt\u00e9 d\u2019un tel argu\u00adment. Quand Louis XVI abo\u00adlit la tor\u00adture, il fut uni\u00adque\u00adment ani\u00adm\u00e9 par un de ces sen\u00adti\u00adments qui feront tou\u00adjours hon\u00adneur aux hommes de tous les pays et de toutes les \u00e9poques. Et c\u2019est ce sen\u00adti\u00adment seul qui devrait, selon nous, l\u2019emporter sur toute autre consid\u00e9ration.<\/p>\n<p style=\"text-align: justify;\">La tor\u00adture doit \u00eatre abo\u00adlie dans les codes et dans la pra\u00adtique uni\u00adque\u00adment <i>parce qu\u2019elle est la tor\u00adture<\/i>, c\u2019est-\u00e0-dire une souillure pour ceux qui l\u2019ordonnent et pour ceux qui l\u2019appliquent.<\/p>\n<p style=\"text-align: justify;\"><b>Quand la supprimera-t-on&nbsp;?&nbsp;<\/b><\/p>\n<p style=\"text-align: justify;\">Mais, pour l\u2019instant, un fait demeure. On tor\u00adture par\u00adtout. Comme je le disais au d\u00e9but, on s\u2019habitue de mieux en mieux \u00e0 la souf\u00adfrance d\u2019autrui&nbsp;; et Bref\u00adfort a fait l\u2019autre jour <i>sur la perte de la facul\u00adt\u00e9 d\u2019\u00e9motion<\/i> un bien beau papier.<\/p>\n<p style=\"text-align: justify;\">Aus\u00adsi est-ce une chose fort curieuse de consta\u00adter, \u00e0 c\u00f4t\u00e9 de tant d\u2019horreurs ins\u00adcrites au pro\u00adgramme des civi\u00adli\u00adsa\u00adtions, des cas spon\u00adta\u00adn\u00e9s, indi\u00advi\u00adduels, de piti\u00e9, voire d\u2019abn\u00e9gation qui demeurent encore, ici et l\u00e0, comme de vagues lueurs d\u2019une conscience humaine qui per\u00adsiste \u00e0 ne point s\u2019\u00e9teindre.<\/p>\n<p style=\"text-align: justify;\"><b>Qui veut mes&nbsp;yeux&nbsp;?&nbsp;<\/b><\/p>\n<p style=\"text-align: justify;\">C\u2019est l\u00e0 pro\u00adpo\u00adsi\u00adtion de vente \u00e0 un ache\u00adteur \u00e9ven\u00adtuel, facul\u00adt\u00e9 ou chi\u00adrur\u00adgien, que fai\u00adsait l\u2019autre jour une m\u00e8re de famille de Cin\u00adcin\u00adna\u00adti. Elle n\u2019avait pas d\u2019autre moyen pour nour\u00adrir ses gosses que <i>de vendre ses yeux<\/i>. Il y a, para\u00eet-il, en Am\u00e9\u00adrique, un mar\u00adch\u00e9 des yeux, une banque des yeux. Certes, puisqu\u2019il est aujourd\u2019hui d\u00e9mon\u00adtr\u00e9 que la chi\u00adrur\u00adgie peut rendre la vue \u00e0 cer\u00adtains aveugles en leur gref\u00adfant des yeux \u00ab&nbsp;vivants&nbsp;\u00bb, ce sont les plus recher\u00adch\u00e9s, sur\u00adtout quand ils sont jeunes. Nous devons recon\u00adna\u00eetre que le fait de vendre ses yeux pour nour\u00adrir ses enfants est plus \u00ab&nbsp;rai\u00adson\u00adnable&nbsp;\u00bb que se sui\u00adci\u00adder avec eux. Mais ne trou\u00advez-vous pas que cette r\u00e9si\u00adgna\u00adtion \u00e0 la souf\u00adfrance est plus affreuse encore que le geste, sou\u00advent irr\u00e9\u00adfl\u00e9\u00adchi, d\u2019un infor\u00adtu\u00adn\u00e9 se don\u00adnant la mort&nbsp;? Ne pen\u00adsez-vous pas, comme moi, que cette accep\u00adta\u00adtion de la dou\u00adleur est encore une des carac\u00adt\u00e9\u00adris\u00adtiques d\u2019une \u00e9poque o\u00f9 l\u2019individu, tom\u00adbant de plus en plus bas, finit par admettre sa d\u00e9ch\u00e9ance comme une in\u00e9\u00adluc\u00adtable fata\u00adli\u00adt\u00e9&nbsp;? Ce qui lui fait accep\u00adter, sans entraves, la sou\u00admis\u00adsion totale de son corps et de son esprit \u00e0 ceux qui sont en somme res\u00adpon\u00adsables de sa d\u00e9gradation.<\/p>\n<p style=\"text-align: justify;\"><b>Des yeux de&nbsp;star.<\/b><\/p>\n<p style=\"text-align: justify;\">Et voi\u00adl\u00e0 que la publi\u00adci\u00adt\u00e9 s\u2019en m\u00eale. Depuis la vamp jusqu\u2019\u00e0 la pin up girl, nom\u00adbreuses sont les vedettes qui pro\u00adposent un \u0153il \u00e0 vendre. Elles pour\u00adraient aus\u00adsi bien en pro\u00adpo\u00adser deux. Car mal\u00adgr\u00e9 ce prin\u00adcipe de droit que \u00ab&nbsp;la pro\u00adpo\u00adsi\u00adtion publique de vente vaut vente aus\u00adsi\u00adt\u00f4t qu\u2019elle est accep\u00adt\u00e9e&nbsp;\u00bb, je ne pense pas qu\u2019un tri\u00adbu\u00adnal obli\u00adge\u00adrait une per\u00adson\u00adna\u00adli\u00adt\u00e9 de l\u2019\u00e9cran \u00e0 ex\u00e9\u00adcu\u00adter son contrat. On com\u00adprend donc fort bien que la publi\u00adci\u00adt\u00e9 accor\u00add\u00e9e \u00e0 des pro\u00adpo\u00adsi\u00adtions de ce genre puisse ten\u00adter une star sou\u00adcieuse de main\u00adte\u00adnir son stan\u00adding. Le mar\u00adch\u00e9 des yeux n\u2019en sera pas pour cela plus encom\u00adbr\u00e9 de mar\u00adchan\u00addises. Car, bien enten\u00addu, r\u00e9p\u00e9\u00adtons-le, il s\u2019agit d\u2019yeux vivants et jeunes. Un \u0153il cueilli sur une vieille star ne vau\u00addrait pas plus que celui d\u2019une vieille chouette.<\/p>\n<p style=\"text-align: justify;\">Il en est tout autre\u00adment&nbsp;des&nbsp;:<\/p>\n<p style=\"text-align: justify;\"><b>Don\u00adneurs de&nbsp;sang.<\/b><\/p>\n<p style=\"text-align: justify;\">Car le sang n\u2019a point besoin d\u2019\u00eatre fra\u00ee\u00adche\u00adment tir\u00e9 pour revi\u00adgo\u00adrer un d\u00e9fi\u00adcient. Le sang se met faci\u00adle\u00adment en conserve, par des sp\u00e9\u00adcia\u00adlistes, bien enten\u00addu. Et il faut, ose-t-on nous affir\u00admer, que les r\u00e9serves de sang soient consi\u00add\u00e9\u00adrables. En effet, la guerre conti\u00adnue par\u00adtout. Et il faut pen\u00adser aux \u00ab&nbsp;p\u2019tits sol\u00addats&nbsp;\u00bb qui n\u00e9ces\u00adsitent tant de soins de la part de ceux qui les font tuer. Aus\u00adsi le m\u00e9tier de don\u00adneur de sang consti\u00adtue-t-il une pro\u00adfes\u00adsion lib\u00e9\u00adrale dont le recru\u00adte\u00adment semble se rar\u00e9\u00adfier, si l\u2019on en juge par les demandes pres\u00adsantes des met\u00adteurs en bou\u00adteilles, des cavistes du sang. Car le sang que la terre a bu n\u2019est rien \u00e0 c\u00f4t\u00e9 de la masse qu\u2019on y veut encore r\u00e9pandre. Et puis il faut du sang jeune. Du beau sang de France.<\/p>\n<p style=\"text-align: justify;\">C\u2019est le meilleur. Comme son&nbsp;vin&nbsp;!<\/p>\n<p style=\"text-align: justify;\">C\u2019est pour\u00adquoi on songe en haut lieu \u00e0 reprendre ce pro\u00adjet, auquel le jour\u00adnal <i>l\u2019Illustration<\/i> avait lar\u00adge\u00adment pr\u00ea\u00adt\u00e9 ses colonnes avant la guerre. Il s\u2019agissait tout bon\u00adne\u00adment, <i>en cas de disette de sang<\/i>, de s\u00e9lec\u00adtion\u00adner les jeunes conscrits pour leur pom\u00adper les veines si l\u2019on man\u00adquait de volon\u00adtaires\u200a\u2014\u200aje n\u2019invente rien \u2014. L\u00e0-des\u00adsus, un autre jour\u00adnal sug\u00adg\u00e9\u00adra l\u2019id\u00e9e d\u2019utiliser \u00e0 cet effet nos colonies&nbsp;!<\/p>\n<p style=\"text-align: justify;\">\u2014 Oh&nbsp;! du sang de noir ou de jaune&nbsp;! lui r\u00e9pon\u00addit-on. Pouah&nbsp;!<\/p>\n<p style=\"text-align: justify;\"><b>Et pour\u00adtant.<\/b><\/p>\n<p style=\"text-align: justify;\">Il para\u00eet que \u00ab&nbsp;les hommes de cou\u00adleur&nbsp;\u00bb, qui com\u00admencent \u00e0 s\u2019y connaitre dans l\u2019art de la guerre, dont les civi\u00adli\u00ads\u00e9s leur ont appris les der\u00adniers secrets, s\u2019int\u00e9ressent de plus en plus \u00e0 \u00ab&nbsp;l\u2019atomique&nbsp;\u00bb. Un jour\u00adnal de New York ne dis\u00adsi\u00admule point ses inqui\u00e9\u00adtudes \u00e0 ce sujet&nbsp;: <i>Cer\u00adtains noirs<\/i>, \u00e9crit-il, <i>font preuve d\u2019extraordinaires apti\u00adtudes aux sciences. Nous devons nous en pr\u00e9\u00adoc\u00adcu\u00adper<\/i>.<\/p>\n<h5 style=\"text-align: center;\">* * * *<\/h5>\n<p style=\"text-align: justify;\">La crainte des \u00ab&nbsp;civi\u00adli\u00ads\u00e9s&nbsp;\u00bb de voir \u00ab&nbsp;les sau\u00advages&nbsp;\u00bb se his\u00adser \u00e0 leur hau\u00adteur dans la science de tuer est une des angoisses col\u00adlec\u00adtives les plus diver\u00adtis\u00adsantes pour le phi\u00adlo\u00adsophe comme pour l\u2019humoriste.<\/p>\n<p style=\"text-align: right;\">Aur\u00e8le Pator\u00adni<\/p>\n<\/div>\n<\/div>\n","protected":false},"excerpt":{"rendered":"<p>C\u2019est bien vrai que la sen\u00adsi\u00adbi\u00adli\u00adt\u00e9 s\u2019\u00e9mousse. Il y a tant de souf\u00adfrance sur la terre, on en a tant vu quand on a un peu v\u00e9cu qu\u2019on finit par se juger, sinon \u00e9go\u00efste (c\u2019est un qua\u00adli\u00adfi\u00adca\u00adtif qui me fait encore peur), tout au moins anes\u00adth\u00e9\u00adsi\u00e9 par la force de l\u2019habitude. L\u2019habitude qu\u2019on prend&nbsp;de&nbsp;[\u2026]<\/p>\n","protected":false},"author":158,"featured_media":4535,"comment_status":"closed","ping_status":"closed","sticky":false,"template":"wp-custom-template-page-d-article","format":"standard","meta":{"wp_typography_post_enhancements_disabled":false,"footnotes":""},"categories":[445],"tags":[947],"ppma_author":[822],"class_list":["post-3695","post","type-post","status-publish","format-standard","has-post-thumbnail","hentry","category-defense-de-lhomme-n4-janvier-1949","tag-chronique-dactualites"],"authors":[{"term_id":822,"user_id":158,"is_guest":0,"slug":"aurele-patorni","display_name":"Aur\u00e8le Patorni","avatar_url":"https:\/\/secure.gravatar.com\/avatar\/3e0007e63043220374276b8e999381e61791b716739f7b581abf50b6a9b1c181?s=96&d=mm&r=g","author_category":"","user_url":"","last_name":"Patorni","first_name":"Aur\u00e8le","job_title":"","description":"Sa notice biographique est accessible sur le site du Maitron. Vous pouvez y acc\u00e9der <a href=\"https:\/\/maitron.fr\/spip.php?article153765\">en cliquant sur le lien.<\/a>"}],"_links":{"self":[{"href":"https:\/\/la-presse-anarchiste.net\/index.php\/wp-json\/wp\/v2\/posts\/3695","targetHints":{"allow":["GET"]}}],"collection":[{"href":"https:\/\/la-presse-anarchiste.net\/index.php\/wp-json\/wp\/v2\/posts"}],"about":[{"href":"https:\/\/la-presse-anarchiste.net\/index.php\/wp-json\/wp\/v2\/types\/post"}],"author":[{"embeddable":true,"href":"https:\/\/la-presse-anarchiste.net\/index.php\/wp-json\/wp\/v2\/users\/158"}],"replies":[{"embeddable":true,"href":"https:\/\/la-presse-anarchiste.net\/index.php\/wp-json\/wp\/v2\/comments?post=3695"}],"version-history":[{"count":2,"href":"https:\/\/la-presse-anarchiste.net\/index.php\/wp-json\/wp\/v2\/posts\/3695\/revisions"}],"predecessor-version":[{"id":9373,"href":"https:\/\/la-presse-anarchiste.net\/index.php\/wp-json\/wp\/v2\/posts\/3695\/revisions\/9373"}],"wp:featuredmedia":[{"embeddable":true,"href":"https:\/\/la-presse-anarchiste.net\/index.php\/wp-json\/wp\/v2\/media\/4535"}],"wp:attachment":[{"href":"https:\/\/la-presse-anarchiste.net\/index.php\/wp-json\/wp\/v2\/media?parent=3695"}],"wp:term":[{"taxonomy":"category","embeddable":true,"href":"https:\/\/la-presse-anarchiste.net\/index.php\/wp-json\/wp\/v2\/categories?post=3695"},{"taxonomy":"post_tag","embeddable":true,"href":"https:\/\/la-presse-anarchiste.net\/index.php\/wp-json\/wp\/v2\/tags?post=3695"},{"taxonomy":"author","embeddable":true,"href":"https:\/\/la-presse-anarchiste.net\/index.php\/wp-json\/wp\/v2\/ppma_author?post=3695"}],"curies":[{"name":"wp","href":"https:\/\/api.w.org\/{rel}","templated":true}]}}