{"id":3697,"date":"1949-01-01T00:23:55","date_gmt":"1949-01-01T00:23:55","guid":{"rendered":"https:\/\/la-presse-anarchiste.net\/index.php\/2014\/04\/12\/vers-une-paix-physique\/"},"modified":"2025-07-23T02:45:04","modified_gmt":"2025-07-23T02:45:04","slug":"vers-une-paix-physique","status":"publish","type":"post","link":"https:\/\/la-presse-anarchiste.net\/index.php\/1949\/01\/01\/vers-une-paix-physique\/","title":{"rendered":"Vers une paix physique"},"content":{"rendered":"<div class=\"pdfprnt-buttons pdfprnt-buttons-post pdfprnt-top-right\"><a href=\"https:\/\/la-presse-anarchiste.net\/index.php\/wp-json\/wp\/v2\/posts\/3697?print=pdf\" class=\"pdfprnt-button pdfprnt-button-pdf\" target=\"_blank\"><img decoding=\"async\" src=\"https:\/\/la-presse-anarchiste.net\/wp-content\/plugins\/pdf-print\/images\/pdf.png\" alt=\"image_pdf\" title=\"Afficher le PDF\"><\/a><a href=\"https:\/\/la-presse-anarchiste.net\/index.php\/wp-json\/wp\/v2\/posts\/3697?print=print\" class=\"pdfprnt-button pdfprnt-button-print\" target=\"_blank\"><img decoding=\"async\" src=\"https:\/\/la-presse-anarchiste.net\/wp-content\/plugins\/pdf-print\/images\/print.png\" alt=\"image_print\" title=\"Contenu imprim\u00e9\"><\/a><\/div><div align=\"justify\">\n<div style=\"text-indent: 1cm;\">\n<p style=\"text-align: justify;\">Apr\u00e8s 1914, qui son\u00adna le \u00ab&nbsp;ral\u00adlie\u00adment des peuples contre les tyrans.\u00bb; apr\u00e8s 1939, qui vit s\u2019organiser la \u00ab&nbsp;croi\u00adsade des d\u00e9mo\u00adcra\u00adties contre le fas\u00adcisme&nbsp;\u00bb, l\u2019humanit\u00e9 se lais\u00adse\u00adra-t-elle entra\u00ee\u00adner dans un nou\u00adveau conflit sous le pr\u00e9\u00adtexte, chaque fois pro\u00adcla\u00adm\u00e9 et chaque fois d\u00e9men\u00adti par les \u00e9v\u00e9\u00adne\u00adments, de \u00ab&nbsp;faire dis\u00adpa\u00adra\u00eetre la menace du mili\u00adta\u00adrisme dans le&nbsp;monde&nbsp;?&nbsp;\u00bb<\/p>\n<p style=\"text-align: justify;\">Cela ne sera pos\u00adsible qu\u2019avec le consen\u00adte\u00adment des tra\u00advailleurs. Les hommes d\u2019\u00c9tat qui ordonnent le grand mas\u00adsacre le savent bien, qui ont impu\u00addem\u00adment f\u00e9li\u00adci\u00adt\u00e9 la classe ouvri\u00e8re\u200a\u2014\u200ac\u2019\u00e9tait \u00e0 la Conf\u00e9\u00adrence Syn\u00addi\u00adcale de Londres, en 1945\u200a\u2014\u200ad\u2019avoir per\u00admis l\u2019\u00e9crasement du nazisme en pre\u00adnant l\u2019engagement incon\u00addi\u00adtion\u00adnel de ne pas recou\u00adrir \u00e0 la gr\u00e8ve en temps de guerre.<\/p>\n<p style=\"text-align: justify;\">Hit\u00adler est mort, \u00e0 ce qu\u2019on pr\u00e9\u00adtend\u200a\u2014\u200aencore sa dis\u00adpa\u00adri\u00adtion f\u00fbt-elle pure\u00adment acci\u00adden\u00adtelle\u200a\u2014\u200amais pas la guerre avec lui. C\u2019e\u00fbt \u00e9t\u00e9 trop beau&nbsp;! Aus\u00adsi pr\u00e9\u00adpare-t-on, en grande h\u00e2te, une pro\u00adchaine \u00ab&nbsp;fra\u00eeche et joyeuse&nbsp;\u00bb pour sau\u00adver, une fois de plus, le Droit et la Civilisation\u2026<\/p>\n<p style=\"text-align: justify;\">Cette fois, ce n\u2019est plus le ger\u00adma\u00adnisme qui est en cause. Pour varier les plai\u00adsirs, on res\u00adsort \u00ab&nbsp;l\u2019homme au cou\u00adteau entre les dents&nbsp;\u00bb, r\u00e9a\u00adli\u00adsant ain\u00adsi le r\u00eave du sinistre incen\u00addiaire du Reichs\u00adtag&nbsp;: la croi\u00adsade antibolchevique.<\/p>\n<p style=\"text-align: justify;\">Seule\u00adment, la mobi\u00adli\u00adsa\u00adtion amor\u00adc\u00e9e sus\u00adcite des r\u00e9ac\u00adtions qu\u2019on n\u2019avait pas pr\u00e9\u00advues. Nos sla\u00advo\u00adphiles occi\u00adden\u00adtaux ne vont-ils pas d\u00e9cla\u00adrant \u00e0 qui veut les entendre, que \u00ab&nbsp;le peuple de France ne fera jamais la guerre \u00e0 l\u2019Union Sovi\u00e9\u00adtique&nbsp;\u00bb&nbsp;! Cette atti\u00adtude serait-elle l\u2019indice d\u2019un retour au d\u00e9fai\u00adtisme r\u00e9vo\u00adlu\u00adtion\u00adnaire pr\u00e9\u00adco\u00adni\u00ads\u00e9 par les pion\u00adniers du syn\u00addi\u00adca\u00adlisme et tra\u00adhi par tous leurs suc\u00adces\u00adseurs (\u00e0 de si rares excep\u00adtions&nbsp;pr\u00e8s!).<\/p>\n<p style=\"text-align: justify;\">Mais non. L\u2019internationalisme n\u2019a que faire en ce d\u00e9bat. Deux chau\u00advi\u00adnismes se heurtent d\u00e9sor\u00admais&nbsp;: l\u2019occidental et l\u2019oriental, pour reprendre une ter\u00admi\u00adno\u00adlo\u00adgie ch\u00e8re \u00e0 nos com\u00admen\u00adta\u00adteurs diplo\u00adma\u00adtiques, et de leur choc d\u00e9si\u00adr\u00e9 par les uns, redou\u00adt\u00e9 par les autres, mais atten\u00addu par tous, comme un \u00e9v\u00e9\u00adne\u00adment fatal, ne peut plus rien sor\u00adti que l\u2019an\u00e9antissement de l\u2019esp\u00e8ce humaine, sinon de la plan\u00e8te.<\/p>\n<p style=\"text-align: justify;\">Est-il encore pos\u00adsible de se dres\u00adser contre la folie col\u00adlec\u00adtive, d\u2019\u00e9viter la catas\u00adtrophe ato\u00admique qui nous guette&nbsp;? Ce sera l\u2019honneur de <i>D\u00e9fense de l\u2019Homme<\/i> d\u2019avoir ten\u00adt\u00e9 ce supr\u00eame sur\u00adsaut de la rai\u00adson contre le crime dont chaque jour forge les instruments.<\/p>\n<p style=\"text-align: justify;\">Gar\u00adry Davis, qui s\u2019est inti\u00adtu\u00adl\u00e9 lui-m\u00eame avec cou\u00adrage \u00ab&nbsp;pre\u00admier citoyen du monde&nbsp;\u00bb, para\u00eet beau\u00adcoup attendre d\u2019une Consti\u00adtu\u00adtion, d\u2019un Par\u00adle\u00adment et d\u2019un Gou\u00adver\u00adne\u00adment mon\u00addiaux. Saluons le \u00ab&nbsp;petit homme&nbsp;\u00bb comme il convient, sans iro\u00adnie ni m\u00e9pris, mais gar\u00addons-nous des douces et tou\u00adjours dan\u00adge\u00adreuses illu\u00adsions. Quand on a soi-m\u00eame \u00e9prou\u00adv\u00e9, dans son propre pays, l\u2019efficience du par\u00adle\u00admen\u00adta\u00adrisme, on ne peut qu\u2019incliner au doute \u00e0 l\u2019\u00e9gard d\u2019une sem\u00adblable initiative.<\/p>\n<p style=\"text-align: justify;\">L\u2019essentiel, \u00e0 mon sens, est de pro\u00admou\u00advoir une action directe contre la guerre. Le v\u00e9ri\u00adtable \u00ab&nbsp;mini\u00admum vital&nbsp;\u00bb n\u2019est-il pas d\u2019abord le droit \u00e0 la vie&nbsp;? Et pour ceux qui ne se sen\u00adti\u00adraient pas la force d\u2019\u00e2me n\u00e9ces\u00adsaire pour lut\u00adter contre le monstre, exploi\u00adtons ce qui reste d\u2019instinct de conser\u00adva\u00adtion aux humains, culti\u00advons la peur du grand&nbsp;fl\u00e9au.<\/p>\n<p style=\"text-align: justify;\">Puisque le paci\u00adfisme demeure, pour la plu\u00adpart de nos contem\u00adpo\u00adrains, une mala\u00addie hon\u00adteuse, r\u00e9pan\u00addons l\u2019horreur de la \u00ab&nbsp;guerre d\u00e9gueu\u00adlasse&nbsp;\u00bb, que Gabriel Che\u00adva\u00adlier d\u00e9si\u00adgna un jour par cette innom\u00admable p\u00e9ri\u00adphrase&nbsp;: \u00ab&nbsp;Une sacr\u00e9e vache\u00adrie d\u2019apocalypse de&nbsp;merde.&nbsp;\u00bb<\/p>\n<p style=\"text-align: justify;\">\u00c0 d\u00e9faut de ver\u00adtu, la diar\u00adrh\u00e9e sau\u00adve\u00adra le&nbsp;monde.<\/p>\n<p style=\"text-align: right;\">Eug\u00e8ne Mer\u00adser<\/p>\n<\/div>\n<\/div>\n","protected":false},"excerpt":{"rendered":"<p>Apr\u00e8s 1914, qui son\u00adna le \u00ab&nbsp;ral\u00adlie\u00adment des peuples contre les tyrans.\u00bb; apr\u00e8s 1939, qui vit s\u2019organiser la \u00ab&nbsp;croi\u00adsade des d\u00e9mo\u00adcra\u00adties contre le fas\u00adcisme&nbsp;\u00bb, l\u2019humanit\u00e9 se lais\u00ad\u00adse\u00ad\u00adra-t-elle entra\u00ee\u00adner dans un nou\u00adveau conflit sous le pr\u00e9\u00adtexte, chaque fois pro\u00adcla\u00adm\u00e9 et chaque fois d\u00e9men\u00adti par les \u00e9v\u00e9\u00adne\u00adments, de \u00ab&nbsp;faire dis\u00adpa\u00adra\u00eetre la menace du mili\u00adta\u00adrisme dans le&nbsp;monde&nbsp;?&nbsp;\u00bb Cela&nbsp;ne&nbsp;[\u2026]<\/p>\n","protected":false},"author":368,"featured_media":4535,"comment_status":"closed","ping_status":"closed","sticky":false,"template":"wp-custom-template-page-d-article","format":"standard","meta":{"wp_typography_post_enhancements_disabled":false,"footnotes":""},"categories":[445],"tags":[591],"ppma_author":[1204],"class_list":["post-3697","post","type-post","status-publish","format-standard","has-post-thumbnail","hentry","category-defense-de-lhomme-n4-janvier-1949","tag-pacifisme"],"authors":[{"term_id":1204,"user_id":368,"is_guest":0,"slug":"eugene-merser","display_name":"Eug\u00e8ne Merser","avatar_url":"https:\/\/secure.gravatar.com\/avatar\/5c14c356495ec77e4737f91a9052b7acabdc211431e42fd8ce36cd0128650c65?s=96&d=mm&r=g","author_category":"","user_url":"","last_name":"","first_name":"","job_title":"","description":""}],"_links":{"self":[{"href":"https:\/\/la-presse-anarchiste.net\/index.php\/wp-json\/wp\/v2\/posts\/3697","targetHints":{"allow":["GET"]}}],"collection":[{"href":"https:\/\/la-presse-anarchiste.net\/index.php\/wp-json\/wp\/v2\/posts"}],"about":[{"href":"https:\/\/la-presse-anarchiste.net\/index.php\/wp-json\/wp\/v2\/types\/post"}],"author":[{"embeddable":true,"href":"https:\/\/la-presse-anarchiste.net\/index.php\/wp-json\/wp\/v2\/users\/368"}],"replies":[{"embeddable":true,"href":"https:\/\/la-presse-anarchiste.net\/index.php\/wp-json\/wp\/v2\/comments?post=3697"}],"version-history":[{"count":2,"href":"https:\/\/la-presse-anarchiste.net\/index.php\/wp-json\/wp\/v2\/posts\/3697\/revisions"}],"predecessor-version":[{"id":9377,"href":"https:\/\/la-presse-anarchiste.net\/index.php\/wp-json\/wp\/v2\/posts\/3697\/revisions\/9377"}],"wp:featuredmedia":[{"embeddable":true,"href":"https:\/\/la-presse-anarchiste.net\/index.php\/wp-json\/wp\/v2\/media\/4535"}],"wp:attachment":[{"href":"https:\/\/la-presse-anarchiste.net\/index.php\/wp-json\/wp\/v2\/media?parent=3697"}],"wp:term":[{"taxonomy":"category","embeddable":true,"href":"https:\/\/la-presse-anarchiste.net\/index.php\/wp-json\/wp\/v2\/categories?post=3697"},{"taxonomy":"post_tag","embeddable":true,"href":"https:\/\/la-presse-anarchiste.net\/index.php\/wp-json\/wp\/v2\/tags?post=3697"},{"taxonomy":"author","embeddable":true,"href":"https:\/\/la-presse-anarchiste.net\/index.php\/wp-json\/wp\/v2\/ppma_author?post=3697"}],"curies":[{"name":"wp","href":"https:\/\/api.w.org\/{rel}","templated":true}]}}