{"id":371,"date":"2007-05-09T13:30:49","date_gmt":"2007-05-09T13:30:49","guid":{"rendered":"https:\/\/la-presse-anarchiste.net\/index.php\/2007\/05\/09\/lettre-de-renee-lang\/"},"modified":"2007-05-09T13:30:49","modified_gmt":"2007-05-09T13:30:49","slug":"lettre-de-renee-lang","status":"publish","type":"post","link":"https:\/\/la-presse-anarchiste.net\/index.php\/2007\/05\/09\/lettre-de-renee-lang\/","title":{"rendered":"Lettre de Ren\u00e9e&nbsp;Lang"},"content":{"rendered":"<div class=\"pdfprnt-buttons pdfprnt-buttons-post pdfprnt-top-right\"><a href=\"https:\/\/la-presse-anarchiste.net\/index.php\/wp-json\/wp\/v2\/posts\/371?print=pdf\" class=\"pdfprnt-button pdfprnt-button-pdf\" target=\"_blank\"><img decoding=\"async\" src=\"https:\/\/la-presse-anarchiste.net\/wp-content\/plugins\/pdf-print\/images\/pdf.png\" alt=\"image_pdf\" title=\"Afficher le PDF\"><\/a><a href=\"https:\/\/la-presse-anarchiste.net\/index.php\/wp-json\/wp\/v2\/posts\/371?print=print\" class=\"pdfprnt-button pdfprnt-button-print\" target=\"_blank\"><img decoding=\"async\" src=\"https:\/\/la-presse-anarchiste.net\/wp-content\/plugins\/pdf-print\/images\/print.png\" alt=\"image_print\" title=\"Contenu imprim\u00e9\"><\/a><\/div><div align=\"justify\">\n<blockquote><p>Nous avons d\u2019autre part, \u00e0 pro\u00adpos de notre note sur sa belle \u00e9di\u00adtion de la \u00ab&nbsp;Cor\u00adres\u00adpon\u00addance de Rilke et d\u2019Andr\u00e9 Gide&nbsp;\u00bb, re\u00e7u de Madame Ren\u00e9e Lang la pr\u00e9\u00adcieuse lettre sui\u00advante, qui pose au mieux, nous semble-t-il, un pro\u00adbl\u00e8me cen\u00adtral quant \u00e0 la juste com\u00adpr\u00e9\u00adhen\u00adsion de la pen\u00ads\u00e9e gidienne, autre\u00adment dit la ques\u00adtion de la sin\u00adc\u00e9\u00adri\u00adt\u00e9 et de la liber\u00adt\u00e9 chez&nbsp;Gide&nbsp;:<\/p><\/blockquote>\n<p>[\/\u200bMinusio, le 14 juin&nbsp;1953.\/]<br>\n<br>Cher Jean Paul Samson,<\/p>\n<p>Je re\u00e7ois votre pre\u00admier cahier \u00ab&nbsp;T\u00e9moins&nbsp;\u00bb et vous en f\u00e9li\u00adcite. J\u2019aime sa res\u00adtric\u00adtion&nbsp;: res\u00adtric\u00adtion dans ses fins, res\u00adtric\u00adtion dans l\u2019expression, res\u00adtric\u00adtion\u200a\u2014\u200asi je com\u00adprends bien\u200a\u2014\u200adans le nombre de ceux qui y par\u00adti\u00adcipent acti\u00adve\u00adment ou pas\u00adsi\u00adve\u00adment. Car je crois avec Andr\u00e9 Gide dans le petit nombre. \u00ab&nbsp;Le monde sera sau\u00adv\u00e9 par quelques-uns&nbsp;\u00bb.<\/p>\n<p>Et ceci m\u2019am\u00e8ne \u00e0 vous par\u00adler de votre note sur la <a href=\"http:\/\/www.la-presse-anarchiste.net\/spip\/spip.php?action=redirect&amp;id_article=302\"><em>Cor\u00adres\u00adpon\u00addance Rilke-Gide<\/em><\/a> que j\u2019ai \u00e9di\u00adt\u00e9e. Quand vous y dites que Gide est \u00ab&nbsp;tou\u00adjours plus pr\u00e9\u00adsent, plus actuel&nbsp;\u00bb (p. 51), je suis d\u2019accord, et cela peut-\u00eatre d\u2019autant plus qu\u2019il est moins lu. L\u2019apog\u00e9e de l\u2019influence est atteinte lorsque celle-ci \u00ab&nbsp;est dans l\u2019air&nbsp;\u00bb. La jeune g\u00e9n\u00e9\u00adra\u00adtion, qui le rejette en grande par\u00adtie, ne sait pas \u00e0 quel point elle l\u2019a absor\u00adb\u00e9, m\u00eame sans le conna\u00eetre de source directe.<\/p>\n<p>Mais ce n\u2019est pas de cela que je vou\u00adlais vous par\u00adler, mais plu\u00adt\u00f4t du pas\u00adsage o\u00f9 vous dites que l\u2019importance de Gide r\u00e9side sur\u00adtout dans \u00ab&nbsp;l\u2019exemple de son constant effort vers la sin\u00adc\u00e9\u00adri\u00adt\u00e9&nbsp;\u00bb (p. 52). Non, cher ami, je crois plu\u00adt\u00f4t que sa grande, sa magni\u00adfique valeur pour nous est dans son effort constant vers la liber\u00adt\u00e9. Je ne connais pas d\u2019auteur dont l\u2019\u0153uvre et la vie aient si inal\u00adt\u00e9\u00adra\u00adble\u00adment d\u00e9ga\u00adg\u00e9 de la liber\u00adt\u00e9. L\u00e0, il n\u2019a jamais failli\u2026 Certes, son d\u00e9sir de sin\u00adc\u00e9\u00adri\u00adt\u00e9 a tou\u00adjours \u00e9t\u00e9 authen\u00adti\u00adque\u00adment sin\u00adc\u00e8re. Mais n\u2019est pas sin\u00adc\u00e8re qui veut. Avec son fonds de puri\u00adta\u00adnisme et sa sen\u00adsua\u00adli\u00adt\u00e9 tou\u00adjours en \u00e9veil (jusqu\u2019\u00e0 la veille de sa mort) qui lui fai\u00adsait si sou\u00advent perdre sa clair\u00advoyance, il a for\u00adc\u00e9\u00adment tri\u00adch\u00e9 un peu. Lais\u00adsons cela. Gide, dis\u00adpen\u00adsa\u00adteur de liber\u00adt\u00e9, est un titre suf\u00adfi\u00adsant \u00e0 sa gloire immortelle&nbsp;!<\/p>\n<p>Atten\u00adti\u00adve\u00adment et amicalement<\/p>\n<p>[\/\u200bRen\u00e9e <sc>Lang<\/sc>\/\u200b]\n<\/p><\/div>\n","protected":false},"excerpt":{"rendered":"<p>Nous avons d\u2019autre part, \u00e0 pro\u00adpos de notre note sur sa belle \u00e9di\u00adtion de la \u00ab&nbsp;Cor\u00adres\u00adpon\u00addance de Rilke et d\u2019Andr\u00e9 Gide&nbsp;\u00bb, re\u00e7u de Madame Ren\u00e9e Lang la pr\u00e9\u00adcieuse lettre sui\u00advante, qui pose au mieux, nous semble-t-il, un pro\u00adbl\u00e8me cen\u00adtral quant \u00e0 la juste com\u00adpr\u00e9\u00adhen\u00adsion de la pen\u00ads\u00e9e gidienne, autre\u00adment dit la ques\u00adtion de la sinc\u00e9rit\u00e9&nbsp;[\u2026]<\/p>\n","protected":false},"author":1,"featured_media":0,"comment_status":"closed","ping_status":"closed","sticky":false,"template":"","format":"standard","meta":{"wp_typography_post_enhancements_disabled":false,"footnotes":""},"categories":[53],"tags":[],"ppma_author":[540],"class_list":["post-371","post","type-post","status-publish","format-standard","hentry","category-temoins-n2-ete-1953"],"authors":[{"term_id":540,"user_id":1,"is_guest":0,"slug":"admin_3gikpwyf","display_name":"Vincent Dubuc","avatar_url":"https:\/\/secure.gravatar.com\/avatar\/d015720652c25fd2ced191ade86430094e1f288a17483713e3b34d26dea52507?s=96&d=mm&r=g","author_category":"","user_url":"https:\/\/la-presse-anarchiste.net","last_name":"Dubuc","first_name":"Vincent","job_title":"","description":""}],"_links":{"self":[{"href":"https:\/\/la-presse-anarchiste.net\/index.php\/wp-json\/wp\/v2\/posts\/371","targetHints":{"allow":["GET"]}}],"collection":[{"href":"https:\/\/la-presse-anarchiste.net\/index.php\/wp-json\/wp\/v2\/posts"}],"about":[{"href":"https:\/\/la-presse-anarchiste.net\/index.php\/wp-json\/wp\/v2\/types\/post"}],"author":[{"embeddable":true,"href":"https:\/\/la-presse-anarchiste.net\/index.php\/wp-json\/wp\/v2\/users\/1"}],"replies":[{"embeddable":true,"href":"https:\/\/la-presse-anarchiste.net\/index.php\/wp-json\/wp\/v2\/comments?post=371"}],"version-history":[{"count":0,"href":"https:\/\/la-presse-anarchiste.net\/index.php\/wp-json\/wp\/v2\/posts\/371\/revisions"}],"wp:attachment":[{"href":"https:\/\/la-presse-anarchiste.net\/index.php\/wp-json\/wp\/v2\/media?parent=371"}],"wp:term":[{"taxonomy":"category","embeddable":true,"href":"https:\/\/la-presse-anarchiste.net\/index.php\/wp-json\/wp\/v2\/categories?post=371"},{"taxonomy":"post_tag","embeddable":true,"href":"https:\/\/la-presse-anarchiste.net\/index.php\/wp-json\/wp\/v2\/tags?post=371"},{"taxonomy":"author","embeddable":true,"href":"https:\/\/la-presse-anarchiste.net\/index.php\/wp-json\/wp\/v2\/ppma_author?post=371"}],"curies":[{"name":"wp","href":"https:\/\/api.w.org\/{rel}","templated":true}]}}