{"id":3715,"date":"2014-05-03T00:05:02","date_gmt":"2014-05-03T00:05:02","guid":{"rendered":"https:\/\/la-presse-anarchiste.net\/index.php\/2014\/05\/03\/patrie\/"},"modified":"2014-05-03T00:05:02","modified_gmt":"2014-05-03T00:05:02","slug":"patrie","status":"publish","type":"post","link":"https:\/\/la-presse-anarchiste.net\/index.php\/2014\/05\/03\/patrie\/","title":{"rendered":"Patrie!!!"},"content":{"rendered":"<div class=\"pdfprnt-buttons pdfprnt-buttons-post pdfprnt-top-right\"><a href=\"https:\/\/la-presse-anarchiste.net\/index.php\/wp-json\/wp\/v2\/posts\/3715?print=pdf\" class=\"pdfprnt-button pdfprnt-button-pdf\" target=\"_blank\"><img decoding=\"async\" src=\"https:\/\/la-presse-anarchiste.net\/wp-content\/plugins\/pdf-print\/images\/pdf.png\" alt=\"image_pdf\" title=\"Afficher le PDF\"><\/a><a href=\"https:\/\/la-presse-anarchiste.net\/index.php\/wp-json\/wp\/v2\/posts\/3715?print=print\" class=\"pdfprnt-button pdfprnt-button-print\" target=\"_blank\"><img decoding=\"async\" src=\"https:\/\/la-presse-anarchiste.net\/wp-content\/plugins\/pdf-print\/images\/print.png\" alt=\"image_print\" title=\"Contenu imprim\u00e9\"><\/a><\/div><div align=\"justify\">\n<div style=\"text-indent: 1cm\">\n<p>Chers amis, vous m\u2019of\u00adfrez la col\u00adla\u00adbo\u00adra\u00adtion \u00e0 la <i>Revue Anti-Patriote<\/i> que vous fondez.<\/p>\n<p>J\u2019ac\u00adcepte de grand c\u0153ur, oui j\u2019ac\u00adcepte, car il est temps de mon\u00adtrer au peuple ce qu\u2019est la Patrie&nbsp;; car il est temps de bri\u00adser ces fibres qui le dominent assez pour lui faire com\u00admettre toutes sortes de crimes, sans que ses sen\u00adti\u00adments de digni\u00adt\u00e9 se r\u00e9voltent. Expli\u00adquez avec des larmes de rage s\u2019il le faut, aux p\u00e8res et aux m\u00e8res de famille ce que sont ces abo\u00admi\u00adnables car\u00adnages que leurs fils payent de leur&nbsp;vie.<\/p>\n<p>Faites leur bien com\u00adprendre que ces san\u00adglantes com\u00e9\u00addies sont le r\u00e9sul\u00adtat de l\u2019au\u00adto\u00adri\u00adt\u00e9 et de la pro\u00adpri\u00e9\u00adt\u00e9 indi\u00advi\u00adduelle, que le r\u00f4le poli\u00adtique et diplo\u00adma\u00adtique de nos ma\u00eetres consiste \u00e0 pr\u00e9\u00adpa\u00adrer p\u00e9rio\u00addi\u00adque\u00adment ces guerres sau\u00advages qui d\u00e9truisent chez le peuple l\u2019\u00e9l\u00e9\u00adment le plus viril, et qui arrachent \u00e0 la vieille m\u00e8re le sou\u00adtien qu\u2019elle aimait plus que sa propre vie.<\/p>\n<p>Oh oui&nbsp;! pauvre femme vous \u00e9tiez bien fi\u00e8res, n\u2019est-ce pas&nbsp;? quand vos fils qui vous ont co\u00fb\u00adt\u00e9 tant d\u2019an\u00adgoisses et de pri\u00adva\u00adtions vous remer\u00adciaient de vos peines en vous mani\u00adfes\u00adtant leur&nbsp;amour&nbsp;?<\/p>\n<p>Avec quel orgueil vous les contem\u00adpliez par\u00admi leurs cama\u00adrades et aujourd\u2019hui&nbsp;?<\/p>\n<p>Aujourd\u2019\u00adhui, il ne reste d\u2019eux que quelques os br\u00fb\u00adl\u00e9s par un soleil loin\u00adtain et pour vous la mis\u00e8re et le&nbsp;deuil.<\/p>\n<p>Et vous ose\u00adriez pleu\u00adrer en pr\u00e9\u00adsence d\u2019une dou\u00adleur si poi\u00adgnante, et vous ose\u00adriez dire aux diri\u00adgeants qui se vautrent dans les orgies&nbsp;: voi\u00adl\u00e0 l\u2019\u0153uvre de votre patrie&nbsp;?<\/p>\n<p>Ah&nbsp;! ce n\u2019est pas comme cela qu\u2019ils entendent eux. Pour leurs fils, les lyc\u00e9es, les grandes \u00e9coles. Pour leurs fils, vos filles et tous les plai\u00adsirs&nbsp;: pour les v\u00f4tres, les sourdes souf\u00adfrances des usines, des ate\u00adliers et les champs de bataille.<\/p>\n<p>C\u2019est pour \u00e9ter\u00adni\u00adser cette oppres\u00adsion qu\u2019ils ont besoin d\u2019une patrie.<\/p>\n<p>Ne com\u00adprends-tu pas, peuple igno\u00adrant, que si la patrie n\u2019exis\u00adtait pas, les mal\u00adheu\u00adreux de tous les pays s\u2019en\u00adten\u00addraient trop faci\u00adle\u00adment et qu\u2019il en serait vite fait de toutes les tyrannies&nbsp;?<\/p>\n<p>Ne com\u00adprends-tu pas que l\u2019ex\u00adploi\u00adta\u00adtion n\u2019a pas de fron\u00adti\u00e8res et que dans tous les pays la mis\u00e8re \u00e9tant \u00e0 peu pr\u00e8s la m\u00eame, les m\u00eames rem\u00e8des s\u2019imposent&nbsp;?<\/p>\n<p>Eux aus\u00adsi l\u2019ont com\u00adpris, et c\u2019est pr\u00e9\u00adci\u00ads\u00e9\u00adment pour oppri\u00admer, exploi\u00adter \u00e0 leur aise qu\u2019ils ont cr\u00e9e les fronti\u00e8res.<\/p>\n<p>C\u2019est pour cela que presque tous les patriotes \u00e9margent au bud\u00adget, que seul tu payes, puisque seul tu produis.<\/p>\n<p>C\u2019est pour cela qu\u2019ils apprennent dans les \u00e9coles \u00e0 tes enfants, \u00ab&nbsp;leurs devoirs envers Dieu et la Patrie&nbsp;\u00bb. Les guerres de reli\u00adgion dis\u00adpa\u00adraissent, le bon sens du peuple a ni\u00e9 Dieu&nbsp;; \u00e0 la reli\u00adgion d\u2019en haut qui s\u2019en va hon\u00adteuse et char\u00adg\u00e9e de ses nom\u00adbreux crimes, ils leur faut une reli\u00adgion plus inique, plus bar\u00adbare plus san\u00adglante&nbsp;: le patriotisme.<\/p>\n<p>Sur quoi repose l\u2019i\u00add\u00e9e de Patrie&nbsp;? Est-ce une loi natu\u00adrelle&nbsp;? Pour\u00adquoi les peuples doivent-ils \u00eatre s\u00e9pa\u00adr\u00e9s&nbsp;? Est-ce une n\u00e9ces\u00adsi\u00adt\u00e9 sociale&nbsp;?<\/p>\n<p>L\u2019i\u00add\u00e9e de patrie repose sur la conqu\u00eate, sur la vio\u00adlence, sur le, vol, puisque c\u2019est le plus fort qui impose ses&nbsp;lois.<\/p>\n<p>Que diriez vous, lec\u00adteurs, si un homme, pos\u00ads\u00e9\u00addant une force phy\u00adsique sup\u00e9\u00adrieure \u00e0 la v\u00f4tre, en vous empoi\u00adgnant vous disait&nbsp;: tu m\u2019ap\u00adpar\u00adtiens, ce que tu as et ce que j\u2019ai for\u00adme\u00adront notre patrie, accepte, je suis le plus&nbsp;fort&nbsp;?<\/p>\n<p>Vous r\u00e9pon\u00addriez, c\u2019est hor\u00adrible. C\u2019est pour\u00adtant l\u00e0-des\u00adsus que repose l\u2019i\u00add\u00e9e de patrie.<\/p>\n<p>La loi natu\u00adrelle a fait de l\u2019homme un \u00eatre sup\u00e9\u00adrieur, elle lui a per\u00admis de d\u00e9ve\u00adlop\u00adper son cer\u00adveau de mani\u00e8re que la terre soit son domaine et elle s\u2019op\u00adpose \u00e0 cette divi\u00adsion arbi\u00adtraire et anti\u00adna\u00adtu\u00adrelle, par cons\u00e9quent.<\/p>\n<p>Vous donc \u00e0 qui on arrache vos fils pour en faire des assas\u00adsins ou des cadavres, d\u00e9trui\u00adsez chez eux le pr\u00e9\u00adju\u00adg\u00e9 patrio\u00adtique et au lieu d\u2019en faire de la chaire \u00e0 mitraille, enga\u00adgez-les \u00e0 lut\u00adter contre les oppres\u00adseurs <i>quels qu\u2019ils soient<\/i>, et \u00e0 pas\u00adser la fron\u00adti\u00e8re plu\u00adt\u00f4t que de prendre l\u2019arme qui doit l\u2019a\u00advi\u00adlir ou le d\u00e9truire.<\/p>\n<p>[\/\u200b<sc>Un meurt de faim<\/sc>\/\u200b]<\/p><\/div>\n<\/div>\n","protected":false},"excerpt":{"rendered":"<p>Chers amis, vous m\u2019of\u00adfrez la col\u00adla\u00adbo\u00adra\u00adtion \u00e0 la Revue Anti-Patriote que vous fon\u00addez. J\u2019ac\u00adcepte de grand c\u0153ur, oui j\u2019ac\u00adcepte, car il est temps de mon\u00adtrer au peuple ce qu\u2019est la Patrie&nbsp;; car il est temps de bri\u00adser ces fibres qui le dominent assez pour lui faire com\u00admettre toutes sortes de crimes, sans que ses sentiments&nbsp;[\u2026]<\/p>\n","protected":false},"author":1,"featured_media":0,"comment_status":"closed","ping_status":"closed","sticky":false,"template":"","format":"standard","meta":{"wp_typography_post_enhancements_disabled":false,"footnotes":""},"categories":[448],"tags":[],"ppma_author":[540],"class_list":["post-3715","post","type-post","status-publish","format-standard","hentry","category-la-revue-anti-patriote-revolutionnaire-n1-octobre-1884"],"authors":[{"term_id":540,"user_id":1,"is_guest":0,"slug":"admin_3gikpwyf","display_name":"Vincent Dubuc","avatar_url":"https:\/\/secure.gravatar.com\/avatar\/d015720652c25fd2ced191ade86430094e1f288a17483713e3b34d26dea52507?s=96&d=mm&r=g","author_category":"","user_url":"https:\/\/la-presse-anarchiste.net","last_name":"Dubuc","first_name":"Vincent","job_title":"","description":""}],"_links":{"self":[{"href":"https:\/\/la-presse-anarchiste.net\/index.php\/wp-json\/wp\/v2\/posts\/3715","targetHints":{"allow":["GET"]}}],"collection":[{"href":"https:\/\/la-presse-anarchiste.net\/index.php\/wp-json\/wp\/v2\/posts"}],"about":[{"href":"https:\/\/la-presse-anarchiste.net\/index.php\/wp-json\/wp\/v2\/types\/post"}],"author":[{"embeddable":true,"href":"https:\/\/la-presse-anarchiste.net\/index.php\/wp-json\/wp\/v2\/users\/1"}],"replies":[{"embeddable":true,"href":"https:\/\/la-presse-anarchiste.net\/index.php\/wp-json\/wp\/v2\/comments?post=3715"}],"version-history":[{"count":0,"href":"https:\/\/la-presse-anarchiste.net\/index.php\/wp-json\/wp\/v2\/posts\/3715\/revisions"}],"wp:attachment":[{"href":"https:\/\/la-presse-anarchiste.net\/index.php\/wp-json\/wp\/v2\/media?parent=3715"}],"wp:term":[{"taxonomy":"category","embeddable":true,"href":"https:\/\/la-presse-anarchiste.net\/index.php\/wp-json\/wp\/v2\/categories?post=3715"},{"taxonomy":"post_tag","embeddable":true,"href":"https:\/\/la-presse-anarchiste.net\/index.php\/wp-json\/wp\/v2\/tags?post=3715"},{"taxonomy":"author","embeddable":true,"href":"https:\/\/la-presse-anarchiste.net\/index.php\/wp-json\/wp\/v2\/ppma_author?post=3715"}],"curies":[{"name":"wp","href":"https:\/\/api.w.org\/{rel}","templated":true}]}}