{"id":3722,"date":"2014-10-25T01:54:58","date_gmt":"2014-10-25T01:54:58","guid":{"rendered":"https:\/\/la-presse-anarchiste.net\/index.php\/2014\/10\/25\/revue-des-revues-22\/"},"modified":"2014-10-25T01:54:58","modified_gmt":"2014-10-25T01:54:58","slug":"revue-des-revues-22","status":"publish","type":"post","link":"https:\/\/la-presse-anarchiste.net\/index.php\/2014\/10\/25\/revue-des-revues-22\/","title":{"rendered":"Revue des revues"},"content":{"rendered":"<div class=\"pdfprnt-buttons pdfprnt-buttons-post pdfprnt-top-right\"><a href=\"https:\/\/la-presse-anarchiste.net\/index.php\/wp-json\/wp\/v2\/posts\/3722?print=pdf\" class=\"pdfprnt-button pdfprnt-button-pdf\" target=\"_blank\"><img decoding=\"async\" src=\"https:\/\/la-presse-anarchiste.net\/wp-content\/plugins\/pdf-print\/images\/pdf.png\" alt=\"image_pdf\" title=\"Afficher le PDF\"><\/a><a href=\"https:\/\/la-presse-anarchiste.net\/index.php\/wp-json\/wp\/v2\/posts\/3722?print=print\" class=\"pdfprnt-button pdfprnt-button-print\" target=\"_blank\"><img decoding=\"async\" src=\"https:\/\/la-presse-anarchiste.net\/wp-content\/plugins\/pdf-print\/images\/print.png\" alt=\"image_print\" title=\"Contenu imprim\u00e9\"><\/a><\/div><div align=\"justify\">\n<div style=\"text-indent: 1cm\">\n<p>Une aubaine ce mois-ci&nbsp;: le num\u00e9\u00adro sp\u00e9\u00adcial des <i>Cahiers d\u2019Aujourd\u2019hui<\/i> consa\u00adcr\u00e9 \u00e0 L\u00e9on Werth (en vente chez Cr\u00e8s, 21, rue Haute-feuille, Pairis\u20116<sup>e<\/sup>). J\u2019imagine que tous les lec\u00adteurs de <i>Cla\u00advel<\/i>, d\u2019<i>Yvonne et Pijal\u00adlet<\/i>, des <i>Amants invi\u00adsibles<\/i>, des <i>Voya\u00adgeurs avec ma pipe<\/i>, de <i>Dix-neuf ans<\/i>, j\u2019imagine que tous ceux-l\u00e0 vou\u00addront pos\u00ads\u00e9\u00adder ce superbe cahier.&nbsp;<\/p>\n<p>D\u2019abord, mal\u00adgr\u00e9 son prix modique (cinq francs) c\u2019est un chef\u2011d\u2019\u0153uvre typo\u00adgra\u00adphique&nbsp;: tir\u00e9 sur beau papier, avec des carac\u00adt\u00e8res de choix, deux por\u00adtraits hors-texte, par l\u2019Imprimerie Ste Cathe\u00adrine de Bruges, laquelle est depuis long\u00adtemps renom\u00adm\u00e9e pour son tra\u00advail soign\u00e9.&nbsp;<\/p>\n<p>Et sur\u00adtout le conte\u00adnu est digne du conte\u00adnant. Lucie Cous\u00adtu\u00adrier craint au d\u00e9but de, ses propres lignes la mono\u00adto\u00adnie de ces articles consa\u00adcr\u00e9s \u00e0 un m\u00eame \u00e9cri\u00advain&nbsp;: \u00ab&nbsp;<i>C\u00e9l\u00e9\u00adbrer Werth en groupe, dit-elle, cela ne for\u00adme\u00adra pas un concert mais un unis\u00adson, un cri<\/i>&nbsp;\u00bb. Non pour\u00adtant. Cha\u00adcun des articles int\u00e9\u00adresse le lec\u00adteur. \u00c9vi\u00addem\u00adment, ils ont des points com\u00admuns. Ain\u00adsi voyez comme cette phrase de Ren\u00e9 Arcos se rap\u00adproche de celles de Romain Rol\u00adland que je cite\u00adrai plus loin&nbsp;: <i>Livre amer<\/i>, dit Arcos, <i>mais qui ne trompe pas. Livre le plus pes\u00adsi\u00admiste qui soit, et qui pour\u00adtant nous apporte un espoir \u00e0 l\u2019insu sans doute de L\u00e9on Werth. Alors que toute conscience humaine sem\u00adblait abo\u00adlie, il y avait quelque part un Cla\u00advel, un sol\u00addat de deuxi\u00e8me classe, qui n\u2019\u00e9tait pas dupe et conti\u00adnuait \u00e0 voir clair. Nous savons aujourd\u2019hui qu\u2019il y en avait m\u00eame plu\u00adsieurs. Aus\u00adsi d\u00e9sa\u00adbu\u00ads\u00e9s, aus\u00adsi \u00e9cra\u00ads\u00e9s qu\u2019ils \u00e9taient, ils por\u00adtaient en eux l\u2019espoir du monde<\/i>.&nbsp;\u00bb<\/p>\n<p>Mais \u00e0 c\u00f4t\u00e9 de cela quelle diver\u00adsi\u00adt\u00e9&nbsp;! Quel ensemble d\u2019anecdotes nar\u00adr\u00e9es par les meilleurs copains de Werth, et qui nous le d\u00e9peignent bien comme nous l\u2019imaginions d\u2019apr\u00e8s ses livres. Il faut lire les articles de Lucie Cous\u00adtu\u00adrier, de Val\u00e9\u00adry Lar\u00adbaud, de Pon\u00adcet\u00adton, de Gignoux, de B\u00e9raud, de Sal\u00admon, de Mer\u00admillon et de Georges Besson.&nbsp;<\/p>\n<p>Puis Arcos fait aimer en lui l\u2019auteur de <i>Cla\u00advel<\/i> qui res\u00adte\u00adra, comme dit S\u00e9ve\u00adrine, \u00ab&nbsp;<i>un ma\u00eetre livre<\/i>&nbsp;\u00bb. Elle ajoute&nbsp;: \u00ab&nbsp;<i>La cen\u00adsure ne s\u2019y est pas trom\u00adp\u00e9e qui a retar\u00add\u00e9 tant qu\u2019elle a pu la paru\u00adtion de ce bou\u00adquin ven\u00adgeur. Mais son cal\u00adcul (comme tout ce qui peut \u00e9ma\u00adner d\u2019elle!) a \u00e9t\u00e9 imb\u00e9\u00adcile. Bar\u00adbusse, Duha\u00admel, en nous bou\u00adle\u00adver\u00adsant d\u2019\u00e9motion, avaient, en quelque sorte \u00e9pui\u00ads\u00e9 notre sen\u00adsi\u00adbi\u00adli\u00adt\u00e9, fray\u00e9 la voie \u00e0 des r\u00e9flexions plus sar\u00adcas\u00adtiques et plus \u00e2pres C\u2019est ce com\u00adpl\u00e9\u00adment qu\u2019a appor\u00adt\u00e9 Werth, tout ce que l\u2019ironie, dou\u00adlou\u00adreuse et m\u00e9con\u00adnue du vul\u00adgaire, rec\u00e8le de tonique et de vivi\u00adfiant<\/i>.&nbsp;\u00bb<\/p>\n<p>Luc Dur\u00adtain et Hen\u00adri Duver\u00adnois mettent en relief, la <i>v\u00e9ri\u00adt\u00e9<\/i>, la <i>sin\u00adc\u00e9\u00adri\u00adt\u00e9<\/i> de l\u2019\u0153uvre de Werth (son carac\u00adt\u00e8re essen\u00adtiel). Jean Roy\u00e8re, Mar\u00adcel Ray, Andr\u00e9 Sal\u00admon le montrent cri\u00adtique pic\u00adtu\u00adral fort avi\u00ads\u00e9. Et Vil\u00addrac insiste fort heu\u00adreu\u00adse\u00adment sur le po\u00e8te, ou mieux, car Werth n\u2019aime gu\u00e8re ce mot trop gal\u00advau\u00add\u00e9, sur l\u2019<i>homme<\/i>.<\/p>\n<p>J\u2019ai gar\u00add\u00e9 pour la fin l\u2019opinion de Romain Rol\u00adland que je veux repro\u00adduire in-extenso&nbsp;:&nbsp;<\/p>\n<p><quote>\u00ab&nbsp;L\u00e9on Werth est un grand artiste et un homme libre. Il m\u2019est donc deux fois&nbsp;cher.&nbsp;<\/quote><\/p>\n<p>J\u2019aime \u00e0 voir en ce fier \u00e9cri\u00advain l\u2019h\u00e9ritier de Mir\u00adbeau. Il en a l\u2019ironie ven\u00adge\u00adresse, le m\u00e9pris puis\u00adsant, la saine misan\u00adthro\u00adpie et cette flamme de l\u2019art dont la splen\u00addeur illu\u00admine le&nbsp;n\u00e9ant.&nbsp;<\/p>\n<p>Mais sa voix n\u2019a point les sono\u00adri\u00adt\u00e9s de trom\u00adpette jubi\u00adlante, dont Mir\u00adbeau son\u00adnait la chute des vieilles murailles f\u00e9tides d\u2019une soci\u00e9\u00adt\u00e9 pour\u00adrie. Mir\u00adbeau croyait aux hommes mal\u00adgr\u00e9 tout. Mir\u00adbeau croyait \u00e0 la vic\u00adtoire. Et dans le ton\u00adnerre de ses invec\u00adtives, j\u2019entends sou\u00advent rou\u00adler le rire triom\u00adphant. Mir\u00adbeau vivait encore au temps des grandes illu\u00adsions.\u200a\u2014\u200aWerth n\u2019en a gar\u00add\u00e9 aucune.&nbsp;<\/p>\n<p>J\u2019en conserve quelques-unes. Je crois encore \u00e0 des hommes. Il en existe.&nbsp;<\/p>\n<p>Celui-l\u00e0 m\u00eame qui, d\u00e9pouill\u00e9 de toutes les illu\u00adsions, sou\u00adte\u00adnu par la seule vigueur de son ardente vie, che\u00admine au bord de l\u2019abime, avec une joie intr\u00e9\u00adpide qui d\u00e9daigne l\u2019espoir,\u200a\u2014\u200acelui-l\u00e0 est un&nbsp;homme.&nbsp;<\/p>\n<p>Celui-l\u00e0 est L\u00e9on&nbsp;Werth.&nbsp;\u00bb&nbsp;<\/p>\n<p>[|<b>*  *  *  *<\/b>|]<br>\n<\/p>\n<p>Le mou\u00adve\u00adment socia\u00adliste-chr\u00e9\u00adtien n\u2019eut jamais dans les pays latins l\u2019importance qu\u2019il a tou\u00adjours eu dans les pays du Nord. Je crois d\u2019ailleurs qu\u2019il ne l\u2019aura jamais. Dans nos pays, la foi reli\u00adgieuse s\u2019accompagne plus volon\u00adtiers de sec\u00adta\u00adrisme outran\u00adcier et d\u2019\u00e9troitesse d\u2019esprit que de large humanit\u00e9.&nbsp;<\/p>\n<p>Par ailleurs, ce mou\u00adve\u00adment a fai\u00adbli devant la bou\u00adche\u00adrie de 1914 tout comme le socia\u00adlisme mar\u00adxiste. Je me sou\u00adviens d\u2019avoir lu dans l\u2019<i>Espoir du Monde<\/i> de Paul Pas\u00adsy, durant la guerre, quelques res\u00adpec\u00adtables \u00e2neries.&nbsp;<\/p>\n<p>C\u2019est eu r\u00e9ac\u00adtion contre ce patrio\u00adtisme-chr\u00e9\u00adtien (<html><i>Voies Nou\u00advelles<\/i>. Je me rap\u00adpelle fort bien y avoir lu de tr\u00e8s int\u00e9\u00adres\u00adsants articles.&nbsp;<\/html><\/p>\n<p>Mais ces essais dis\u00adper\u00ads\u00e9s n\u2019avaient qu\u2019une influence fort minime. Aus\u00adsi les <i>Voies Nou\u00advelles<\/i> viennent-elles de refu\u00adsion\u00adner avec l\u2019<i>Espoir du Monde<\/i>, de Paul Pas\u00adsy, en s\u2019adjoignant les <i>Feuilles belges<\/i>, organe des socia\u00adlistes chr\u00e9\u00adtiens de Bel\u00adgique. Cet organe glo\u00adbal s\u2019appellera <i>Le Socia\u00adliste chr\u00e9\u00adtien<\/i>. Mais, comme je l\u2019ai dit plus haut, je doute que ce mou\u00adve\u00adment ait jamais un vif suc\u00adc\u00e8s dans nos&nbsp;pays.&nbsp;<\/p>\n<p>[|<b>*  *  *  *<\/b>|]<br>\n<\/p>\n<p>Dans le <i>Thyrse<\/i> (104, ave\u00adnue Mont\u00adjoie, Uccle-Bruxelles) Ren\u00e9e Dunan traite le pro\u00adbl\u00e8me de la morale et de la por\u00adno\u00adgra\u00adphie en lit\u00adt\u00e9\u00adra\u00adture. Elle conclut tr\u00e8s jus\u00adte\u00adment&nbsp;: \u00ab&nbsp;<i>N\u2019est vicieux que le livre mis aux mains du vicieux. Le vice est ant\u00e9\u00adrieur \u00e0 la lit\u00adt\u00e9\u00adra\u00adture<\/i>.&nbsp;\u00bb<\/p>\n<p>Mais \u00e0 pro\u00adpos de la <i>Gar\u00ad\u00e7onne<\/i> de Paul Mar\u00adgue\u00adrite, elle remarque que \u00ab&nbsp;<i>quelques sots et des igno\u00adrants, accom\u00adpa\u00adgn\u00e9s de p\u00eacheurs en eau trouble, ont pu faire en sorte que ce livre soit qua\u00adsi-inter\u00addit, que nombre de libraires refusent de le vendre\u2026<\/i>\u00bb Il y a bien l\u00e0 quelque exa\u00adg\u00e9\u00adra\u00adtion. Je crois au contraire que tout le bat\u00adtage fait autour de la <i>Gar\u00ad\u00e7onne<\/i> a rap\u00adpor\u00adt\u00e9 pour le moins quelques sup\u00adpl\u00e9\u00admen\u00adtaires billets de mille \u00e0 l\u2019auteur pr\u00e9\u00advoyant. Et sur\u00adtout, je ne connais gu\u00e8re de libraires qui refusent de le vendre, ouver\u00adte\u00adment, sauf peut-\u00eatre quelques boites saint-sul\u00adpi\u00adci\u00e8res. Mais dans les librai\u00adries de toutes les gares, une bande verte obs\u00e9\u00addante annonce le chiffre du der\u00adnier tirage. Et le moindre mar\u00adchand de jour\u00adnaux du moindre pate\u00adlin pos\u00ads\u00e8de quelque exem\u00adplaire mis en vitrine entre le <i>Denain-Jour\u00adnal<\/i> et l\u2019<i>Humour<\/i>. Quant aux \u00ab&nbsp;<i>ama\u00adteurs<\/i>&nbsp;\u00bb qui n\u2019ont m\u00eame pas un mar\u00adchand de jour\u00adnaux, ne vous faites pas de bile pour eux. Ils trou\u00adve\u00adront bien le moyen d\u2019acheter le volume&nbsp;: je suis tran\u00adquille \u00e0 ce sujet depuis qu\u2019un mien col\u00adl\u00e8gue me van\u00adta ses visites men\u00adsuelles aux bocards du chef-lieu d\u2019arrondissement. <\/p>\n<p>Et Mon\u00adsieur Vic\u00adtor Mar\u00adgue\u00adritte peut se frot\u00adter les mains&nbsp;: le com\u00admerce va&nbsp;bien&nbsp;!&nbsp;<\/p>\n<p>[|<b>*  *  *  *<\/b>|]<br>\n<\/p>\n<p><i>Le Verbe<\/i> (46, rue de Riche\u00adlieu, Paris) publie dans son der\u00adnier num\u00e9\u00adro, des vers, beau\u00adcoup de vers. Du moins appelle-t-on ain\u00adsi dans le monde lit\u00adt\u00e9\u00adraire des lignes se ter\u00admi\u00adnant par des sons iden\u00adtiques. Voi\u00adci un \u00e9chan\u00adtillon de Ces\u2026&nbsp;vers&nbsp;:&nbsp;<\/p>\n<poesie>En tran\u00adch\u00e9e, il est des moments<br>\n\t\tO\u00f9 notre c\u0153ur, dans sa mis\u00e8re.<br>\n\t\tNous d\u00e9cerne secr\u00e8tement<br>\n\t\tD\u2019id\u00e9ales croix de guerre\u2026<\/poesie>\n<p>L\u2019auteur est M.&nbsp;Jean-Charles Rey\u00adnaud. Esp\u00e9\u00adrons qu\u2019\u00e0 la pro\u00adchaine der\u00adni\u00e8re guerre, il d\u00e9cro\u00adche\u00adra une croix de guerre, pour de vrai, et qui sait, peut-\u00eatre le poste envi\u00e9 de <i>Poi\u00adlu incon\u00adnu<\/i>&nbsp;! <\/p>\n<p>[|<b>*  *  *  *<\/b>|]<br>\n<\/p>\n<p><i>Paris-Revue<\/i> (3, rue Ros\u00adsi\u00adni, Paris) informe ses col\u00adla\u00adbo\u00adra\u00adteurs que \u00ab&nbsp;<i>Les manus\u00adcrits doivent por\u00adter le num\u00e9\u00adro d\u2019inscription de l\u2019abonnement<\/i>.&nbsp;\u00bb Et au moins, de cette mani\u00e8re franche, on est&nbsp;fix\u00e9.&nbsp;<\/p>\n<p>Il y a l\u00e0-dedans des jeunes po\u00e9\u00adtesses qui com\u00admencent \u00e0 d\u00e9ses\u00adp\u00e9\u00adrer. Ain\u00adsi Mar\u00adgue\u00adrite Fleu\u00adry qui se lamente&nbsp;:&nbsp;<\/p>\n<poesie>Ami tu reviens, je serai ton automne.<br>\nCar le temps est pas\u00ads\u00e9 sans que tu sois&nbsp;venu&nbsp;!&nbsp;<\/poesie>\n<p>(Com\u00adment diable fera-t-il bien alors pour reve\u00adnir, s\u2019il n\u2019est pas&nbsp;venu?)&nbsp;<\/p>\n<p>[|<b>*  *  *  *<\/b>|]<br>\n<\/p>\n<p>Dans le der\u00adnier <i>Pla\u00adgaire<\/i> (53, rue Druge, Vienne) Fon\u00adta\u00adnieu pro\u00adteste, car on l\u2019a, parait-il, appe\u00adl\u00e9 \u00ab&nbsp;anar\u00adchiste&nbsp;\u00bb. Et il a bou\u00adgre\u00adment rai\u00adson car voi\u00adci sa pro\u00adfes\u00adsion de&nbsp;foi&nbsp;:<\/p>\n<blockquote><p>\u00ab&nbsp;L\u2019autorit\u00e9?\u2026 Je la com\u00adbats lorsqu\u2019elle me nuit ou lorsqu\u2019elle me menace&nbsp;; je la laisse tran\u00adquille lorsqu\u2019elle me tol\u00e8re&nbsp;; et je la sou\u00adtiens lorsqu\u2019elle me prot\u00e8ge&nbsp;\u00bb.<\/p><\/blockquote>\n<p>\u00c7a n\u2019est pas compliqu\u00e9.&nbsp;<\/p>\n<p>Ni bien original.&nbsp;<\/p>\n<p>[|<b>*  *  *  *<\/b>|]<br>\n<\/p>\n<p>M.&nbsp;Hen\u00adri Dutheil conti\u00adnue la publi\u00adca\u00adtion de ses sou\u00adve\u00adnirs de guerre dans la <i>Mouette<\/i> (20, rue du Per\u00adrey, Le Havre) cahier de mars. Et cette fois il a \u00e9t\u00e9 tel\u00adle\u00adment fort que la r\u00e9dac\u00adtion de la revue n\u2019a pu faire autre\u00adment que sup\u00adpri\u00admer quatre lignes de ses \u00e9lucubrations.&nbsp;<\/p>\n<p>Ce qui reste est d\u00e9j\u00e0 assez savou\u00adreux&nbsp;: Voi\u00adci le r\u00e9cit de l\u2019attaque du 9 mai&nbsp;: \u00ab&nbsp;<i>Les boches assom\u00adm\u00e9s \u00e0 coups de crosse, on pilait sur les boches\u2026 il y en avait des tas, par\u00adtout&nbsp;! ah&nbsp;! nom de Dieu&nbsp;! c\u2019\u00e9tait beau&nbsp;! c\u2019\u00e9tait beau&nbsp;!<\/i> (sic. Sans blague, mon vieux Guille\u00admard qui publiez \u00e7a dans votre revue&nbsp;: si joli que \u00e7\u00e0?) (<i>Les offi\u00adciers enne\u00admis, pour avoir quar\u00adtier, lan\u00ad\u00e7aient aux types leurs bijoux, montres, bagues, bourses, tout l\u2019argent qu\u2019ils avaient sur eux en criant&nbsp;: Par\u00addon&nbsp;! On les tuait et on pre\u00adnait leurs beaux casques<\/i>&nbsp;\u00bb.<\/p>\n<p> N\u2019est-ce pas que c\u2019est beau et que l\u2019un se sent fier d\u2019\u00eatre Fran\u00e7ais&nbsp;!&nbsp;<\/p>\n<p>M.&nbsp;Dutheil s\u2019est plaint par ailleurs que je lui aie attri\u00adbu\u00e9 une \u00e2me de bureau\u00adcrate. Je recon\u00adnais mon erreur. J\u2019aurais d\u00fb dire&nbsp;: une \u00e2me de&nbsp;brute.<\/p>\n<p>Il pr\u00e9\u00adf\u00e8re, dit-il encore, un homme d\u2019action comme Man\u00adgin \u00e0 un bavard comme Georges Pioch. Je n\u2019ai jamais eu de v\u00e9n\u00e9\u00adra\u00adtion insen\u00ads\u00e9e pour Pioch. Mais en fait d\u2019<i>hommes d\u2019action<\/i>, je pr\u00e9\u00adf\u00e8re Cot\u00adtin, Ger\u00admaine Ber\u00adton, voire Rava\u00adchol ou Bon\u00adnot au Man\u00adgin- Gueule-de-Bou\u00adcher qu\u2019adore M.&nbsp;Dutheil. Pour\u00adquoi&nbsp;? Parce que les bougres que je pr\u00e9\u00adf\u00e8re font leur bou\u00adlot eux-m\u00eames, pardi&nbsp;!<\/p>\n<p>Et qu\u2019ils n\u2019envoient pas les autres se faire las\u00adser la gueule \u00e0 leur&nbsp;place.&nbsp;<\/p>\n<p>[|<b>*  *  *  *<\/b>|]<br>\n<\/p>\n<p>J\u2019ai d\u00e9j\u00e0 cit\u00e9 ici m\u00eame <i>Les Cahiers<\/i> de la Ligue des Droits de l\u2019Homme (10, rue de l\u2019Universit\u00e9, Paris\u20117<sup>e<\/sup>). Organe de docu\u00admen\u00adta\u00adtion sur\u00adtout, o\u00f9 l\u2019on trouve par exemple quan\u00adti\u00adt\u00e9 de \u00ab&nbsp;tuyaux&nbsp;\u00bb sur les innom\u00adbrables crimes des Conseils de guerre (<i>fran\u00ad\u00e7ais<\/i>, \u00f4 mes bons patriotes).<\/p>\n<p>On y parle aus\u00adsi des livres re\u00e7us et le der\u00adnier cahier publie ces lignes\u2026 curieuses, au sujet de <i>Chez les loups<\/i> d\u2019Andr\u00e9 Lorulot&nbsp;:<\/p>\n<blockquote><p>\u00ab&nbsp;M.&nbsp;Loru\u00adlot n\u2019est pas tendre pour les anar\u00adchistes dont il peint l\u2019esprit et les actes sous les cou\u00adleurs les, plus f\u00e2cheuses. Ce qu\u2019il y a de grave, c\u2019est qu\u2019il les conna\u00eet bien. Mais il a soin de mettre \u00e0 l\u2019abri de ses coups \u00ab&nbsp;les id\u00e9a\u00adlistes sin\u00adc\u00e8res et les ap\u00f4tres convain\u00adcus&nbsp;\u00bb qui sont nom\u00adbreux, dit-il. Le mal\u00adheur est que des livres comme celui-l\u00e0 aident le gros public, qui ne demande pas mieux, \u00e0 confondre les bons et les mau\u00advais dans la m\u00eame r\u00e9pro\u00adba\u00adtion glo\u00adbale, ce que n\u2019a pas vou\u00adlu le cama\u00adrade Lorulot&nbsp;\u00bb.&nbsp;<\/p><\/blockquote>\n<p>[|<b>*  *  *  *<\/b>|]<br>\n<\/p>\n<p>Quelques lignes \u00e9mues dans les <i>Libres Pro\u00adpos<\/i> (rue \u00c9mile-Jamais, \u00e0 N\u00eemes) sur \u00c9mile Mas\u00adson, l\u2019auteur d\u2019<i>Yves Madec<\/i>, de l\u2019<i>Uto\u00adpie des \u00celes bien\u00adheu\u00adreuses<\/i>, du <i>Livre des Hommes et de leurs Paroles inou\u00efes<\/i>, qui vient de mourir.<\/p>\n<blockquote><p>\u00ab&nbsp;Ce qui, plus que tout, oblige au res\u00adpect, c\u2019est qu\u2019en lui habi\u00adta la liber\u00adt\u00e9. Elle fut l\u2019\u00e2me de son \u00e2me. Libre en sa pro\u00advince, en son m\u00e9tier, en sa famille, en ses amis, en son par\u00adti, libre \u00e0 tra\u00advers la guerre, libre dans l\u2019action m\u00eame&nbsp;\u00bb.<\/p><\/blockquote>\n<p>Et des extraits de lettres de Mas\u00adson o\u00f9 nous notons cette remarque&nbsp;:&nbsp;<\/p>\n<blockquote><p>\u00ab&nbsp;J\u2019avais fon\u00add\u00e9 des esp\u00e9\u00adrances sur la <i>Vie Ouvri\u00e8re<\/i> qui, avant la guerre, m\u2019avait fait des ouver\u00adtures. Mais au lieu de s\u2019\u00e9largir et de s\u2019approfondir, je crains qu\u2019elle n\u2019aille en se dur\u00adcis\u00adsant, en s\u2019effilant en pointe de ba\u00efonnette&nbsp;\u00bb&nbsp;\u2026&nbsp;<\/p><\/blockquote>\n<p>[|<b>*  *  *  *<\/b>|]<br>\n<\/p>\n<p>Signa\u00adlons une revue ori\u00adgi\u00adnale&nbsp;: <i>Hier, Aujourd\u2019hui, Demain<\/i> (3, rue de Riche\u00adlieu, Paris) anec\u00addo\u00adtique. his\u00adto\u00adrique, litt\u00e9raire.&nbsp;<\/p>\n<p>Une pr\u00e9\u00adsen\u00adta\u00adtion fort simple&nbsp;: pas de cou\u00adver\u00adture, mais \u00e0 l\u2019int\u00e9rieur toutes les res\u00adsources de la typo\u00adgra\u00adphie sont usit\u00e9es.&nbsp;<\/p>\n<p>Et il y a les articles fort int\u00e9\u00adres\u00adsants de Paul Reboux, Grillot de Givry, Albin Michel, Pierre Mac-Orlan, Saint-Sor\u00adlin,&nbsp;etc.&nbsp;<\/p>\n<p>Bref, une gazette bi-men\u00adsuelle, ori\u00adgi\u00adnale et int\u00e9ressante.&nbsp;<\/p>\n<p>[|<b>*  *  *  *<\/b>|]<br>\n<\/p>\n<p> Du der\u00adnier cahier des <i>Humbles<\/i> (un franc \u00e0 la Librai\u00adrie Sociale) je ne veux d\u00e9ta\u00adcher que ces vers de mon ami Mar\u00adcel Millet&nbsp;:&nbsp;<\/p>\n<p>[|<sc>Croire<\/sc>|]<\/p>\n<poesie>D\u00e9tails de la vie,\u200a\u2014\u200aet des visages<br>\no\u00f9 l\u2019on apprend mieux que dans des livres.&nbsp;\n<p>Des cama\u00adrades, et aus\u00adsi cette jeune&nbsp;femme<br>\nqui a souf\u00adfert et qui garde, de la guerre,<br>\nune vivante haine, \u00e0 trans\u00admettre aux petits.&nbsp;<\/p>\n<p>Pas de reli\u00adgions ni d\u2019obtus cat\u00e9chismes,<br>\nmais un grave id\u00e9al, et la sinc\u00e9rit\u00e9,<br>\npas de super\u00adsti\u00adtions, de ch\u00e2\u00adti\u00adments, de \u00ab&nbsp;crimes&nbsp;\u00bb,<br>\nmais notre amour et sa lucidit\u00e9.&nbsp;<\/p>\n<p>Et les paroles sont de bons grains que l\u2019on&nbsp;s\u00e8me<br>\nchaque heure, chaque jour, fid\u00e8le \u00e0 son devoir.<br>\net les actes de nos vrais ma\u00eetres<br>\nconsti\u00adtuent la plus belle his\u00adtoire du&nbsp;monde&nbsp;<\/p>\n<p>Il n\u2019y a pas de gestes inutiles,<br>\npas de le\u00e7ons anonn\u00e9es,<br>\nmais notre foi comme un \u00e9vangile,<br>\nmais notre amour et sa simplicit\u00e9.&nbsp;<\/p>\n<p>\u2026\u2026\u2026\u2026\u2026\u2026\u2026\u2026\u2026\u2026<\/p>\n<p>Notre force est d\u2019avoir nos ch\u00e8res certitudes&nbsp;:<br>\n savoir ha\u00efr, savoir aimer, et cou\u00adper,&nbsp;rude,<br>\n\u00e0 de pr\u00e9\u00adten\u00addues \u00ab&nbsp;contingences&nbsp;\u00bb.&nbsp;<\/p>\n<p>La terre est l\u00e0 sur laquelle on se penche,<br>\nles fleurs, les fruits, la vie des plantes,<br>\nune exis\u00adtence de pay\u00adsans, oublieuse<br>\ndes r\u00e9clames et des arrivismes.<br>\nLa paix heureuse.&nbsp;<\/p>\n<p>et pour la main\u00adte\u00adnir, le grand amour des hommes,<br>\nnon pas un creux pacifisme.<br>\nmais au del\u00e0 de toutes les fronti\u00e8res,<br>\nl\u2019appel, la foi,\u200a\u2014\u200aallons, la crosse en l\u2019air&nbsp;! <\/p>\n<p>Les hommes de demain comprendront.<br>\nEt si les temps ne sont pas&nbsp;venus,<br>\ndu moins notre devoir sur l\u2019humble coin de&nbsp;terre,<br>\nnotre devoir qui, de sa voix&nbsp;t\u00eatue,<br>\nredit&nbsp;: les temps vien\u00addront&nbsp;! les temps viendront&nbsp;!&nbsp;<\/p><\/poesie>\n<p>Millet est un des fid\u00e8les col\u00adla\u00adbo\u00adra\u00adteurs des <i>Humbles<\/i>&nbsp;: j\u2019esp\u00e8re qu\u2019il le sera bien\u00adt\u00f4t aus\u00adsi de la <i>Revue Anar\u00adchiste<\/i> et que vous aime\u00adrez ces po\u00e8mes o\u00f9 ne sub\u00adsiste aucune litt\u00e9rature.&nbsp;<\/p>\n<p>[\/\u200bMaurice <sc>Wul\u00adlens<\/sc>.\/\u200b]\n<\/p><\/div>\n<\/div>","protected":false},"excerpt":{"rendered":"<p>Une aubaine ce mois-ci&nbsp;: le num\u00e9\u00adro sp\u00e9\u00adcial des Cahiers d\u2019Aujourd\u2019hui consa\u00adcr\u00e9 \u00e0 L\u00e9on Werth (en vente chez Cr\u00e8s, 21, rue Haute-feuille, Pairis\u20116<sup>e<\/sup>). J\u2019imagine que tous les lec\u00adteurs de Cla\u00advel, d\u2019Yvonne et Pijal\u00adlet, des Amants invi\u00adsibles, des Voya\u00adgeurs avec ma pipe, de Dix-neuf ans, j\u2019imagine que tous ceux-l\u00e0 vou\u00addront pos\u00ads\u00e9\u00adder ce superbe cahier.&nbsp; D\u2019abord, mal\u00adgr\u00e9&nbsp;son&nbsp;[\u2026]<\/p>\n","protected":false},"author":1,"featured_media":0,"comment_status":"closed","ping_status":"closed","sticky":false,"template":"","format":"standard","meta":{"wp_typography_post_enhancements_disabled":false,"footnotes":""},"categories":[449],"tags":[],"ppma_author":[540],"class_list":["post-3722","post","type-post","status-publish","format-standard","hentry","category-la-revue-anarchiste-na15-20-mars-20-avril-1923"],"authors":[{"term_id":540,"user_id":1,"is_guest":0,"slug":"admin_3gikpwyf","display_name":"Vincent Dubuc","avatar_url":"https:\/\/secure.gravatar.com\/avatar\/d015720652c25fd2ced191ade86430094e1f288a17483713e3b34d26dea52507?s=96&d=mm&r=g","author_category":"","user_url":"https:\/\/la-presse-anarchiste.net","last_name":"Dubuc","first_name":"Vincent","job_title":"","description":""}],"_links":{"self":[{"href":"https:\/\/la-presse-anarchiste.net\/index.php\/wp-json\/wp\/v2\/posts\/3722","targetHints":{"allow":["GET"]}}],"collection":[{"href":"https:\/\/la-presse-anarchiste.net\/index.php\/wp-json\/wp\/v2\/posts"}],"about":[{"href":"https:\/\/la-presse-anarchiste.net\/index.php\/wp-json\/wp\/v2\/types\/post"}],"author":[{"embeddable":true,"href":"https:\/\/la-presse-anarchiste.net\/index.php\/wp-json\/wp\/v2\/users\/1"}],"replies":[{"embeddable":true,"href":"https:\/\/la-presse-anarchiste.net\/index.php\/wp-json\/wp\/v2\/comments?post=3722"}],"version-history":[{"count":0,"href":"https:\/\/la-presse-anarchiste.net\/index.php\/wp-json\/wp\/v2\/posts\/3722\/revisions"}],"wp:attachment":[{"href":"https:\/\/la-presse-anarchiste.net\/index.php\/wp-json\/wp\/v2\/media?parent=3722"}],"wp:term":[{"taxonomy":"category","embeddable":true,"href":"https:\/\/la-presse-anarchiste.net\/index.php\/wp-json\/wp\/v2\/categories?post=3722"},{"taxonomy":"post_tag","embeddable":true,"href":"https:\/\/la-presse-anarchiste.net\/index.php\/wp-json\/wp\/v2\/tags?post=3722"},{"taxonomy":"author","embeddable":true,"href":"https:\/\/la-presse-anarchiste.net\/index.php\/wp-json\/wp\/v2\/ppma_author?post=3722"}],"curies":[{"name":"wp","href":"https:\/\/api.w.org\/{rel}","templated":true}]}}