{"id":3728,"date":"2014-10-25T02:31:32","date_gmt":"2014-10-25T02:31:32","guid":{"rendered":"https:\/\/la-presse-anarchiste.net\/index.php\/2014\/10\/25\/a-letalage-du-bouquiniste-8\/"},"modified":"2014-10-25T02:31:32","modified_gmt":"2014-10-25T02:31:32","slug":"a-letalage-du-bouquiniste-8","status":"publish","type":"post","link":"https:\/\/la-presse-anarchiste.net\/index.php\/2014\/10\/25\/a-letalage-du-bouquiniste-8\/","title":{"rendered":"\u00c0 l\u2019\u00e9talage du bouquiniste"},"content":{"rendered":"<div class=\"pdfprnt-buttons pdfprnt-buttons-post pdfprnt-top-right\"><a href=\"https:\/\/la-presse-anarchiste.net\/index.php\/wp-json\/wp\/v2\/posts\/3728?print=pdf\" class=\"pdfprnt-button pdfprnt-button-pdf\" target=\"_blank\"><img decoding=\"async\" src=\"https:\/\/la-presse-anarchiste.net\/wp-content\/plugins\/pdf-print\/images\/pdf.png\" alt=\"image_pdf\" title=\"Afficher le PDF\"><\/a><a href=\"https:\/\/la-presse-anarchiste.net\/index.php\/wp-json\/wp\/v2\/posts\/3728?print=print\" class=\"pdfprnt-button pdfprnt-button-print\" target=\"_blank\"><img decoding=\"async\" src=\"https:\/\/la-presse-anarchiste.net\/wp-content\/plugins\/pdf-print\/images\/print.png\" alt=\"image_print\" title=\"Contenu imprim\u00e9\"><\/a><\/div><div align=\"justify\">\n<div style=\"text-indent: 1cm\">\n<p>RENAN DEVANT L\u2019AMOUR, par Nico\u00adlas S\u00e9gur.\u200a\u2014\u200aLe cen\u00adte\u00adnaire de Renan a fait cou\u00adler beau\u00adcoup d\u2019encre. On a ren\u00addu en proses diverses, bonnes, mau\u00advaises ou m\u00e9diocres, au grand \u00ab&nbsp;\u00e9man\u00adci\u00adpa\u00adteur&nbsp;\u00bb du <sc>xix<\/sc><sup>e<\/sup> si\u00e8cle l\u2019hommage qu\u2019\u00e0 mon avis, il m\u00e9ri\u00adtait. \u00c0 mon avis \u00e9ga\u00adle\u00adment, pires que cer\u00adtains louan\u00adgeurs \u00e0 tant la ligne, furent les <i>offi\u00adciels<\/i> dans leurs mani\u00adfes\u00adta\u00adtions ora\u00adtoires&nbsp;; si le ministre B\u00e9rard fut piteux et par\u00adla en pion de col\u00adl\u00e8ge, Bar\u00adr\u00e9s chan\u00adtant au nom des gagas de l\u2019Acad\u00e9mie, le l\u00f4s de celui qu\u2019il \u00ab&nbsp;para\u00adsi\u00adta&nbsp;\u00bb sa vie durant, fut encore plus lamen\u00adtable. La l\u00e8vre en cul de poule il \u00e9ruc\u00adta quelques pla\u00adti\u00adtudes qu\u2019il crut iro\u00adniques et spi\u00adri\u00adtuelles et les cli\u00adch\u00e9s qu\u2019il noue sor\u00adtit \u00e9taient aus\u00adsi \u00e9cu\u00adl\u00e9s que les pre\u00admi\u00e8res pan\u00adtoufles de son ma\u00eetre.<\/p>\n<p>\u00c0 c\u00f4t\u00e9 de ces dythi\u00adrambes \u00e9ph\u00e9\u00adm\u00e8res, de ces articles de jour\u00adnaux que le vent quo\u00adti\u00addien emporte, la m\u00e9moire de Renan fut c\u00e9l\u00e9\u00adbr\u00e9e sous la forme plus solide et plus durable du livre. De ces \u0153uvres qu\u2019elle ins\u00adpi\u00adra, je dois dire qu\u2019elles se font remar\u00adquer par leur faiblesse.<\/p>\n<p>Voi\u00adci d\u2019abord <i>Renan devant l\u2019Amour<\/i> par M.&nbsp;Nico\u00adlas S\u00e9gur. Cela nous est pr\u00e9\u00adsen\u00adt\u00e9 sous forme de dia\u00adlogues sans doute pour mieux sin\u00adger et pas\u00adti\u00adcher l\u2019auteur des <i>Dia\u00adlogues phi\u00adlo\u00adso\u00adphiques<\/i>.<\/p>\n<p>Le Renan qu\u2019il nous offre est tout sim\u00adple\u00adment gro\u00adtesque sous le masque de Pla\u00adton dont tant bien que mal, plu\u00adt\u00f4t mal que bien, il l\u2019affuble d\u2019un bout \u00e0 l\u2019antre du&nbsp;livre.<\/p>\n<p>Amour humain, amour divin vol\u00adtigent sur les l\u00e8vres des \u00ab&nbsp;dia\u00adlo\u00adguants&nbsp;\u00bb avec les gr\u00e2ces et la l\u00e9g\u00e8\u00adre\u00adt\u00e9 d\u2019un ours blanc ouvrant la gueule pour cueillir un mor\u00adceau de&nbsp;sucre.<\/p>\n<p>RENAN ET NOUS, par Pierre Las\u00adserre.\u200a\u2014\u200aEt main\u00adte\u00adnant voi\u00adci un hom\u00admage plus digne de l\u2019auteur des <i>Ori\u00adgines du chris\u00adtia\u00adnisme<\/i>.<\/p>\n<p>Je n\u2019aime pas M.&nbsp;Pierre Las\u00adserre, dont l\u2019\u0153uvre, non n\u00e9gli\u00adgeable du reste, est, quoi qu\u2019il s\u2019en d\u00e9fende, empreinte d\u2019un mys\u00adti\u00adcisme \u00e9troit qui en fait l\u2019irr\u00e9m\u00e9diable faiblesse.<\/p>\n<p>Tou\u00adte\u00adfois je dois avouer que dans son <i>Renan et nous<\/i>, il nous pr\u00e9\u00adsente digne\u00adment, d\u2019une plume sobre, avec une \u00e9mo\u00adtion savante et conte\u00adnue, le beau drame intel\u00adlec\u00adtuel que fut la vie de Renan, et qui, non seule\u00adment fut celui de son \u00e9poque mais qui reste encore celui de la n\u00f4tre. L\u2019\u0153uvre rena\u00adnienne se trouve expo\u00ads\u00e9e en un r\u00e9su\u00adm\u00e9 sai\u00adsis\u00adsant, en une sorte d\u2019\u00e9loquent rac\u00adcour\u00adci o\u00f9 sont \u00e9vo\u00adqu\u00e9s les conflits \u00e9ter\u00adnels qui ont agi\u00adt\u00e9, agitent et agi\u00adte\u00adront tou\u00adjours sans doute l\u2019humanit\u00e9 en marche vers la v\u00e9ri\u00adt\u00e9 insaisissable.<\/p>\n<p>CHRONIQUES DU CANARD SAUVAGE, par Charles-Louis Phi\u00adlippe.\u200a\u2014\u200aQui se sou\u00advient encore du <i>Canard Sau\u00advage<\/i>, ce petit heb\u00addo\u00adma\u00addaire fon\u00add\u00e9, je crois, par Alfred Jar\u00adry et o\u00f9 le P\u00e8re Ubu don\u00adnait sur l\u2019actualit\u00e9 des opi\u00adnions \u00e9ton\u00adnantes voire effa\u00adrantes, mais d\u2019une si pro\u00adfonde phi\u00adlo\u00adso\u00adphie. Le doux, le bon, le timide Ch.-L. Phi\u00adlippe, sous pr\u00e9\u00adtexte de com\u00admen\u00adter les \u00ab&nbsp;faits divers&nbsp;\u00bb y don\u00adnait des proses d\u00e9bor\u00addantes d\u2019humaine piti\u00e9. Que dis-je&nbsp;? Des proses&nbsp;! C\u2019\u00e9taient sou\u00advent des san\u00adglots, de vrais san\u00adglots, plus \u00e9mou\u00advants que le \u00ab&nbsp;thr\u00e8ne&nbsp;\u00bb antique, et d\u2019autres fois une plainte modu\u00adl\u00e9e, plus m\u00e9lan\u00adco\u00adlieuse et plus api\u00adtoyante encore que celle dont la fl\u00fbte b\u00e9douine emplit les cr\u00e9\u00adpus\u00adcules de l\u2019Islam vaincu.<br>\nB\u00e9nie soit et f\u00e9li\u00adci\u00adt\u00e9e la <i>Nou\u00advelle Revue fran\u00ad\u00e7aise<\/i> qui eut l\u2019heureuse et pieuse id\u00e9e de r\u00e9unir en un livre, ces petits chefs\u2011d\u2019\u0153uvre per\u00addus dans une feuille oubli\u00e9e.<\/p>\n<p>Que les Hen\u00adry Hirsch et les Fran\u00adcis Car\u00adco saluent bien bas celui dont ils ont chaus\u00ads\u00e9 les pan\u00adtoufles, mais qui garde son g\u00e9nie dans le tom\u00adbeau. Leurs pros\u00adti\u00adtu\u00e9es, leurs mis\u00e9\u00adreux, fleurs dou\u00adlou\u00adreuses du bou\u00adle\u00advard, ne sont que les p\u00e2les dou\u00adblures de ceux que Ch.-L. Phi\u00adlippe a chan\u00adt\u00e9s, et je dirai presque aim\u00e9s.<\/p>\n<p>POUR RECONSTRUIRE L\u2019EUROPE, par Roger Francq et Ripert.\u200a\u2014\u200aQue le bl\u00e9, le p\u00e9trole, la houille, que toutes les richesses fon\u00adda\u00admen\u00adtales cessent d\u2019appartenir \u00e0 un \u00c9tat ou a un par\u00adti\u00adcu\u00adlier, comme l\u2019air, la mer et la lumi\u00e8re, ce bl\u00e9, cette houille, ce p\u00e9trole doivent \u00eatre mis \u00e0 la dis\u00adpo\u00adsi\u00adtion de tous les \u00eatres sans dis\u00adtinc\u00adtions pri\u00adva\u00adtives ou natio\u00adnales. Voi\u00adl\u00e0 ce que demandent les auteurs de ce livre tr\u00e8s docu\u00admen\u00adt\u00e9 sur les pro\u00adbl\u00e8mes \u00e9co\u00adno\u00admiques de l\u2019heure. Aus\u00adsi applau\u00addis\u00adsons-nous ces deux ing\u00e9\u00adnieurs bour\u00adgeois, en route, peut-\u00eatre, mal\u00adgr\u00e9 eux vers le com\u00admu\u00adnisme libertaire.<\/p>\n<p>LES CHINOIS, par Rodes.\u200a\u2014\u200aTr\u00e8s bel et pro\u00adfond essai de psy\u00adcho\u00adlo\u00adgie ethnographique.<br>\nQue de pr\u00e9\u00adju\u00adg\u00e9s, que de l\u00e9gendes, ayant cours sur le peuple chi\u00adnois et sur l\u2019\u00e2me chi\u00adnoise, sont dis\u00adsi\u00adp\u00e9s \u00e0 la lumi\u00e8re de ce livre docu\u00admen\u00adt\u00e9. Entre autres la notion abso\u00adlu\u00adment fausse de leur insen\u00adsi\u00adbi\u00adli\u00adt\u00e9 devant les actions et les r\u00e9ac\u00adtions ner\u00adveuses. Et avec cette \u00e9tude tr\u00e8s fouill\u00e9e, l\u2019\u00e2me r\u00e9pu\u00adt\u00e9e inson\u00addable des Chi\u00adnois, des aper\u00ad\u00e7us pro\u00adfonds sur leurs loin\u00adtaines ori\u00adgines et sur leur civi\u00adli\u00adsa\u00adtion mil\u00adl\u00e9\u00adnaire. Livre \u00e0 mettre dans sa biblioth\u00e8que.<\/p>\n<p>POUR MENTION&nbsp;:<\/p>\n<p><i>Der\u00adri\u00e8re l\u2019abattoir<\/i>, par Albert Jean.\u200a\u2014\u200a<i>Tha\u00admil\u00adla<\/i>, car Fer\u00addi\u00adnand Duch\u00eane.\u200a\u2014\u200a<i>En regar\u00addant la vie<\/i>, par Alice Caza\u00adlis.\u200a\u2014\u200a<i>Flo\u00adrence<\/i>, par Camille Mau\u00adclair.\u200a\u2014\u200a<i>La d\u00e9tresse des Har\u00adpa\u00adgon<\/i>, par Pierre Mille.\u200a\u2014\u200a<i>La tra\u00adgique aven\u00adture<\/i>, par Louis Mer\u00adlet.\u200a\u2014\u200a<i>Le bou\u00adquet inutile<\/i>, par Jean Pellerin.<\/p>\n<p>[\/\u200bP. <sc>Vign\u00e9 d\u2019Octon<\/sc>\/\u200b]\n<\/p><\/div>\n<\/div>","protected":false},"excerpt":{"rendered":"<p>RENAN DEVANT L\u2019AMOUR, par Nico\u00adlas S\u00e9gur.\u200a\u2014\u200aLe cen\u00adte\u00adnaire de Renan a fait cou\u00adler beau\u00adcoup d\u2019encre. On a ren\u00addu en proses diverses, bonnes, mau\u00advaises ou m\u00e9diocres, au grand \u00ab&nbsp;\u00e9man\u00adci\u00adpa\u00adteur&nbsp;\u00bb du xixe si\u00e8cle l\u2019hommage qu\u2019\u00e0 mon avis, il m\u00e9ri\u00adtait. \u00c0 mon avis \u00e9ga\u00adle\u00adment, pires que cer\u00adtains louan\u00adgeurs \u00e0 tant la ligne, furent les offi\u00adciels dans leurs mani\u00adfes\u00adta\u00adtions oratoires&nbsp;;&nbsp;[\u2026]<\/p>\n","protected":false},"author":1,"featured_media":0,"comment_status":"closed","ping_status":"closed","sticky":false,"template":"","format":"standard","meta":{"wp_typography_post_enhancements_disabled":false,"footnotes":""},"categories":[449],"tags":[],"ppma_author":[540],"class_list":["post-3728","post","type-post","status-publish","format-standard","hentry","category-la-revue-anarchiste-na15-20-mars-20-avril-1923"],"authors":[{"term_id":540,"user_id":1,"is_guest":0,"slug":"admin_3gikpwyf","display_name":"Vincent Dubuc","avatar_url":"https:\/\/secure.gravatar.com\/avatar\/d015720652c25fd2ced191ade86430094e1f288a17483713e3b34d26dea52507?s=96&d=mm&r=g","author_category":"","user_url":"https:\/\/la-presse-anarchiste.net","last_name":"Dubuc","first_name":"Vincent","job_title":"","description":""}],"_links":{"self":[{"href":"https:\/\/la-presse-anarchiste.net\/index.php\/wp-json\/wp\/v2\/posts\/3728","targetHints":{"allow":["GET"]}}],"collection":[{"href":"https:\/\/la-presse-anarchiste.net\/index.php\/wp-json\/wp\/v2\/posts"}],"about":[{"href":"https:\/\/la-presse-anarchiste.net\/index.php\/wp-json\/wp\/v2\/types\/post"}],"author":[{"embeddable":true,"href":"https:\/\/la-presse-anarchiste.net\/index.php\/wp-json\/wp\/v2\/users\/1"}],"replies":[{"embeddable":true,"href":"https:\/\/la-presse-anarchiste.net\/index.php\/wp-json\/wp\/v2\/comments?post=3728"}],"version-history":[{"count":0,"href":"https:\/\/la-presse-anarchiste.net\/index.php\/wp-json\/wp\/v2\/posts\/3728\/revisions"}],"wp:attachment":[{"href":"https:\/\/la-presse-anarchiste.net\/index.php\/wp-json\/wp\/v2\/media?parent=3728"}],"wp:term":[{"taxonomy":"category","embeddable":true,"href":"https:\/\/la-presse-anarchiste.net\/index.php\/wp-json\/wp\/v2\/categories?post=3728"},{"taxonomy":"post_tag","embeddable":true,"href":"https:\/\/la-presse-anarchiste.net\/index.php\/wp-json\/wp\/v2\/tags?post=3728"},{"taxonomy":"author","embeddable":true,"href":"https:\/\/la-presse-anarchiste.net\/index.php\/wp-json\/wp\/v2\/ppma_author?post=3728"}],"curies":[{"name":"wp","href":"https:\/\/api.w.org\/{rel}","templated":true}]}}