{"id":3733,"date":"2015-11-09T01:20:38","date_gmt":"2015-11-09T01:20:38","guid":{"rendered":"https:\/\/la-presse-anarchiste.net\/index.php\/2015\/11\/09\/papon-descendra-t-il-dans-la-rue-en-veston\/"},"modified":"2015-11-09T01:20:38","modified_gmt":"2015-11-09T01:20:38","slug":"papon-descendra-t-il-dans-la-rue-en-veston","status":"publish","type":"post","link":"https:\/\/la-presse-anarchiste.net\/index.php\/2015\/11\/09\/papon-descendra-t-il-dans-la-rue-en-veston\/","title":{"rendered":"Papon descendra-t-il dans la rue en veston&nbsp;?"},"content":{"rendered":"<div class=\"pdfprnt-buttons pdfprnt-buttons-post pdfprnt-top-right\"><a href=\"https:\/\/la-presse-anarchiste.net\/index.php\/wp-json\/wp\/v2\/posts\/3733?print=pdf\" class=\"pdfprnt-button pdfprnt-button-pdf\" target=\"_blank\"><img decoding=\"async\" src=\"https:\/\/la-presse-anarchiste.net\/wp-content\/plugins\/pdf-print\/images\/pdf.png\" alt=\"image_pdf\" title=\"Afficher le PDF\"><\/a><a href=\"https:\/\/la-presse-anarchiste.net\/index.php\/wp-json\/wp\/v2\/posts\/3733?print=print\" class=\"pdfprnt-button pdfprnt-button-print\" target=\"_blank\"><img decoding=\"async\" src=\"https:\/\/la-presse-anarchiste.net\/wp-content\/plugins\/pdf-print\/images\/print.png\" alt=\"image_print\" title=\"Contenu imprim\u00e9\"><\/a><\/div><div align=\"justify\">\n<div style=\"text-indent: 1cm\">\n<p>De tous les jour\u00adnaux qui abon\u00add\u00e8rent en infor\u00adma\u00adtions depuis le d\u00e9but de l\u2019af\u00adfaire Ben Bar\u00adka, <i>l\u2019Hu\u00adma\u00adni\u00adt\u00e9<\/i> fut sans doute un des plus remar\u00adquables. C\u2019est un hom\u00admage que Figon lui-m\u00eame lui ren\u00addait puisque si l\u2019on en croit le der\u00adnier <i>Express<\/i> (24 jan\u00advier) il s\u2019ex\u00adpri\u00admait ain\u00adsi le 24 novembre devant son confi\u00addent Jean Marvier&nbsp;:<\/p>\n<p>\u00ab&nbsp;Tu as vu \u201cL\u2019Hu\u00adma\u201d&nbsp;? me dit-il. Com\u00adment ils peuvent \u00eatre ren\u00adcar\u00add\u00e9s&nbsp;? Le nom de Caille est appa\u00adru. Oh l\u00e0 l\u00e0, \u00e7a devient chaud. L\u00e0 je suis marron.&nbsp;\u00bb<\/p>\n<p>Cer\u00adti\u00adfi\u00adcat qui s\u2019a\u00addres\u00adsait d\u2019ailleurs plus \u00e0 Alain Gu\u00e9\u00adrin, le bio\u00adgraphe du Cama\u00adrade Sorge qu\u2019au jour\u00adnal pro\u00adpre\u00adment dit. Cet Alain Gu\u00e9\u00adrin est d\u2019ailleurs l\u2019homme de France, qui para\u00eet le mieux infor\u00adm\u00e9 de ce qui se passe dans les arcanes de l\u2019\u00c9tat. Au point m\u00eame que Tixier-Vignan\u00adcour s\u2019\u00e9\u00adton\u00adnait un jour \u00e0 la barre d\u2019une science qui d\u00e9pas\u00adsait la sienne propre&nbsp;! Et Dieu sait s\u2019il a pour\u00adtant lui-m\u00eame des fils directs&nbsp;!<\/p>\n<p>Mais lais\u00adsons l\u00e0 ces consi\u00add\u00e9\u00adra\u00adtions et reve\u00adnons \u00e0 l\u2019Affaire&nbsp;!<\/p>\n<h2>L\u2019escalade pr\u00e9vue se pr\u00e9cise.<\/h2>\n<p>Il y a m\u00e9ta\u00adstase acc\u00e9\u00adl\u00e9\u00adr\u00e9e et le can\u00adcer se g\u00e9n\u00e9ralise.<\/p>\n<p>On ne peut plus dissimuler&nbsp;!<\/p>\n<p>Des pou\u00adlets mul\u00adtiples \u00e9taient \u00ab&nbsp;au par\u00adfum&nbsp;\u00bb, les uns l\u2019ayant \u00e9t\u00e9 d\u00e8s le stade de la concep\u00adtion, les autres seule\u00adment au stade de la ges\u00adta\u00adtion, et d\u2019autres encore apr\u00e8s que l\u2019af\u00adfaire eut \u00e9t\u00e9 enti\u00e8\u00adre\u00adment consomm\u00e9e.<\/p>\n<p>Tout l\u2019ap\u00adpa\u00adreil tremble donc sur sa base, cha\u00adcun exci\u00adpant qu\u2019il a pr\u00e9\u00adve\u00adnu en temps et en heure l\u2019\u00e9\u00adtage sup\u00e9rieur.<\/p>\n<p>Et l\u2019on se flatte un peu par\u00adtout que des t\u00eates tom\u00adbe\u00adront prochainement.<\/p>\n<p>On se flatte peut-\u00eatre trop.<\/p>\n<p>Les pr\u00e9\u00adfets ou les direc\u00adteurs mena\u00adc\u00e9s, qui ne naquirent pas de la der\u00adni\u00e8re pluie, ont leurs tiroirs pleins de contre-attaques possibles&nbsp;!<\/p>\n<p>Cle\u00admen\u00adceau, qui avait eu lieu de se plaindre de L\u00e9pine, et qui n\u2019\u00e9\u00adtait pas d\u2019une moindre \u00e9toffe que les princes actuel\u00adle\u00adment en place, avait long\u00adtemps annon\u00adc\u00e9 que s\u2019il mon\u00adtait un jour au Capi\u00adtole, le fameux pr\u00e9\u00adfet ne demeu\u00adre\u00adrait pas bou\u00adle\u00advard du Palais.<\/p>\n<p>En fait, le Tigre \u00e9tait retour\u00adn\u00e9 \u00e0 ses ch\u00e8res \u00e9tudes depuis cinq ans quand L\u00e9pine accep\u00adta de tro\u00adquer son pr\u00e9\u00adfec\u00adto\u00adrat contre un si\u00e8ge de d\u00e9pu\u00adt\u00e9 de Mont\u00adbri\u00adson, la ville qui avait vu guillo\u00adti\u00adner Ravachol.<\/p>\n<p>Encore ne s\u2019\u00e9\u00adtait-il \u00e9loi\u00adgn\u00e9 du bou\u00adle\u00advard du Palais que parce que la s\u00e9nes\u00adcence proche lui fai\u00adsait un imp\u00e9\u00adra\u00adtif d\u2019a\u00adban\u00addon\u00adner la&nbsp;place.<\/p>\n<p>Mais Papon est encore d\u2019\u00e2ge gaillard, et il n\u2019est pas dit qu\u2019il soit d\u2019hu\u00admeur \u00e0 renoncer.<\/p>\n<p>Certes il y a le pr\u00e9\u00adc\u00e9\u00addent Chiappe, qui cer\u00adtai\u00adne\u00adment n\u2019\u00e9\u00adtait pas moins arm\u00e9 en petits papiers que pou\u00advait l\u2019\u00eatre L\u00e9pine et que peut l\u2019\u00eatre Papon, mais l\u00e0 il y avait eu un impond\u00e9rable.<\/p>\n<p>Dala\u00addier et Frot, \u00e0 des degr\u00e9s dif\u00adf\u00e9\u00adrents, \u00e9taient deux \u00ab&nbsp;grands hommes de pro\u00advince \u00e0&nbsp;Paris&nbsp;\u00bb&nbsp;!<\/p>\n<p>Et c\u2019est leur pay\u00adsan\u00adne\u00adrie du Danube qui les avait ser\u00advis dans la d\u00e9fe\u00adnes\u00adtra\u00adtion fameuse.<\/p>\n<p>Ayant le pied pari\u00adsien, ils y eussent regar\u00add\u00e9 \u00e0 deux&nbsp;fois&nbsp;!<\/p>\n<p>Les gens qui veulent la fin de Papon et de Frey ont-ils le pied parisien.<\/p>\n<p>Tout est&nbsp;l\u00e0&nbsp;!<\/p>\n<\/div><\/div>","protected":false},"excerpt":{"rendered":"<p>De tous les jour\u00adnaux qui abon\u00add\u00e8rent en infor\u00adma\u00adtions depuis le d\u00e9but de l\u2019af\u00adfaire Ben Bar\u00adka, l\u2019Hu\u00adma\u00adni\u00adt\u00e9 fut sans doute un des plus remar\u00adquables. C\u2019est un hom\u00admage que Figon lui-m\u00eame lui ren\u00addait puisque si l\u2019on en croit le der\u00adnier Express (24 jan\u00advier) il s\u2019ex\u00adpri\u00admait ain\u00adsi le 24 novembre devant son confi\u00addent Jean Mar\u00advier&nbsp;: \u00ab&nbsp;Tu as&nbsp;vu&nbsp;[\u2026]<\/p>\n","protected":false},"author":1,"featured_media":0,"comment_status":"closed","ping_status":"closed","sticky":false,"template":"","format":"standard","meta":{"wp_typography_post_enhancements_disabled":false,"footnotes":""},"categories":[455],"tags":[],"ppma_author":[540],"class_list":["post-3733","post","type-post","status-publish","format-standard","hentry","category-lintrus-na2-27-janvier-1966"],"authors":[{"term_id":540,"user_id":1,"is_guest":0,"slug":"admin_3gikpwyf","display_name":"Vincent Dubuc","avatar_url":"https:\/\/secure.gravatar.com\/avatar\/d015720652c25fd2ced191ade86430094e1f288a17483713e3b34d26dea52507?s=96&d=mm&r=g","author_category":"","user_url":"https:\/\/la-presse-anarchiste.net","last_name":"Dubuc","first_name":"Vincent","job_title":"","description":""}],"_links":{"self":[{"href":"https:\/\/la-presse-anarchiste.net\/index.php\/wp-json\/wp\/v2\/posts\/3733","targetHints":{"allow":["GET"]}}],"collection":[{"href":"https:\/\/la-presse-anarchiste.net\/index.php\/wp-json\/wp\/v2\/posts"}],"about":[{"href":"https:\/\/la-presse-anarchiste.net\/index.php\/wp-json\/wp\/v2\/types\/post"}],"author":[{"embeddable":true,"href":"https:\/\/la-presse-anarchiste.net\/index.php\/wp-json\/wp\/v2\/users\/1"}],"replies":[{"embeddable":true,"href":"https:\/\/la-presse-anarchiste.net\/index.php\/wp-json\/wp\/v2\/comments?post=3733"}],"version-history":[{"count":0,"href":"https:\/\/la-presse-anarchiste.net\/index.php\/wp-json\/wp\/v2\/posts\/3733\/revisions"}],"wp:attachment":[{"href":"https:\/\/la-presse-anarchiste.net\/index.php\/wp-json\/wp\/v2\/media?parent=3733"}],"wp:term":[{"taxonomy":"category","embeddable":true,"href":"https:\/\/la-presse-anarchiste.net\/index.php\/wp-json\/wp\/v2\/categories?post=3733"},{"taxonomy":"post_tag","embeddable":true,"href":"https:\/\/la-presse-anarchiste.net\/index.php\/wp-json\/wp\/v2\/tags?post=3733"},{"taxonomy":"author","embeddable":true,"href":"https:\/\/la-presse-anarchiste.net\/index.php\/wp-json\/wp\/v2\/ppma_author?post=3733"}],"curies":[{"name":"wp","href":"https:\/\/api.w.org\/{rel}","templated":true}]}}