{"id":3736,"date":"2015-11-09T01:20:52","date_gmt":"2015-11-09T01:20:52","guid":{"rendered":"https:\/\/la-presse-anarchiste.net\/index.php\/2015\/11\/09\/galtier-tel-que-jai-cru-le-connaitre\/"},"modified":"2015-11-09T01:20:52","modified_gmt":"2015-11-09T01:20:52","slug":"galtier-tel-que-jai-cru-le-connaitre","status":"publish","type":"post","link":"https:\/\/la-presse-anarchiste.net\/index.php\/2015\/11\/09\/galtier-tel-que-jai-cru-le-connaitre\/","title":{"rendered":"Galtier tel que j\u2019ai cru le conna\u00eetre"},"content":{"rendered":"<div class=\"pdfprnt-buttons pdfprnt-buttons-post pdfprnt-top-right\"><a href=\"https:\/\/la-presse-anarchiste.net\/index.php\/wp-json\/wp\/v2\/posts\/3736?print=pdf\" class=\"pdfprnt-button pdfprnt-button-pdf\" target=\"_blank\"><img decoding=\"async\" src=\"https:\/\/la-presse-anarchiste.net\/wp-content\/plugins\/pdf-print\/images\/pdf.png\" alt=\"image_pdf\" title=\"Afficher le PDF\"><\/a><a href=\"https:\/\/la-presse-anarchiste.net\/index.php\/wp-json\/wp\/v2\/posts\/3736?print=print\" class=\"pdfprnt-button pdfprnt-button-print\" target=\"_blank\"><img decoding=\"async\" src=\"https:\/\/la-presse-anarchiste.net\/wp-content\/plugins\/pdf-print\/images\/print.png\" alt=\"image_print\" title=\"Contenu imprim\u00e9\"><\/a><\/div><div align=\"justify\">\n<div style=\"text-indent: 1cm\">\n<p><i>Je suis appa\u00adru dans ses che\u00admins, il y a quelque trente-cinq ans. Il venait de s\u2019\u00e9\u00adprendre, \u00e0 la suite de L\u00e9on Dau\u00addet, authen\u00adtique \u00ab&nbsp;inven\u00adteur&nbsp;\u00bb en l\u2019oc\u00adcur\u00adrence, de Marc St\u00e9\u00adphane, l\u2019au\u00adteur de <\/i>Ceux du Tri\u00admard.<\/p>\n<p>Marc St\u00e9\u00adphane \u00e9tait alors dans le sixi\u00e8me des\u00adsous, comme chante Bras\u00adsens. \u00c9cri\u00advain oubli\u00e9, il avait pour\u00adtant publi\u00e9 entre 1894 et 1914, un grand nombre d\u2019ou\u00advrages \u00e0 l\u2019en\u00adseigne du <i>Cabi\u00adnet du Pam\u00adphl\u00e9\u00adtaire<\/i>, la plu\u00adpart trai\u00adtant des r\u00e9voltes c\u00e9ve\u00adnoles et des Dra\u00adgon\u00adnades, mais quelques-unes aus\u00adsi, et qui avaient plus par\u00adti\u00adcu\u00adli\u00e8\u00adre\u00adment rete\u00adnu mes curio\u00adsi\u00adt\u00e9s ado\u00adles\u00adcentes inti\u00adtu\u00adl\u00e9es&nbsp;: <i>Apho\u00adrismes d\u2019un enne\u00admi du peuple et des lois<\/i>.<\/p>\n<p>M\u2019\u00e9\u00adtant mis en qu\u00eate, je n\u2019a\u00advais pas trou\u00adv\u00e9 trace \u00e0 Neuilly, rue Per\u00adro\u00adnet, de ce Cabi\u00adnet du Pam\u00adphl\u00e9\u00adtaire, qui \u00e9tait cen\u00ads\u00e9 y avoir eu bureau.<\/p>\n<p>Mais mon d\u00e9sir \u00e9veill\u00e9, je n\u2019a\u00advais eu cesse de savoir ce qu\u2019\u00e9\u00adtait deve\u00adnu ce St\u00e9\u00adphane, dont per\u00adsonne ne parais\u00adsait avoir sou\u00adve\u00adnir. Pour\u00adtant gr\u00e2ce \u00e0 un autre obs\u00adti\u00adn\u00e9, un bou\u00adqui\u00adniste, mais beau\u00adcoup plus bou\u00adqui\u00adneur que bou\u00adqui\u00adniste, et que cer\u00adtains ont pu conna\u00eetre car il avait cette par\u00adti\u00adcu\u00adla\u00adri\u00adt\u00e9 de r\u00e9unir autour de ces bo\u00eetes, quai de l\u2019H\u00f4\u00adtel-de-Ville, des conci\u00adlia\u00adbules inter\u00admi\u00adnables jus\u00adqu\u2019\u00e0 une heure avan\u00adc\u00e9e de la nuit, je finis par retrou\u00adver un jour l\u2019au\u00adteur d\u2019<i>\u00c9chec \u00e0 la loi<\/i> et de <i>la Cit\u00e9 des Fous<\/i>, deux autres de ses ouvrages, et dont le der\u00adnier \u00e9tait autobiographique.<\/p>\n<p>Marc St\u00e9\u00adphane vivait alors \u00e0 l\u2019o\u00adr\u00e9e de la for\u00eat de Mai\u00adsons-Laf\u00adfitte, sur le ter\u00adri\u00adtoire de Mes\u00adnil-le-Roi, et sub\u00adsis\u00adtait uni\u00adque\u00adment du lait et du fro\u00admage d\u2019un trou\u00adpeau de ch\u00e8vres qu\u2019il lais\u00adsait pa\u00eetre alentour.<\/p>\n<p>Il habi\u00adtait une sorte de buron, pri\u00admi\u00adtif sinon sor\u00addide. De toute \u00e9vi\u00addence, des tra\u00adverses mul\u00adtiples, sur les\u00adquelles il ne s\u2019ou\u00advrait pas exa\u00adg\u00e9\u00adr\u00e9\u00adment, avaient \u00e9t\u00e9 son lot depuis les loin\u00adtains jours du <i>Cabi\u00adnet du Pam\u00adphl\u00e9\u00adtaire<\/i>, encore g\u00eet\u00e9 d\u00e9cem\u00adment dans la bour\u00adgeoise Neuilly.<\/p>\n<p>Venu l\u00e0 pour m\u2019ap\u00adpro\u00advi\u00adsion\u00adner d\u2019an\u00adcienne lit\u00adt\u00e9\u00adra\u00adture, Marc St\u00e9\u00adphane nous avait alors par\u00adl\u00e9, car mon ami le bou\u00adqui\u00adneur \u00e9tait asso\u00adci\u00e9 \u00e0 ma d\u00e9marche, d\u2019un ouvrage \u00e9crit dans sa bauge, \u00e0 la lueur d\u2019un quin\u00adquet, et ce n\u2019est pas ici image, \u00e9crit qui n\u2019\u00e9\u00adtait autre que <i>Ceux du Tri\u00admard<\/i> et pour lequel L\u00e9on Dau\u00addet allait prendre feu et flamme quelques mois&nbsp;apr\u00e8s.<\/p>\n<h4>De \u00ab&nbsp;ceux du trimard&nbsp;\u00bb \u00e0 la \u00ab&nbsp;m\u00e8re Corniflot&nbsp;\u00bb\n<\/h4>\n<p>Mais les choses n\u2019en \u00e9taient pas encore l\u00e0, et il n\u2019\u00e9\u00adtait pas ques\u00adtion de for\u00adcer la porte d\u2019un \u00e9di\u00adteur. Il ne s\u2019en fal\u00adlait que de deux mille francs ou \u00e0 peu pr\u00e8s, pour que le bou\u00adquin p\u00fbt voir le jour. Un brave libraire de la rue de Londres, Ren\u00e9 Liot s\u2019of\u00adfrait, pour per\u00admettre la renais\u00adsance d\u2019un jour du <i>Cabi\u00adnet du Pam\u00adphl\u00e9\u00adtaire<\/i>, rai\u00adson sociale n\u00e9ces\u00adsaire pour la publi\u00adca\u00adtion pro\u00adje\u00adt\u00e9e. St\u00e9\u00adphane avait liar\u00add\u00e9 sou \u00e0 sou, comme il disait, depuis un cer\u00adtain, temps et il ne fal\u00adlait plus que quelques cen\u00adtaines de francs que nous trouv\u00e2mes.<\/p>\n<p>Le livre sor\u00adtait donc bien\u00adt\u00f4t et \u00e9tait envoy\u00e9 \u00e0 quelques conn\u00e9\u00adtables, dont L\u00e9on Dau\u00addet, alors r\u00e9fu\u00adgi\u00e9 \u00e0 Bruxelles, en cons\u00e9\u00adquence de sa fuite l\u00e9gen\u00addaire de la San\u00adt\u00e9. Gal\u00adtier, autant qu\u2019il peut me sou\u00adve\u00adnir, n\u2019\u00e9\u00adtait pas de ceux dont on s\u2019\u00e9\u00adtait cru en \u00e9tat d\u2019es\u00adp\u00e9\u00adrer quelque chose.<\/p>\n<p>J\u2019a\u00advais moi-m\u00eame conseill\u00e9 l\u2019en\u00advoi \u00e0 L\u00e9on Dau\u00addet, sur cette consi\u00add\u00e9\u00adra\u00adtion que l\u2019\u00e9\u00adcri\u00advain roya\u00adliste avait vot\u00e9 pour le <i>Voleur<\/i> de Georges Darien lors du scru\u00adtin du Prix des M\u00e9con\u00adnus. Il ne fai\u00adsait pas doute \u00e0 ma dix-hui\u00adti\u00e8me ann\u00e9e que Dau\u00addet ayant go\u00fbt \u00e0 Darien s\u2019in\u00adt\u00e9\u00adres\u00adse\u00adrait aus\u00adsi \u00e0 St\u00e9phane.<\/p>\n<p>L\u2019es\u00adpoir \u00e9tait fon\u00add\u00e9, car un article ful\u00adgu\u00adrant parais\u00adsait bien\u00adt\u00f4t dans <i>Can\u00addide<\/i>, o\u00f9 Dau\u00addet c\u00e9l\u00e9\u00adbrait le <i>Dau\u00admier de la grand-route<\/i>, pour lequel il don\u00adne\u00adrait, disait-il, tout Ana\u00adtole France. Dans le m\u00eame temps, il s\u2019en\u00adtre\u00admet\u00adtait aupr\u00e8s de Gras\u00adset, et de son propre chef, pour que <i>Ceux du Tri\u00admard<\/i> f\u00fbt repris au ch\u00e9\u00adtif sinon exis\u00adtant <i>Cabi\u00adnet du Pam\u00adphl\u00e9\u00adtaire<\/i> de la rue de Londres. Dau\u00addet pous\u00adsait encore son admi\u00adra\u00adtion jus\u00adqu\u2019\u00e0 voter pour Marc St\u00e9\u00adphane au prix Gon\u00adcourt, alors qu\u2019un roya\u00adliste, Constan\u00adtin-Weyer, \u00e9tait en lice et devait m\u00eame l\u2019obtenir.<\/p>\n<p>Le branle don\u00adn\u00e9 par Dau\u00addet, dix autres avaient sui\u00advi, dont Gal\u00adtier qui, d\u2019ailleurs, pour sou\u00adla\u00adger la d\u00e9tresse \u00e9vi\u00addente de St\u00e9\u00adphane, lui deman\u00addait ins\u00adtan\u00adta\u00adn\u00e9\u00adment un conte, qui parut dans le <i>Cra\u00adpouillot<\/i> sous le titre de la <i>M\u00e8re Cor\u00adni\u00adflot<\/i>.<\/p>\n<p>J\u2019ac\u00adcom\u00adpa\u00adgnais St\u00e9\u00adphane \u00e0 sa pre\u00admi\u00e8re visite au <i>Cra\u00adpouillot<\/i>, et c\u2019est moi qui dans la suite m\u2019oc\u00adcu\u00adpai des d\u00e9marches qu\u2019il pou\u00advait avoir \u00e0 faire dans la mai\u00adson. Ain\u00adsi, j\u2019al\u00adlai un jour tou\u00adcher le ch\u00e8que de 500&nbsp;F, prix du conte de St\u00e9\u00adphane, dans une banque du bou\u00adle\u00advard Raspail.<\/p>\n<p>Ces 500&nbsp;F devaient avoir une des\u00adti\u00adna\u00adtion par\u00adti\u00adcu\u00adli\u00e8re, dont Gal\u00adtier s\u2019a\u00admu\u00adsa beau\u00adcoup, quand je l\u2019en infor\u00admai plus tard, et qui ne pou\u00advait que s\u00e9duire l\u2019au\u00adteur de la <i>Bonne vie<\/i>&nbsp;!<\/p>\n<p>Des\u00adti\u00adna\u00adtion pie, puisque c\u2019\u00e9\u00adtait la contri\u00adbu\u00adtion de Marc St\u00e9\u00adphane \u00e0 un via\u00adtique consti\u00adtu\u00e9 pour arra\u00adcher quel\u00adqu\u2019un \u00e0 la Guyane&nbsp;!<\/p>\n<h4>\n<h2>Les \u00e9clats de Galtier<\/h2>\n<\/h4>\n<p>Quelques ann\u00e9es plus tard, j\u2019en\u00adtrai davan\u00adtage dans la fami\u00adlia\u00adri\u00adt\u00e9 de Gal\u00adtier, \u00e0 pro\u00adpos du num\u00e9\u00adro sur <i>l\u2019A\u00adnar\u00adchie<\/i> auquel nous \u00e9tions atte\u00adl\u00e9s \u00e0 trois, avec Jean Ber\u00adnier et Vic\u00adtor Serge. Ber\u00adnier est main\u00adte\u00adnant un des der\u00adniers par\u00admi ceux qui l\u2019au\u00adront appro\u00adch\u00e9 le plus et qui le connurent le mieux. Nul mieux que lui ne sait rendre d\u2019ailleurs tout le comique dont Gal\u00adtier savait jouer dans toutes les cir\u00adcons\u00adtances de la vie quotidienne.<\/p>\n<p>Mais cette col\u00adla\u00adbo\u00adra\u00adtion \u00e0 <i>l\u2019A\u00adnar\u00adchie<\/i> n\u2019a\u00advait \u00e9t\u00e9 encore que l\u2019af\u00adfaire d\u2019un ins\u00adtant&nbsp;; je ne devrais vrai\u00adment appro\u00adcher Gal\u00adtier qu\u2019a\u00adpr\u00e8s la guerre, quand pen\u00addant deux ann\u00e9es pleines, il me fal\u00adlut tra\u00advailler avec lui \u00e0 <i>l\u2019His\u00adtoire de la guerre<\/i>. Le petit monde du <i>Cra\u00adpouillot<\/i> me fut alors fami\u00adlier, et je fus t\u00e9moin de quelques \u00e9clats.<\/p>\n<p>Plus que per\u00adsonne Lucienne, sa secr\u00e9\u00adtaire inamo\u00advible, serait fon\u00add\u00e9e \u00e0 \u00e9crire une his\u00adtoire du <i>Cra\u00adpouillot<\/i> car nul n\u2019au\u00adra connu mieux qu\u2019elle tous les des\u00adsous et toutes les r\u00e9vo\u00adlu\u00adtions de palais, aus\u00adsi fr\u00e9\u00adquentes dans la mai\u00adson qu\u2019ailleurs, Gal\u00adtier variant quel\u00adque\u00adfois dans ses ami\u00adti\u00e9s sans qu\u2019on p\u00fbt com\u00adprendre le pour\u00adquoi de ses variations.<\/p>\n<p>Et seule Lucienne aus\u00adsi pour\u00adrait pr\u00e9\u00adci\u00adser la comp\u00adta\u00adbi\u00adli\u00adt\u00e9 des bon\u00adt\u00e9s secr\u00e8tes de Gal\u00adtier, plus g\u00e9n\u00e9\u00adreux qu\u2019il ne vou\u00adlait para\u00eetre mais \u00e0 condi\u00adtion qu\u2019on n\u2019en s\u00fbt&nbsp;rien.<\/p>\n<p>Le pol\u00e9\u00admiste aus\u00adsi \u00e9tait moins f\u00e9roce qu\u2019il n\u2019au\u00adra sem\u00adbl\u00e9 \u00e0 beau\u00adcoup. Ain\u00adsi pour cette <i>His\u00adtoire de la Guerre de 1939\u200a\u2013\u200a1945<\/i>, que Jean-Jacques Pau\u00advert a vou\u00adlu r\u00e9\u00e9di\u00adter, avait-il pris garde d\u2019at\u00adt\u00e9\u00adnuer cer\u00adtains coups por\u00adt\u00e9s au len\u00adde\u00admain tout chaud de l\u2019\u00e9\u00adv\u00e9\u00adne\u00adment, et un va-et-vient d\u2019\u00e9\u00adpreuves assor\u00adti d\u2019in\u00adces\u00adsantes recom\u00adman\u00adda\u00adtions \u00e9crites ou t\u00e9l\u00e9\u00adpho\u00adn\u00e9es avait encore occu\u00adp\u00e9 tout son \u00e9t\u00e9&nbsp;! Son sou\u00adci \u00e9tant tou\u00adjours de ne pas avi\u00adver d\u2019an\u00adciennes plaies et si pos\u00adsible de les cau\u00adt\u00e9\u00adri\u00adser d\u00e9finitivement.<\/p>\n<p>Il y avait gageure \u00e0 vou\u00adloir conti\u00adnuer le <i>Cra\u00adpouillot<\/i> sans lui et il n\u2019est pas dit que tout l\u2019a\u00adven\u00adtu\u00adrisme de Pau\u00advert y suf\u00adfi\u00adra. M\u00eame mieux fait quand \u00e0 la concep\u00adtion g\u00e9n\u00e9\u00adrale ou \u00e0 la tech\u00adnique, il y man\u00adque\u00adra tou\u00adjours ce je-ne-sais-quoi, fait \u00e0 la fois d\u2019au\u00addace folle et de r\u00e9trac\u00adtion bour\u00adgeoise, carac\u00adt\u00e9\u00adris\u00adtique supr\u00eame pour nous de Gal\u00adtier et qui fai\u00adsait qu\u2019on l\u2019ai\u00admait m\u00eame dans ses \u00ab&nbsp;sagesses&nbsp;\u00bb aus\u00adsi subites que d\u00e9concertantes.<\/p>\n<p>Que notre adieu soit donc le moins solen\u00adnel pos\u00adsible, ain\u00adsi qu\u2019il l\u2019au\u00adrait&nbsp;voulu&nbsp;!<\/p>\n<p>[\/\u200bAlexandre <sc>Croix<\/sc>\/\u200b]<\/p>\n<\/div><\/div>","protected":false},"excerpt":{"rendered":"<p>Je suis appa\u00adru dans ses che\u00admins, il y a quelque trente-cinq ans. Il venait de s\u2019\u00e9\u00adprendre, \u00e0 la suite de L\u00e9on Dau\u00addet, authen\u00adtique \u00ab&nbsp;inven\u00adteur&nbsp;\u00bb en l\u2019oc\u00adcur\u00adrence, de Marc St\u00e9\u00adphane, l\u2019au\u00adteur de Ceux du Tri\u00admard. Marc St\u00e9\u00adphane \u00e9tait alors dans le sixi\u00e8me des\u00adsous, comme chante Bras\u00adsens. \u00c9cri\u00advain oubli\u00e9, il avait pour\u00adtant publi\u00e9 entre 1894 et&nbsp;1914,&nbsp;[\u2026]<\/p>\n","protected":false},"author":1,"featured_media":0,"comment_status":"closed","ping_status":"closed","sticky":false,"template":"","format":"standard","meta":{"wp_typography_post_enhancements_disabled":false,"footnotes":""},"categories":[455],"tags":[],"ppma_author":[540],"class_list":["post-3736","post","type-post","status-publish","format-standard","hentry","category-lintrus-na2-27-janvier-1966"],"authors":[{"term_id":540,"user_id":1,"is_guest":0,"slug":"admin_3gikpwyf","display_name":"Vincent Dubuc","avatar_url":"https:\/\/secure.gravatar.com\/avatar\/d015720652c25fd2ced191ade86430094e1f288a17483713e3b34d26dea52507?s=96&d=mm&r=g","author_category":"","user_url":"https:\/\/la-presse-anarchiste.net","last_name":"Dubuc","first_name":"Vincent","job_title":"","description":""}],"_links":{"self":[{"href":"https:\/\/la-presse-anarchiste.net\/index.php\/wp-json\/wp\/v2\/posts\/3736","targetHints":{"allow":["GET"]}}],"collection":[{"href":"https:\/\/la-presse-anarchiste.net\/index.php\/wp-json\/wp\/v2\/posts"}],"about":[{"href":"https:\/\/la-presse-anarchiste.net\/index.php\/wp-json\/wp\/v2\/types\/post"}],"author":[{"embeddable":true,"href":"https:\/\/la-presse-anarchiste.net\/index.php\/wp-json\/wp\/v2\/users\/1"}],"replies":[{"embeddable":true,"href":"https:\/\/la-presse-anarchiste.net\/index.php\/wp-json\/wp\/v2\/comments?post=3736"}],"version-history":[{"count":0,"href":"https:\/\/la-presse-anarchiste.net\/index.php\/wp-json\/wp\/v2\/posts\/3736\/revisions"}],"wp:attachment":[{"href":"https:\/\/la-presse-anarchiste.net\/index.php\/wp-json\/wp\/v2\/media?parent=3736"}],"wp:term":[{"taxonomy":"category","embeddable":true,"href":"https:\/\/la-presse-anarchiste.net\/index.php\/wp-json\/wp\/v2\/categories?post=3736"},{"taxonomy":"post_tag","embeddable":true,"href":"https:\/\/la-presse-anarchiste.net\/index.php\/wp-json\/wp\/v2\/tags?post=3736"},{"taxonomy":"author","embeddable":true,"href":"https:\/\/la-presse-anarchiste.net\/index.php\/wp-json\/wp\/v2\/ppma_author?post=3736"}],"curies":[{"name":"wp","href":"https:\/\/api.w.org\/{rel}","templated":true}]}}