{"id":3764,"date":"2015-11-24T19:08:12","date_gmt":"2015-11-24T19:08:12","guid":{"rendered":"https:\/\/la-presse-anarchiste.net\/index.php\/2015\/11\/24\/a-letalage-du-bouquiniste-9\/"},"modified":"2015-11-24T19:08:12","modified_gmt":"2015-11-24T19:08:12","slug":"a-letalage-du-bouquiniste-9","status":"publish","type":"post","link":"https:\/\/la-presse-anarchiste.net\/index.php\/2015\/11\/24\/a-letalage-du-bouquiniste-9\/","title":{"rendered":"\u00c0 l\u2019\u00e9talage du Bouquiniste"},"content":{"rendered":"<div class=\"pdfprnt-buttons pdfprnt-buttons-post pdfprnt-top-right\"><a href=\"https:\/\/la-presse-anarchiste.net\/index.php\/wp-json\/wp\/v2\/posts\/3764?print=pdf\" class=\"pdfprnt-button pdfprnt-button-pdf\" target=\"_blank\"><img decoding=\"async\" src=\"https:\/\/la-presse-anarchiste.net\/wp-content\/plugins\/pdf-print\/images\/pdf.png\" alt=\"image_pdf\" title=\"Afficher le PDF\"><\/a><a href=\"https:\/\/la-presse-anarchiste.net\/index.php\/wp-json\/wp\/v2\/posts\/3764?print=print\" class=\"pdfprnt-button pdfprnt-button-print\" target=\"_blank\"><img decoding=\"async\" src=\"https:\/\/la-presse-anarchiste.net\/wp-content\/plugins\/pdf-print\/images\/print.png\" alt=\"image_print\" title=\"Contenu imprim\u00e9\"><\/a><\/div><div align=\"justify\">\n<div style=\"text-indent: 1cm\">\n\n<p><b>Der\u00adniers livres parus<\/b><\/p>\n<p><sc>Kof\u00adfi<\/sc>, par M.&nbsp;Gas\u00adton Joseph.\u200a\u2014\u200aSavez-vous qu\u2019il exis\u00adtait un prix de lit\u00adt\u00e9\u00adra\u00adture colo\u00adniale&nbsp;? Moi, non. Je viens de l\u2019apprendre par un livre dont on peut dire qu\u2019il a \u00e9t\u00e9 \u00e9la\u00adbo\u00adr\u00e9, cui\u00adsi\u00adn\u00e9 et mis au point dans les bureaux du Minis\u00adt\u00e8re des Colo\u00adnies. Il para\u00eet m\u00eame que ce fameux prix lit\u00adt\u00e9\u00adraire, jusqu\u2019\u00e0 pr\u00e9\u00adsent incon\u00adnu, n\u2019a \u00e9t\u00e9 cr\u00e9\u00e9\u200a\u2014\u200aavec les deniers des contri\u00adbuables, sans doute\u200a\u2014\u200aque pour le cou\u00adron\u00adner. On a vou\u00adlu ain\u00adsi atti\u00adrer sur lui l\u2019attention publique que sa lamen\u00adtable fai\u00adblesse \u00e9tait inca\u00adpable de lui conqu\u00e9rir.<\/p>\n<p>On se sou\u00advient\u200a\u2014\u200amais s\u2019en sou\u00advient-on vrai\u00adment\u200a\u2014\u200aque les requins et les pon\u00adtifes de l\u2019administration colo\u00adniale, avaient \u00e9t\u00e9 quelque peu \u00e9mus, il y a deux ans, par la publi\u00adca\u00adtion de <i>Batoua\u00adla<\/i>. Il n\u2019y avait pas de quoi, cer\u00adtai\u00adne\u00adment, car comme je l\u2019ai dit, ici m\u00eame, dans le pre\u00admier num\u00e9\u00adro de cette Revue, le roman de Ren\u00e9 Maran \u00e9tait comme fond et comme forme, une \u0153uvre rat\u00e9e. J\u2019y mon\u00adtrai que l\u2019auteur avait oubli\u00e9 d\u2019apprendre les rudi\u00adments de la langue fran\u00ad\u00e7aise, avant de l\u2019\u00e9crire et de la par\u00adler. En ce qui concerne la docu\u00admen\u00adta\u00adtion pr\u00e9\u00adten\u00addue sub\u00adver\u00adsive et des\u00adti\u00adn\u00e9e \u00e0 d\u00e9fendre la cause d\u2019une race vain\u00adcue contre son vain\u00adqueur, il me fut encore plus facile le faire tou\u00adcher du doigt son n\u00e9ant et m\u00eame sa mau\u00advaise&nbsp;foi.<\/p>\n<p>Non seule\u00adment, Ren\u00e9 Maran, apr\u00e8s avoir annon\u00adc\u00e9 dans la Pr\u00e9\u00adface, qu\u2019il allait fon\u00adcer sur ce vain\u00adqueur et d\u00e9non\u00adcer ses crimes et ses infa\u00admies, s\u2019en tenait \u00e0 de vagues g\u00e9n\u00e9\u00adra\u00adli\u00adt\u00e9s, \u00e9vi\u00adtant, en bon fonc\u00adtion\u00adnaire, toute pr\u00e9\u00adci\u00adsion, mais\u200a\u2014\u200ace qui \u00e9tait plus hon\u00adteux encore pour un n\u00e8gre\u200a\u2014\u200ail pr\u00e9\u00adsen\u00adtait ses fr\u00e8res d\u2019Afrique, comme un ramas\u00adsis de brutes, san\u00adgui\u00adnaires et alcoo\u00adliques, inaptes \u00e0 toute civilisation.<\/p>\n<p>Mal\u00adgr\u00e9 cela, je le r\u00e9p\u00e8te, les for\u00adbans et les bonzes qui dirigent les des\u00adti\u00adn\u00e9es de notre empire colo\u00adnial, se sen\u00adtirent tou\u00adch\u00e9s, de m\u00eame que l\u2019assassin, apr\u00e8s son crime, s\u2019\u00e9meut au moindre bruit qu\u2019il entend. Aus\u00adsi s\u2019occup\u00e8rent-ils, d\u00e8s cette heure, de r\u00e9pon\u00addra au roman d\u2019un n\u00e8gre sur les n\u00e8gres, par le roman d\u2019un autre n\u00e8gre sur les n\u00e8gres.<\/p>\n<p>Le n\u00e8gre choi\u00adsi s\u2019appelle M.&nbsp;Gas\u00adton Joseph, et il est, bien enten\u00addu, comme M.&nbsp;Ren\u00e9 Maran, admi\u00adnis\u00adtra\u00adteur colo\u00adnial. Cepen\u00addant, on me dit, mais je n\u2019en suis pas cer\u00adtain, que ces deux pr\u00e9\u00adnoms, dis\u00adsi\u00admulent tout sim\u00adple\u00adment, un fonc\u00adtion\u00adnaire blanc de la rue Oudi\u00adnot, qui, aux lieu et place de ses rap\u00adports admi\u00adnis\u00adtra\u00adtifs, a \u00e9t\u00e9 char\u00adg\u00e9 par le cala\u00admi\u00adteux Sar\u00adraut, de pondre ce lamen\u00adtable fac\u00adtum roma\u00adnesque et officiel.<\/p>\n<p>\u00c0 c\u00f4t\u00e9 du sien, le cha\u00adra\u00adbia de M.&nbsp;Maran, repr\u00e9\u00adsente la langue mer\u00adveilleuse de Renan ou de Flau\u00adbert. Quant \u00e0 sa docu\u00admen\u00adta\u00adtion, on peut dire qu\u2019elle a \u00e9t\u00e9 ins\u00adpi\u00adr\u00e9e, \u00e0 ce rond-de-cuir, atteint de caco\u00adgra\u00adphie par les rap\u00adports admi\u00adnis\u00adtra\u00adtifs qu\u2019il passe sa vie \u00e0 copier.<\/p>\n<p>Voyez plu\u00adt\u00f4t&nbsp;: Kof\u00adfi, son n\u00e8gre, est pour lui, le n\u00e8gre id\u00e9al, heu\u00adreux, que dis-je&nbsp;? fier d\u2019\u00eatre bat\u00adtu, vol\u00e9, spo\u00adli\u00e9 par le blanc, parce qu\u2019avec la cra\u00advache, le vol, la spo\u00adlia\u00adtion, il lui apporte la Ci-vi-li-sa-tion&nbsp;! il aurait pu ajou\u00adter et la sy-phi-li-sa-tion.<\/p>\n<p>Des erreurs. Des crimes de colo\u00adni\u00adsa\u00adtion, d\u00e9ve\u00adloppe le faux n\u00e8gre Gas\u00adton Joseph, mais il n\u2019y en a pas ou si peu, que ce n\u2019est pas la peine d\u2019en par\u00adler. N\u2019est-ce pas un r\u00e9sul\u00adtat enviable et d\u00e9ci\u00adsif que d\u2019obtenir un type comme Kof\u00adfi, <i>plus heu\u00adreux mat\u00e9\u00adriel\u00adle\u00adment d\u2019\u00eatre cui\u00adsi\u00adnier d\u2019un blanc que roi des noirs<\/i>&nbsp;!<\/p>\n<p>Or la plu\u00adpart de nos sujets n\u00e8gres sont&nbsp;ainsi\u2026<\/p>\n<p>Tel est ce livre, \u00e9crit, cer\u00adtai\u00adne\u00adment, je le r\u00e9p\u00e8te, sous l\u2019inspiration et dans les bureaux m\u00eames de M.&nbsp;Albert Sar\u00adraut. Comme on le voit, il m\u00e9ri\u00adtait bien que cet incom\u00adpa\u00adrable ministre pr\u00eet quelques sous dans la poche des contri\u00adbuables pour cr\u00e9er \u00e0 son inten\u00adtion un prix de lit\u00adt\u00e9\u00adra\u00adture coloniale.<\/p>\n<p><sc>La Mise en valeur de nos Colo\u00adnies<\/sc>, par M.&nbsp;Albert Sar\u00adraut, <i>ministre des Colo\u00adnies<\/i> (prix&nbsp;: 14&nbsp;frs).\u200a\u2014\u200aL\u2019ex-proconsul de l\u2019Indo-Chine, ne se contente pas de faire \u00e9crire par ses fonc\u00adtion\u00adnaires en mal de lit\u00adt\u00e9\u00adra\u00adture, des romans d\u2019un effa\u00adrant opti\u00admisme admi\u00adnis\u00adtra\u00adtif&nbsp;; il leur fait aus\u00adsi \u00e9crire de gros bou\u00adquins de docu\u00admen\u00adta\u00adtion colo\u00adniale, qu\u2019il signe bra\u00adve\u00adment lui-m\u00eame, en fai\u00adsant suivre sa signa\u00adture de sa haute qua\u00adli\u00adt\u00e9. Et cela tout sim\u00adple\u00adment pour don\u00adner le change sur la navrante r\u00e9a\u00adli\u00adt\u00e9 des actes et des comptes de son n\u00e9faste pro\u00adcon\u00adsu\u00adlat et de son action minis\u00adt\u00e9\u00adrielle depuis qu\u2019il r\u00e8gne rue Oudinot.<\/p>\n<p>Avant M.&nbsp;Sar\u00adraut, en effet, ces sortes de livres mas\u00adsifs, faits avec des docu\u00adments offi\u00adciels tru\u00adqu\u00e9s, et des sta\u00adtis\u00adtiques com\u00adplai\u00adsantes, \u0153uvre des bureaux de la pre\u00admi\u00e8re \u00e0 la der\u00adni\u00e8re ligne, \u00e9taient publi\u00e9s sous l\u2019anonymat du Ministre des Colo\u00adnies, non livr\u00e9s au com\u00admerce et dis\u00adtri\u00adbu\u00e9s gra\u00adtui\u00adte\u00adment aux membres du Par\u00adle\u00adment. J\u2019en pos\u00ads\u00e8de la col\u00adlec\u00adtion com\u00adpl\u00e8te parue pen\u00addant mes trois l\u00e9gis\u00adla\u00adtures (de 1893 \u00e0 1906). Aujourd\u2019hui, M.&nbsp;Albert Sar\u00adraut a chan\u00adg\u00e9 cela et il appose car\u00adr\u00e9\u00adment son nom en t\u00eate de ces sortes d\u2019\u0153uvre, les met en vente, les trans\u00adforme en belles esp\u00e8ces son\u00adnantes, fait appel, pour mieux les pous\u00adser, \u00e0 toute la grande presse ser\u00advile, bref, pauvre geai orn\u00e9 des plumes du paon, tire tout le par\u00adti pas\u00adsible, argent et gloire, de ce bat\u00adtage autour d\u2019une \u0153uvre, que son incom\u00adp\u00e9\u00adtence et son dilet\u00adtan\u00adtisme le mettent dans l\u2019impossibilit\u00e9 de&nbsp;faire.<\/p>\n<p>Je d\u00e9fie M.&nbsp;Sar\u00adraut de prou\u00adver le contraire de ce que j\u2019avance. Je le d\u00e9fie de mon\u00adtrer le manus\u00adcrit ori\u00adgi\u00adnal. Je lui pro\u00adpose de consti\u00adtuer un jury d\u2019honneur, com\u00adpo\u00ads\u00e9 d\u2019hommes de lettres, de publi\u00adcistes et d\u2019hommes poli\u00adtiques, auquel sera pos\u00e9 la ques\u00adtion sui\u00advante&nbsp;: Oui ou non, le ministre des Colo\u00adnies est-il le p\u00e8re du livre de 650&nbsp;pages (Prix&nbsp;: 14 frs), qui a pour titre&nbsp;: <i>La mise en valeur de nos colo\u00adnies<\/i>&nbsp;? Vous ver\u00adrez que l\u2019arriviste cynique et f\u00e9roce de la <i>D\u00e9p\u00eache de Tou\u00adlouse<\/i>, n\u2019acceptera pas le&nbsp;d\u00e9fi.<\/p>\n<p><sc>Jer\u00adry dans l\u2019\u00eele<\/sc>, par Jack Lon\u00addon.\u200a\u2014\u200aMes lec\u00adteurs connaissent le superbe \u00e9cri\u00advain que fut Jack Lon\u00addon. J\u2019ai ana\u00adly\u00ads\u00e9 ici m\u00eame son \u0153uvre et j\u2019en ai d\u00e9ga\u00adg\u00e9 les ten\u00addances liber\u00adtaires. Celui de ces livres que vient de tra\u00adduire M.&nbsp;Mau\u00adrice Deko\u00adbra, sous le titre&nbsp;: <i>Jer\u00adry dans l\u2019\u00eele<\/i>, sans comp\u00adter par\u00admi ses meilleurs, m\u00e9ri\u00adtait d\u2019\u00eatre connu du public fran\u00ad\u00e7ais. On sait com\u00adbien Jack Lon\u00addon aimait les chiens et avec quelle p\u00e9n\u00e9\u00adtra\u00adtion il a su \u00e9tu\u00addier leur si curieuse et si pas\u00adsion\u00adnante psy\u00adcho\u00adlo\u00adgie&nbsp;: <i>Croc-blanc<\/i>, paru r\u00e9cem\u00adment dans la <i>Revue de Paris<\/i>, est l\u2019histoire du chien de l\u2019Alaska, c\u2019est-\u00e0-dire l\u2019auxiliaire le plus pr\u00e9\u00adcieux du cher\u00adcheur d\u2019or. Jer\u00adry est celle d\u2019un chien dres\u00ads\u00e9 par le blanc bar\u00adbare pour la chasse au n\u00e8gre. Embar\u00adqu\u00e9 avec son ma\u00eetre sur un bateau n\u00e9grier, il tombe entre les mains de n\u00e8gres, vit avec eux et les com\u00adpa\u00adrai\u00adsons qu\u2019il peut en faire avec les blancs ne sont pas toutes en faveur de ceux-ci.<\/p>\n<p><sc>Le Monde social des Four\u00admis<\/sc>, par Auguste Forel.\u200a\u2014\u200aAvec une vigueur c\u00e9r\u00e9\u00adbrale, une puis\u00adsance de tra\u00advail, extra\u00ador\u00addi\u00adnaire pour son \u00e2ge, le pro\u00adfes\u00adseur Forel pour\u00adsuit sa grande \u0153uvre sur les four\u00admis, cet hym\u00e9\u00adno\u00adpt\u00e8re social, de beau\u00adcoup sup\u00e9\u00adrieur \u00e0 l\u2019abeille et duquel Dar\u00adwin a dit \u00ab&nbsp;que son gan\u00adglion c\u00e9r\u00e9\u00adbro\u00efde est la plus grande mer\u00adveille cr\u00e9\u00e9e par la Nature avec un glo\u00adbule de pro\u00adto\u00adplas\u00adma&nbsp;\u00bb. Ce troi\u00adsi\u00e8me volume est consa\u00adcr\u00e9 \u00e0 la repro\u00adduc\u00adtion de la four\u00admi, dont il nous d\u00e9crit les noces \u00e9ton\u00adnantes. Rien de plus \u00e9trange, en effet, que le vol nup\u00adtial. Forel nous le raconte avec la pr\u00e9\u00adci\u00adsion d\u2019un savant qui serait aus\u00adsi un po\u00e8te ins\u00adpi\u00adr\u00e9. Il \u00e9tu\u00addie \u00e9ga\u00adle\u00adment la fon\u00adda\u00adtion des four\u00admi\u00adli\u00e8res, leur agri\u00adcul\u00adture, leur b\u00e9tail.<\/p>\n<p>POUR MENTION&nbsp;:<\/p>\n<p><i>Der\u00adri\u00e8re l\u2019battoir<\/i>, par Albert Jean.\u200a\u2014\u200a<i>Georges Fox<\/i>, par Hen\u00adry Van-Etten.\u200a\u2014\u200a<i>Lou\u00advel le R\u00e9gi\u00adcide<\/i>, par J.&nbsp;Lucas-Dubre\u00adton.\u200a\u2014\u200a<i>D\u00e9li\u00advrons-nous du Mar\u00adxisme<\/i>, par L.&nbsp;Des\u00adli\u00adni\u00e8res. <i>L\u2019affaire Gas\u00adton Rol\u00adland<\/i>, par Han&nbsp;Ryner&nbsp;: Re\u00e7u trop tard. J\u2019y reviendrai.<\/p>\n<p>[\/\u200bP. <sc>Vign\u00e9 d\u2019Octon<\/sc>.\/\u200b]<\/p>\n<\/div><\/div>","protected":false},"excerpt":{"rendered":"<p>Der\u00adniers livres parus Kof\u00adfi, par M.&nbsp;Gas\u00adton Joseph.\u200a\u2014\u200aSavez-vous qu\u2019il exis\u00adtait un prix de lit\u00adt\u00e9\u00adra\u00adture colo\u00adniale&nbsp;? Moi, non. Je viens de l\u2019apprendre par un livre dont on peut dire qu\u2019il a \u00e9t\u00e9 \u00e9la\u00adbo\u00adr\u00e9, cui\u00adsi\u00adn\u00e9 et mis au point dans les bureaux du Minis\u00adt\u00e8re des Colo\u00adnies. Il para\u00eet m\u00eame que ce fameux prix lit\u00adt\u00e9\u00adraire, jusqu\u2019\u00e0 pr\u00e9\u00adsent incon\u00adnu, n\u2019a [\u2026]<\/p>\n","protected":false},"author":1,"featured_media":0,"comment_status":"closed","ping_status":"closed","sticky":false,"template":"","format":"standard","meta":{"wp_typography_post_enhancements_disabled":false,"footnotes":""},"categories":[457],"tags":[],"ppma_author":[540],"class_list":["post-3764","post","type-post","status-publish","format-standard","hentry","category-la-revue-anarchiste-na17-20-mai-20-juin-1923"],"authors":[{"term_id":540,"user_id":1,"is_guest":0,"slug":"admin_3gikpwyf","display_name":"Vincent Dubuc","avatar_url":"https:\/\/secure.gravatar.com\/avatar\/d015720652c25fd2ced191ade86430094e1f288a17483713e3b34d26dea52507?s=96&d=mm&r=g","author_category":"","user_url":"https:\/\/la-presse-anarchiste.net","last_name":"Dubuc","first_name":"Vincent","job_title":"","description":""}],"_links":{"self":[{"href":"https:\/\/la-presse-anarchiste.net\/index.php\/wp-json\/wp\/v2\/posts\/3764","targetHints":{"allow":["GET"]}}],"collection":[{"href":"https:\/\/la-presse-anarchiste.net\/index.php\/wp-json\/wp\/v2\/posts"}],"about":[{"href":"https:\/\/la-presse-anarchiste.net\/index.php\/wp-json\/wp\/v2\/types\/post"}],"author":[{"embeddable":true,"href":"https:\/\/la-presse-anarchiste.net\/index.php\/wp-json\/wp\/v2\/users\/1"}],"replies":[{"embeddable":true,"href":"https:\/\/la-presse-anarchiste.net\/index.php\/wp-json\/wp\/v2\/comments?post=3764"}],"version-history":[{"count":0,"href":"https:\/\/la-presse-anarchiste.net\/index.php\/wp-json\/wp\/v2\/posts\/3764\/revisions"}],"wp:attachment":[{"href":"https:\/\/la-presse-anarchiste.net\/index.php\/wp-json\/wp\/v2\/media?parent=3764"}],"wp:term":[{"taxonomy":"category","embeddable":true,"href":"https:\/\/la-presse-anarchiste.net\/index.php\/wp-json\/wp\/v2\/categories?post=3764"},{"taxonomy":"post_tag","embeddable":true,"href":"https:\/\/la-presse-anarchiste.net\/index.php\/wp-json\/wp\/v2\/tags?post=3764"},{"taxonomy":"author","embeddable":true,"href":"https:\/\/la-presse-anarchiste.net\/index.php\/wp-json\/wp\/v2\/ppma_author?post=3764"}],"curies":[{"name":"wp","href":"https:\/\/api.w.org\/{rel}","templated":true}]}}