{"id":3781,"date":"2016-10-08T13:08:24","date_gmt":"2016-10-08T13:08:24","guid":{"rendered":"https:\/\/la-presse-anarchiste.net\/index.php\/2016\/10\/08\/deuil-national\/"},"modified":"2016-10-08T13:08:24","modified_gmt":"2016-10-08T13:08:24","slug":"deuil-national","status":"publish","type":"post","link":"https:\/\/la-presse-anarchiste.net\/index.php\/2016\/10\/08\/deuil-national\/","title":{"rendered":"Deuil national&nbsp;!"},"content":{"rendered":"<div class=\"pdfprnt-buttons pdfprnt-buttons-post pdfprnt-top-right\"><a href=\"https:\/\/la-presse-anarchiste.net\/index.php\/wp-json\/wp\/v2\/posts\/3781?print=pdf\" class=\"pdfprnt-button pdfprnt-button-pdf\" target=\"_blank\"><img decoding=\"async\" src=\"https:\/\/la-presse-anarchiste.net\/wp-content\/plugins\/pdf-print\/images\/pdf.png\" alt=\"image_pdf\" title=\"Afficher le PDF\"><\/a><a href=\"https:\/\/la-presse-anarchiste.net\/index.php\/wp-json\/wp\/v2\/posts\/3781?print=print\" class=\"pdfprnt-button pdfprnt-button-print\" target=\"_blank\"><img decoding=\"async\" src=\"https:\/\/la-presse-anarchiste.net\/wp-content\/plugins\/pdf-print\/images\/print.png\" alt=\"image_print\" title=\"Contenu imprim\u00e9\"><\/a><\/div><div align=\"justify\">\n<div style=\"text-indent: 1cm\">\n\n<p>Les \u00ab&nbsp;grands de la terre&nbsp;\u00bb courent, cela est \u00e9vident, un risque qu\u2019on pour\u00adrait presque appe\u00adler un risque pro\u00adfes\u00adsion\u00adnel. Bos\u00adsuet, s\u2019il revi\u00advait, serait obli\u00adg\u00e9 d\u2019en tenir compte dans ses orai\u00adsons fun\u00e8bres. D\u00e8s lors que ce risque ne peut \u00eatre \u00e9lu\u00add\u00e9, pour\u00adquoi pleu\u00adrer si un acci\u00addent survient.<\/p>\n<p>Et pour\u00adquoi vou\u00adloir que, de ce fait, le pays prenne le&nbsp;deuil&nbsp;?<\/p>\n<p>Il y en France (dont le r\u00e9gime a plan\u00adt\u00e9 ses racines dans le sang d\u2019un roi et d\u2019une reine) 80&nbsp;% de petites gens, de travailleurs.<\/p>\n<p>Peu de jours se passent sans que, en quelque endroit, les uns ou les autres soient t\u00e9moins d\u2019ac\u00adci\u00addents que ceux qui en sont vic\u00adtimes ne pou\u00advaient ni pr\u00e9\u00advoir ni pr\u00e9\u00adve\u00adnir, des acci\u00addents qui res\u00adsemblent sou\u00advent \u00e0 des assas\u00adsi\u00adnats pr\u00e9\u00adm\u00e9\u00addi\u00adt\u00e9s tel\u00adle\u00adment ils portent dans leurs causes la marque du m\u00e9pris de la vie humaine carac\u00adt\u00e9\u00adris\u00adtique du r\u00e9gime capitaliste.<\/p>\n<p>Hier encore \u00e0 Saint-Pierre-la-Palud, trente mineurs sont morts de la plus atroce des morts, mur\u00e9s vivants dans une \u00ab&nbsp;tombe de&nbsp;feu&nbsp;\u00bb&nbsp;!<\/p>\n<p>Croyez-vous que ces mar\u00adtyrs d\u2019une t\u00e2che utile entre toutes ne sont pas aus\u00adsi int\u00e9\u00adres\u00adsants socia\u00adle\u00adment par\u00adlant que les per\u00adson\u00adnages cha\u00admar\u00adr\u00e9s et empa\u00adna\u00adch\u00e9s tom\u00adb\u00e9s \u00e0 Marseille&nbsp;?<\/p>\n<p>Et pour\u00adtant la France ne prend pas le deuil pour les mineurs de La Palud, ni pour les autres qui, chaque jour, payent au Pro\u00adgr\u00e8s une ter\u00adrible ran\u00e7on\u2026<\/p>\n<p>Le glas offi\u00adciel peut tin\u00adter. Le c\u0153ur popu\u00adlaire reste her\u00adm\u00e9\u00adtique. Il se referme sur la grande dou\u00adleur qui l\u2019af\u00adflige et dont il com\u00admence \u00e0 per\u00adce\u00advoir les causes. Il laisse pas\u00adser les morts et songe que la vie pour\u00adrait \u00eatre belle pour&nbsp;tous\u2026<\/p>\n<\/div><\/div>","protected":false},"excerpt":{"rendered":"<p>Les \u00ab&nbsp;grands de la terre&nbsp;\u00bb courent, cela est \u00e9vident, un risque qu\u2019on pour\u00adrait presque appe\u00adler un risque pro\u00adfes\u00adsion\u00adnel. Bos\u00adsuet, s\u2019il revi\u00advait, serait obli\u00adg\u00e9 d\u2019en tenir compte dans ses orai\u00adsons fun\u00e8bres. D\u00e8s lors que ce risque ne peut \u00eatre \u00e9lu\u00add\u00e9, pour\u00adquoi pleu\u00adrer si un acci\u00addent sur\u00advient. Et pour\u00adquoi vou\u00adloir que, de ce fait, le pays prenne&nbsp;[\u2026]<\/p>\n","protected":false},"author":1,"featured_media":0,"comment_status":"closed","ping_status":"closed","sticky":false,"template":"","format":"standard","meta":{"wp_typography_post_enhancements_disabled":false,"footnotes":""},"categories":[461],"tags":[],"ppma_author":[540],"class_list":["post-3781","post","type-post","status-publish","format-standard","hentry","category-la-conquete-du-pain-n1-16-octobre-1934"],"authors":[{"term_id":540,"user_id":1,"is_guest":0,"slug":"admin_3gikpwyf","display_name":"Vincent Dubuc","avatar_url":"https:\/\/secure.gravatar.com\/avatar\/d015720652c25fd2ced191ade86430094e1f288a17483713e3b34d26dea52507?s=96&d=mm&r=g","author_category":"","user_url":"https:\/\/la-presse-anarchiste.net","last_name":"Dubuc","first_name":"Vincent","job_title":"","description":""}],"_links":{"self":[{"href":"https:\/\/la-presse-anarchiste.net\/index.php\/wp-json\/wp\/v2\/posts\/3781","targetHints":{"allow":["GET"]}}],"collection":[{"href":"https:\/\/la-presse-anarchiste.net\/index.php\/wp-json\/wp\/v2\/posts"}],"about":[{"href":"https:\/\/la-presse-anarchiste.net\/index.php\/wp-json\/wp\/v2\/types\/post"}],"author":[{"embeddable":true,"href":"https:\/\/la-presse-anarchiste.net\/index.php\/wp-json\/wp\/v2\/users\/1"}],"replies":[{"embeddable":true,"href":"https:\/\/la-presse-anarchiste.net\/index.php\/wp-json\/wp\/v2\/comments?post=3781"}],"version-history":[{"count":0,"href":"https:\/\/la-presse-anarchiste.net\/index.php\/wp-json\/wp\/v2\/posts\/3781\/revisions"}],"wp:attachment":[{"href":"https:\/\/la-presse-anarchiste.net\/index.php\/wp-json\/wp\/v2\/media?parent=3781"}],"wp:term":[{"taxonomy":"category","embeddable":true,"href":"https:\/\/la-presse-anarchiste.net\/index.php\/wp-json\/wp\/v2\/categories?post=3781"},{"taxonomy":"post_tag","embeddable":true,"href":"https:\/\/la-presse-anarchiste.net\/index.php\/wp-json\/wp\/v2\/tags?post=3781"},{"taxonomy":"author","embeddable":true,"href":"https:\/\/la-presse-anarchiste.net\/index.php\/wp-json\/wp\/v2\/ppma_author?post=3781"}],"curies":[{"name":"wp","href":"https:\/\/api.w.org\/{rel}","templated":true}]}}