{"id":3787,"date":"2016-10-08T13:09:02","date_gmt":"2016-10-08T13:09:02","guid":{"rendered":"https:\/\/la-presse-anarchiste.net\/index.php\/2016\/10\/08\/le-colonialisme-fleau-mondial\/"},"modified":"2016-10-08T13:09:02","modified_gmt":"2016-10-08T13:09:02","slug":"le-colonialisme-fleau-mondial","status":"publish","type":"post","link":"https:\/\/la-presse-anarchiste.net\/index.php\/2016\/10\/08\/le-colonialisme-fleau-mondial\/","title":{"rendered":"Le colonialisme&nbsp;: fl\u00e9au mondial"},"content":{"rendered":"<div class=\"pdfprnt-buttons pdfprnt-buttons-post pdfprnt-top-right\"><a href=\"https:\/\/la-presse-anarchiste.net\/index.php\/wp-json\/wp\/v2\/posts\/3787?print=pdf\" class=\"pdfprnt-button pdfprnt-button-pdf\" target=\"_blank\"><img decoding=\"async\" src=\"https:\/\/la-presse-anarchiste.net\/wp-content\/plugins\/pdf-print\/images\/pdf.png\" alt=\"image_pdf\" title=\"Afficher le PDF\"><\/a><a href=\"https:\/\/la-presse-anarchiste.net\/index.php\/wp-json\/wp\/v2\/posts\/3787?print=print\" class=\"pdfprnt-button pdfprnt-button-print\" target=\"_blank\"><img decoding=\"async\" src=\"https:\/\/la-presse-anarchiste.net\/wp-content\/plugins\/pdf-print\/images\/print.png\" alt=\"image_print\" title=\"Contenu imprim\u00e9\"><\/a><\/div><div align=\"justify\">\n<div style=\"text-indent: 1cm\">\n\n<p>\u00c0 c\u00f4t\u00e9 de la guerre, du can\u00adcer, de la peste et autres fl\u00e9aux mon\u00addiaux, le colo\u00adnia\u00adlisme joue un r\u00f4le aus\u00adsi actif que n\u00e9faste dans la vie des hommes.<\/p>\n<p>Avec l\u2019im\u00adp\u00e9\u00adria\u00adlisme, le mili\u00adta\u00adrisme et autres \u00ab&nbsp;ismes&nbsp;\u00bb redou\u00adtables, ses fr\u00e8res, le colo\u00adnia\u00adlisme contri\u00adbue pour une large part \u00e0 entre\u00adte\u00adnir l\u2019hu\u00adma\u00adni\u00adt\u00e9 dans cet \u00e9tat dit \u00ab&nbsp;civi\u00adli\u00ads\u00e9&nbsp;\u00bb mais conforme, quant au fond, \u00e0 la f\u00e9ro\u00adci\u00adt\u00e9 mil\u00adl\u00e9\u00adnaire de la jungle o\u00f9 depuis tou\u00adjours les forts \u00e9crasent et exploitent les faibles.<\/p>\n<p>C\u2019est deve\u00adnu un lieu com\u00admun de dire que la riva\u00adli\u00adt\u00e9 des imp\u00e9\u00adria\u00adlismes euro\u00adp\u00e9ens fut la cause pro\u00adfonde de la guerre de 1914. Cepen\u00addant celles des nations bel\u00adli\u00adg\u00e9\u00adrantes qui se disaient \u00ab&nbsp;d\u00e9mo\u00adcra\u00adtiques&nbsp;\u00bb se d\u00e9fen\u00addirent \u00e9ner\u00adgi\u00adque\u00adment de toute volon\u00adt\u00e9 imp\u00e9\u00adria\u00adliste et affir\u00adm\u00e8rent d\u00e9fendre la civilisation&nbsp;(<html><\/html><\/p><p>Nous savons aujourd\u2019\u00adhui ce que vaut cette phra\u00ads\u00e9o\u00adlo\u00adgie. La paix faite, les imp\u00e9\u00adria\u00adlismes rivaux n\u2019en demeurent pas moins face \u00e0 face por\u00adtant en eux les m\u00eames vir\u00adtua\u00adli\u00adt\u00e9s tragiques.<\/p>\n<p>La seule dif\u00adf\u00e9\u00adrence exis\u00adtant entre 1914 et 1934 consiste dans l\u2019ac\u00adcrois\u00adse\u00adment num\u00e9\u00adrique des natio\u00adna\u00adlismes exas\u00adp\u00e9\u00adr\u00e9s, le trai\u00adt\u00e9 de Ver\u00adsailles qui devait paci\u00adfier le monde n\u2019ayant fait qu\u2019a\u00adjou\u00adter de nou\u00adveaux pions bel\u00adli\u00adqueux sur le fameux \u00ab&nbsp;\u00e9chi\u00adquier europ\u00e9en&nbsp;\u00bb.<\/p>\n<p>Dans cette Europe d\u2019au\u00adjourd\u2019\u00adhui, notre R\u00e9pu\u00adblique fran\u00ad\u00e7aise occupe une place pr\u00e9\u00adpon\u00add\u00e9\u00adrante par\u00admi les nations imp\u00e9\u00adria\u00adlistes, pr\u00eates \u00e0 tout pour main\u00adte\u00adnir leurs orgueilleuses pr\u00e9tentions.<\/p>\n<p>Cela semble risible lors\u00adqu\u2019on regarde une carte du monde o\u00f9 l\u2019Eu\u00adrope n\u2019ap\u00adpa\u00adra\u00eet que comme une petite pres\u00adqu\u2019\u00eele du conti\u00adnent asia\u00adtique, et o\u00f9 la France n\u2019est elle-m\u00eame qu\u2019une petite pres\u00adqu\u2019\u00eele d\u2019Eu\u00adrope. De pres\u00adqu\u2019\u00eele en pres\u00adqu\u2019\u00eele, disait un humo\u00adriste, il ne reste presque rien&nbsp;! rien qu\u2019un petit coin du globe o\u00f9 s\u00e9vit cette mala\u00addie men\u00adtale de la race blanche&nbsp;: le colo\u00adnia\u00adlisme g\u00e9n\u00e9\u00adra\u00adteur d\u2019im\u00adp\u00e9\u00adria\u00adlisme et de conflits arm\u00e9s.<\/p>\n<p>[|<b>*   *   *   *<\/b>|]<br>\n<\/p>\n<p>Que le colo\u00adnia\u00adlisme repr\u00e9\u00adsente un dan\u00adger pour la paix, cela est trop facile \u00e0 d\u00e9mon\u00adtrer. Pour main\u00adte\u00adnir, sinon pour agran\u00addir son empire colo\u00adnial, une grande nation doit \u00eatre tou\u00adjours pr\u00eate \u00e0 la guerre.<\/p>\n<p>Les exemples ne manquent pas&nbsp;: le temps n\u2019est pas si \u00e9loi\u00adgn\u00e9 o\u00f9 la guerre faillit \u00e9cla\u00adter entre la France et l\u2019An\u00adgle\u00adterre apr\u00e8s Facho\u00adda, puis quelques ann\u00e9es plus tard entre la France et l\u2019Al\u00adle\u00admagne \u00e0 pro\u00adpos du&nbsp;Maroc.<\/p>\n<p>Et plus pr\u00e8s de nous, il y a deux ans, lors\u00adqu\u2019une guerre \u00e9tait en haut lieu envi\u00adsa\u00adg\u00e9e comme immi\u00adnente avec l\u2019I\u00adta\u00adlie, la Tuni\u00adsie n\u2019\u00e9\u00adtait-elle pas l\u2019un des motifs du conflit&nbsp;?<\/p>\n<p>Depuis le trai\u00adt\u00e9 de Ver\u00adsailles, la France est la seconde puis\u00adsance colo\u00adniale du monde, le \u00ab&nbsp;brillant second&nbsp;\u00bb de la vieille Angle\u00adterre et son fameux \u00ab&nbsp;empire&nbsp;\u00bb colo\u00adnial est une source per\u00adma\u00adnente de pos\u00adsi\u00adbi\u00adli\u00adt\u00e9s de conflits&nbsp;: l\u2019In\u00addo\u00adchine est convoi\u00adt\u00e9e par le Japon, la Tuni\u00adsie par l\u2019I\u00adta\u00adlie, la Guyane par le Br\u00e9\u00adsil, les Antilles par l\u2019A\u00adm\u00e9\u00adrique, etc.<\/p>\n<p>On peut donc conclure que le colo\u00adnia\u00adlisme consti\u00adtue un r\u00e9el dan\u00adger pour la paix mondiale.<\/p>\n<p>En outre des p\u00e9rils qu\u2019il com\u00adporte, le colo\u00adnia\u00adlisme consti\u00adtue pour les peuples en g\u00e9n\u00e9\u00adral, et le peuple fran\u00ad\u00e7ais en par\u00adti\u00adcu\u00adlier, une immense duperie.<\/p>\n<p>D\u2019une fa\u00e7on \u00e0 peu pr\u00e8s cer\u00adtaine, on peut affir\u00admer que les colo\u00adnies ne rap\u00adportent nul b\u00e9n\u00e9\u00adfice \u00e0 la col\u00adlec\u00adti\u00advi\u00adt\u00e9 fran\u00ad\u00e7aise qui les a pay\u00e9es de son sang et de son argent. Seule et encore aux temps de pros\u00adp\u00e9\u00adri\u00adt\u00e9\u200a\u2014\u200al\u2019In\u00addo\u00adchine appor\u00adtait \u00e0 la m\u00e9tro\u00adpole un tri\u00adbut rela\u00adti\u00adve\u00adment impor\u00adtant. Ajou\u00adtons que le plus clair de ces b\u00e9n\u00e9\u00adfices pro\u00adve\u00adnaient de deux mono\u00adpoles immo\u00adraux et nocifs au plus haut chef&nbsp;: l\u2019o\u00adpium et l\u2019alcool.<\/p>\n<p>On peut donc affir\u00admer que jus\u00adqu\u2019\u00e0 pr\u00e9\u00adsent les colo\u00adnies n\u2019ont \u00e9t\u00e9 que l\u2019ob\u00adjet de nom\u00adbreux emprunts, les\u00adquels gr\u00e8vent d\u2019au\u00adtant la dette publique, en vue d\u2019une \u00ab&nbsp;mise en valeur&nbsp;\u00bb pro\u00adbl\u00e9\u00adma\u00adtique et loin\u00adtaine, c\u2019est-\u00e0-dire enga\u00adgeant l\u2019a\u00adve\u00adnir de la nation sans aucune certitude.<\/p>\n<p>Il faut cepen\u00addant recon\u00adna\u00eetre qu\u2019il est en France un petit nombre d\u2019in\u00addi\u00advi\u00addus int\u00e9\u00adres\u00ads\u00e9s au main\u00adtien, voire \u00e0 l\u2019ex\u00adpan\u00adsion du domaine colo\u00adnial. Ce sont les membres des Conseils d\u2019ad\u00admi\u00adnis\u00adtra\u00adtion, des soci\u00e9\u00adt\u00e9s colo\u00adniales, les hauts fonc\u00adtion\u00adnaires civils et mili\u00adtaires lar\u00adge\u00adment pr\u00e9\u00adben\u00add\u00e9s, qui vivent gras\u00adse\u00adment de ce chancre mondial.<\/p>\n<p>En dehors de ceux-l\u00e0\u200a\u2014\u200aet que repr\u00e9\u00adsentent-ils num\u00e9\u00adri\u00adque\u00adment sur une popu\u00adla\u00adtion de 40 mil\u00adlions d\u2019ha\u00adbi\u00adtants&nbsp;? En dehors de ceux-l\u00e0, disons-nous, le peuple fran\u00ad\u00e7ais, dans son immense majo\u00adri\u00adt\u00e9, ne pro\u00adfite en rien des conqu\u00eates coloniales.<\/p>\n<p>Cette v\u00e9ri\u00adt\u00e9 est d\u2019ordre \u00e9l\u00e9\u00admen\u00adtaire et un jour\u00adnal sati\u00adrique anglais ne publiait-il pas r\u00e9cem\u00adment un des\u00adsin repr\u00e9\u00adsen\u00adtant un ch\u00f4\u00admeur mis\u00e9\u00adrable qui s\u2019\u00e9\u00adcriait&nbsp;: \u00ab&nbsp;Je pos\u00ads\u00e8de les Indes, le Cana\u00adda, l\u2019E\u00adgypte, l\u2019Aus\u00adtra\u00adlie, etc., et je n\u2019ai m\u00eame pas de quoi m\u2019of\u00adfrir un bon&nbsp;repas&nbsp;!&nbsp;\u00bb<\/p>\n<p>Cette l\u00e9gende peut \u00e9ga\u00adle\u00adment s\u2019ap\u00adpli\u00adquer \u00e0 la majo\u00adri\u00adt\u00e9 des Fran\u00e7ais.<\/p>\n<p>[|<b>*   *   *   *<\/b>|]<br>\n<\/p>\n<p>Ayant ain\u00adsi d\u00e9mon\u00adtr\u00e9 la noci\u00advi\u00adt\u00e9 et l\u2019i\u00adnu\u00adti\u00adli\u00adt\u00e9 du colo\u00adnia\u00adlisme pour les pro\u00adl\u00e9\u00adtaires de France, et d\u2019ailleurs il nous reste \u00e0 exa\u00admi\u00adner ledit colo\u00adnia\u00adlisme dans son r\u00f4le mon\u00addial, dans sa valeur intrin\u00ads\u00e8que, humaine.<\/p>\n<p>Esquis\u00adsons un r\u00e9su\u00adm\u00e9 suc\u00adcinct de ce vaste probl\u00e8me&nbsp;:<\/p>\n<p>Depuis Mar\u00adco Polo, les blancs ont per\u00addu l\u2019ha\u00adbi\u00adtude des explo\u00adra\u00adtions paci\u00adfiques, des rela\u00adtions exo\u00adtiques n\u00e9es au hasard des voyages, et o\u00f9 les nou\u00adveaux d\u00e9bar\u00adqu\u00e9s ne son\u00adgeaient qu\u2019\u00e0 entre\u00adte\u00adnir des rela\u00adtions pro\u00adfi\u00adtables certes, mais cour\u00adtoises avec les indig\u00e8nes.<\/p>\n<p>Les pos\u00adses\u00adsions colo\u00adniales de toutes les puis\u00adsances euro\u00adp\u00e9ennes ne sont que le fruit de bri\u00adgan\u00addages arm\u00e9s orga\u00adni\u00ads\u00e9s sous de fal\u00adla\u00adcieux pr\u00e9\u00adtextes. Fon\u00add\u00e9s sur la vio\u00adlence, ces \u00ab&nbsp;empires&nbsp;\u00bb ne peuvent qu\u2019en\u00adgen\u00addrer la haine tenace des vaincus.<\/p>\n<p>La liste des atro\u00adci\u00adt\u00e9s com\u00admises par les blancs en Asie, en Am\u00e9\u00adrique et en Afrique serait longue&nbsp;: conqu\u00e9\u00adrants espa\u00adgnols, la croix et l\u2019\u00e9\u00adp\u00e9e en main, conqu\u00e9\u00adrants bri\u00adtan\u00adniques d\u00e9si\u00adreux d\u2019im\u00adpo\u00adser leur came\u00adlote \u00e0 coups de canon, conqu\u00e9\u00adrants hol\u00adlan\u00addais ou fran\u00ad\u00e7ais, tous se valent&nbsp;! Ils ont aux yeux des races de cou\u00adleur d\u00e9sho\u00adno\u00adr\u00e9 la race blanche&nbsp;!<\/p>\n<p>Quant \u00e0 la pseu\u00addo-civi\u00adli\u00adsa\u00adtion que les enva\u00adhis\u00adseurs por\u00adt\u00e8rent un peu par\u00adtout dans le monde, elle ne compte gu\u00e8re en face du sang, des larmes et des d\u00e9pr\u00e9\u00adda\u00adtions accu\u00admu\u00adl\u00e9s par les conqu\u00e9\u00adrants coloniaux.<\/p>\n<p>La connais\u00adsance mutuelle des peuples, l\u2019i\u00adni\u00adtia\u00adtion aux pro\u00adgr\u00e8s de la science moderne eussent tout aus\u00adsi bien pu se faire paci\u00adfi\u00adque\u00adment. La soif bru\u00adtale de richesses et de domi\u00adna\u00adtion l\u2019a empor\u00adt\u00e9, entra\u00ee\u00adnant par son triomphe m\u00eame cette cons\u00e9\u00adquence in\u00e9\u00adluc\u00adtable&nbsp;: le d\u00e9sir ardent, pro\u00adfond, irr\u00e9\u00adduc\u00adtible pour les peuples \u00ab&nbsp;colo\u00adni\u00ads\u00e9s&nbsp;\u00bb de se d\u00e9bar\u00adras\u00adser, t\u00f4t ou tard, et par tous les moyens, des colonisateurs.<\/p>\n<p>La grande presse vante chaque jour la fid\u00e9\u00adli\u00adt\u00e9 des peuples colo\u00adniaux et les bien\u00adfaits de la civi\u00adli\u00adsa\u00adtion fran\u00ad\u00e7aise d\u2019outre-mer. Mais elle oublie volon\u00adtai\u00adre\u00adment de don\u00adner la moindre indi\u00adca\u00adtion sur l\u2019\u00e9\u00adtat d\u2019es\u00adprit r\u00e9el des indig\u00e8nes.<\/p>\n<p>Tout homme conscient et dou\u00e9 de quelque esprit d\u2019ob\u00adser\u00adva\u00adtion, ayant v\u00e9cu aux colo\u00adnies, sait fort bien \u00e0 quoi s\u2019en tenir sur l\u2019a\u00admi\u00adti\u00e9, la fid\u00e9\u00adli\u00adt\u00e9 et la recon\u00adnais\u00adsance de nos sujets ou prot\u00e9g\u00e9s.<\/p>\n<p>C\u2019est cette v\u00e9ri\u00adt\u00e9 objec\u00adtive, impar\u00adtiale, humaine, que nous essaie\u00adrons dans de pro\u00adchains articles de faire conna\u00eetre \u00e0 nos lecteurs.<\/p>\n<p>[\/\u200b<sc>Genold<\/sc>\/\u200b]<\/p>\n<p>P.S.\u200a\u2014\u200aLe pro\u00adchain article sera consa\u00adcr\u00e9 \u00e0 \u00ab&nbsp;l\u2019In\u00addo\u00adchine et la civi\u00adli\u00adsa\u00adtion fran\u00e7aise&nbsp;\u00bb.<\/p>\n<\/div><\/div>","protected":false},"excerpt":{"rendered":"<p>\u00c0 c\u00f4t\u00e9 de la guerre, du can\u00adcer, de la peste et autres fl\u00e9aux mon\u00addiaux, le colo\u00adnia\u00adlisme joue un r\u00f4le aus\u00adsi actif que n\u00e9faste dans la vie des hommes. Avec l\u2019im\u00adp\u00e9\u00adria\u00adlisme, le mili\u00adta\u00adrisme et autres \u00ab&nbsp;ismes&nbsp;\u00bb redou\u00adtables, ses fr\u00e8res, le colo\u00adnia\u00adlisme contri\u00adbue pour une large part \u00e0 entre\u00adte\u00adnir l\u2019hu\u00adma\u00adni\u00adt\u00e9 dans cet \u00e9tat dit \u00ab&nbsp;civi\u00adli\u00ads\u00e9&nbsp;\u00bb mais conforme,&nbsp;[\u2026]<\/p>\n","protected":false},"author":1,"featured_media":0,"comment_status":"closed","ping_status":"closed","sticky":false,"template":"","format":"standard","meta":{"wp_typography_post_enhancements_disabled":false,"footnotes":""},"categories":[461],"tags":[],"ppma_author":[540],"class_list":["post-3787","post","type-post","status-publish","format-standard","hentry","category-la-conquete-du-pain-n1-16-octobre-1934"],"authors":[{"term_id":540,"user_id":1,"is_guest":0,"slug":"admin_3gikpwyf","display_name":"Vincent Dubuc","avatar_url":"https:\/\/secure.gravatar.com\/avatar\/d015720652c25fd2ced191ade86430094e1f288a17483713e3b34d26dea52507?s=96&d=mm&r=g","author_category":"","user_url":"https:\/\/la-presse-anarchiste.net","last_name":"Dubuc","first_name":"Vincent","job_title":"","description":""}],"_links":{"self":[{"href":"https:\/\/la-presse-anarchiste.net\/index.php\/wp-json\/wp\/v2\/posts\/3787","targetHints":{"allow":["GET"]}}],"collection":[{"href":"https:\/\/la-presse-anarchiste.net\/index.php\/wp-json\/wp\/v2\/posts"}],"about":[{"href":"https:\/\/la-presse-anarchiste.net\/index.php\/wp-json\/wp\/v2\/types\/post"}],"author":[{"embeddable":true,"href":"https:\/\/la-presse-anarchiste.net\/index.php\/wp-json\/wp\/v2\/users\/1"}],"replies":[{"embeddable":true,"href":"https:\/\/la-presse-anarchiste.net\/index.php\/wp-json\/wp\/v2\/comments?post=3787"}],"version-history":[{"count":0,"href":"https:\/\/la-presse-anarchiste.net\/index.php\/wp-json\/wp\/v2\/posts\/3787\/revisions"}],"wp:attachment":[{"href":"https:\/\/la-presse-anarchiste.net\/index.php\/wp-json\/wp\/v2\/media?parent=3787"}],"wp:term":[{"taxonomy":"category","embeddable":true,"href":"https:\/\/la-presse-anarchiste.net\/index.php\/wp-json\/wp\/v2\/categories?post=3787"},{"taxonomy":"post_tag","embeddable":true,"href":"https:\/\/la-presse-anarchiste.net\/index.php\/wp-json\/wp\/v2\/tags?post=3787"},{"taxonomy":"author","embeddable":true,"href":"https:\/\/la-presse-anarchiste.net\/index.php\/wp-json\/wp\/v2\/ppma_author?post=3787"}],"curies":[{"name":"wp","href":"https:\/\/api.w.org\/{rel}","templated":true}]}}