{"id":3794,"date":"2016-10-08T13:09:09","date_gmt":"2016-10-08T13:09:09","guid":{"rendered":"https:\/\/la-presse-anarchiste.net\/index.php\/2016\/10\/08\/la-classe-ouvriere-devant-la-crise\/"},"modified":"2016-10-08T13:09:09","modified_gmt":"2016-10-08T13:09:09","slug":"la-classe-ouvriere-devant-la-crise","status":"publish","type":"post","link":"https:\/\/la-presse-anarchiste.net\/index.php\/2016\/10\/08\/la-classe-ouvriere-devant-la-crise\/","title":{"rendered":"La classe ouvri\u00e8re devant la&nbsp;crise"},"content":{"rendered":"<div class=\"pdfprnt-buttons pdfprnt-buttons-post pdfprnt-top-right\"><a href=\"https:\/\/la-presse-anarchiste.net\/index.php\/wp-json\/wp\/v2\/posts\/3794?print=pdf\" class=\"pdfprnt-button pdfprnt-button-pdf\" target=\"_blank\"><img decoding=\"async\" src=\"https:\/\/la-presse-anarchiste.net\/wp-content\/plugins\/pdf-print\/images\/pdf.png\" alt=\"image_pdf\" title=\"Afficher le PDF\"><\/a><a href=\"https:\/\/la-presse-anarchiste.net\/index.php\/wp-json\/wp\/v2\/posts\/3794?print=print\" class=\"pdfprnt-button pdfprnt-button-print\" target=\"_blank\"><img decoding=\"async\" src=\"https:\/\/la-presse-anarchiste.net\/wp-content\/plugins\/pdf-print\/images\/print.png\" alt=\"image_print\" title=\"Contenu imprim\u00e9\"><\/a><\/div><div align=\"justify\">\n<div style=\"text-indent: 1cm\">\n\n<p>Donc la crise conti\u00adnue\u2026 Nous la vivons en France telle que l\u2019ont v\u00e9cue et la vivent encore d\u2019autres peuples, vic\u00adtimes, ain\u00adsi que nous, du m\u00eame fl\u00e9au&nbsp;: la guerre&nbsp;!<\/p>\n<p>C\u2019est une crise sociale uni\u00adver\u00adselle&nbsp;; de fa\u00e7on directe ou indi\u00adrecte, selon son-genre d\u2019or\u00adga\u00adni\u00adsa\u00adtion com\u00admer\u00adciale et indus\u00adtrielle, tout pays en est atteint.<\/p>\n<p>Nous subis\u00adsons les cons\u00e9\u00adquences recu\u00adl\u00e9es de cette mau\u00addite guerre mon\u00addiale o\u00f9 vain\u00adqueurs et vain\u00adcus sont \u00e9ga\u00adle\u00adment vic\u00adtimes. C\u2019est jus\u00adtice, car, consciem\u00adment ou incons\u00adciem\u00adment, nous sommes tous cou\u00adpables d\u2019a\u00advoir accom\u00adpli ou lais\u00ads\u00e9 s\u2019ac\u00adcom\u00adplir ce crime des crimes.<\/p>\n<p>Ne nous plai\u00adgnons donc pas de la \u00ab&nbsp;Grande P\u00e9ni\u00adtence&nbsp;\u00bb. Nous avons, en un cer\u00adtain sens, m\u00e9ri\u00adt\u00e9 le Ch\u00e2timent.<\/p>\n<p>Si tout ce qu\u2019il \u00e9tait pos\u00adsible de faire pour emp\u00ea\u00adcher la guerre avait \u00e9t\u00e9 fait, selon les r\u00e9so\u00adlu\u00adtions renou\u00adve\u00adl\u00e9es de nos congr\u00e8s ouvriers et selon les ordres du jour enthou\u00adsiastes de nos mani\u00adfes\u00adta\u00adtions popu\u00adlaires contre la guerre, celle-ci aurait-elle pu s\u2019ac\u00adcom\u00adplir aus\u00adsi faci\u00adle\u00adment qu\u2019on le vit au moment de la mobi\u00adli\u00adsa\u00adtion g\u00e9n\u00e9\u00adrale en France et en Alle\u00admagne&nbsp;? Et, par la suite, la guerre e\u00fbt-elle pu se pro\u00adlon\u00adger pen\u00addant quatre ann\u00e9es et s\u2019a\u00adche\u00adver au gr\u00e9 des gou\u00adver\u00adnants, c\u2019est-\u00e0-dire au caprice des odieux ser\u00advi\u00adteurs des mar\u00adchands de canons&nbsp;? Mais passons\u2026<\/p>\n<p>Si, dit-on, \u00ab&nbsp;rien n\u2019ar\u00adrive jamais sans cause&nbsp;\u00bb, il faut conve\u00adnir qu\u2019on attri\u00adbue des causes bien diverses \u00e0 la crise. Et si l\u2019on conna\u00eet \u00e0 ce \u00ab&nbsp;mal&nbsp;\u00bb qu\u2019est \u00ab&nbsp;la crise&nbsp;\u00bb plu\u00adsieurs causes, on veut lui appli\u00adquer des rem\u00e8des \u00e9ga\u00adle\u00adment nom\u00adbreux et dif\u00adf\u00e9\u00adrents. Quel est le&nbsp;bon&nbsp;?<\/p>\n<p>[|<b>*  *   *   *<\/b>|]<br>\n<\/p>\n<p>D\u00e9j\u00e0 des insen\u00ads\u00e9s ou des cri\u00admi\u00adnels, les uns menant les autres, pr\u00e9\u00adtendent qu\u2019il est indis\u00adpen\u00adsable de recou\u00adrir \u00e0 l\u2019ho\u00adm\u00e9o\u00adpa\u00adthie&nbsp;: si la cause du mal fut la guerre, le rem\u00e8de est unique&nbsp;: c\u2019est, alors, tota\u00adle\u00adment, la guerre.<\/p>\n<p>Qui donc peut \u00e9mettre une telle hor\u00adreur&nbsp;? Eh&nbsp;! vous les connais\u00adsez bien. D\u2019ailleurs, ils ne se cachent pas. Ils r\u00e9a\u00adlisent la pro\u00adph\u00e9\u00adtie bien jus\u00adti\u00adfi\u00e9e qui s\u2019ac\u00adcom\u00adplit depuis 1914&nbsp;: \u00ab&nbsp;Une guerre est tou\u00adjours sui\u00advie d\u2019un recul for\u00admi\u00addable des id\u00e9es sociales et du pro\u00adgr\u00e8s humain&nbsp;; un si\u00e8cle pour le pays vain\u00adqueur, un demi si\u00e8cle pour le pays vain\u00adcu\u2026 \u00e0 moins qu\u2019elle n\u2019en\u00adgendre une r\u00e9volution.&nbsp;\u00bb<\/p>\n<p>Or, on le constate, la r\u00e9ac\u00adtion s\u2019af\u00adfirme, elle avance d\u2019au\u00adtant que reculent les \u00e9l\u00e9\u00adments ou fac\u00adteurs de r\u00e9vo\u00adlu\u00adtion&nbsp;: auda\u00adcieu\u00adse\u00adment, pro\u00advo\u00adcante et cynique, l\u2019E\u00adglise met en mou\u00adve\u00adment ses cohortes de jeunes gens capables de tout \u2013 et les m\u00e8ne au com\u00adbat contre tout ce qui est id\u00e9e de jus\u00adtice sociale ou esprit cri\u00adtique et r\u00e9vo\u00adlu\u00adtion\u00adnaire. Sous la pro\u00adtec\u00adtion fla\u00adgrante des forces poli\u00adci\u00e8res, impas\u00adsibles et tol\u00e9\u00adrantes, cette arm\u00e9e juv\u00e9\u00adnile d\u00e9file en chan\u00adtant des can\u00adtiques patrio\u00adtiques ou reli\u00adgieux et s\u2019al\u00adlie \u00e0 d\u2019autres groupes de m\u00eame esprit&nbsp;: hommes d\u2019ordre et d\u2019au\u00adto\u00adri\u00adt\u00e9 de la monar\u00adchie, du patrio\u00adtisme, anciens com\u00adbat\u00adtants, plus ou moins authen\u00adtiques accom\u00adpa\u00adgn\u00e9s de vieux qui virent 1870 et d\u2019autres pas aus\u00adsi vieux mais trop encore pour avoir com\u00adbat\u00adtu de 1914 \u00e0 1918 et aus\u00adsi de trop jeunes deve\u00adnus presque des hommes depuis 1918. Telles furent les cohortes qui le 6 f\u00e9vrier s\u2019en don\u00adn\u00e8rent \u00e0 c\u0153ur joie, visant la Chambre des D\u00e9pu\u00adt\u00e9s sous le pr\u00e9\u00adtexte d\u2019ap\u00adpro\u00adprier le r\u00e9gime, de pro\u00adcla\u00admer la Jus\u00adtice et de rendre notre France forte comme au temps des rois et redou\u00adt\u00e9e comme aux jours de Napo\u00adl\u00e9on. Ain\u00adsi devait s\u2019ins\u00adti\u00adtuer, pen\u00adsaient-ils, un r\u00e9gime nou\u00adveau sup\u00e9\u00adrieur \u00e0 ceux des Mus\u00adso\u00adli\u00adni ou Hitler&nbsp;!<\/p>\n<p>De tout cela est r\u00e9sul\u00adt\u00e9&nbsp;: Dou\u00admergue, et les deux lar\u00adrons&nbsp;: Her\u00adriot, Tardieu.<\/p>\n<p>C\u2019est \u00e0 recommencer.<br>\n[|<b>*   *   *   *<\/b>|]<br>\n<\/p>\n<p>Mais que nous r\u00e9serve demain&nbsp;? La guerre ou la r\u00e9vo\u00adlu\u00adtion&nbsp;? Il faut agir pour que la r\u00e9vo\u00adlu\u00adtion emp\u00eache la guerre ou sinon pour que la guerre engendre la r\u00e9vo\u00adlu\u00adtion. Il faut vou\u00adloir que cette r\u00e9vo\u00adlu\u00adtion soit vrai\u00adment la \u00ab&nbsp;r\u00e9vo\u00adlu\u00adtion sociale&nbsp;\u00bb.<\/p>\n<p>C\u2019est la confiance en nous-m\u00eames, tra\u00advailleurs, qui doit nous assu\u00adrer le suc\u00adc\u00e8s de ces r\u00e9alisations&nbsp;:<\/p>\n<ol>\n<li> Gr\u00e8ve g\u00e9n\u00e9\u00adrale, acte pri\u00admor\u00addial de la r\u00e9vo\u00adlu\u00adtion sociale&nbsp;;<\/li>\n<li> Prise de pos\u00adses\u00adsion orga\u00adni\u00ads\u00e9e par les pro\u00adduc\u00adteurs de tous les moyens de pro\u00adduc\u00adtion, selon leur pro\u00adfes\u00adsion, leur cat\u00e9\u00adgo\u00adrie et occu\u00adpa\u00adtion, au besoin par la force, de tout ce qui est au pou\u00advoir de l\u2019\u00c9tat&nbsp;;<\/li>\n<li> Admi\u00adnis\u00adtra\u00adtion tech\u00adnique de la pro\u00adduc\u00adtion et r\u00e9par\u00adti\u00adtion selon les besoins de tout ce qu\u2019il faut \u00e0 cha\u00adcun&nbsp;: loge\u00adment, v\u00eate\u00adments, nourriture&nbsp;;<\/li>\n<li> Orga\u00adni\u00adsa\u00adtion du tra\u00advail pour tous et adap\u00adta\u00adtion scien\u00adti\u00adfique du machi\u00adnisme aux besoins quo\u00adti\u00addiens et g\u00e9n\u00e9raux.<\/li>\n<\/ol>\n<p>Nous n\u2019a\u00advons pas \u00e0 redou\u00adter l\u2019a\u00adve\u00adnir si nous avons vrai\u00adment la foi en la r\u00e9vo\u00adlu\u00adtion sociale qui peut seule r\u00e9a\u00adli\u00adser notre id\u00e9al d\u2019en\u00adtente liber\u00adtaire, d\u2019\u00e9\u00adga\u00adli\u00adt\u00e9, de soli\u00adda\u00adri\u00adt\u00e9 entre tous les hommes&nbsp;!<\/p>\n<p>Mili\u00adtants de rai\u00adson saine, de convic\u00adtions solides, soyez avec nous&nbsp;! Nous n\u2019a\u00advons pas de masques, nous&nbsp;! La v\u00e9ri\u00adt\u00e9, nous avons su et nous sau\u00adrons tou\u00adjours la dire sans fard&nbsp;; nos convic\u00adtions, nous les pro\u00adcla\u00admons hau\u00adte\u00adment, sans r\u00e9ti\u00adcences ni d\u00e9tours.<\/p>\n<p>R\u00e9vo\u00adlu\u00adtion\u00adnaires et liber\u00adtaires, nous n\u2019en sommes pas moins syn\u00addi\u00adca\u00adlistes fer\u00advents, adver\u00adsaires r\u00e9so\u00adlus de tout ce qui peut d\u00e9tour\u00adner le pro\u00adl\u00e9\u00adtaire du but qu\u2019il doit pour\u00adsuivre inlas\u00adsa\u00adble\u00adment&nbsp;: sa lib\u00e9ration.<\/p>\n<p>La devise des liber\u00adtaires n\u2019est-elle pas l\u2019af\u00adfran\u00adchis\u00adse\u00adment com\u00adplet de l\u2019in\u00addi\u00advi\u00addu par lui-m\u00eame&nbsp;?<\/p>\n<p>Et celle des syn\u00addi\u00adca\u00adlistes&nbsp;: l\u2019\u00e9\u00adman\u00adci\u00adpa\u00adtion des tra\u00advailleurs doit \u00eatre l\u2019\u0153uvre des tra\u00advailleurs eux-m\u00eames.<\/p>\n<p>Elles se confondent tr\u00e8s heureusement.<\/p>\n<p>[\/\u200bGeorges <sc>Yve\u00adtot<\/sc>\/\u200b]<\/p>\n<\/div><\/div>","protected":false},"excerpt":{"rendered":"<p>Donc la crise conti\u00adnue\u2026 Nous la vivons en France telle que l\u2019ont v\u00e9cue et la vivent encore d\u2019autres peuples, vic\u00adtimes, ain\u00adsi que nous, du m\u00eame fl\u00e9au&nbsp;: la guerre&nbsp;! C\u2019est une crise sociale uni\u00adver\u00adselle&nbsp;; de fa\u00e7on directe ou indi\u00adrecte, selon son-genre d\u2019or\u00adga\u00adni\u00adsa\u00adtion com\u00admer\u00adciale et indus\u00adtrielle, tout pays en est atteint. Nous subis\u00adsons les cons\u00e9\u00adquences recu\u00adl\u00e9es&nbsp;de&nbsp;[\u2026]<\/p>\n","protected":false},"author":1,"featured_media":0,"comment_status":"closed","ping_status":"closed","sticky":false,"template":"","format":"standard","meta":{"wp_typography_post_enhancements_disabled":false,"footnotes":""},"categories":[461],"tags":[],"ppma_author":[540],"class_list":["post-3794","post","type-post","status-publish","format-standard","hentry","category-la-conquete-du-pain-n1-16-octobre-1934"],"authors":[{"term_id":540,"user_id":1,"is_guest":0,"slug":"admin_3gikpwyf","display_name":"Vincent Dubuc","avatar_url":"https:\/\/secure.gravatar.com\/avatar\/d015720652c25fd2ced191ade86430094e1f288a17483713e3b34d26dea52507?s=96&d=mm&r=g","author_category":"","user_url":"https:\/\/la-presse-anarchiste.net","last_name":"Dubuc","first_name":"Vincent","job_title":"","description":""}],"_links":{"self":[{"href":"https:\/\/la-presse-anarchiste.net\/index.php\/wp-json\/wp\/v2\/posts\/3794","targetHints":{"allow":["GET"]}}],"collection":[{"href":"https:\/\/la-presse-anarchiste.net\/index.php\/wp-json\/wp\/v2\/posts"}],"about":[{"href":"https:\/\/la-presse-anarchiste.net\/index.php\/wp-json\/wp\/v2\/types\/post"}],"author":[{"embeddable":true,"href":"https:\/\/la-presse-anarchiste.net\/index.php\/wp-json\/wp\/v2\/users\/1"}],"replies":[{"embeddable":true,"href":"https:\/\/la-presse-anarchiste.net\/index.php\/wp-json\/wp\/v2\/comments?post=3794"}],"version-history":[{"count":0,"href":"https:\/\/la-presse-anarchiste.net\/index.php\/wp-json\/wp\/v2\/posts\/3794\/revisions"}],"wp:attachment":[{"href":"https:\/\/la-presse-anarchiste.net\/index.php\/wp-json\/wp\/v2\/media?parent=3794"}],"wp:term":[{"taxonomy":"category","embeddable":true,"href":"https:\/\/la-presse-anarchiste.net\/index.php\/wp-json\/wp\/v2\/categories?post=3794"},{"taxonomy":"post_tag","embeddable":true,"href":"https:\/\/la-presse-anarchiste.net\/index.php\/wp-json\/wp\/v2\/tags?post=3794"},{"taxonomy":"author","embeddable":true,"href":"https:\/\/la-presse-anarchiste.net\/index.php\/wp-json\/wp\/v2\/ppma_author?post=3794"}],"curies":[{"name":"wp","href":"https:\/\/api.w.org\/{rel}","templated":true}]}}