{"id":3799,"date":"1908-01-22T00:03:20","date_gmt":"1908-01-22T00:03:20","guid":{"rendered":"https:\/\/la-presse-anarchiste.net\/index.php\/2016\/10\/10\/les-amis-de-fourniere\/"},"modified":"2024-04-19T16:16:40","modified_gmt":"2024-04-19T16:16:40","slug":"les-amis-de-fourniere","status":"publish","type":"post","link":"https:\/\/la-presse-anarchiste.net\/index.php\/1908\/01\/22\/les-amis-de-fourniere\/","title":{"rendered":"Les amis de Fourni\u00e8re"},"content":{"rendered":"<div class=\"pdfprnt-buttons pdfprnt-buttons-post pdfprnt-top-right\"><a href=\"https:\/\/la-presse-anarchiste.net\/index.php\/wp-json\/wp\/v2\/posts\/3799?print=pdf\" class=\"pdfprnt-button pdfprnt-button-pdf\" target=\"_blank\"><img decoding=\"async\" src=\"https:\/\/la-presse-anarchiste.net\/wp-content\/plugins\/pdf-print\/images\/pdf.png\" alt=\"image_pdf\" title=\"Afficher le PDF\"><\/a><a href=\"https:\/\/la-presse-anarchiste.net\/index.php\/wp-json\/wp\/v2\/posts\/3799?print=print\" class=\"pdfprnt-button pdfprnt-button-print\" target=\"_blank\"><img decoding=\"async\" src=\"https:\/\/la-presse-anarchiste.net\/wp-content\/plugins\/pdf-print\/images\/print.png\" alt=\"image_print\" title=\"Contenu imprim\u00e9\"><\/a><\/div><div align=\"justify\">\n<div style=\"text-indent: 1cm;\">\n<p style=\"text-align: justify;\">Dans le der\u00adnier num\u00e9\u00adro du <i>Socia\u00adlisme<\/i>, le sous-Guesde Gra\u00addos pr\u00eate \u00e0 Lafargue un mal\u00adveillant pro\u00adpos. Il aurait dit, para\u00eet:il, que \u00ab&nbsp;pour se ven\u00adger de l\u2019<i>Huma\u00adni\u00adt\u00e9<\/i>, le <i>Matin<\/i> ferait atta\u00adquer le Par\u00adti socia\u00adliste par Pou\u00adget, Grif\u00adfuelhes et d\u2019autres anar\u00adchistes de la Conf\u00e9d\u00e9ration.&nbsp;\u00bb<\/p>\n<p style=\"text-align: justify;\">Je ne sais si le pro\u00adpos est exact. C\u2019est bien pro\u00adbable, car il cadre assez bien avec le genre de rai\u00adson\u00adne\u00adment de Lafargue qui, on le sait, ne p\u00eache, ni par esprit de suite, ni par exc\u00e8s de loyaut\u00e9.<\/p>\n<p style=\"text-align: justify;\">En tous les cas, si quel\u00adqu\u2019un devrait se taire et ne pas pr\u00ea\u00adter aux autres des inten\u00adtions mal\u00adveillantes, c\u2019est bien le citoyen Lafargue. Quand on a dans son pas\u00ads\u00e9 une aus\u00adsi triste his\u00adtoire que celle de l\u2019<i>Alian\u00adza<\/i>, on a au moins la pru\u00addence d\u2019\u00e9\u00advi\u00adter qu\u2019elle puisse vous \u00eatre lan\u00adc\u00e9e \u00e0 la&nbsp;t\u00eate.<\/p>\n<p style=\"text-align: justify;\">Ces obser\u00adva\u00adtions faites, arri\u00advons aux faits que Gra\u00addos me reproche.<\/p>\n<p style=\"text-align: center;\"><span style=\"font-size: 14pt;\"><strong>\u2014 O \u2014<\/strong><\/span><\/p>\n<p style=\"text-align: justify;\">Dans le <i>Matin<\/i>, le minis\u00adt\u00e9\u00adria\u00adliste Four\u00adni\u00e8re s\u2019\u00e9\u00adtait escri\u00adm\u00e9 \u00e0 d\u00e9mon\u00adtrer que la <i>Crise socia\u00adliste<\/i>\u200a\u2014\u200adont il pro\u00adcla\u00admait l\u2019a\u00adcui\u00adt\u00e9\u200a\u2014\u200aest due \u00e0 l\u2019im\u00admix\u00adtion dans le \u00ab&nbsp;Par\u00adti&nbsp;\u00bb (dont Lafargue, Bas\u00adly, le Dele\u00adsalle du <i>R\u00e9veil du Nord<\/i>, etc., sont les orne\u00adments) d\u2019\u00e9l\u00e9\u00adments et d\u2019i\u00add\u00e9es anarchistes.<\/p>\n<p style=\"text-align: justify;\">En r\u00e9ponse \u00e0 cette pr\u00e9\u00adten\u00addue d\u00e9mons\u00adtra\u00adtion j\u2019ai\u200a\u2014\u200adans le <i>Matin<\/i> aus\u00adsi\u200a\u2014\u200aexpli\u00adqu\u00e9 qu\u2019\u00e0 mon avis, la \u00ab&nbsp;crise socia\u00adliste&nbsp;\u00bb d\u00e9non\u00adc\u00e9e par Four\u00adni\u00e8re, a des causes autre\u00adment pro\u00adfondes. J\u2019ai mon\u00adtr\u00e9 que l\u2019o\u00adrien\u00adta\u00adtion par\u00adle\u00admen\u00adtaire et la fi\u00e8vre d\u2019arrivisme qui font du par\u00adti socia\u00adliste le suc\u00adc\u00e9\u00adda\u00adn\u00e9 du radi\u00adca\u00adlisme, sont les v\u00e9ri\u00adtables causes de la crise en ques\u00adtion. J\u2019ai r\u00e9pon\u00addu \u00e0 Four\u00adni\u00e8re que les tra\u00adhi\u00adsons et les renie\u00adments de Mil\u00adle\u00adrand, Vivia\u00adni, Briand, illus\u00adtraient mer\u00adveilleu\u00adse\u00adment ma th\u00e8se et, sans citer d\u2019autres exemples,\u200a\u2014\u200ace qui ne m\u2019e\u00fbt pas \u00e9t\u00e9 dif\u00adfi\u00adcile\u200a\u2014\u200aj\u2019ai sou\u00adli\u00adgn\u00e9 com\u00adbien \u00e9tait grand, dans le par\u00adti, le sou\u00adci de par\u00adve\u00adnir, de faire dans la soci\u00e9\u00adt\u00e9 actuelle sa \u00ab&nbsp;petite r\u00e9vo\u00adlu\u00adtion&nbsp;\u00bb, toute personnelle.<\/p>\n<p style=\"text-align: justify;\">En r\u00e9a\u00adli\u00adt\u00e9, j\u2019ai fait la cri\u00adtique du r\u00e9for\u00admisme. Et c\u2019est pro\u00adba\u00adble\u00adment parce que Gra\u00addos et Lafargue se sentent mor\u00adveux qu\u2019ils m\u2019ac\u00adcusent d\u2019a\u00advoir \u00ab&nbsp;atta\u00adqu\u00e9 le&nbsp;parti&nbsp;\u00bb.<\/p>\n<p style=\"text-align: justify;\">Il est, en effet, bien cer\u00adtain que les gues\u00addistes ne sont que des r\u00e9for\u00admistes rat\u00e9s et aigris.<\/p>\n<p style=\"text-align: justify;\">Pour s\u2019en rendre compte, il suf\u00adfit de se sou\u00adve\u00adnir qu\u2019en 1894 Guesde d\u00e9po\u00adsa un pro\u00adjet de loi <i>contre les gr\u00e8ves<\/i>, pro\u00adjet que n\u2019a eu qu\u2019a reprendre et tr\u00e8s peu reta\u00adper Mil\u00adle\u00adrand, pour en faire son pro\u00adjet d\u2019ar\u00adbi\u00adtrage obligatoire.<\/p>\n<p style=\"text-align: justify;\">Guesde disait que, s\u2019il \u00e9tait appli\u00adqu\u00e9, son sys\u00adt\u00e8me \u00ab&nbsp;<i>cr\u00e9e\u00adrait l\u2019ordre mat\u00e9\u00adriel, \u00e0 prio\u00adri et d\u00e9fi\u00adni\u00adti\u00adve\u00adment\u2026 que ce serait l\u2019\u00e9\u00adtat social suc\u00adc\u00e9\u00addant \u00e0 l\u2019\u00e9\u00adtat de nature\u2026 et r\u00e9a\u00adli\u00adse\u00adrait le maxi\u00admum d\u2019ordre social<\/i>&nbsp;\u00bb.<\/p>\n<p style=\"text-align: justify;\">Avec son pro\u00adjet d\u2019\u00e9\u00adtran\u00adgle\u00adment des gr\u00e8ves,\u200a\u2014\u200aen les par\u00adle\u00admen\u00adta\u00adri\u00adsant comme Guesde,\u200a\u2014\u200aMil\u00adle\u00adrand ne visait pas autre chose que de <i>r\u00e9a\u00adli\u00adser le maxi\u00admum d\u2019ordre social<\/i>. Donc, quelle dif\u00adf\u00e9\u00adrence y a\u2011t-il entre eux, th\u00e9o\u00adri\u00adque\u00adment&nbsp;? Aucune&nbsp;!<\/p>\n<p style=\"text-align: justify;\">Et, pour mieux mon\u00adtrer qu\u2019il y a concor\u00addance de pen\u00ads\u00e9es entre les r\u00e9for\u00admistes et les gues\u00addistes, quand je donne la r\u00e9plique au minis\u00adt\u00e9\u00adria\u00adliste Four\u00adni\u00e8re, ce sont les gues\u00addistes qui crient.<\/p>\n<p style=\"text-align: justify;\">J\u2019ai dit \u00e0 Fourni\u00e8re&nbsp;:<\/p>\n<p style=\"text-align: justify;\">La v\u00e9ri\u00adt\u00e9, vous ne vou\u00adlez pas la voir. La crise n\u2019est pas que dans le par\u00adti socia\u00adliste. Elle est dans tous les par\u00adtis. Tous sont comme le caf\u00e9 ser\u00advi \u00e0 Louis XV par la Dubar\u00adry&nbsp;: ils f\u2026t le&nbsp;camp!\u2026<\/p>\n<p style=\"text-align: justify;\">Ce n\u2019est pas la sou\u00adve\u00adrai\u00adne\u00adt\u00e9 poli\u00adtique qui importe, c\u2019est la sou\u00adve\u00adrai\u00adne\u00adt\u00e9 \u00e9co\u00adno\u00admique. Or, la classe ouvri\u00e8re sait le mal&nbsp;: elle prend conscience de cette n\u00e9ces\u00adsi\u00adt\u00e9 et elle tra\u00advaille aux trans\u00adfor\u00adma\u00adtions in\u00e9vi\u00adtables. D\u00e9\u00e7ue par vous et vos amis, elle apprend \u00e0 ne plus comp\u00adter que sur elle-m\u00eame\u2026<\/p>\n<p style=\"text-align: justify;\">Dans ces quelques phrases qui visent le minis\u00adt\u00e9\u00adria\u00adliste Four\u00adni\u00e8re et r\u00e9pondent \u00e0 ses j\u00e9r\u00e9\u00admiades, le sous-Basile qu\u2019est Gra\u00addos a d\u00e9cou\u00advert que je m\u2019en suis pris au par\u00adti socia\u00adliste tout entier et <i>\u00e0 lui et \u00e0 ses amis<\/i>\u2026 L\u2019a\u00adveu est \u00e0 retenir&nbsp;!<\/p>\n<p style=\"text-align: justify;\">Guesde, Lafargue et C<sup>ie<\/sup> sont, de l\u2019a\u00adveu de Gra\u00addos, les amis de Four\u00adni\u00e8re, et quand je fouaille Mil\u00adle\u00adrand, Vivia\u00adni, Briand, c\u2019est Lafargue et Gra\u00addos qui se sentent touch\u00e9s.<\/p>\n<p style=\"text-align: right;\">E. Pou\u00adget<\/p>\n<\/div>\n<\/div>\n","protected":false},"excerpt":{"rendered":"<p>Dans le der\u00adnier num\u00e9\u00adro du Socia\u00adlisme, le sous-Guesde Gra\u00addos pr\u00eate \u00e0 Lafargue un mal\u00adveillant pro\u00adpos. Il aurait dit, para\u00eet:il, que \u00ab&nbsp;pour se ven\u00adger de l\u2019Huma\u00adni\u00adt\u00e9, le Matin ferait atta\u00adquer le Par\u00adti socia\u00adliste par Pou\u00adget, Grif\u00adfuelhes et d\u2019autres anar\u00adchistes de la Conf\u00e9\u00add\u00e9\u00adra\u00adtion.&nbsp;\u00bb Je ne sais si le pro\u00adpos est exact. C\u2019est bien pro\u00adbable, car il&nbsp;cadre&nbsp;[\u2026]<\/p>\n","protected":false},"author":16,"featured_media":5043,"comment_status":"closed","ping_status":"closed","sticky":false,"template":"wp-custom-template-page-d-article","format":"standard","meta":{"wp_typography_post_enhancements_disabled":false,"footnotes":""},"categories":[462],"tags":[565],"ppma_author":[686],"class_list":["post-3799","post","type-post","status-publish","format-standard","has-post-thumbnail","hentry","category-laction-directe-na2-22-janvier-1908","tag-partis-politiques"],"authors":[{"term_id":686,"user_id":16,"is_guest":0,"slug":"emile-pouget","display_name":"\u00c9mile Pouget","avatar_url":"https:\/\/secure.gravatar.com\/avatar\/117c116713095f0bc1a9620ac263f784c09bbb45086d7683f625c3592d86f241?s=96&d=mm&r=g","author_category":"","user_url":"","last_name":"Pouget","first_name":"\u00c9mile","job_title":"","description":""}],"_links":{"self":[{"href":"https:\/\/la-presse-anarchiste.net\/index.php\/wp-json\/wp\/v2\/posts\/3799","targetHints":{"allow":["GET"]}}],"collection":[{"href":"https:\/\/la-presse-anarchiste.net\/index.php\/wp-json\/wp\/v2\/posts"}],"about":[{"href":"https:\/\/la-presse-anarchiste.net\/index.php\/wp-json\/wp\/v2\/types\/post"}],"author":[{"embeddable":true,"href":"https:\/\/la-presse-anarchiste.net\/index.php\/wp-json\/wp\/v2\/users\/16"}],"replies":[{"embeddable":true,"href":"https:\/\/la-presse-anarchiste.net\/index.php\/wp-json\/wp\/v2\/comments?post=3799"}],"version-history":[{"count":3,"href":"https:\/\/la-presse-anarchiste.net\/index.php\/wp-json\/wp\/v2\/posts\/3799\/revisions"}],"predecessor-version":[{"id":6916,"href":"https:\/\/la-presse-anarchiste.net\/index.php\/wp-json\/wp\/v2\/posts\/3799\/revisions\/6916"}],"wp:featuredmedia":[{"embeddable":true,"href":"https:\/\/la-presse-anarchiste.net\/index.php\/wp-json\/wp\/v2\/media\/5043"}],"wp:attachment":[{"href":"https:\/\/la-presse-anarchiste.net\/index.php\/wp-json\/wp\/v2\/media?parent=3799"}],"wp:term":[{"taxonomy":"category","embeddable":true,"href":"https:\/\/la-presse-anarchiste.net\/index.php\/wp-json\/wp\/v2\/categories?post=3799"},{"taxonomy":"post_tag","embeddable":true,"href":"https:\/\/la-presse-anarchiste.net\/index.php\/wp-json\/wp\/v2\/tags?post=3799"},{"taxonomy":"author","embeddable":true,"href":"https:\/\/la-presse-anarchiste.net\/index.php\/wp-json\/wp\/v2\/ppma_author?post=3799"}],"curies":[{"name":"wp","href":"https:\/\/api.w.org\/{rel}","templated":true}]}}