{"id":3804,"date":"1908-01-22T00:08:28","date_gmt":"1908-01-22T00:08:28","guid":{"rendered":"https:\/\/la-presse-anarchiste.net\/index.php\/2016\/10\/10\/echos-5\/"},"modified":"2024-04-19T16:44:59","modified_gmt":"2024-04-19T16:44:59","slug":"echos-5","status":"publish","type":"post","link":"https:\/\/la-presse-anarchiste.net\/index.php\/1908\/01\/22\/echos-5\/","title":{"rendered":"\u00c9chos"},"content":{"rendered":"<div class=\"pdfprnt-buttons pdfprnt-buttons-post pdfprnt-top-right\"><a href=\"https:\/\/la-presse-anarchiste.net\/index.php\/wp-json\/wp\/v2\/posts\/3804?print=pdf\" class=\"pdfprnt-button pdfprnt-button-pdf\" target=\"_blank\"><img decoding=\"async\" src=\"https:\/\/la-presse-anarchiste.net\/wp-content\/plugins\/pdf-print\/images\/pdf.png\" alt=\"image_pdf\" title=\"Afficher le PDF\"><\/a><a href=\"https:\/\/la-presse-anarchiste.net\/index.php\/wp-json\/wp\/v2\/posts\/3804?print=print\" class=\"pdfprnt-button pdfprnt-button-print\" target=\"_blank\"><img decoding=\"async\" src=\"https:\/\/la-presse-anarchiste.net\/wp-content\/plugins\/pdf-print\/images\/print.png\" alt=\"image_print\" title=\"Contenu imprim\u00e9\"><\/a><\/div><div align=\"justify\">\n<div style=\"text-indent: 1cm;\">\n<h3 style=\"text-align: justify;\">Nos bons militaires<\/h3>\n<p style=\"text-align: justify;\">Apr\u00e8s une vie active consa\u00adcr\u00e9e \u00e0 la d\u00e9fense de la patrie, nos vieux g\u00e9n\u00e9\u00adraux et ami\u00adraux du cadre de r\u00e9serve conti\u00adnuent \u00e0 ser\u00advir le pays dans la mesure de leur force. Apr\u00e8s la gloire mili\u00adtaire, le d\u00e9ve\u00adlop\u00adpe\u00adment \u00e9co\u00adno\u00admique&nbsp;! Leurs uni\u00adformes et leurs croix servent \u00e0 enjo\u00adli\u00adver les pros\u00adpec\u00adtus de r\u00e9clames finan\u00adci\u00e8res. Un der\u00adnier exemple typique. La Soci\u00e9\u00adt\u00e9 le <i>Nickel de la Nou\u00advelle-Cal\u00e9\u00addo\u00adnie<\/i>, fon\u00add\u00e9e le 25 mars 1897, compte par\u00admi ses admi\u00adnis\u00adtra\u00adteurs le <i>vice-ami\u00adral<\/i> Charles Bayle, G.O. de la l\u00e9gion d\u2019honneur et le <i>g\u00e9n\u00e9\u00adral<\/i> Niox, \u00e9ga\u00adle\u00adment G.O. F\u00e9li\u00adci\u00adtons ces braves de savoir s\u2019as\u00adsu\u00adrer quelques vieux jours douillets en aug\u00admen\u00adtant un peu la faible retraite que leur sert l\u2019\u00c9tat.<\/p>\n<h3 style=\"text-align: justify;\">Demande d\u2019explication<\/h3>\n<p style=\"text-align: justify;\">Il y avait une fois une Bourse du Tra\u00advail \u00e0 Dijon (C\u00f4te-d\u2019Or). Le maire, le socia\u00adliste Bara\u00adbant, la fer\u00adma, trou\u00advant, dit-on, qu\u2019elle \u00e9tait mal com\u00adpo\u00ads\u00e9e. Quelques jours apr\u00e8s, il la rou\u00advrit avec de nou\u00adveaux \u00e9l\u00e9\u00adments, qui le satis\u00adfai\u00adsaient davantage.<\/p>\n<p style=\"text-align: justify;\">La presse poli\u00adtique ou cor\u00adpo\u00adra\u00adtive a \u00e9t\u00e9 assez avare de ren\u00adsei\u00adgne\u00adments sur ces divers incidents.<\/p>\n<p style=\"text-align: justify;\">Notre curio\u00adsi\u00adt\u00e9 n\u2019est pas com\u00adpl\u00e8\u00adte\u00adment satisfaite.<\/p>\n<p style=\"text-align: justify;\">Les Bourses du Tra\u00advail sub\u00adven\u00adtion\u00adn\u00e9es sont-elles assi\u00admi\u00adl\u00e9es par les maires socia\u00adlistes \u00e0 des th\u00e9\u00e2tres qui, sui\u00advant leur fan\u00adtai\u00adsie, joue\u00adront ou feront rel\u00e2che, et dont la troupe sera remer\u00adci\u00e9e d\u00e8s qu\u2019elle aura, ces\u00ads\u00e9 de plaire. Est-ce la concep\u00adtion du citoyen Bara\u00adbant&nbsp;? Qu\u2019en pensent les syn\u00addi\u00adqu\u00e9s socia\u00adlistes de Dijon et d\u2019ailleurs&nbsp;?<\/p>\n<h3 style=\"text-align: justify;\">Miracle r\u00e9formiste<\/h3>\n<p style=\"text-align: justify;\">Cela se passe dans les Ardennes. Deux mille cinq cents ouvriers sont en gr\u00e8ve. Le bureau de bien\u00adfai\u00adsance, la muni\u00adci\u00adpa\u00adli\u00adt\u00e9 \u00e9tant socia\u00adliste, donne aux gr\u00e9\u00advistes la jolie somme de 10.000 francs. Tout \u00e9tait donc pour le mieux en ces cir\u00adcons\u00adtances dif\u00adfi\u00adciles, et ce n\u2019est pas nous qui bl\u00e2\u00adme\u00adrons la muni\u00adci\u00adpa\u00adli\u00adt\u00e9 de son acte de soli\u00adda\u00adri\u00adt\u00e9. Mais, \u00e9cou\u00adtez un peu. Voi\u00adci venir la mul\u00adti\u00adpli\u00adca\u00adtion des pains par le saint esprit r\u00e9for\u00admiste. \u00ab&nbsp;La gr\u00e8ve dura trois mois, conti\u00adnue celui qui nous don\u00adnait ces ren\u00adsei\u00adgne\u00adments au Conseil natio\u00adnal, et nous n\u2019e\u00fbmes plus besoin de secours de l\u2019ext\u00e9rieur.&nbsp;\u00bb 10.000:2.300 = 4.4 francs pour trois mois&nbsp;! Heu\u00adreux gr\u00e9\u00advistes qui savent se conten\u00adter de si peu. Quel besoin ont-ils de la soli\u00adda\u00adri\u00adt\u00e9 g\u00e9n\u00e9\u00adrale du pro\u00adl\u00e9\u00adta\u00adriat&nbsp;? Quel besoin de se syn\u00addi\u00adquer, f\u00e9d\u00e9\u00adrer, conf\u00e9d\u00e9rer&nbsp;?<\/p>\n<h3 style=\"text-align: justify;\">La brochure \u00e0&nbsp;lire<\/h3>\n<p style=\"text-align: justify;\">Le <i>Socia\u00adliste<\/i>, organe offi\u00adciel du Par\u00adti Socia\u00adliste (S.F.I.O.) recom\u00admande avec une g\u00e9n\u00e9\u00adreuse ardeur la nou\u00advelle \u00e9di\u00adtion de la bro\u00adchure du \u00ab&nbsp;<i>citoyen Des\u00adli\u00adni\u00e8res&nbsp;\u00bb, Qu\u2019est-ce que le Socialisme&nbsp;?<\/i><\/p>\n<p style=\"text-align: justify;\">Le d\u00e9part de l\u2019U\u00adni\u00adt\u00e9 du \u00ab&nbsp;citoyen Des\u00adli\u00adni\u00e8res&nbsp;\u00bb rend, en effet, quelque actua\u00adli\u00adt\u00e9 \u00e0 son centre de pro\u00adpa\u00adgande. Et on ne peut que f\u00e9li\u00adci\u00adter le Par\u00adti de choi\u00adsir cette occa\u00adsion de recom\u00adman\u00adder une bro\u00adchure exquise, o\u00f9 les cama\u00adrades trou\u00adve\u00adront de sages conseils mili\u00adta\u00adristes (pour plus de d\u00e9ve\u00adlop\u00adpe\u00adment voir l\u2019<i>Appli\u00adca\u00adtion du Sys\u00adt\u00e8me Col\u00adlec\u00adti\u00adviste<\/i>) et appren\u00addront que la soci\u00e9\u00adt\u00e9 col\u00adlec\u00adti\u00adviste se carac\u00adt\u00e9\u00adri\u00adse\u00adra sur\u00adtout par la libre acces\u00adsion de tons les fils de pro\u00adl\u00e9\u00adtaires aux fonc\u00adtions de Pr\u00e9\u00adsident de la R\u00e9pu\u00adblique. Doux r\u00eave d\u2019avenir&nbsp;!<\/p>\n<h3 style=\"text-align: justify;\">D\u00e9di\u00e9 \u00e0 S.E. le Garde des Sceaux<\/h3>\n<p style=\"text-align: justify;\">Sc\u00e8nes de Flo\u00adrence au XIV<sup>e<\/sup> si\u00e8cle&nbsp;:<\/p>\n<p style=\"text-align: justify;\">\u00ab&nbsp;Michel Lan\u00addo, ce r\u00e9vol\u00adt\u00e9, eut peur de la vic\u00adtoire. Les <i>Ciom\u00adpi<\/i> l\u2019ac\u00adcu\u00ads\u00e8rent de tra\u00adhi\u00adson. On lui repro\u00adcha la rente de 100 flo\u00adrins qu\u2019il s\u2019\u00e9\u00adtait attri\u00adbu\u00e9e, et ses armoi\u00adries impro\u00advi\u00ads\u00e9es, et le hau\u00adbert sous lequel il che\u00advau\u00adchait. Les bour\u00adgeois se ral\u00adli\u00e8rent \u00e0 lui&nbsp;; alors il dut char\u00adger \u00ab&nbsp;le peuple de Dieu&nbsp;\u00bb et <i>faire pendre des amis de sa jeu\u00adnesse<\/i>. Il ne r\u00e9so\u00adlut pour\u00adtant point pour cela la ques\u00adtion sociale. Les par\u00adtis l\u2019en\u00adjam\u00adb\u00e8rent comme on passe un pont. <i>Lors\u00adqu\u2019il fut jug\u00e9 sans foi par les uns et sans uti\u00adli\u00adt\u00e9 par les autres, on l\u2019exi\u00adla d\u00e9dai\u00adgneu\u00adse\u00adment<\/i>.&nbsp;\u00bb<\/p>\n<p style=\"text-align: right;\">(Le <i>Temps<\/i>, 16 jan\u00advier&nbsp;1908.)<\/p>\n<h3 style=\"text-align: justify;\">Policier R\u00e9formiste<\/h3>\n<p style=\"text-align: justify;\">Extrait du <i>R\u00e9veil du Nord<\/i> du 16 jan\u00advier 1908. Conf\u00e9\u00adrence de D\u00e9si\u00adrat \u00e0 Li\u00e9\u00advin, sous les aus\u00adpices de la Soci\u00e9\u00adt\u00e9 r\u00e9pu\u00adbli\u00adcaine des Conf\u00e9\u00adrences populaires.<\/p>\n<p style=\"text-align: justify;\">\u00ab&nbsp;Une gr\u00e8ve, dit-il, ne devrait avoir lieu que <i>lorsque les patrons ont refu\u00ads\u00e9 l\u2019arbitrage<\/i> et lorsque les mineurs ont des res\u00adsources n\u00e9ces\u00adsaires pour affron\u00adter de longues semaines de ch\u00f4\u00admage. Tan\u00addis que, bien sou\u00advent, les gr\u00e8ves sont com\u00admen\u00adc\u00e9es par <i>des gens sans aveu, des gens qui ne tra\u00advaillent que de temps en temps<\/i>, qui ont int\u00e9\u00adr\u00eat \u00e0 faire la gr\u00e8ve ou qui sont pay\u00e9s pour la faire. Ce sont ces gens-l\u00e0 qui brisent les machines, mal\u00adtraitent les gens, et incen\u00addient les mai\u00adsons&nbsp;; non, ces indi\u00advi\u00addus-l\u00e0 ne sont pas de vrais tra\u00advailleurs. Ce sont des incons\u00adcients ou des cri\u00admi\u00adnels s\u2019ils savent le mal qu\u2019ils font aux ouvriers. <i>Il est inutile de vous les nom\u00admer, vous les connais\u00adsez tous et vous les avez vus tous \u00e0 l\u2019\u0153uvre&nbsp;: l\u2019exemple est d\u2019hier<\/i>&nbsp;\u00bb.<\/p>\n<p style=\"text-align: justify;\">C\u2019est ce m\u00eame ins\u00adti\u00adtu\u00adteur D\u00e9si\u00adrat qui fut can\u00addi\u00addat \u00e0 la Com\u00admis\u00adsion admi\u00adnis\u00adtra\u00adtive de la Bourse du Tra\u00advail sur la liste du Pr\u00e9\u00adfet de la Seine, oppo\u00ads\u00e9e \u00e0 celle de l\u2019U\u00adnion des Syn\u00addi\u00adcats. Il est donc syn\u00addi\u00adqu\u00e9 et socia\u00adliste. Mais, h\u00e9las&nbsp;! quel socia\u00adliste&nbsp;! quel syndiqu\u00e9&nbsp;!<\/p>\n<h3 style=\"text-align: justify;\">Toujours le Cabinet Viviani<\/h3>\n<p style=\"text-align: justify;\">Nous signa\u00adlions dans notre der\u00adnier num\u00e9\u00adro la pr\u00e9\u00adsence et l\u2019at\u00adti\u00adtude au Congr\u00e8s de Stutt\u00adgart d\u2019un atta\u00adch\u00e9 au Cabi\u00adnet Vivia\u00adni, d\u00e9l\u00e9\u00adgu\u00e9 de la F\u00e9d\u00e9\u00adra\u00adtion du Nord. Le Cabi\u00adnet Vivia\u00adni se m\u00eale de tout. Nous appre\u00adnons aujourd\u2019\u00adhui que par\u00admi les can\u00addi\u00addats pro\u00adpo\u00ads\u00e9s par la 19<sup>e<\/sup> sec\u00adtion du Par\u00adti pour les \u00e9lec\u00adtions au Conseil muni\u00adci\u00adpal figure le citoyen Segue\u00adlas, atta\u00adch\u00e9 lui aus\u00adsi au m\u00eame Cabi\u00adnet. Que va faire la F\u00e9d\u00e9\u00adra\u00adtion de la Seine&nbsp;? Les atta\u00adch\u00e9s sont les col\u00adla\u00adbo\u00adra\u00adteurs poli\u00adtiques des ministres. Pour\u00adquoi exclure ces der\u00adniers si l\u2019on livre le Par\u00adti \u00e0 leurs hommes de confiance&nbsp;?<\/p>\n<h3 style=\"text-align: justify;\">R\u00e9clame pour \u00ab&nbsp;Prol\u00e9taires&nbsp;\u00bb<\/h3>\n<p style=\"text-align: justify;\">L\u2019\u00c9chotier a com\u00admis une gaffe la semaine der\u00adni\u00e8re. Il s\u2019en excuse hum\u00adble\u00adment aupr\u00e8s de ses lecteurs.<\/p>\n<p style=\"text-align: justify;\">II avait sim\u00adple\u00adment oubli\u00e9 de jeter un coup d\u2019\u0153il sur la \u00ab&nbsp;quatre&nbsp;\u00bb du <i>Pro\u00adl\u00e9\u00adtaire<\/i>.<\/p>\n<p style=\"text-align: justify;\">La \u00ab&nbsp;quatre&nbsp;\u00bb de ce bon \u00ab&nbsp;Pro\u00adlo&nbsp;\u00bb est, en effet, tout un&nbsp;po\u00e8me.<\/p>\n<p style=\"text-align: justify;\">Brousse y recom\u00admande la biblio\u00adth\u00e8que des \u00ab&nbsp;Ser\u00advices publics&nbsp;\u00bb et Lajar\u00adrige sa \u00ab&nbsp;Grande Impri\u00adme\u00adrie ouvri\u00e8re&nbsp;\u00bb.<\/p>\n<p style=\"text-align: justify;\">Mais l\u2019an\u00adnonce mod\u00e8le, l\u2019an\u00adnonce type de cet \u00e9trange <i>Pro\u00adl\u00e9\u00adtaire<\/i> n\u2019est m\u00eame pas celle o\u00f9 une \u00ab&nbsp;<i>Taverne du N\u00e8gre<\/i>\u200a\u2014\u200a\u00e0 toi, bon <i>pro\u00adlo<\/i>\u200a\u2014\u200aannonce des d\u00e9jeu\u00adners \u00e0 3 fr. 50, caf\u00e9 compris.<\/p>\n<p style=\"text-align: justify;\">L\u2019an\u00adnonce type, dis-je est celle du \u00ab&nbsp;<i>Caf\u00e9 de l\u2019Industrie<\/i>&nbsp;\u00bb, que le <i>Pro\u00adl\u00e9\u00adtaire<\/i> recom\u00admande aux <i>pro\u00adlos<\/i>, ses lecteurs.<\/p>\n<p style=\"text-align: justify;\">Dans cet \u00e9ta\u00adblis\u00adse\u00adment mod\u00e8le, natu\u00adrel\u00adle\u00adment ils sont s\u00fbrs de ne trou\u00adver que bonne com\u00adpa\u00adgnie. Pas de sabo\u00adteurs, ni de ces inf\u00e2mes par\u00adti\u00adsans de \u00ab&nbsp;l\u2019action directe&nbsp;\u00bb.<\/p>\n<p style=\"text-align: justify;\">C\u2019est la bonne soci\u00e9\u00adt\u00e9 qui se ren\u00adcontre au <i>Caf\u00e9 de l\u2019In\u00addus\u00adtrie<\/i>, \u00ab&nbsp;ren\u00addez-vous des com\u00admer\u00ad\u00e7ants et indus\u00adtriels du quartier&nbsp;\u00bb.<\/p>\n<p style=\"text-align: justify;\">Consom\u00adma\u00adtions de pre\u00admier choix, liqueurs de marques et t\u00e9l\u00e9phone.<\/p>\n<p style=\"text-align: justify;\">\u00ab&nbsp;L\u2019union des classes&nbsp;\u00bb par le caf\u00e9 et le bouis-bouis.<\/p>\n<p style=\"text-align: justify;\"><i>Pro\u00adl\u00e9\u00adtaire<\/i>, mon ami, m\u2019est avis que tu as trou\u00adv\u00e9 l\u00e0 une solu\u00adtion toute pos\u00adsi\u00adbi\u00adliste \u00e0 la ques\u00adtion sociale.<\/p>\n<h3 style=\"text-align: justify;\">Rapports cordiaux entre Parti et Syndicats<\/h3>\n<p style=\"text-align: justify;\">Au Conseil Natio\u00adnal, on par\u00adla inci\u00addem\u00adment de la d\u00e9ci\u00adsion de la F\u00e9d\u00e9\u00adra\u00adtion du Pas-de-Calais, obli\u00adgeant ses membres \u00e0 ne pas adh\u00e9\u00adrer \u00e0 un Syn\u00addi\u00adcat de mineur, qui, \u00e0 l\u2019\u00e9\u00adpoque, \u00e9tait le seul Conf\u00e9\u00add\u00e9\u00adr\u00e9. Fer\u00adrand, d\u00e9l\u00e9\u00adgu\u00e9 du Pas-de-Calais, pro\u00adtes\u00adta contre les cri\u00adtiques et pro\u00adcla\u00adma le droit de la F\u00e9d\u00e9\u00adra\u00adtion d\u2019emp\u00eacher les socia\u00adlistes d\u2019aller dans un Syn\u00addi\u00adcat, qua\u00adli\u00adfi\u00e9 de Syn\u00addi\u00adcat, d\u2019a\u00adnar\u00adchistes. O uni\u00adt\u00e9 syn\u00addi\u00adcale&nbsp;! O auto\u00adno\u00admie des orga\u00adni\u00adsa\u00adtions ouvri\u00e8res&nbsp;!<\/p>\n<h3 style=\"text-align: justify;\">Un pur entre les&nbsp;purs<\/h3>\n<p style=\"text-align: justify;\">Dans l\u2019<i>Aube<\/i>, dont il est depuis hier secr\u00e9\u00adtaire de la F\u00e9d\u00e9\u00adra\u00adtion d\u00e9par\u00adte\u00admen\u00adtale socia\u00adliste, Cl\u00e9\u00advy est gues\u00addiste tous crins. C\u2019est un pur, enne\u00admi de \u00ab&nbsp;toute d\u00e9via\u00adtion&nbsp;\u00bb, il est contre la \u00ab&nbsp;par\u00adti\u00adci\u00adpa\u00adtion&nbsp;\u00bb et stig\u00adma\u00adtise les \u00ab&nbsp;l\u00e2ches qui votent le bud\u00adget en gros et en d\u00e9tail\u00bb&nbsp;; il appelle, enfin, Briand \u00ab&nbsp;l\u2019ex-anar\u00adcho&nbsp;\u00bb, et Vivia\u00adni un \u00ab&nbsp;tra\u00eetre au&nbsp;parti&nbsp;\u00bb.<\/p>\n<p style=\"text-align: justify;\">Mais Cl\u00e9\u00advy est aus\u00adsi \u00ab&nbsp;membre du Conseil sup\u00e9\u00adrieur du Tra\u00advail&nbsp;\u00bb, can\u00addi\u00addat et \u00e9lu par la F\u00e9d\u00e9\u00adra\u00adtion gues\u00addite du tex\u00adtile. Comme tel, Cl\u00e9\u00advy vient de temps en temps \u00e0 Paris assis\u00adter aux \u00ab&nbsp;ses\u00adsions&nbsp;\u00bb dudit Conseil\u200a\u2014\u200aj\u2019al\u00adlais \u00e9crire Mon\u00adtage de coup\u200a\u2014\u200asup\u00e9\u00adrieur du Travail.<\/p>\n<p style=\"text-align: justify;\">Pen\u00addant ces \u00ab&nbsp;ses\u00adsions&nbsp;\u00bb, Cl\u00e9\u00advy a soin de lais\u00adser \u00e0 Troyes sa veste \u00ab&nbsp;lutte de classes&nbsp;\u00bb et, comme le pre\u00admier \u00ab&nbsp;por\u00adte\u00adfoin&nbsp;\u00bb venu, il encaisse\u200a\u2014\u200asans mot dire\u200a\u2014\u200ales dis\u00adcours de Vivia\u00adni le tra\u00eetre, ou ceux de Briand, alors que \u00ab&nbsp;l\u2019ex-anar\u00adcho&nbsp;\u00bb en \u00e9tait membre d\u00e9si\u00adgn\u00e9 par le Ministre.<\/p>\n<p style=\"text-align: justify;\">D\u00e9bar\u00adras\u00ads\u00e9 de sa veste \u00ab&nbsp;lutte de classes&nbsp;\u00bb, Cl\u00e9\u00advy file alors le par\u00adfait amour de la \u00ab&nbsp;col\u00adla\u00adbo\u00adra\u00adtion des classes&nbsp;\u00bb et, dans l\u2019urne du \u00ab&nbsp;Conseil sup\u00e9\u00adrieur&nbsp;\u00bb, la voix du secr\u00e9\u00adtaire de la F\u00e9d\u00e9\u00adra\u00adtion de l\u2019Aube se ren\u00adcontre avec celles de ses col\u00adl\u00e8gues patrons qui, de retour \u00e0 Troyes, rede\u00adviennent \u00ab&nbsp;d\u2019in\u00adf\u00e2mes exploiteurs&nbsp;\u00bb.<\/p>\n<p style=\"text-align: justify;\">Oh&nbsp;! qui nous dira toute la dupli\u00adci\u00adt\u00e9 de l\u2019in\u00adtran\u00adsi\u00adgeance\u200a\u2014\u200ade parade\u200a\u2014\u200ad\u2019un pur d\u2019entre les purs, du pur guesdisme.<\/p>\n<h3 style=\"text-align: justify;\">Des noms, S.V.P.?<\/h3>\n<p style=\"text-align: justify;\">Le <i>Socia\u00adlisme<\/i> ose \u00e9crire&nbsp;: \u00ab&nbsp;les <i>lois sc\u00e9\u00adl\u00e9\u00adrates<\/i> vot\u00e9es soi-disant contre les anar\u00adchistes et appli\u00adqu\u00e9es \u00e0 peu pr\u00e8s exclu\u00adsi\u00adve\u00adment contre nous&nbsp;\u00bb. Affir\u00admer pareille chose est bien, mais le prou\u00adver est mieux. On demande en cons\u00e9\u00adquence les noms des gues\u00addistes condam\u00adn\u00e9s en ver\u00adtu des <i>lois sc\u00e9\u00adl\u00e9\u00adrates<\/i>. Vite la&nbsp;liste.<\/p>\n<h3 style=\"text-align: justify;\">Pour un plat de lentilles<\/h3>\n<p style=\"text-align: justify;\">Par\u00advy, prin\u00adci\u00adpal client du res\u00adtau\u00adrant coop\u00e9\u00adra\u00adtif de Limoges, donne ses impres\u00adsions sur un voyage fait aupr\u00e8s des potiers de Vallauris.<\/p>\n<p style=\"text-align: justify;\">Natu\u00adrel\u00adle\u00adment, res\u00adpec\u00adtueux du d\u00e9cret gues\u00addiste, il vitu\u00adp\u00e8re contre l\u2019<i>action directe<\/i>, dont il fut cer\u00adtain jour le cham\u00adpion. Les Limou\u00adsins ont sou\u00adve\u00adnir d\u2019une r\u00e9union o\u00f9 Ber\u00adtrand et Par\u00advy \u00e9taient aux prises. Ber\u00adtrand m\u00e9di\u00adsait de l\u2019<i>action directe<\/i>. Par\u00advy en disait du bien. \u00c0 ce moment-l\u00e0, les deux cham\u00adpions \u00e9taient adver\u00adsaires. Aujourd\u2019\u00adhui, ils sont com\u00adp\u00e8res et Par\u00advy a chan\u00adg\u00e9, tout en jurant de son immuabilit\u00e9.<\/p>\n<p style=\"text-align: justify;\">Sou\u00adhai\u00adtons que les cir\u00adcons\u00adtances nous ram\u00e8nent le Par\u00advy d\u2019alors. Il \u00e9tait plus amusant.<\/p>\n<p style=\"text-align: justify;\">Mais&nbsp;! j\u2019y songe, le voyage \u00e0 Val\u00adlau\u00adris \u00e9tait il fait pour per\u00admettre \u00e0 Par\u00advy d\u2019ap\u00adpr\u00e9\u00adcier sur place la valeur, en digne g\u00e9n\u00e9\u00adral, d\u2019un nou\u00adveau ter\u00adrain de man\u0153uvre&nbsp;? J\u2019ai connais\u00adsance d\u2019un cer\u00adtain pro\u00adjet gues\u00addiste en vue de cr\u00e9er une fabrique de pote\u00adrie. Par\u00advy pour\u00adrait en \u00eatre le direc\u00adteur tr\u00e8s repr\u00e9sentatif.<\/p>\n<h3 style=\"text-align: justify;\">Marche en&nbsp;avant&nbsp;?<\/h3>\n<p style=\"text-align: justify;\">De C. Bon\u00adnier, dans le der\u00adnier num\u00e9\u00adro du <i>Socia\u00adlisme<\/i>&nbsp;:<\/p>\n<p style=\"text-align: justify;\">\u00ab&nbsp;Cer\u00adtains se plaignent de l\u2019in\u00addif\u00adf\u00e9\u00adrence du pro\u00adl\u00e9\u00adta\u00adriat pour la poli\u00adtique socia\u00adliste. Que l\u2019on reprenne la marche en avant de la l\u00e9gis\u00adla\u00adture de 1893 et l\u2019on ver\u00adra le pro\u00adl\u00e9\u00adta\u00adriat ouvrier recon\u00adna\u00eetre et sou\u00adte\u00adnir ses d\u00e9fen\u00adseurs \u00e0 la Chambre.&nbsp;\u00bb<\/p>\n<p style=\"text-align: justify;\">Ce brave Bon\u00adnier est plu\u00adt\u00f4t dur pour ses amis, qui n\u2019a\u00advaient jamais \u00e9t\u00e9 aus\u00adsi nom\u00adbreux au Par\u00adle\u00adment. Et Guesde n\u2019y serait-il ren\u00adtr\u00e9 que pour m\u00e9ri\u00adter les cri\u00adtiques de Bonnier&nbsp;?<\/p>\n<p style=\"text-align: justify;\">Mais au fait, qu\u2019est-ce que Bon\u00adnier regrette si am\u00e8\u00adre\u00adment, dans la l\u00e9gis\u00adla\u00adture de 1893&nbsp;? Est-ce Mil\u00adle\u00adrand&nbsp;? Vivia\u00adni&nbsp;? Four\u00adni\u00e8re&nbsp;? Sont-ce les pro\u00adjets de loi plus ou moins tein\u00adt\u00e9s de paix sociale&nbsp;?<\/p>\n<p style=\"text-align: justify;\">Il regrette peut-\u00eatre seule\u00adment qu\u2019on lui ait refu\u00ads\u00e9 au <i>Socia\u00adlisme<\/i> un article trop nationaliste&nbsp;?<\/p>\n<h3 style=\"text-align: justify;\">Petit commentaire grammatical<\/h3>\n<p style=\"text-align: justify;\">Encore une citation&nbsp;:<\/p>\n<p style=\"text-align: justify;\">\u00ab&nbsp;J\u2019en\u00adtends bien&nbsp;\u00bb\u200a\u2014\u200adit un filet du <i>Socia\u00adlisme<\/i>\u200a\u2014\u200a\u00e0 pro\u00adpos d\u2019un article de la <i>Voix du Peuple<\/i>, \u00ab&nbsp;que l\u2019auteur s\u2019empresse d\u2019ajouter que l\u2019action directe, ce n\u2019est pas les bancs cas\u00ads\u00e9s ni les vitres bris\u00e9es.<\/p>\n<p style=\"text-align: justify;\">\u00ab&nbsp;Per\u00adsonne n\u2019en doute d\u2019ailleurs&nbsp;; des bancs ou des vitres, cas\u00ads\u00e9e ou non, ne peuvent pas \u00eatre une action directe ou indi\u00adrecte, <i>l\u2019action directe, c\u2019est le geste qui casse les bancs et brise les vitres<\/i>.&nbsp;\u00bb<\/p>\n<p style=\"text-align: justify;\">\u00c7\u00e0, c\u2019est un bel exemple de d\u00e9for\u00adma\u00adtion\u2026 gues\u00addiste. Heu\u00adreu\u00adse\u00adment que les lec\u00adteurs de la <i>Voix du Peuple<\/i>, qui ne sont ni des avo\u00adcats manuels, ni des lit\u00adt\u00e9\u00adra\u00adteurs manuels, ni des jour\u00adna\u00adlistes manuels, ni des mil\u00adlion\u00adnaires manuels&nbsp;; ont par\u00adfai\u00adte\u00adment com\u00adpris ce que c\u2019est que l\u2019ac\u00adtion directe et s\u2019ils sont un peu moins forts sur la syn\u00adtaxe que les r\u00e9dac\u00adteurs du <i>Socia\u00adlisme<\/i>, ils sont peut \u00eatre plus dif\u00adfi\u00adciles en fait de pro\u00adbi\u00adt\u00e9 intellectuelle.<\/p>\n<h3 style=\"text-align: justify;\">Le \u00ab&nbsp;Socialisme&nbsp;\u00bb contre le \u00ab&nbsp;Socialisme&nbsp;\u00bb<\/h3>\n<p style=\"text-align: justify;\">\u00c0 la pre\u00admi\u00e8re page du der\u00adnier num\u00e9\u00adro du <i>Socia\u00adlisme<\/i>, Bracke vante, \u00e0 bon droit, le mou\u00adve\u00adment enga\u00adg\u00e9 par les socia\u00adlistes alle\u00admands. Il s\u2019en r\u00e9jouit. Mais vous oubliez de dire, lui crie la page 7 du m\u00eame num\u00e9\u00adro, si apr\u00e8s \u00ab&nbsp;l\u2019emploi de cette <i>action directe<\/i>, les socia\u00adlistes alle\u00admands sont res\u00adt\u00e9s ce qu\u2019ils \u00e9taient avant&nbsp;\u00bb. Or, la r\u00e9ponse n\u2019est pas dou\u00adteuse. Il n\u2019y a aucun chan\u00adge\u00adment. Par cons\u00e9\u00adquent, tu radotes, Bracke, tu racontes \u00ab&nbsp;des stu\u00adpi\u00addi\u00adt\u00e9s&nbsp;\u00bb si tu crois \u00ab&nbsp;que les gami\u00adne\u00adries de potaches&nbsp;\u00bb de tes amis alle\u00admands vont sup\u00adpri\u00admer demain la pro\u00adpri\u00e9\u00adt\u00e9 indi\u00advi\u00adduelle. Far\u00adceur,&nbsp;va&nbsp;!<\/p>\n<\/div>\n<\/div>\n","protected":false},"excerpt":{"rendered":"<p>Nos bons mili\u00adtaires Apr\u00e8s une vie active consa\u00adcr\u00e9e \u00e0 la d\u00e9fense de la patrie, nos vieux g\u00e9n\u00e9\u00adraux et ami\u00adraux du cadre de r\u00e9serve conti\u00adnuent \u00e0 ser\u00advir le pays dans la mesure de leur force. Apr\u00e8s la gloire mili\u00adtaire, le d\u00e9ve\u00adlop\u00adpe\u00adment \u00e9co\u00adno\u00admique&nbsp;! Leurs uni\u00adformes et leurs croix servent \u00e0 enjo\u00adli\u00adver les pros\u00adpec\u00adtus de r\u00e9clames finan\u00adci\u00e8res. Un&nbsp;[\u2026]<\/p>\n","protected":false},"author":8,"featured_media":5043,"comment_status":"closed","ping_status":"closed","sticky":false,"template":"wp-custom-template-page-d-article","format":"standard","meta":{"wp_typography_post_enhancements_disabled":false,"footnotes":""},"categories":[462],"tags":[890],"ppma_author":[680],"class_list":["post-3804","post","type-post","status-publish","format-standard","has-post-thumbnail","hentry","category-laction-directe-na2-22-janvier-1908","tag-nouvelles-et-commentaires"],"authors":[{"term_id":680,"user_id":8,"is_guest":0,"slug":"anonyme","display_name":"Anonyme","avatar_url":"https:\/\/secure.gravatar.com\/avatar\/cdccebf2bbf18d75df96a6721f7ce7f7ec80d026f1b8ec6be93de563bca5236b?s=96&d=mm&r=g","author_category":"","user_url":"","last_name":"","first_name":"","job_title":"","description":""}],"_links":{"self":[{"href":"https:\/\/la-presse-anarchiste.net\/index.php\/wp-json\/wp\/v2\/posts\/3804","targetHints":{"allow":["GET"]}}],"collection":[{"href":"https:\/\/la-presse-anarchiste.net\/index.php\/wp-json\/wp\/v2\/posts"}],"about":[{"href":"https:\/\/la-presse-anarchiste.net\/index.php\/wp-json\/wp\/v2\/types\/post"}],"author":[{"embeddable":true,"href":"https:\/\/la-presse-anarchiste.net\/index.php\/wp-json\/wp\/v2\/users\/8"}],"replies":[{"embeddable":true,"href":"https:\/\/la-presse-anarchiste.net\/index.php\/wp-json\/wp\/v2\/comments?post=3804"}],"version-history":[{"count":4,"href":"https:\/\/la-presse-anarchiste.net\/index.php\/wp-json\/wp\/v2\/posts\/3804\/revisions"}],"predecessor-version":[{"id":6808,"href":"https:\/\/la-presse-anarchiste.net\/index.php\/wp-json\/wp\/v2\/posts\/3804\/revisions\/6808"}],"wp:featuredmedia":[{"embeddable":true,"href":"https:\/\/la-presse-anarchiste.net\/index.php\/wp-json\/wp\/v2\/media\/5043"}],"wp:attachment":[{"href":"https:\/\/la-presse-anarchiste.net\/index.php\/wp-json\/wp\/v2\/media?parent=3804"}],"wp:term":[{"taxonomy":"category","embeddable":true,"href":"https:\/\/la-presse-anarchiste.net\/index.php\/wp-json\/wp\/v2\/categories?post=3804"},{"taxonomy":"post_tag","embeddable":true,"href":"https:\/\/la-presse-anarchiste.net\/index.php\/wp-json\/wp\/v2\/tags?post=3804"},{"taxonomy":"author","embeddable":true,"href":"https:\/\/la-presse-anarchiste.net\/index.php\/wp-json\/wp\/v2\/ppma_author?post=3804"}],"curies":[{"name":"wp","href":"https:\/\/api.w.org\/{rel}","templated":true}]}}