{"id":3811,"date":"1963-08-01T00:03:14","date_gmt":"1963-08-01T00:03:14","guid":{"rendered":"https:\/\/la-presse-anarchiste.net\/index.php\/2016\/10\/13\/ou-va-lanarchisme-espagnol\/"},"modified":"2024-05-01T17:22:17","modified_gmt":"2024-05-01T17:22:17","slug":"ou-va-lanarchisme-espagnol","status":"publish","type":"post","link":"https:\/\/la-presse-anarchiste.net\/index.php\/1963\/08\/01\/ou-va-lanarchisme-espagnol\/","title":{"rendered":"O\u00f9 va l\u2019anarchisme espagnol&nbsp;?"},"content":{"rendered":"<div class=\"pdfprnt-buttons pdfprnt-buttons-post pdfprnt-top-right\"><a href=\"https:\/\/la-presse-anarchiste.net\/index.php\/wp-json\/wp\/v2\/posts\/3811?print=pdf\" class=\"pdfprnt-button pdfprnt-button-pdf\" target=\"_blank\"><img decoding=\"async\" src=\"https:\/\/la-presse-anarchiste.net\/wp-content\/plugins\/pdf-print\/images\/pdf.png\" alt=\"image_pdf\" title=\"Afficher le PDF\"><\/a><a href=\"https:\/\/la-presse-anarchiste.net\/index.php\/wp-json\/wp\/v2\/posts\/3811?print=print\" class=\"pdfprnt-button pdfprnt-button-print\" target=\"_blank\"><img decoding=\"async\" src=\"https:\/\/la-presse-anarchiste.net\/wp-content\/plugins\/pdf-print\/images\/print.png\" alt=\"image_print\" title=\"Contenu imprim\u00e9\"><\/a><\/div><div align=\"justify\">\n<div style=\"text-indent: 1cm;\">\n<p>Nous avions, il y a pr\u00e8s d\u2019un an, publi\u00e9 un article dans lequel nous affir\u00admions que ce qu\u2019on appelle \u00ab&nbsp;l\u2019\u00e9\u00admi\u00adgra\u00adtion r\u00e9pu\u00adbli\u00adcaine espa\u00adgnole&nbsp;\u00bb \u00e9tait en grande par\u00adtie res\u00adpon\u00adsable du main\u00adtien de Fran\u00adco au pou\u00advoir. Nous en don\u00adnions comme rai\u00adson le manque de s\u00e9rieux, de coh\u00e9\u00adrence, de volon\u00adt\u00e9 sin\u00adc\u00e8re d\u2019en\u00adtente, de res\u00adpon\u00adsa\u00adbi\u00adli\u00adt\u00e9 poli\u00adtique et his\u00adto\u00adrique des dif\u00adf\u00e9\u00adrents sec\u00adteurs anti\u00adfran\u00adquistes exis\u00adtant \u00e0 l\u2019\u00e9\u00adtran\u00adger&nbsp;: socia\u00adlistes, r\u00e9pu\u00adbli\u00adcains de dif\u00adf\u00e9\u00adrentes ten\u00addances, cata\u00adla\u00adnistes, basques, mou\u00adve\u00adment syn\u00addi\u00adcal de l\u2019U\u00adnion G\u00e9n\u00e9\u00adrale des Tra\u00advailleurs et, enfin, Conf\u00e9\u00add\u00e9\u00adra\u00adtion Natio\u00adnale du Tra\u00advail, qui pen\u00addant quinze ans s\u2019est main\u00adte\u00adnue divi\u00ads\u00e9e en deux ten\u00addances hos\u00adtiles, comme l\u2019est tou\u00adjours du reste l\u2019or\u00adga\u00adni\u00adsa\u00adtion syn\u00addi\u00adcale r\u00e9for\u00admiste dont une par\u00adtie est com\u00admu\u00adni\u00adsante et l\u2019autre socia\u00adli\u00adsante, ou d\u2019o\u00adb\u00e9\u00addience socia\u00adliste. Ajou\u00adtons l\u2019en\u00adsemble de l\u2019a\u00adnar\u00adchisme mili\u00adtant, ou ce qui en&nbsp;reste.<\/p>\n<p>Et encore ne s\u2019a\u00adgit-il, ici, que des grandes lignes qu\u2019offre cette mosa\u00efque de l\u2019\u00e9\u00admi\u00adgra\u00adtion. Il y a des sous-sec\u00adteurs et des ten\u00addances actives au sein de chacun.<\/p>\n<p>Il ne semble pas qu\u2019il soit facile de sor\u00adtir de cette situa\u00adtion. Par exemple, les deux cou\u00adrants anta\u00adgo\u00adniques de la Conf\u00e9\u00add\u00e9\u00adra\u00adtion Natio\u00adnale du Tra\u00advail se sont r\u00e9con\u00adci\u00adli\u00e9s il y a trois ans, apr\u00e8s quinze ans de luttes achar\u00adn\u00e9es. \u00c0 l\u2019oc\u00adca\u00adsion de cette r\u00e9con\u00adci\u00adlia\u00adtion, on a tenu des r\u00e9unions, des mee\u00adtings, par\u00adl\u00e9 et \u00e9crit beau\u00adcoup. Mais, pra\u00adti\u00adque\u00adment, cela n\u2019a men\u00e9 \u00e0 rien. Le mou\u00adve\u00adment syn\u00addi\u00adcal liber\u00adtaire n\u2019en a acquis ni plus de force, ni sur\u00adtout plus de dyna\u00admisme. Apr\u00e8s, aus\u00adsi, une quin\u00adzaine d\u2019an\u00adn\u00e9es de divorce entre les deux grandes cen\u00adtrales ouvri\u00e8res, on a fait r\u00e9cem\u00adment une esp\u00e8ce de pacte d\u2019al\u00adliance main\u00adte\u00adnant c\u00e9l\u00e9\u00adbr\u00e9e aus\u00adsi dans de nom\u00adbreuses r\u00e9unions et de nom\u00adbreux mee\u00adtings. Et ce sera tout, comme \u00e0 l\u2019ha\u00adbi\u00adtude&nbsp;: pala\u00adbras, pala\u00adbras y palabras.<\/p>\n<p>Car le tra\u00advail s\u00e9rieux aurait consis\u00adt\u00e9 \u00e0 consti\u00adtuer des com\u00admis\u00adsions d\u2019\u00e9\u00adtude, \u00e0 \u00e9la\u00adbo\u00adrer un plan d\u2019ac\u00adtion d\u2019en\u00adver\u00adgure, \u00e0 s\u2019ef\u00adfor\u00adcer de mettre debout une concep\u00adtion valable\u200a\u2014\u200apoli\u00adtique, \u00e9co\u00adno\u00admique et sociale\u200a\u2014\u200ade l\u2019Es\u00adpagne post\u00adfran\u00adquiste et \u00e0 influen\u00adcer les par\u00adtis poli\u00adtiques pour les faire se r\u00e9unir et uni\u00adfier leur action. Mais on ne va pas si loin&nbsp;; on ne veut pas aller si loin. Inca\u00adpa\u00adci\u00adt\u00e9 des meneurs, certes, mais aus\u00adsi obs\u00adti\u00adna\u00adtion de ne pas s\u2019en\u00adtendre, mal\u00adgr\u00e9 la com\u00e9\u00addie jou\u00e9e pour trom\u00adper le gros des adh\u00e9\u00adrents qui, eux, sont tou\u00adjours pr\u00eats \u00e0 se grou\u00adper pour des fins com\u00admunes. Et m\u00eame, quand on par\u00advient \u00e0 des liai\u00adsons orga\u00adniques, comme il est arri\u00adv\u00e9 avec la r\u00e9con\u00adci\u00adlia\u00adtion des deux ten\u00addances hos\u00adtiles de la C.N.T., les man\u0153u\u00advriers qui com\u00adposent les comi\u00adt\u00e9s s\u2019ar\u00adrangent pour qu\u2019au\u00adcun tra\u00advail pra\u00adtique ne soit fait. C\u2019est d\u00e9plo\u00adrable, c\u2019est \u00e9c\u0153u\u00adrant, mais c\u2019est&nbsp;ainsi.<\/p>\n<p>On pr\u00e9\u00adf\u00e8re d\u00e9cla\u00admer beau\u00adcoup contre Fran\u00adco, accu\u00adser les d\u00e9mo\u00adcra\u00adties de le sou\u00adte\u00adnir. Cela ne demande ni efforts, ni res\u00adpon\u00adsa\u00adbi\u00adli\u00adt\u00e9s. Et on est tel\u00adle\u00adment au-des\u00adsous de la com\u00adpr\u00e9\u00adhen\u00adsion n\u00e9ces\u00adsaire du pro\u00adbl\u00e8me et des v\u00e9ri\u00adtables t\u00e2ches his\u00adto\u00adriques que l\u2019on exige des\u00addites d\u00e9mo\u00adcra\u00adties qu\u2019elles chassent le dic\u00adta\u00adteur en ajou\u00adtant qu\u2019elles n\u2019ont pas \u00e0 s\u2019oc\u00adcu\u00adper de ce qui vien\u00addra par la suite&nbsp;: luttes entre les par\u00adtis, guerre civile, etc. C\u2019est \u00e0 se deman\u00adder quel est le niveau men\u00adtal de ceux qui parlent ainsi.<\/p>\n<p>Rien de chan\u00adg\u00e9 donc, et rien ne devra chan\u00adger de par l\u2019ac\u00adtion des par\u00adtis, des frac\u00adtions, des ten\u00addances et du gou\u00adver\u00adne\u00adment r\u00e9pu\u00adbli\u00adcain en exil. Fran\u00adco fini\u00adra par par\u00adtir, ou par mou\u00adrir, et sera rem\u00adpla\u00adc\u00e9 par un roi, plus ou moins lib\u00e9\u00adral, que l\u2019ar\u00adm\u00e9e appuie\u00adra. On aura alors beau jeu de conti\u00adnuer \u00e0 d\u00e9cla\u00admer dans les mee\u00adtings, et de rem\u00adplir des colonnes de journaux.<\/p>\n<p>Arri\u00advons-en \u00e0 un pro\u00adbl\u00e8me qui nous touche de plus pr\u00e8s encore. Admet\u00adtons que les forces de gauche, les sec\u00adteurs r\u00e9vo\u00adlu\u00adtion\u00adnaires, aient, dans cette monar\u00adchie, le droit de s\u2019or\u00adga\u00adni\u00adser, comme elles l\u2019ont eu hier, mal\u00adgr\u00e9 des p\u00e9riodes de r\u00e9ac\u00adtion que nous n\u2019ou\u00adblions pas. Quel sera l\u2019a\u00adve\u00adnir du mou\u00adve\u00adment liber\u00adtaire, de la Conf\u00e9\u00add\u00e9\u00adra\u00adtion Natio\u00adnale du Tra\u00advail&nbsp;? Disons net\u00adte\u00adment qu\u2019il nous appa\u00adra\u00eet des plus sombres. Ceux qui, depuis des ann\u00e9es, font pro\u00adfes\u00adsion de diri\u00adgeants du mou\u00adve\u00adment liber\u00adtaire en exil, et le font si bien que bon nombre des mili\u00adtants de base, par\u00admi les meilleurs, se sont reti\u00adr\u00e9s, d\u00e9\u00e7us et d\u00e9ses\u00adp\u00e9\u00adr\u00e9s, semblent pour\u00adsuivre la dis\u00adpa\u00adri\u00adtion de notre mou\u00adve\u00adment, car ils ne font rien en vue de cet ave\u00adnir. Inca\u00adpa\u00adci\u00adt\u00e9, certes, mais aus\u00adsi indif\u00adf\u00e9\u00adrence que n\u2019ar\u00adrivent pas \u00e0 mas\u00adquer les flots d\u2019\u00e9\u00adlo\u00adquence d\u00e9magogique.<\/p>\n<p>La v\u00e9ri\u00adt\u00e9 est qu\u2019au\u00adjourd\u2019\u00adhui le par\u00adti com\u00admu\u00adniste espa\u00adgnol, savam\u00adment orga\u00adni\u00ads\u00e9 et extra\u00ador\u00addi\u00adnai\u00adre\u00adment actif, est, en Espagne, en train de p\u00e9n\u00e9\u00adtrer par\u00adtout&nbsp;: dans le monde estu\u00addian\u00adtin et uni\u00adver\u00adsi\u00adtaire, dans les syn\u00addi\u00adcats de la pha\u00adlange, dans les milieux intel\u00adlec\u00adtuels et pay\u00adsans, dans tous les cercles, toutes les sph\u00e8res o\u00f9 il est utile d\u2019a\u00adgir. Il s\u2019in\u00adfiltre m\u00eame dans d\u2019im\u00adpor\u00adtantes mai\u00adsons d\u2019\u00e9\u00addi\u00adtions o\u00f9 d\u00e9j\u00e0 il exerce un contr\u00f4le crois\u00adsant. Il forme acti\u00adve\u00adment des mili\u00adtants sp\u00e9\u00adcia\u00adli\u00ads\u00e9s, trans\u00adforme les pri\u00adsons en uni\u00adver\u00adsi\u00adt\u00e9s. Il n\u2019a devant lui que l\u2019\u00c9\u00adglise catho\u00adlique. Mais ses cadres, nom\u00adbreux et bien orga\u00adni\u00ads\u00e9s, le vaste appa\u00adreil qu\u2019il a mis debout, avec, natu\u00adrel\u00adle\u00adment, l\u2019aide finan\u00adci\u00e8re et tech\u00adnique de la Rus\u00adsie, sont en place dans tous les sec\u00adteurs favo\u00adrables, et si rien ne change, on peut pr\u00e9\u00advoir que c\u2019est lui qui, demain, pren\u00addra la place qu\u2019oc\u00adcu\u00adpait avant 1936 la Conf\u00e9\u00add\u00e9\u00adra\u00adtion Natio\u00adnale du Travail.<\/p>\n<p>Car il ne suf\u00adfit pas que nous ayons eu hier une force r\u00e9vo\u00adlu\u00adtion\u00adnaire pr\u00e9\u00adpon\u00add\u00e9\u00adrante&nbsp;: en Rus\u00adsie, les bol\u00adche\u00adviques \u00e9taient mino\u00adri\u00adtaires au temps de Kerens\u00adky&nbsp;; cela ne les a pas emp\u00ea\u00adch\u00e9s de s\u2019emparer de la situa\u00adtion. Il ne suf\u00adfit pas non plus de nous dire que la psy\u00adcho\u00adlo\u00adgie du peuple espa\u00adgnol est trop rebelle \u00e0 la dic\u00adta\u00adture&nbsp;: d\u2019a\u00adbord, les com\u00admu\u00adnistes sont assez intel\u00adli\u00adgents pour camou\u00adfler leurs buts et adap\u00adter leurs m\u00e9thodes aux n\u00e9ces\u00adsi\u00adt\u00e9s tac\u00adtiques&nbsp;; ensuite, l\u2019a\u00adbru\u00adtis\u00adse\u00adment, la domes\u00adti\u00adca\u00adtion auto\u00adri\u00adtaire et men\u00adtale \u00e0 laquelle le fran\u00adquisme s\u2019est livr\u00e9 sur la g\u00e9n\u00e9\u00adra\u00adtion espa\u00adgnole actuelle a pr\u00e9\u00addis\u00adpo\u00ads\u00e9 la grande majo\u00adri\u00adt\u00e9 des jeunes \u00e0, accep\u00adter la conti\u00adnui\u00adt\u00e9 des m\u00e9thodes auto\u00adri\u00adtaires, car ils n\u2019en connaissent pas d\u2019autres. C\u2019est ce qui s\u2019est pro\u00adduit en Ita\u00adlie apr\u00e8s la chute du fas\u00adcisme&nbsp;: les ouvriers dres\u00ads\u00e9s aux pra\u00adtiques du tota\u00adli\u00adta\u00adrisme consti\u00adtu\u00e8rent le plus gros des nou\u00adveaux effec\u00adtifs com\u00admu\u00adnistes. Nos cama\u00adrades ita\u00adliens savent \u00e0 quelles dif\u00adfi\u00adcul\u00adt\u00e9s ils se sont heur\u00adt\u00e9s \u00e0 ce sujet, cer\u00adtains m\u00eame reprirent le che\u00admin de l\u2019exil\u2026<\/p>\n<p>La par\u00adtie s\u2019an\u00adnonce donc extr\u00ea\u00adme\u00adment dif\u00adfi\u00adcile. Mais ceux qui sont \u00e0 la t\u00eate du mou\u00adve\u00adment liber\u00adtaire espa\u00adgnol en exil ne font rien\u200a\u2014\u200asi l\u2019on excepte quelques petites ten\u00adta\u00adtives sans m\u00e9thode et sans suite, et qui ne sont que du camou\u00adflage\u200a\u2014\u200apour y parer. Voi\u00adl\u00e0, quinze ans que cer\u00adtains d\u2019entre nous ont deman\u00add\u00e9 l\u2019or\u00adga\u00adni\u00adsa\u00adtion de cours pour for\u00admer des mili\u00adtants, l\u2019\u00e9\u00adtude des ques\u00adtions doc\u00adtri\u00adnaires, des pro\u00adbl\u00e8mes socio\u00adlo\u00adgiques, la for\u00adma\u00adtion de cadres de carac\u00adt\u00e8re \u00e9co\u00adno\u00admique, syn\u00addi\u00adcal, l\u2019\u00e9\u00adla\u00adbo\u00adra\u00adtion de struc\u00adtures r\u00e9gio\u00adnales d\u2019une \u00e9co\u00adno\u00admie socia\u00adli\u00ads\u00e9e, semi-socia\u00adli\u00ads\u00e9e, coop\u00e9\u00adra\u00adtiste ou muni\u00adci\u00adpa\u00adli\u00ads\u00e9e, cor\u00adres\u00adpon\u00addant \u00e0 la r\u00e9a\u00adli\u00adt\u00e9 espa\u00adgnole, l\u2019\u00e9\u00adta\u00adblis\u00adse\u00adment de contacts avec les autres sec\u00adteurs aux\u00adquels nous aurions pro\u00adpo\u00ads\u00e9 des solu\u00adtions for\u00adc\u00e9\u00adment mixtes, en r\u00e9ser\u00advant tout ce qui aurait \u00e9t\u00e9 pos\u00adsible, dans l\u2019or\u00adga\u00adni\u00adsa\u00adtion de l\u2019a\u00adgri\u00adcul\u00adture et de l\u2019in\u00addus\u00adtrie. Rien de tout cela n\u2019a \u00e9t\u00e9 fait, rien n\u2019est entre\u00adpris. Nos mili\u00adtants r\u00e9fu\u00adgi\u00e9s en France, en Angle\u00adterre, en Am\u00e9\u00adrique du Nord, du Centre et du Sud s\u2019a\u00addaptent ou dis\u00adpa\u00adraissent&nbsp;: on ne fait rien pour bou\u00adcher ces&nbsp;vides.<\/p>\n<p>Nous avons bien une mino\u00adri\u00adt\u00e9 de cama\u00adrades qui accom\u00adplissent en Espagne un tra\u00advail clan\u00addes\u00adtin, mais ce tra\u00advail n\u2019est pas, m\u00eame de loin, com\u00adpa\u00adrable \u00e0 celui des com\u00admu\u00adnistes. Il manque l\u2019ha\u00adbi\u00adtude de l\u2019or\u00adga\u00adni\u00adsa\u00adtion secr\u00e8te dont les agents de Mos\u00adcou sont des ma\u00eetres. Il manque les moyens mat\u00e9\u00adriels. Il manque aus\u00adsi, disons-le fran\u00adche\u00adment, l\u2019en\u00adver\u00adgure intel\u00adlec\u00adtuelle, la vision int\u00e9\u00adgrale des pro\u00adbl\u00e8mes et l\u2019a\u00adna\u00adlyse sp\u00e9\u00adcia\u00adli\u00ads\u00e9e o\u00f9, l\u00e0 encore (nous l\u2019a\u00advions bien vu pen\u00addant la guerre d\u2019Es\u00adpagne), nos pires adver\u00adsaires sont des ma\u00eetres.<\/p>\n<p>Pour pal\u00adlier ces dif\u00adfi\u00adcul\u00adt\u00e9s, il aurait fal\u00adlu se livrer \u00e0 un tra\u00advail intense de pr\u00e9\u00adpa\u00adra\u00adtion indis\u00adpen\u00adsable, et que ceux qui assument le r\u00f4le de guides dans les congr\u00e8s, dans les mee\u00adtings, par\u00adtout o\u00f9 ils pro\u00adnoncent d\u2019\u00e9\u00adlo\u00adquents dis\u00adcours, ceux qui dirigent nos jour\u00adnaux et vivent de la pro\u00adpa\u00adgande, s\u2019a\u00adcharnent \u00e0 ne pas r\u00e9a\u00adli\u00adser. Il semble que leur maxime soit&nbsp;: \u00ab&nbsp;Apr\u00e8s nous, le d\u00e9luge&nbsp;!&nbsp;\u00bb<\/p>\n<p>Il n\u2019est pas dif\u00adfi\u00adcile de voir que le n\u00e9ant est au bout. C\u2019est notre devoir que de d\u00e9non\u00adcer cette situation.<\/p>\n<p style=\"text-align: right;\">Gas\u00adton&nbsp;Leval<\/p>\n<\/div>\n<\/div>\n","protected":false},"excerpt":{"rendered":"<p>Nous avions, il y a pr\u00e8s d\u2019un an, publi\u00e9 un article dans lequel nous affir\u00admions que ce qu\u2019on appelle \u00ab&nbsp;l\u2019\u00e9\u00admi\u00adgra\u00adtion r\u00e9pu\u00adbli\u00adcaine espa\u00adgnole&nbsp;\u00bb \u00e9tait en grande par\u00adtie res\u00adpon\u00adsable du main\u00adtien de Fran\u00adco au pou\u00advoir. Nous en don\u00adnions comme rai\u00adson le manque de s\u00e9rieux, de coh\u00e9\u00adrence, de volon\u00adt\u00e9 sin\u00adc\u00e8re d\u2019en\u00adtente, de res\u00adpon\u00adsa\u00adbi\u00adli\u00adt\u00e9 poli\u00adtique et his\u00adto\u00adrique des diff\u00e9rents&nbsp;[\u2026]<\/p>\n","protected":false},"author":3,"featured_media":4367,"comment_status":"closed","ping_status":"closed","sticky":false,"template":"wp-custom-template-page-d-article","format":"standard","meta":{"wp_typography_post_enhancements_disabled":false,"footnotes":""},"categories":[463],"tags":[596,566],"ppma_author":[542],"class_list":["post-3811","post","type-post","status-publish","format-standard","has-post-thumbnail","hentry","category-cahiers-de-lhumanisme-libertaire-n93-94-aout-septembre-1963","tag-critique-du-mouvement-libertaire","tag-espagne"],"authors":[{"term_id":542,"user_id":3,"is_guest":0,"slug":"gaston-leval","display_name":"Gaston Leval","avatar_url":"https:\/\/secure.gravatar.com\/avatar\/7ae7ce3958925f73872a256383816093a76474ce6269f9f0b0b19aae67536709?s=96&d=mm&r=g","author_category":"","user_url":"","last_name":"Leval","first_name":"Gaston","job_title":"","description":"Pseudonyme de Pierre Piller <a>Sa notice biographique tir\u00e9e du Maitron peut \u00eatre consult\u00e9e en cliquant sur le lien<\/a>"}],"_links":{"self":[{"href":"https:\/\/la-presse-anarchiste.net\/index.php\/wp-json\/wp\/v2\/posts\/3811","targetHints":{"allow":["GET"]}}],"collection":[{"href":"https:\/\/la-presse-anarchiste.net\/index.php\/wp-json\/wp\/v2\/posts"}],"about":[{"href":"https:\/\/la-presse-anarchiste.net\/index.php\/wp-json\/wp\/v2\/types\/post"}],"author":[{"embeddable":true,"href":"https:\/\/la-presse-anarchiste.net\/index.php\/wp-json\/wp\/v2\/users\/3"}],"replies":[{"embeddable":true,"href":"https:\/\/la-presse-anarchiste.net\/index.php\/wp-json\/wp\/v2\/comments?post=3811"}],"version-history":[{"count":3,"href":"https:\/\/la-presse-anarchiste.net\/index.php\/wp-json\/wp\/v2\/posts\/3811\/revisions"}],"predecessor-version":[{"id":7290,"href":"https:\/\/la-presse-anarchiste.net\/index.php\/wp-json\/wp\/v2\/posts\/3811\/revisions\/7290"}],"wp:featuredmedia":[{"embeddable":true,"href":"https:\/\/la-presse-anarchiste.net\/index.php\/wp-json\/wp\/v2\/media\/4367"}],"wp:attachment":[{"href":"https:\/\/la-presse-anarchiste.net\/index.php\/wp-json\/wp\/v2\/media?parent=3811"}],"wp:term":[{"taxonomy":"category","embeddable":true,"href":"https:\/\/la-presse-anarchiste.net\/index.php\/wp-json\/wp\/v2\/categories?post=3811"},{"taxonomy":"post_tag","embeddable":true,"href":"https:\/\/la-presse-anarchiste.net\/index.php\/wp-json\/wp\/v2\/tags?post=3811"},{"taxonomy":"author","embeddable":true,"href":"https:\/\/la-presse-anarchiste.net\/index.php\/wp-json\/wp\/v2\/ppma_author?post=3811"}],"curies":[{"name":"wp","href":"https:\/\/api.w.org\/{rel}","templated":true}]}}