{"id":3821,"date":"1963-08-01T00:12:13","date_gmt":"1963-08-01T00:12:13","guid":{"rendered":"https:\/\/la-presse-anarchiste.net\/index.php\/2016\/10\/13\/sur-la-patrie\/"},"modified":"2024-05-01T19:16:32","modified_gmt":"2024-05-01T19:16:32","slug":"sur-la-patrie","status":"publish","type":"post","link":"https:\/\/la-presse-anarchiste.net\/index.php\/1963\/08\/01\/sur-la-patrie\/","title":{"rendered":"Sur la patrie"},"content":{"rendered":"<div class=\"pdfprnt-buttons pdfprnt-buttons-post pdfprnt-top-right\"><a href=\"https:\/\/la-presse-anarchiste.net\/index.php\/wp-json\/wp\/v2\/posts\/3821?print=pdf\" class=\"pdfprnt-button pdfprnt-button-pdf\" target=\"_blank\"><img decoding=\"async\" src=\"https:\/\/la-presse-anarchiste.net\/wp-content\/plugins\/pdf-print\/images\/pdf.png\" alt=\"image_pdf\" title=\"Afficher le PDF\"><\/a><a href=\"https:\/\/la-presse-anarchiste.net\/index.php\/wp-json\/wp\/v2\/posts\/3821?print=print\" class=\"pdfprnt-button pdfprnt-button-print\" target=\"_blank\"><img decoding=\"async\" src=\"https:\/\/la-presse-anarchiste.net\/wp-content\/plugins\/pdf-print\/images\/print.png\" alt=\"image_print\" title=\"Contenu imprim\u00e9\"><\/a><\/div><div style=\"text-align: right;\" align=\"justify\">La musique qui marche au&nbsp;pas,<br>\nCela ne me regarde pas.<br>\nGeorges Brassens<\/div>\n<div align=\"justify\"><\/div>\n<div align=\"justify\">\n<p>D\u00e8s son plus jeune \u00e2ge on inculque \u00e0 l\u2019en\u00adfant le res\u00adpect de la patrie. S\u2019il exis\u00adtait un \u00ab&nbsp;s\u00e9rum patrio\u00adtique&nbsp;\u00bb, on le lui injec\u00adte\u00adrait \u00e0 sa nais\u00adsance afin de l\u2019im\u00admu\u00adni\u00adser contre tout pro\u00adpos sacri\u00adl\u00e8ge tou\u00adchant cette idole. Depuis des si\u00e8cles, des mora\u00adlistes, des po\u00e8tes, les mili\u00adtaires et, bien s\u00fbr, l\u2019\u00e9\u00adcole sont d\u2019ac\u00adcord sur le culte que lui doit tout hon\u00adn\u00eate homme.Nous nous sou\u00adve\u00adnons du temps loin\u00adtain des <i>Mar\u00adseillaise<\/i> de notre enfance qu\u2019on nous fai\u00adsait hur\u00adler \u00e0 l\u2019oc\u00adca\u00adsion, entre autres, des dis\u00adtri\u00adbu\u00adtions de prix&nbsp;; nous voyons encore des yeux, badauds enthou\u00adsiastes, attendre pr\u00e8s d\u2019une caserne proche la sor\u00adtie du r\u00e9gi\u00adment, musique en t\u00eate. Avec quelle gra\u00advi\u00adt\u00e9 on se d\u00e9cou\u00advrait quand pas\u00adsait le dra\u00adpeau&nbsp;! Qui\u00adconque se f\u00fbt mon\u00adtr\u00e9 insen\u00adsible \u00e0 la gloire de cet embl\u00e8me se serait vu tra\u00ee\u00adn\u00e9 au poste de police et rou\u00e9 de coups. \u00c7a n\u2019a pas chan\u00adg\u00e9. Car la musique \u00ab&nbsp;qui marche au pas&nbsp;\u00bb n\u2019a\u00addou\u00adcit pas les m\u0153urs&nbsp;\u00bb. Comme quoi il ne faut pas bla\u00adguer avec ce culte qui a pour lui, comme si cela le jus\u00adti\u00adfiait, des si\u00e8cles d\u2019exis\u00adtence, comme la b\u00eatise d\u2019ailleurs.<\/p>\n<p>Tous les \u00c9tats, quels qu\u2019ils soient, l\u2019ont exal\u00adt\u00e9, ce culte, l\u2019exaltent tou\u00adjours et r\u00e9priment avec la der\u00adni\u00e8re s\u00e9v\u00e9\u00adri\u00adt\u00e9 ceux qui osent ouver\u00adte\u00adment por\u00adter atteinte \u00e0 la sain\u00adte\u00adt\u00e9 de la patrie.<\/p>\n<p>M\u00eame aujourd\u2019\u00adhui, mal\u00adgr\u00e9 les mil\u00adlions de morts des guerres r\u00e9centes\u200a\u2014\u200ades morts qui vont vite\u200a\u2014\u200aon chante encore que mou\u00adrir pour elle \u00ab&nbsp;est le sort le plus beau&nbsp;\u00bb. Un diri\u00adgeant \u00e9toi\u00adl\u00e9 ne perd pas une occa\u00adsion de nous le rap\u00adpe\u00adler sachant, comme l\u2019\u00e9\u00adcri\u00advait en 1920 le g\u00e9n\u00e9\u00adral S\u00e9ri\u00adgny, que \u00ab&nbsp;l\u2019\u00c9\u00adtat peut et doit manier le sen\u00adti\u00adment public sui\u00advant les besoins de la poli\u00adtique&nbsp;\u00bb (ou de sa politique).<\/p>\n<p>Pour citer toutes les b\u00eatises qu\u2019a fait dire, et \u00e9crire, cette forme par\u00adti\u00adcu\u00adli\u00e8re de l\u2019hys\u00adt\u00e9\u00adrie, ce n\u2019est pas un livre qui convien\u00addrait, mais une biblio\u00adth\u00e8que&nbsp;! Un \u00e9cri\u00advain connu, grand patriote et v\u00e9n\u00e9\u00adr\u00e9 des Domi\u00adni\u00adcains, \u00e9cri\u00advait en 1916&nbsp;: \u00ab&nbsp;Dans ma patrie, on aime la guerre et secr\u00e8\u00adte\u00adment on la d\u00e9sire.&nbsp;\u00bb Nous aime\u00adrions pou\u00advoir esp\u00e9\u00adrer qu\u2019un jour des savants g\u00e9n\u00e9\u00adreux se pen\u00adche\u00adront sur ce pro\u00adbl\u00e8me d\u2019a\u00adli\u00e9\u00adna\u00adtion men\u00adtale (la reli\u00adgion de la patrie) et en \u00e9tu\u00addie\u00adront la pathologie.<\/p>\n<p>Oui, nous savons bien, comme l\u2019\u00e9\u00adcri\u00advait le phi\u00adlo\u00adsophe Louis Prut, que la patrie c\u2019est \u00ab&nbsp;l\u2019attachement de l\u2019homme \u00e0 sa mai\u00adson, \u00e0 son enclos, \u00e0 son vil\u00adlage ou \u00e0 sa ville. Nous pr\u00e9\u00adf\u00e9\u00adrons sou\u00advent, ajou\u00adtait-il, \u00e0 tous les autres notre coin de terre. L\u00e0, nous sommes chez nous, en s\u00fbre\u00adt\u00e9. Nous sommes tristes quand nous le quit\u00adtons et joyeux de le ser\u00advir. C\u2019est notre pre\u00admi\u00e8re patrie&nbsp;\u00bb. C\u2019est tout. Ce pre\u00admier atta\u00adche\u00adment, ins\u00adtinc\u00adtif, ne va gu\u00e8re plus loin. Apr\u00e8s les tendres ann\u00e9es, on s\u2019at\u00adtache \u00e0 d\u2019autres choses. L\u00e0 com\u00admence \u00e0 se tis\u00adser le r\u00e9seau de pr\u00ea\u00adchi-pr\u00ea\u00adcha patrio\u00adtiques qui enve\u00adloppe l\u2019in\u00addi\u00advi\u00addu, pr\u00e9\u00advient ses cri\u00adtiques et, petit \u00e0 petit, le convainc que ce pre\u00admier amour pour son vil\u00adlage doit obli\u00adga\u00adtoi\u00adre\u00adment s\u2019\u00e9\u00adtendre jus\u00adqu\u2019\u00e0 des mil\u00adliers de kilo\u00adm\u00e8tres, et que le sol qu\u2019il foule n\u2019a plus aucun pres\u00adtige, en tout cas plus le m\u00eame, d\u00e8s qu\u2019ap\u00adpa\u00adra\u00eet l\u2019u\u00adni\u00adforme du doua\u00adnier d\u00e9so\u00adbli\u00adgeant. Apr\u00e8s, plus loin, on ne parle plus sa langue, c\u2019est vrai. Le citoyen doit-il pla\u00adcer au-des\u00adsus de tout le pays o\u00f9 on la parle&nbsp;? A\u2011t-il le devoir de tra\u00advailler \u00e0 la puis\u00adsance de ce pays, non pour qu\u2019il soit une source de lumi\u00e8re intel\u00adlec\u00adtuelle, mais pour qu\u2019il soit le ma\u00eetre, au besoin par la force&nbsp;? Allons-nous sen\u00adtir na\u00eetre en nous l\u2019a\u00admour de la vie sol\u00adda\u00adtesque avec toute la vul\u00adga\u00adri\u00adt\u00e9 qu\u2019elle rec\u00e8le, avec toute sa bes\u00adtia\u00adli\u00adt\u00e9&nbsp;? Se peut-il que nous devions \u00e0 notre patrie d\u2019ac\u00adcep\u00adter de bon c\u0153ur le devoir mili\u00adtaire et l\u2019ac\u00adcom\u00adplir avec ravis\u00adse\u00adment&nbsp;? Se peut-il que ce soit l\u00e0 un id\u00e9al&nbsp;? Doit-on croire \u00e0 la pri\u00admau\u00adt\u00e9 de sa race&nbsp;? Far\u00adceurs, nous sommes tous des m\u00e9tis&nbsp;! Don\u00adnez-nous une d\u00e9fi\u00adni\u00adtion satis\u00adfai\u00adsante de la patrie&nbsp;; dites-nous ce qui consti\u00adtue une nation. L\u2019u\u00adni\u00adt\u00e9 de la race, o\u00f9 la trou\u00adver&nbsp;? La nation fran\u00ad\u00e7aise, entre autres, est un amal\u00adgame de plu\u00adsieurs \u00e9l\u00e9\u00adments eth\u00adniques\u200a\u2014\u200aau moins cinq. (\u00ab&nbsp;Les bri\u00adgands qui fon\u00add\u00e8rent la nation romaine n\u2019ap\u00adpar\u00adte\u00adnaient pas non plus \u00e0 la m\u00eame race&nbsp;\u00bb, \u00e9cri\u00advait Grillot de&nbsp;Givry.)<\/p>\n<p>\u00c9cou\u00adtons un his\u00adto\u00adrien&nbsp;: \u00ab&nbsp;La nation fran\u00ad\u00e7aise est plus h\u00e9t\u00e9\u00adro\u00adg\u00e8ne qu\u2019au\u00adcune autre nation d\u2019Eu\u00adrope&nbsp;; c\u2019est, en v\u00e9ri\u00adt\u00e9, une agglo\u00adm\u00e9\u00adra\u00adtion inter\u00adna\u00adtio\u00adnale de peuples. Ain\u00adsi s\u2019ex\u00adplique la tour\u00adnure inter\u00adna\u00adtio\u00adnale de l\u2019es\u00adprit fran\u00ad\u00e7ais et le carac\u00adt\u00e8re uni\u00adver\u00adsel de la lit\u00adt\u00e9\u00adra\u00adture fran\u00e7aise.<\/p>\n<p>\u00bb Dans cette agglo\u00adm\u00e9\u00adra\u00adtion de peuples qui n\u2019a\u00advaient entre eux rien de com\u00admun, l\u2019u\u00adni\u00adt\u00e9 natio\u00adnale n\u2019a pu se faire par aucune com\u00admu\u00adnau\u00adt\u00e9 natu\u00adrelle ni d\u2019o\u00adri\u00adgine ni de coutumes.<\/p>\n<p>\u00bb Il faut une igno\u00adrance totale de l\u2019an\u00adthro\u00adpo\u00adlo\u00adgie pour par\u00adler de \u00ab&nbsp;race fran\u00e7aise&nbsp;\u00bb.<\/p>\n<p>Et puis, avec les inces\u00adsants croi\u00adse\u00adments, cons\u00e9\u00adquence des migra\u00adtions, colo\u00adni\u00adsa\u00adtions, conqu\u00eates, inva\u00adsions, etc., com\u00adment un fonds racial se serait-il conser\u00adv\u00e9&nbsp;? Ce n\u2019est nulle part possible.<\/p>\n<p>La com\u00admu\u00adnau\u00adt\u00e9 de langue, nous dit-on, est le ciment de l\u2019u\u00adni\u00adt\u00e9 natio\u00adnale. Alors il n\u2019y a pas d\u2019u\u00adni\u00adt\u00e9 natio\u00adnale aux Indes, au Cana\u00adda, en Suisse, en Bel\u00adgique, pays o\u00f9 existent des groupes lin\u00adguis\u00adtiques dif\u00adf\u00e9\u00adrents&nbsp;? Com\u00adment se d\u00e9fendre de r\u00eaver quand, ouvrant un livre d\u2019his\u00adtoire, on trouve que nous por\u00adtons des noms ger\u00adma\u00adniques, tels que Louis, Charles, Hen\u00adri, Albert, Guillaume (des noms de rois de France pour la plu\u00adpart); des noms en h\u00e9breu&nbsp;: Jean, Jacques, Joseph&nbsp;; des noms grecs&nbsp;: Phi\u00adlippe, Georges, Th\u00e9o\u00adphile, ou latins&nbsp;: Emile, Paul, Maurice\u2026<\/p>\n<p>Tour\u00adnons-nous alors vers les r\u00e9a\u00adli\u00adsa\u00adtions de l\u2019es\u00adprit sur quoi s\u2019ap\u00adpuient les patriotes, les natio\u00adna\u00adlistes. Entre les fron\u00adti\u00e8res d\u2019une m\u00eame patrie allons-nous trou\u00adver ce qui lie les unes aux autres les \u0153uvres cultu\u00adrelles&nbsp;? L\u00e0 encore les contrastes appa\u00adraissent, \u00e9normes, mal\u00adgr\u00e9 l\u2019u\u00adni\u00adt\u00e9 de langue et de cou\u00adtumes. La natio\u00adna\u00adli\u00adt\u00e9 n\u2019a donc pas nive\u00adl\u00e9, et c\u2019est heu\u00adreux, les dif\u00adf\u00e9\u00adrences de tem\u00adp\u00e9\u00adra\u00adment, d\u2019\u00e9\u00addu\u00adca\u00adtion, de style de vie des artistes, des savants, des phi\u00adlo\u00adsophes, etc., pour un pays don\u00adn\u00e9. Et les affi\u00adni\u00adt\u00e9s qu\u2019on trouve entre les auteurs de natio\u00adna\u00adli\u00adt\u00e9s dif\u00adf\u00e9\u00adrentes ne sont plus \u00e0 d\u00e9mon\u00adtrer. Cela n\u2019a rien pour nous sur\u00adprendre. Sur le plan \u00e9le\u00adv\u00e9 de la pen\u00ads\u00e9e et quel que soit l\u2019en\u00addroit du globe o\u00f9 il se trouve, c\u2019est l\u2019homme qui \u0153uvre pour mettre en lumi\u00e8re des aspi\u00adra\u00adtions aus\u00adsi vieilles que le&nbsp;monde.<\/p>\n<p>O\u00f9 le patrio\u00adtisme ne va-t-il pas se nicher&nbsp;! Sur quel ton orgueilleux ne parle-t-on pas des \u00ab&nbsp;d\u00e9cou\u00advertes fran\u00ad\u00e7aises&nbsp;\u00bb, des \u00ab&nbsp;tech\u00adniques fran\u00e7aises&nbsp;\u00bb&nbsp;?<\/p>\n<p>\u00c9cou\u00adtons Suzanne Labin&nbsp;:<\/p>\n<p>\u00ab&nbsp;Toutes les patries qui se pr\u00e9\u00advalent d\u2019ac\u00adcom\u00adplis\u00adse\u00adments sin\u00adgu\u00adliers puisent \u00e0 une m\u00eame manne inter\u00adna\u00adtio\u00adnale. Elles sont toutes rede\u00advables de la pen\u00ads\u00e9e phi\u00adlo\u00adso\u00adphique \u00e0 la Gr\u00e8ce, de l\u2019as\u00adtro\u00adno\u00admie aux Chal\u00add\u00e9ens, de la juris\u00adpru\u00addence \u00e0 Rome, de l\u2019im\u00adpri\u00adme\u00adrie \u00e0 l\u2019Al\u00adle\u00admagne, de la poudre et de la soie \u00e0 la Chine, de la navi\u00adga\u00adtion et du Nou\u00adveau Monde \u00e0, la p\u00e9nin\u00adsule ib\u00e9\u00adrique, de l\u2019al\u00adg\u00e8bre aux Arabes, etc.&nbsp;\u00bb<\/p>\n<p>Ne par\u00adlons pas des gloires spor\u00adtives natio\u00adnales. On se rel\u00e8\u00adve\u00adrait la nuit pour en rire&nbsp;! Il n\u2019y a pas si long\u00adtemps que Fran\u00ad\u00e7ois Mau\u00adriac ver\u00adsait un pleur\u200a\u2014\u200aavec \u00e9l\u00e9\u00adgance\u200a\u2014\u200alors de la d\u00e9faite d\u2019une \u00e9quipe fran\u00ad\u00e7aise de football.<\/p>\n<p>Mais c\u2019est dans la gloire mili\u00adtaire que le patrio\u00adtisme est \u00ab&nbsp;comme le pois\u00adson dans l\u2019eau&nbsp;\u00bb&nbsp;! Lais\u00adsant tous les noms qui nous viennent \u00e0 l\u2019es\u00adprit, sans oublier leur sot\u00adtise, nous don\u00adne\u00adrons la parole \u00e0 l\u2019un d\u2019eux. Allons, Joseph Prud\u2019\u00adhomme, dis-nous bien haut que \u00ab&nbsp;nous ne met\u00adtons des enfants au monde que pour la d\u00e9fense de la patrie&nbsp;\u00bb. Dieu mer\u00adci, la graine de h\u00e9ros ne manque pas&nbsp;! Toutes les patries en ont \u00e0 revendre, elles n\u2019ont qu\u2019\u00e0 se bais\u00adser pour en prendre, de force bien enten\u00addu, puisque le citoyen est tenu \u00e0 une ob\u00e9is\u00adsance qu\u2019il n\u2019a jamais pro\u00admise. (La loi vient encore de nous le rap\u00adpe\u00adler \u00e0 pro\u00adpos des objec\u00adteurs de conscience.)<\/p>\n<p>Pour le patrio\u00adtisme, nous nous lais\u00adse\u00adrions volon\u00adtiers aller \u00e0 un sou\u00adrire d\u2019in\u00addul\u00adgente piti\u00e9 si, dans sa forme de vani\u00adt\u00e9 humaine, il se bor\u00adnait \u00e0 son\u00adner des trom\u00adpettes, \u00e0 se parer d\u2019u\u00adni\u00adformes ridi\u00adcules comme ceux qui, tout \u00e0, l\u2019heure, en pas\u00adsant sous la fen\u00eatre de mon logis de vacances, m\u2019ont ins\u00adpi\u00adr\u00e9 ces quelques lignes. Mais il est fait de choses stu\u00adpides, ter\u00adribles et immo\u00adrales qu\u2019on a ren\u00addues obligatoires.<\/p>\n<p>Allons, une seule gloire est vraie&nbsp;: c\u2019est l\u2019\u00e9\u00adl\u00e9\u00adva\u00adtion de l\u2019\u00e2me, la finesse de la pens\u00e9e.<\/p>\n<p>Et ma r\u00eave\u00adrie prend fin en son\u00adgeant que les patries d\u2019au\u00adjourd\u2019\u00adhui ne sont peut-\u00eatre que les pro\u00advinces d\u2019une immense et unique nation future l\u2019Humanit\u00e9.<\/p>\n<p style=\"text-align: right;\">Mar\u00adcel&nbsp;Renot<\/p>\n<\/div>\n","protected":false},"excerpt":{"rendered":"<p>La musique qui marche au&nbsp;pas, Cela ne me regarde pas. Georges Bras\u00adsens D\u00e8s son plus jeune \u00e2ge on inculque \u00e0 l\u2019en\u00adfant le res\u00adpect de la patrie. S\u2019il exis\u00adtait un \u00ab&nbsp;s\u00e9rum patrio\u00adtique&nbsp;\u00bb, on le lui injec\u00adte\u00adrait \u00e0 sa nais\u00adsance afin de l\u2019im\u00admu\u00adni\u00adser contre tout pro\u00adpos sacri\u00adl\u00e8ge tou\u00adchant cette idole. Depuis des si\u00e8cles, des mora\u00adlistes, des po\u00e8tes,&nbsp;[\u2026]<\/p>\n","protected":false},"author":4,"featured_media":4367,"comment_status":"closed","ping_status":"closed","sticky":false,"template":"wp-custom-template-page-d-article","format":"standard","meta":{"wp_typography_post_enhancements_disabled":false,"footnotes":""},"categories":[463],"tags":[960],"ppma_author":[849],"class_list":["post-3821","post","type-post","status-publish","format-standard","has-post-thumbnail","hentry","category-cahiers-de-lhumanisme-libertaire-n93-94-aout-septembre-1963","tag-patriotisme"],"authors":[{"term_id":849,"user_id":4,"is_guest":0,"slug":"marcel-renot","display_name":"Marcel Renot","avatar_url":"https:\/\/secure.gravatar.com\/avatar\/d57e9e5330347f0692077f7d497be9f12f96c982babf8309c98ef4a31c9d4885?s=96&d=mm&r=g","author_category":"","user_url":"","last_name":"Renot","first_name":"Marcel","job_title":"","description":""}],"_links":{"self":[{"href":"https:\/\/la-presse-anarchiste.net\/index.php\/wp-json\/wp\/v2\/posts\/3821","targetHints":{"allow":["GET"]}}],"collection":[{"href":"https:\/\/la-presse-anarchiste.net\/index.php\/wp-json\/wp\/v2\/posts"}],"about":[{"href":"https:\/\/la-presse-anarchiste.net\/index.php\/wp-json\/wp\/v2\/types\/post"}],"author":[{"embeddable":true,"href":"https:\/\/la-presse-anarchiste.net\/index.php\/wp-json\/wp\/v2\/users\/4"}],"replies":[{"embeddable":true,"href":"https:\/\/la-presse-anarchiste.net\/index.php\/wp-json\/wp\/v2\/comments?post=3821"}],"version-history":[{"count":3,"href":"https:\/\/la-presse-anarchiste.net\/index.php\/wp-json\/wp\/v2\/posts\/3821\/revisions"}],"predecessor-version":[{"id":7302,"href":"https:\/\/la-presse-anarchiste.net\/index.php\/wp-json\/wp\/v2\/posts\/3821\/revisions\/7302"}],"wp:featuredmedia":[{"embeddable":true,"href":"https:\/\/la-presse-anarchiste.net\/index.php\/wp-json\/wp\/v2\/media\/4367"}],"wp:attachment":[{"href":"https:\/\/la-presse-anarchiste.net\/index.php\/wp-json\/wp\/v2\/media?parent=3821"}],"wp:term":[{"taxonomy":"category","embeddable":true,"href":"https:\/\/la-presse-anarchiste.net\/index.php\/wp-json\/wp\/v2\/categories?post=3821"},{"taxonomy":"post_tag","embeddable":true,"href":"https:\/\/la-presse-anarchiste.net\/index.php\/wp-json\/wp\/v2\/tags?post=3821"},{"taxonomy":"author","embeddable":true,"href":"https:\/\/la-presse-anarchiste.net\/index.php\/wp-json\/wp\/v2\/ppma_author?post=3821"}],"curies":[{"name":"wp","href":"https:\/\/api.w.org\/{rel}","templated":true}]}}