{"id":3842,"date":"2017-10-01T07:44:17","date_gmt":"2017-10-01T07:44:17","guid":{"rendered":"https:\/\/la-presse-anarchiste.net\/index.php\/2017\/10\/01\/le-congres-de-nimes\/"},"modified":"2017-10-01T07:44:17","modified_gmt":"2017-10-01T07:44:17","slug":"le-congres-de-nimes","status":"publish","type":"post","link":"https:\/\/la-presse-anarchiste.net\/index.php\/2017\/10\/01\/le-congres-de-nimes\/","title":{"rendered":"Le Congr\u00e8s de&nbsp;N\u00eemes"},"content":{"rendered":"<div class=\"pdfprnt-buttons pdfprnt-buttons-post pdfprnt-top-right\"><a href=\"https:\/\/la-presse-anarchiste.net\/index.php\/wp-json\/wp\/v2\/posts\/3842?print=pdf\" class=\"pdfprnt-button pdfprnt-button-pdf\" target=\"_blank\"><img decoding=\"async\" src=\"https:\/\/la-presse-anarchiste.net\/wp-content\/plugins\/pdf-print\/images\/pdf.png\" alt=\"image_pdf\" title=\"Afficher le PDF\"><\/a><a href=\"https:\/\/la-presse-anarchiste.net\/index.php\/wp-json\/wp\/v2\/posts\/3842?print=print\" class=\"pdfprnt-button pdfprnt-button-print\" target=\"_blank\"><img decoding=\"async\" src=\"https:\/\/la-presse-anarchiste.net\/wp-content\/plugins\/pdf-print\/images\/print.png\" alt=\"image_print\" title=\"Contenu imprim\u00e9\"><\/a><\/div><div align=\"justify\">\n<div style=\"text-indent: 1cm\">\n\n<p>Le Par\u00adti socia\u00adliste (Sec\u00adtion fran\u00ad\u00e7aise de l\u2019Internationale Ouvri\u00e8re) vient de tenir son Congr\u00e8s \u00e0 N\u00eemes, les 6, 7, 8 et 9 f\u00e9vrier. C\u2019est le sep\u00adti\u00e8me depuis que l\u2019Unit\u00e9 a assem\u00adbl\u00e9 dans une orga\u00adni\u00adsa\u00adtion com\u00admune, sui\u00advant le v\u0153u du Congr\u00e8s d\u2019Amsterdam, des frac\u00adtions jusque-l\u00e0 enne\u00admies&nbsp;: les r\u00e9for\u00admistes, grou\u00adp\u00e9s autour de Jau\u00adr\u00e8s dans le Par\u00adti socia\u00adliste fran\u00ad\u00e7ais&nbsp;; les gues\u00addistes et les blan\u00adquistes du Par\u00adti socia\u00adliste de France, et quelques f\u00e9d\u00e9\u00adra\u00adtions d\u00e9par\u00adte\u00admen\u00adtales autonomes.<\/p>\n<p>Cette alliance ne s\u2019est pas faite sans quelque d\u00e9chet. L\u2019Unit\u00e9 pro\u00adcla\u00adm\u00e9e, de nom\u00adbreux par\u00adle\u00admen\u00adtaires s\u2019en sont \u00e9car\u00adt\u00e9s tout de suite, pour prendre l\u2019\u00e9tiquette plus accom\u00admo\u00addante d\u2019<i>ind\u00e9\u00adpen\u00addants<\/i>, et leur troupe s\u2019est accrue chaque ann\u00e9e de nou\u00adveaux trans\u00adfuges. Le P.S.U. s\u2019en console en pen\u00adsant que le d\u00e9part de ses bre\u00adbis galeuses puri\u00adfie ses rangs&nbsp;: ce n\u2019est pas tout \u00e0 fait&nbsp;s\u00fbr.<\/p>\n<p>Uni\u00adt\u00e9 n\u2019est pas uni\u00adfor\u00admi\u00adt\u00e9. Il n\u2019y a plus de par\u00adtis s\u00e9pa\u00adr\u00e9s et adver\u00adsaires, mais ils sub\u00adsistent encore avec leur men\u00adta\u00adli\u00adt\u00e9 propre et leurs m\u00e9thodes par\u00adti\u00adcu\u00adli\u00e8res, presque aus\u00adsi vigou\u00adreu\u00adse\u00adment que jadis. Les fr\u00e8res enne\u00admis ont renon\u00adc\u00e9 \u00e0 s\u2019entred\u00e9chirer publi\u00adque\u00adment, mais cela ne signi\u00adfie pas qu\u2019ils soient r\u00e9concili\u00e9s.<\/p>\n<p>[|<b>Les diverses ten\u00addances<\/b>|]<br>\n<\/p>\n<p>On ne dit plus par\u00adtis, on dit ten\u00addances. Or, deux d\u2019entre elles se par\u00adtagent la S.F.I.O.<\/p>\n<p>D\u2019une part, les jau\u00adres\u00adsistes, ain\u00adsi nom\u00adm\u00e9s parce qu\u2019ils subissent l\u2019incontestable influence de Jau\u00adr\u00e8s, r\u00e9for\u00admistes encore, par\u00adle\u00admen\u00adtaires tou\u00adjours, qui n\u2019ont pas aban\u00addon\u00adn\u00e9 sans id\u00e9e de retour toute tac\u00adtique de par\u00adti\u00adci\u00adpa\u00adtion au pou\u00advoir, mais qui la dis\u00adsi\u00admulent sous une poli\u00adtique adroite et souple et une diplo\u00adma\u00adtie excellente.<\/p>\n<p>De l\u2019autre c\u00f4t\u00e9, les gues\u00addi\u00adsies, orga\u00adni\u00ads\u00e9s avec une dis\u00adci\u00adpline remar\u00adquable, forts de l\u2019appui una\u00adnime de la puis\u00adsante F\u00e9d\u00e9\u00adra\u00adtion du Nord (10.000 coti\u00adsants), doc\u00adtri\u00adnaires \u2013 leurs enne\u00admis disent sec\u00adtaires non sans rai\u00adsons, \u2013 mais doc\u00adtri\u00adnaires seule\u00adment pour ce qui touche \u00e0 la doc\u00adtrine et \u00e0 la th\u00e9o\u00adrie. En poli\u00adtique, tr\u00e8s souples, eux aus\u00adsi, autant que lorsqu\u2019\u00e0 Bor\u00addeaux, nagu\u00e8re, ils fai\u00adsaient un pacte avec la r\u00e9ac\u00adtion&nbsp;: leur m\u00e9pris, qu\u2019ils pro\u00adclament \u00e9gal pour tous les \u00ab&nbsp;par\u00adtis bour\u00adgeois&nbsp;\u00bb, leur est une excuse com\u00admode pour des alliances que les jau\u00adres\u00adsistes ver\u00adtueux et la radi\u00adcaille pro\u00adclament com\u00adpro\u00admet\u00adtantes. Leur ortho\u00addoxie a d\u2019ailleurs vari\u00e9&nbsp;: jadis \u2013 c\u2019est vieux, il y a de cela plus de vingt ans, \u2013 ils pro\u00adcla\u00admaient par la plume de Guesde que le par\u00adle\u00admen\u00adta\u00adrisme est n\u00e9faste&nbsp;; peu d\u2019ann\u00e9es plus tard, par la plume du m\u00eame Guesde, ils c\u00e9l\u00e9\u00adbraient les ver\u00adtus de la \u00ab&nbsp;conqu\u00eate des pou\u00advoirs publics&nbsp;\u00bb. Ce sont les social-d\u00e9mo\u00adcrates de France&nbsp;: en dehors de la c\u00e9l\u00e8bre \u00ab&nbsp;conqu\u00eate&nbsp;\u00bb, tout est <i>d\u00e9via\u00adtion<\/i>&nbsp;: le syn\u00addi\u00adca\u00adlisme, aus\u00adsi bien que l\u2019antialcoolisme, l\u2019antimilitarisme, l\u2019anticl\u00e9ricalisme. Ils sont, ou se croient purs.<\/p>\n<p>\u00c0 c\u00f4t\u00e9 de ces deux ten\u00addances, quelques autres subsistent.<\/p>\n<p>Les alle\u00adma\u00adnistes, jadis anti\u00adpar\u00adle\u00admen\u00adtaires, qua\u00adsi-anar\u00adchistes, et qui ont dis\u00adpa\u00adru, leur chef, Alle\u00admane, ayant d\u00e9cro\u00adch\u00e9 un si\u00e8ge de d\u00e9pu\u00adt\u00e9 et s\u2019\u00e9tant conver\u00adti aus\u00adsi\u00adt\u00f4t \u00e0 l\u2019action parlementaire.<\/p>\n<p>Les pos\u00adsi\u00adbi\u00adlistes, amis de Brousse \u2013 je n\u2019y songe que parce que leur quar\u00adtier g\u00e9n\u00e9\u00adral est sous mes fen\u00eatres, \u2013 ont saga\u00adce\u00adment essay\u00e9 de se sur\u00advivre&nbsp;: la plu\u00adpart de leurs mili\u00adtants sont entr\u00e9s chez les ind\u00e9\u00adpen\u00addants et forment l\u2019\u00e9quipe du sieur Lajar\u00adrige, ind\u00e9\u00adpen\u00addant lui aus\u00adsi, ex-ouvrier gazier, conseiller muni\u00adci\u00adpal de Paris, com\u00adman\u00addi\u00adt\u00e9 de L\u00e9pine et de Rou\u00advier, com\u00adman\u00addi\u00adtaire de l\u2019<i>Action Ouvri\u00e8re<\/i>, direc\u00adteur de la coop\u00e9\u00adra\u00adtive (<html><i>Papier<\/i>, direc\u00adteur du <i>Cour\u00adrier de la Seine<\/i>, secr\u00e9\u00adtaire du Syn\u00addi\u00adcat natio\u00adnal du gaz. Les quelques indi\u00advi\u00addus qui sont demeu\u00adr\u00e9s dans l\u2019Unit\u00e9 se confondent avec les dis\u00adciples de Jaur\u00e8s.<\/html><\/p>\n<p>Dis\u00adper\u00ads\u00e9s \u00e9ga\u00adle\u00adment, les blan\u00adquistes qui se grou\u00adpaient autour du citoyen Vaillant.<\/p>\n<p>L\u2019an der\u00adnier, des adh\u00e9\u00adrents du Par\u00adti uni\u00adfi\u00e9 cher\u00adch\u00e8rent \u00e0 fon\u00adder une ten\u00addance syn\u00addi\u00adca\u00adliste, res\u00adt\u00e9e \u00e0 l\u2019\u00e9tat de vell\u00e9it\u00e9.<\/p>\n<p>Res\u00adtent les insur\u00adrec\u00adtion\u00adnels. La ten\u00addance est de cr\u00e9a\u00adtion r\u00e9cente&nbsp;; elle a pour chef incon\u00adtes\u00adt\u00e9 Gus\u00adtave Her\u00adv\u00e9. C\u2019est un \u00e9tat-major presque sans troupes, qui compte bien des adh\u00e9\u00adrents dans la F\u00e9d\u00e9\u00adra\u00adtion de la Seine et la majo\u00adri\u00adt\u00e9 de celle de l\u2019Yonne, mais, pour ain\u00adsi dire, aucun en pro\u00advince. Cette ten\u00addance, non plus, n\u2019a pas trou\u00adv\u00e9 la gloire&nbsp;: mis \u00e0 part quelques rares mili\u00adtants grou\u00adp\u00e9s autour de la <i>Guerre Sociale<\/i>, elle ne compte gu\u00e8re que ses chefs, Her\u00adv\u00e9, Jobert, Per\u00adceau, M\u00e9ric, et peut-\u00eatre la citoyenne doc\u00adto\u00adresse Made\u00adleine Pel\u00adle\u00adtier \u2013 mal\u00adheu\u00adreu\u00adse\u00adment pour&nbsp;eux&nbsp;!<\/p>\n<p>[|<b>Les Congr\u00e8s pr\u00e9\u00adc\u00e9\u00addents<\/b>|]<br>\n<\/p>\n<p>Ces ten\u00addances, de valeur et de force in\u00e9gales, se sont heur\u00adt\u00e9es \u00e0 N\u00eemes, et le r\u00e9sul\u00adtat de leur bataille a \u00e9t\u00e9 bien dif\u00adf\u00e9\u00adrent de celui des pr\u00e9\u00adc\u00e9\u00addents Congr\u00e8s.<\/p>\n<p>\u00c0 Limoges (1906), \u00e0 Nan\u00adcy (1907), deux m\u00e9thodes s\u2019\u00e9taient oppo\u00ads\u00e9es lorsque ces deux Congr\u00e8s avaient abor\u00add\u00e9 la ques\u00adtion syn\u00addi\u00adca\u00adliste. Les gues\u00addistes tenaient pour la subor\u00addi\u00adna\u00adtion des syn\u00addi\u00adcats unis dans la C.G.T. au par\u00adti socia\u00adliste&nbsp;: \u00e0 leurs yeux, seule la conqu\u00eate des pou\u00advoirs publics est r\u00e9vo\u00adlu\u00adtion\u00adnaire&nbsp;; l\u2019action \u00e9co\u00adno\u00admique n\u2019est qu\u2019un plat r\u00e9for\u00admisme. Les jau\u00adres\u00adsistes, infi\u00adni\u00adment plus habiles, pr\u00f4\u00adnaient avec quelques r\u00e9serves l\u2019autonomie r\u00e9ci\u00adproque de la Conf\u00e9\u00add\u00e9\u00adra\u00adtion et du P.S.U., en sou\u00adhai\u00adtant qu\u2019une entente cor\u00addiale puisse s\u2019\u00e9tablir entre ces deux orga\u00adni\u00adsa\u00adtions, dont la pre\u00admi\u00e8re repr\u00e9\u00adsente le monde ouvrier que la seconde pr\u00e9\u00adtend repr\u00e9senter.<\/p>\n<p>Les r\u00e9vo\u00adlu\u00adtion\u00adnaires insur\u00adrec\u00adtion\u00adnels s\u2019alli\u00e8rent au jau\u00adres\u00adsistes qui rem\u00adpor\u00adt\u00e8rent une \u00e9cla\u00adtante victoire.<\/p>\n<p>\u00c0 Tou\u00adlouse (1908), la ques\u00adtion fut exa\u00admi\u00adn\u00e9e dere\u00adchef, mais fort peu et par ses \u00e0\u2011c\u00f4t\u00e9s. La grande bataille entre r\u00e9for\u00admistes et intran\u00adsi\u00adgeants se ter\u00admi\u00adna, apr\u00e8s un dis\u00adcours de Jau\u00adr\u00e8s, long de plu\u00adsieurs heures, par le vote enthou\u00adsiaste et una\u00adnime d\u2019une motion o\u00f9 cha\u00adcune des ten\u00addances put trou\u00adver son compte, qui approu\u00advait toutes les m\u00e9thodes sans en bl\u00e2\u00admer aucune, un chef\u2011d\u2019\u0153uvre de confu\u00adsion\u00adnisme, \u00e9lo\u00adquent, sonore et vide. D\u2019ailleurs, c\u2019\u00e9tait l\u2019\u0153uvre du direc\u00adteur de l\u2019<i>Huma\u00adni\u00adt\u00e9<\/i>.<\/p>\n<p>\u00c0 N\u00eemes, il n\u2019en a pas \u00e9t\u00e9 de m\u00eame&nbsp;: les alliances ont \u00e9t\u00e9 bou\u00adle\u00adver\u00ads\u00e9es&nbsp;; les oppo\u00adsi\u00adtions intes\u00adtines se sont mani\u00adfes\u00adt\u00e9es avec plus de force que jamais. Enfin, la ques\u00adtion des retraites ouvri\u00e8res, qui a absor\u00adb\u00e9 la moi\u00adti\u00e9 du temps du Congr\u00e8s, qui de secon\u00addaire a pas\u00ads\u00e9 au rang prin\u00adci\u00adpal, a per\u00admis de juger, sur le ter\u00adrain pra\u00adtique, la valeur r\u00e9elle des d\u00e9ci\u00adsions pr\u00e9\u00adc\u00e9\u00addem\u00adment adop\u00adt\u00e9es \u00e0 l\u2019\u00e9gard du syn\u00addi\u00adca\u00adlisme dans le domaine de la th\u00e9o\u00adrie&nbsp;pure.<\/p>\n<p>Les \u00e9tats-majors avaient \u00e9t\u00e9 mobi\u00adli\u00ads\u00e9s de part et d\u2019autre. Il ne man\u00adquait que Guesde, mais de Ber\u00adlin, o\u00f9 le retient sa san\u00adt\u00e9 d\u00e9plo\u00adrable, il avait adres\u00ads\u00e9 \u00e0 ses lieu\u00adte\u00adnants une lettre dans laquelle il leur don\u00adnait ses der\u00adniers ordres. Du moins, c\u2019est Her\u00adv\u00e9 qui le dit, et il est assez mau\u00advaise langue pour qu\u2019on puisse le croire.<\/p>\n<p>[|<b>La pre\u00admi\u00e8re jour\u00adn\u00e9e<\/b>|]<br>\n<\/p>\n<p>Le\tdimanche matin 6 f\u00e9vrier, dans le casi\u00adno N\u00eemes, ville dont la muni\u00adci\u00adpa\u00adli\u00adt\u00e9 est socia\u00adliste et qui a eu le bon\u00adheur de pos\u00ads\u00e9\u00adder, en un an, trois maires jau\u00adres\u00adsistes ou gues\u00addistes, 220 d\u00e9l\u00e9\u00adgu\u00e9s, nan\u00adtis de 336 man\u00addats et repr\u00e9\u00adsen\u00adtant 72 f\u00e9d\u00e9\u00adra\u00adtions sur 79, s\u2019assembl\u00e8rent&nbsp;: quelques autres les ral\u00adli\u00e8rent apr\u00e8s. Le groupe socia\u00adliste par\u00adle\u00admen\u00adtaire avait envoy\u00e9 une dou\u00adzaine d\u2019\u00e9lus&nbsp;: Dejeante, Vaillant, Jau\u00adr\u00e8s, Grous\u00adsier, Com\u00adp\u00e8re-Morel, Varenne, Car\u00adlier, Bedouce, Paul Constans, Nec\u00adtoux, Mille et Poulain.<\/p>\n<p>La mati\u00adn\u00e9e et une part de l\u2019apr\u00e8s-midi furent consa\u00adcr\u00e9es aux hors\u2011d\u2019\u0153uvres tra\u00addi\u00adtion\u00adnels de tout Congr\u00e8s&nbsp;: dis\u00adcours de r\u00e9cep\u00adtion sym\u00adpa\u00adthiques, t\u00e9l\u00e9\u00adgrammes de sym\u00adpa\u00adthie et votes de sym\u00adpa\u00adthie, le temps n\u00e9ces\u00adsaire aux congres\u00adsistes pour faire ou refaire connaissance.<\/p>\n<p>La fin de l\u2019agr\u00e8s-midi fut consa\u00adcr\u00e9e \u00e0 une besogne plus posi\u00adtive. Sous la pr\u00e9\u00adsi\u00addence du d\u00e9pu\u00adt\u00e9 tou\u00adlou\u00adsain Bedouce, furent lus l\u2019insignifiant rap\u00adport du Conseil natio\u00adnal, celui de la com\u00admis\u00adsion de contr\u00f4le, et enfin le compte ren\u00addu finan\u00adcier&nbsp;: de ce der\u00adnier, il res\u00adsort que le P.S.U. pos\u00ads\u00e8de 73.000 francs dans sa caisse, mal\u00adgr\u00e9 que les d\u00e9penses se soient \u00e9le\u00adv\u00e9es de 93.000 francs (1908) \u00e0 103.000 (1909)&nbsp;; c\u2019est que les recettes ont aug\u00admen\u00adt\u00e9 paral\u00adl\u00e8\u00adle\u00adment de 107.000 \u00e0 123.000 francs&nbsp;: c\u2019est aus\u00adsi que les \u00e9lus par\u00adle\u00admen\u00adtaires se font moins tirer l\u2019oreille pour payer, \u00e0 la veille des \u00e9lec\u00adtions, leur coti\u00adsa\u00adtion au Par\u00adti, et que cer\u00adtains d\u2019entre eux ont m\u00eame fait quelques efforts pour att\u00e9\u00adnuer leur&nbsp;dette.<\/p>\n<p>Mais voi\u00adci le rap\u00adport du groupe par\u00adle\u00admen\u00adtaire duquel il res\u00adsort, avec \u00e9vi\u00addence, que les \u00e9lus, les d\u00e9l\u00e9\u00adgu\u00e9s du pro\u00adl\u00e9\u00adta\u00adriat r\u00e9vo\u00adlu\u00adtion\u00adnaire au Par\u00adle\u00adment n\u2019ont pas fait grande besogne. Il se ter\u00admine sur une pro\u00adso\u00adpo\u00adp\u00e9e pleine d\u2019esp\u00e9rances&nbsp;; les d\u00e9pu\u00adt\u00e9s socia\u00adlistes sont satis\u00adfaits de leur \u0153uvre. Her\u00adv\u00e9, l\u2019enfant ter\u00adrible du Par\u00adti, l\u2019est beau\u00adcoup&nbsp;moins.<\/p>\n<p>Le chef des insur\u00adrec\u00adtion\u00adnels se plaint, avec une v\u00e9h\u00e9\u00admence qu\u2019accentue sa voix acide et in\u00e9gale, que les par\u00adle\u00admen\u00adtaires uni\u00adfi\u00e9s, qui sont aujourd\u2019hui plus de cin\u00adquante au Palais-Bour\u00adbon fassent bien moins de besogne et bien moins de bruit qu\u2019aux temps h\u00e9ro\u00efques de 1893 o\u00f9 ils n\u2019\u00e9taient qu\u2019une poi\u00adgn\u00e9e contre le Constans de Four\u00admies et le Dupuy de la Bourse du Tra\u00advail. Il leur reproche d\u2019avoir per\u00addu tout esprit r\u00e9vo\u00adlu\u00adtion\u00adnaire, sous l\u2019influence crois\u00adsante de Jau\u00adr\u00e8s, de n\u2019avoir pas su tirer par\u00adti du vote sur l\u2019accroissement de l\u2019indemnit\u00e9 par\u00adle\u00admen\u00adtaire, de n\u2019avoir pas men\u00e9 la cam\u00adpagne de pro\u00adtes\u00adta\u00adtion n\u00e9ces\u00adsaire contre les infa\u00admies gouvernementales.<\/p>\n<blockquote><p>Contre le Cle\u00admen\u00adceau de Vil\u00adle\u00adneuve-Saint-Georges, il n\u2019y a pas eu la lutte vio\u00adlente, achar\u00adn\u00e9e, qu\u2019on mena jadis contre Constans. De m\u00eame, quand le minis\u00adt\u00e8re des trois ren\u00e9\u00adgats est arri\u00adv\u00e9 au pou\u00advoir. Lorsque le pen\u00addeur de Rus\u00adsie est venu en France, on esp\u00e9\u00adrait une pro\u00adtes\u00adta\u00adtion vio\u00adlente fai\u00adsant scan\u00addale. On n\u2019a rien eu de sem\u00adblable. Dans la ques\u00adtion des retraites, on ne s\u2019attendait pas a voir Jau\u00adr\u00e8s et Sem\u00adbat jouer le r\u00f4le de terre-neuve du pro\u00adjet de loi gouvernemental.<\/p><\/blockquote>\n<p>Les pro\u00adtes\u00adta\u00adtions, quand elles se sont pro\u00adduites, ont \u00e9t\u00e9 bien sages et de pure forme. Her\u00adv\u00e9 n\u2019admet pas qu\u2019un Par\u00adti qui se pr\u00e9\u00adtend r\u00e9vo\u00adlu\u00adtion\u00adnaire adopte le pro\u00adgramme et les m\u00e9thodes des par\u00adtis r\u00e9for\u00admistes bour\u00adgeois. Puisque lui et ses amis ne sont pas par\u00adve\u00adnus \u00e0 conser\u00adver dans l\u2019Unit\u00e9 l\u2019esprit de r\u00e9volte, puisque le P.S.U. s\u2019embourgeoise tou\u00adjours davan\u00adtage dans le r\u00e9for\u00admisme, il se demande s\u2019il ne devra pas bien\u00adt\u00f4t le d\u00e9bar\u00adras\u00adser de sa per\u00adsonne et lui enle\u00adver ain\u00adsi l\u2019allure r\u00e9vo\u00adlu\u00adtion\u00adnaire que son adh\u00e9\u00adsion lui conf\u00e8re.<\/p>\n<p>La conclu\u00adsion sen\u00adsa\u00adtion\u00adnelle d\u2019Herv\u00e9 sur\u00adprend tout le monde, m\u00eame ses amis, et jette un froid dans l\u2019assembl\u00e9e\u2026<\/p>\n<p>Le Congr\u00e8s passe \u00e0 quelques autres brou\u00adtilles&nbsp;: un v\u0153u, qui doit demeu\u00adrer pla\u00adto\u00adnique comme tous les pr\u00e9\u00adc\u00e9\u00addents, pour l\u2019exclusion de Bre\u00adton, quelques affir\u00adma\u00adtions sans plus de valeur au sujet de l\u2019Ouenza, et le Congr\u00e8s s\u2019ajourne au len\u00adde\u00admain pour dis\u00adcu\u00adter l\u2019attitude que devront prendre les \u00e9lus au sujet de la loi sur les retraites ouvri\u00e8res.<\/p>\n<p>[|<b>La ques\u00adtion des retraites<\/b>|]<br>\n<\/p>\n<p>Cette ques\u00adtion n\u2019\u00e9tait pas pr\u00e9\u00advue dans l\u2019ordre du jour, c\u2019est pour\u00adquoi, sans doute, elle a pris plus de la moi\u00adti\u00e9 du&nbsp;temps.<\/p>\n<p>Les lec\u00adteurs de la <i>Vie Ouvri\u00e8re<\/i>, apr\u00e8s l\u2019article de Mer\u00adrheim et les pol\u00e9\u00admiques que le pro\u00adjets a res\u00adsus\u00adci\u00adt\u00e9es connaissent cette affaire.<\/p>\n<p>Depuis un quart de si\u00e8cle on parle d\u2019accorder des retraites aux tra\u00advailleurs&nbsp;; depuis pr\u00e8s de vingt ans des pro\u00adjets som\u00admeillent dans la pous\u00adsi\u00e8re des car\u00adtons par\u00adle\u00admen\u00adtaires, pour repa\u00adra\u00eetre, chose \u00e9trange, chaque fois que s\u2019approchent les \u00e9lec\u00adtions. Une pro\u00adpo\u00adsi\u00adtion, dis\u00adcu\u00adt\u00e9e d\u2019abord en 1901, a \u00e9t\u00e9 vot\u00e9e par la pr\u00e9\u00adc\u00e9\u00addente Chambre, uni\u00adfi\u00e9s y com\u00adpris, deux mois avant la consul\u00adta\u00adtion \u00e9lec\u00adto\u00adrale de 1906&nbsp;; on n\u2019en par\u00adlait plus, on n\u2019y pen\u00adsait gu\u00e8re, lorsque le S\u00e9nat l\u2019a mise en chan\u00adtier \u00e0 la fin de l\u2019ann\u00e9e der\u00adni\u00e8re. Les vieillards du Luxem\u00adbourg l\u2019ont vot\u00e9e aujourd\u2019hui, et les par\u00adle\u00admen\u00adtaires du Palais-Bour\u00adbon la rati\u00adfie\u00adront \u00e0 la h\u00e2te avant la dis\u00adso\u00adlu\u00adtion de la Chambre, parce que la majo\u00adri\u00adt\u00e9 veut se repr\u00e9\u00adsen\u00adter devant les \u00e9lec\u00adteurs avec une \u00ab&nbsp;r\u00e9forme&nbsp;\u00bb.<\/p>\n<p>En 1901, les syn\u00addi\u00adcats ouvriers repous\u00ads\u00e8rent cette loi, apr\u00e8s une consul\u00adta\u00adtion offi\u00adcielle, parce que le sys\u00adt\u00e8me des retraites est bas\u00e9 sur la capi\u00adta\u00adli\u00adsa\u00adtion dans laquelle le pro\u00adl\u00e9\u00adta\u00adriat voit avec rai\u00adson une escro\u00adque\u00adrie, parce qu\u2019il ins\u00adti\u00adtue sous la forme de ver\u00adse\u00adments obli\u00adga\u00adtoires un nou\u00advel imp\u00f4t dont la classe ouvri\u00e8re fera tous les frais, parce que les tra\u00advailleurs \u00e9tran\u00adgers, pro\u00adduc\u00adteurs eux aus\u00adsi de la richesse sociale, par\u00adti\u00adci\u00adpe\u00adront aux charges de la loi, sans avoir droit \u00e0 ses b\u00e9n\u00e9\u00adfices al\u00e9a\u00adtoires, parce que, enfin, l\u2019\u00e2ge pr\u00e9\u00advu par les b\u00e9n\u00e9\u00adfi\u00adciaires est trop \u00e9le\u00adv\u00e9 et le taux de la pen\u00adsion trop r\u00e9duit.<\/p>\n<p>La pro\u00adtes\u00adta\u00adtion ouvri\u00e8re qui grou\u00adpait 98&nbsp;p.&nbsp;100 des syn\u00addi\u00adcats en 1901, ne pou\u00advait que se faire plus v\u00e9h\u00e9\u00admente apr\u00e8s les aggra\u00adva\u00adtions que le S\u00e9nat a appor\u00adt\u00e9es au pro\u00adjet de la Chambre et dont la prin\u00adci\u00adpale est celle qui fixe \u00e0 65 ans, au lieu de 60 ans, l\u2019\u00e2ge exi\u00adg\u00e9 des b\u00e9n\u00e9\u00adfi\u00adciaires. Des pol\u00e9\u00admiques ont eu lieu dans la <i>Voix du Peuple<\/i>, dans la <i>Guerre Sociale<\/i>, dans le <i>Socia\u00adlisme<\/i>, dans l\u2019<i>Huma\u00adni\u00adt\u00e9<\/i>. Je ne rap\u00adpel\u00adle\u00adrai que pour m\u00e9moire l\u2019apologie de la \u00ab&nbsp;r\u00e9forme&nbsp;\u00bb que Jau\u00adr\u00e8s a ten\u00adt\u00e9e dans son jour\u00adnal, en affir\u00admant que \u00ab&nbsp;<i>quand la capi\u00adta\u00adli\u00adsa\u00adtion s\u2019exerce au pro\u00adfit de la classe ouvri\u00e8re, elle est exac\u00adte\u00adment le contraire du capi\u00adta\u00adlisme<\/i>&nbsp;\u00bb, pro\u00adpo\u00adsi\u00adtion sau\u00adgre\u00adnue, \u00e9non\u00adc\u00e9e \u00e0 grand fra\u00adcas et dont le tri\u00adbun sonore s\u2019est bien gar\u00add\u00e9 de ten\u00adter une d\u00e9monstration.<\/p>\n<p>Les lec\u00adteurs connaissent l\u2019attitude de la C.G.T.&nbsp;; elle n\u2019est pas, ici, en cause. Il s\u2019agissait seule\u00adment pour les uni\u00adfi\u00e9s de d\u00e9ci\u00adder quelle conduite devraient tenir leurs \u00e9lus \u00e0 la Chambre&nbsp;; ques\u00adtion embar\u00adras\u00adsante, puisque ces m\u00eames \u00e9lus avaient vot\u00e9 d\u2019enthousiasme pro\u00adjet de&nbsp;1901.<\/p>\n<p>La dis\u00adpute n\u2019\u00e9tait pas, comme on l\u2019a dit, entre r\u00e9for\u00admistes et r\u00e9vo\u00adlu\u00adtion\u00adnaires, entre les par\u00adti\u00adsans de menus pro\u00adfits et ceux de la poli\u00adtique du tout ou rien&nbsp;: adver\u00adsaires et par\u00adti\u00adsans de la loi admet\u00adtaient \u00e9ga\u00adle\u00adment la pos\u00adsi\u00adbi\u00adli\u00adt\u00e9 d\u2019une r\u00e9forme puisqu\u2019ils en dis\u00adcu\u00adtaient les modalit\u00e9s&nbsp;!<\/p>\n<p>Mais, devant les uni\u00adfi\u00e9s, le pro\u00adbl\u00e8me se posait ain\u00adsi&nbsp;: ou repous\u00adser la loi, en s\u2019abstenant ou en votant contre, et ris\u00adquer par suite d\u2019\u00eatre accu\u00ads\u00e9s devant les \u00e9lec\u00adteurs d\u2019incons\u00e9quence et d\u2019hostilit\u00e9 aux r\u00e9formes ouvri\u00e8res,\u200a\u2014\u200aou l\u2019approuver une seconde fois, et, dans ce cas, se pro\u00adnon\u00adcer contre la volon\u00adt\u00e9 for\u00admel\u00adle\u00adment expri\u00adm\u00e9e par le pro\u00adl\u00e9\u00adta\u00adriat organis\u00e9.<\/p>\n<p>Les dis\u00adcus\u00adsions de Limoges et de Nan\u00adcy, sur les rap\u00adports de la C.G.T. et du P.S.U. \u00e9taient demeu\u00adr\u00e9es sur le ter\u00adrain th\u00e9o\u00adrique et doc\u00adtri\u00adnal&nbsp;; pour la pre\u00admi\u00e8re fois, ce pro\u00adbl\u00e8me d\u2019ordre g\u00e9n\u00e9\u00adral \u00e9tait pos\u00e9 dans le domaine de l\u2019action positive.<\/p>\n<p>Et l\u2019on vit alors les jau\u00adres\u00adsistes\u200a\u2014\u200aqui, alli\u00e9s aux insur\u00adrec\u00adtion\u00adnels, avaient affir\u00adm\u00e9 leur d\u00e9sir de res\u00adpec\u00adter l\u2019autonomie de la C.G.T. et de col\u00adla\u00adbo\u00adrer \u00e0 son \u0153uvre, mais en dehors d\u2019elle, de secon\u00adder au point de vue poli\u00adtique son \u0153uvre \u00e9co\u00adno\u00admique\u200a\u2014\u200ase pro\u00adnon\u00adcer contre l\u2019action conf\u00e9\u00add\u00e9\u00adrale et rompre ouver\u00adte\u00adment avec&nbsp;elle.<\/p>\n<p>Par contre les gues\u00addistes, dont le r\u00eave est de subor\u00addon\u00adner l\u2019organisation syn\u00addi\u00adcale \u00e0 l\u2019action \u00e9co\u00adno\u00admique, ont affir\u00adm\u00e9 leur oppo\u00adsi\u00adtion \u00e0 la r\u00e9forme ch\u00e8re \u00e0 Mil\u00adle\u00adrand et a Vivia\u00adni. Lafargue a reco\u00adpi\u00e9 avec humour ses articles parus dans le <i>Petit Sou<\/i> en 1901&nbsp;; Bracke a mis en avant tous les argu\u00adments que pou\u00advait lui four\u00adnir sa connais\u00adsance de la langue grecque et de la langue alle\u00admande&nbsp;; Rap\u00adpo\u00adport a fait cho\u00adrus. On pense bien que les cama\u00adrades de Marius-Andr\u00e9, ce syn\u00addi\u00adqu\u00e9 bizarre, n\u2019agissaient pas ain\u00adsi par fer\u00adveur syn\u00addi\u00adca\u00adliste&nbsp;: leur atti\u00adtude \u00e9tait dic\u00adt\u00e9e par leur ini\u00admi\u00adti\u00e9 contre les jau\u00adres\u00adsistes. La lettre de Guesde, dont j\u2019ai par\u00adl\u00e9, leur enjoi\u00adgnait de s\u2019unir, dans ce but, aux insur\u00adrec\u00adtion\u00adnels&nbsp;; c\u2019est d\u2019ailleurs le secret de polichinelle\u2026<\/p>\n<p>Tous les par\u00adle\u00admen\u00adtaires, jau\u00adres\u00adsistes ou gues\u00addistes, r\u00e9for\u00admistes ou intran\u00adsi\u00adgeants, \u00e0 quelque ten\u00addance qu\u2019ils appar\u00adtiennent, \u00e9taient d\u2019accord pour sou\u00adhai\u00adter que la ques\u00adtion f\u00fbt r\u00e9so\u00adlue \u00e0 l\u2019amiable, afin de se retrou\u00adver en d\u00e9cente pos\u00adture devant le corps \u00e9lec\u00adto\u00adral. Aus\u00adsi la dis\u00adcus\u00adsion, si elle fut chaude, demeu\u00adra calme et acad\u00e9mique.<\/p>\n<p>Elle com\u00admen\u00ad\u00e7a devant ces \u00e9l\u00e9\u00adments bien ouvriers qui consti\u00adtuent un Congr\u00e8s socia\u00adliste, par un dis\u00adcours de Marius-Andr\u00e9, hos\u00adtile \u00e0 la r\u00e9forme&nbsp;; elle se pour\u00adsui\u00advit par un autre de Renau\u00addel, nar\u00adquois, gogue\u00adnard et habile, qui mit en avant, en aimable pince-sans-rire, l\u2019argument du syn\u00addi\u00adca\u00adlisme des fonc\u00adtion\u00adnaires, pour nier les dan\u00adgers du pro\u00adjet&nbsp;; puis Rap\u00adpo\u00adport bre\u00addouilla un dis\u00adcours qui aurait \u00e9t\u00e9 fort clair s\u2019il avait pas\u00ads\u00e9 par une autre bouche et qui \u00e9tait r\u00e9so\u00adlu\u00adment contre.<\/p>\n<p>Apr\u00e8s eux vinrent Grous\u00adsier, d\u00e9pu\u00adt\u00e9, pour le vote du pro\u00adjet, natu\u00adrel\u00adle\u00adment&nbsp;; Necloux, un d\u00e9pu\u00adt\u00e9 encore, et non moins natu\u00adrel\u00adle\u00adment pour&nbsp;; Albert Tho\u00admas, b\u00fbcheur patient et r\u00e9for\u00admiste, qui se mit \u00e0 expli\u00adquer labo\u00adrieu\u00adse\u00adment que la loi n\u2019est pas si mau\u00advaise&nbsp;; Renard, gues\u00addiste, secr\u00e9\u00adtaire de la F\u00e9d\u00e9\u00adra\u00adtion du Tex\u00adtile, qui d\u00e9mo\u00adlit avec v\u00e9h\u00e9\u00admence la loi pour conclure\u200a\u2014\u200a\u00f4 logique&nbsp;!\u200a\u2014\u200aqu\u2019il fal\u00adlait la voter d\u2019abord pour l\u2019amender ensuite&nbsp;; Vaillant, qui cou\u00advrit de son \u00e9charpe rouge de vieux com\u00admu\u00adnard, l\u2019entreprise \u00e9lec\u00adto\u00adrale des retraites&nbsp;; Fian\u00adcette, enfin, qui vint d\u00e9fendre sa motion d\u2019apr\u00e8s laquelle la loi est d\u00e9tes\u00adtable et qui conclut \u00e0 l\u2019abstention des parlementaires.<\/p>\n<p>C\u2019\u00e9tait assez pour une seule jour\u00adn\u00e9e. Mais ce n\u2019\u00e9tait pas tout&nbsp;: le len\u00adde\u00admain, mar\u00addi, la joute ora\u00adtoire recommen\u00e7a.<\/p>\n<p>Et l\u2019on enten\u00addit Aubriot, \u00e9ter\u00adnel can\u00addi\u00addat \u00e0 Paris, pour la r\u00e9forme&nbsp;; Lafargue, tou\u00adjours vert mal\u00adgr\u00e9 son \u00e2ge, demeu\u00adr\u00e9 le gas\u00adcon dont riait Karl Marx, qui pro\u00addui\u00adsit, contre le pro\u00adjet, des sta\u00adtis\u00adtiques assez contes\u00adtables et des argu\u00adments plus heu\u00adreux&nbsp;; Sem\u00adbat, dont la raille\u00adrie \u00e9tin\u00adce\u00adlante s\u2019\u00e9vertua \u00e0 ne rien prou\u00adver&nbsp;; Luquet, mili\u00adtant de la C.G.T., qui d\u00e9mo\u00adlit avec conscience et avec talent la r\u00e9forme gou\u00adver\u00adne\u00admen\u00adtale&nbsp;; Jau\u00adr\u00e8s, qui mit, natu\u00adrel\u00adle\u00adment, quelques heures \u00e0 c\u00e9l\u00e9\u00adbrer sur le mode dithy\u00adram\u00adbique le \u00ab&nbsp;droit social nou\u00adveau&nbsp;\u00bb que le pro\u00adjet doit intro\u00adduire dans le Code, d\u2019apr\u00e8s lui&nbsp;; Lucien Roland, gues\u00addiste, qui fut un sombre pro\u00adph\u00e8te&nbsp;; Her\u00adv\u00e9, qui s\u2019attacha \u00e0 d\u00e9mon\u00adtrer que les retraites ouvri\u00e8res ain\u00adsi con\u00e7ues sont contraires \u00e0 l\u2019esprit et au pro\u00adgramme socia\u00adlistes r\u00e9vo\u00adlu\u00adtion\u00adnaires. Et d\u2019autres par\u00adl\u00e8rent ensuite&nbsp;: il y en eut encore treize qui croyaient avoir quelque chose \u00e0&nbsp;dire&nbsp;!<\/p>\n<p>[|<b>La motion Vaillant triomphe<\/b>|]<br>\n<\/p>\n<p>On vou\u00addrait pou\u00advoir exa\u00admi\u00adner tous ces dis\u00adcours, rame\u00adner cette ava\u00adlanche ora\u00adtoire \u00e0 sa juste valeur. C\u2019est chose impossible.<\/p>\n<p>En r\u00e9a\u00adli\u00adt\u00e9, enne\u00admis et par\u00adti\u00adsans de la loi s\u2019accord\u00e8rent sur un point&nbsp;: c\u2019est que celle-ci est insuf\u00adfi\u00adsante et dan\u00adge\u00adreuse, sinon d\u00e9tes\u00adtable. Mais la ques\u00adtion \u00e0 r\u00e9soudre n\u2019\u00e9tait pas celle de juger les ver\u00adtus de la loi&nbsp;; il fal\u00adlait prendre une atti\u00adtude poli\u00adtique, pis encore, \u00e9lectorale.<\/p>\n<p>Enfin le Congr\u00e8s d\u00e9ci\u00adda de voter pour une motion de Vaillant, \u00e0 laquelle se ral\u00adli\u00e8rent tous les r\u00e9for\u00admistes et qui disait&nbsp;:<\/p>\n<blockquote><p>\u2026 Si cri\u00adti\u00adquable que soit l\u2019ombre des dis\u00adpo\u00adsi\u00adtions que contient le pro\u00adjet de retraites ouvri\u00e8res, ce pro\u00adjet consacre cepen\u00addant le droit a l\u2019existence et qu\u2019en cons\u00e9\u00adquence le Congr\u00e8s charge les \u00e9lus du Par\u00adti de voter la loi au Par\u00adle\u00adment, en fai\u00adsant pr\u00e9\u00adc\u00e9\u00adder leur vote d\u2019une d\u00e9cla\u00adra\u00adtion expri\u00admant des r\u00e9serves et les charge aus\u00adsi d\u2019une pro\u00adpa\u00adgande \u00e9ner\u00adgique dans le pays pour l\u2019am\u00e9lioration de la&nbsp;loi.<\/p><\/blockquote>\n<p>Et la motion pr\u00e9\u00adsen\u00adt\u00e9e par Luquet, approu\u00adv\u00e9e par les gues\u00addistes et les insurrectionnels&nbsp;:<\/p>\n<p><quote>Le Congr\u00e8s affirme une fois de plus la volon\u00adt\u00e9 du Par\u00adti socia\u00adliste de r\u00e9a\u00adli\u00adser au plus t\u00f4t un r\u00e9gime de retraites ouvri\u00e8res qui donne satis\u00adfac\u00adtion au prol\u00e9tariat.<\/quote><\/p>\n<p>Consi\u00add\u00e9\u00adrant que la loi, telle qu\u2019elle res\u00adsort des d\u00e9cla\u00adra\u00adtions du S\u00e9nat, n\u2019est pas une r\u00e9forme mais une sp\u00e9\u00adcu\u00adla\u00adtion bour\u00adgeoise qui est mas\u00adqu\u00e9e sous l\u2019apparence d\u2019une loi de retraites ouvri\u00e8res.<\/p>\n<p>S\u2019inspirant des d\u00e9ci\u00adsions de la Conf\u00e9\u00add\u00e9\u00adra\u00adtion G\u00e9n\u00e9\u00adrale du Tra\u00advail, repousse comme dan\u00adge\u00adreux et insuf\u00adfi\u00adsant le pro\u00adjet vot\u00e9 par le&nbsp;S\u00e9nat.<\/p>\n<p>Au vote, la r\u00e9so\u00adlu\u00adtion Vaillant recueillit 193 man\u00addats contre 155 \u00e0 celle de Luquet. Il y eut quatre abs\u00adten\u00adtions&nbsp;: c\u2019\u00e9tait la F\u00e9d\u00e9\u00adra\u00adtion du Gard qui, d\u00e9si\u00adreuse de ne d\u00e9plaire \u00e0 per\u00adsonne et dis\u00adpo\u00adsant de 12 man\u00addats, en avait attri\u00adbu\u00e9 4 au vote de la loi, 4 autres contre, et les quatre der\u00adni\u00e8res \u00e0 l\u2019abstention.<\/p>\n<p>[|<b>La tac\u00adtique \u00e9lec\u00adto\u00adrale<\/b>|]<br>\n<\/p>\n<p>Enfin, le mer\u00adcre\u00addi, vinrent les der\u00adri\u00e8res s\u00e9ances. Il res\u00adtait encore de nom\u00adbreuses ques\u00adtions \u00e0 dis\u00adcu\u00adter, jus\u00adte\u00adment toutes celles qui \u00e9taient por\u00adt\u00e9es \u00e0 l\u2019ordre du jour du Congr\u00e8s&nbsp;: tac\u00adtique \u00e9lec\u00adto\u00adrale, ques\u00adtion agraire, coop\u00e9\u00adra\u00adtisme, etc., dont les der\u00adni\u00e8res attendent depuis long\u00adtemps qu\u2019un Congr\u00e8s trouve quelques minutes pour les exp\u00e9\u00addier, et dont la pre\u00admi\u00e8re est l\u2019accompagnement obli\u00adg\u00e9 de toutes les assises d\u2019un par\u00adti qui fonde son nombre, sinon sa force, sur des comi\u00adt\u00e9s \u00e9lec\u00adto\u00adraux. Celle-l\u00e0 seule fut abor\u00add\u00e9e s\u00e9rieusement.<\/p>\n<p>Elle eut pour pro\u00adlogue la nomi\u00adna\u00adtion des membres de la com\u00admis\u00adsion admi\u00adnis\u00adtra\u00adtive per\u00adma\u00adnente, qui n\u2019apporta pas grandes modi\u00adfi\u00adca\u00adtions \u00e0 la pr\u00e9\u00adc\u00e9\u00addente et ne fut mar\u00adqu\u00e9e que par un inci\u00addent&nbsp;: l\u2019insurrectionnelle Made\u00adleine Pel\u00adle\u00adtier, dont ne vou\u00adlaient pas jus\u00adte\u00adment les insur\u00adrec\u00adtion\u00adnels, fut \u00e9lue galam\u00adment par les guesdistes&nbsp;!<\/p>\n<p>Diverses motions rela\u00adtives \u00e0 la tac\u00adtique \u00e0 suivre dans la p\u00e9riode \u00e9lec\u00adto\u00adrale aux deux tours de scru\u00adtin \u00e9taient en pr\u00e9\u00adsence. La pre\u00admi\u00e8re, r\u00e9di\u00adg\u00e9e par une com\u00admis\u00adsion sp\u00e9\u00adciale et lue par Com\u00adp\u00e8re-Morel, rap\u00adpelle la tra\u00addi\u00adtion\u00adnelle motion de Cha\u00adlon et conclut&nbsp;:<\/p>\n<p><quote>\u00c9car\u00adtant avec les Congr\u00e8s de Saint-\u00c9tienne, le main\u00adtien sys\u00adt\u00e9\u00adma\u00adtique des can\u00addi\u00addats socia\u00adlistes au deuxi\u00e8me tour de scru\u00adtin, d\u00e9clare que c\u2019est comme par\u00adtie de la classe ouvri\u00e8re et de la r\u00e9vo\u00adlu\u00adtion et non comme alli\u00e9 de qui\u00adconque que le Par\u00adti socia\u00adliste, en m\u00eame temps qu\u2019il pour\u00adsuit la trans\u00adfor\u00adma\u00adtion sociale, d\u00e9fend et d\u00e9ve\u00adloppe les ins\u00adti\u00adtu\u00adtions d\u00e9mo\u00adcra\u00adtiques, r\u00e9clame l\u2019extension des liber\u00adt\u00e9s poli\u00adtiques et syn\u00addi\u00adcales et des mesures de la\u00ef\u00adci\u00adt\u00e9, tra\u00advaille l\u2019am\u00e9lioration des condi\u00adtions de vie et de lutte du pro\u00adl\u00e9\u00adta\u00adriat, et reven\u00addique une orga\u00adni\u00adsa\u00adtion sup\u00e9\u00adrieure du suf\u00adfrage uni\u00adver\u00adsel, par l\u2019\u00e9tablissement du scru\u00adtin de liste avec repr\u00e9\u00adsen\u00adta\u00adtion pro\u00adpor\u00adtion\u00adnelle, qu\u2019il r\u00e9cla\u00adme\u00adra au cours de la cam\u00adpagne \u00e9lec\u00adto\u00adrale aus\u00adsi \u00e9ner\u00adgi\u00adque\u00adment qu\u2019il l\u2019a d\u00e9fen\u00addu devant le pays et devant le Parlement.<\/quote><\/p>\n<p>Dans ces condi\u00adtions, il s\u2019en remet avec confiance aux F\u00e9d\u00e9\u00adra\u00adtions du soin de d\u00e9ci\u00adder, sous le contr\u00f4le du Par\u00adti, leur atti\u00adtude au deuxi\u00e8me tour de scru\u00adtin sui\u00advant les int\u00e9\u00adr\u00eats ain\u00adsi com\u00adpris de la classe ouvri\u00e8re et du socialisme.<\/p>\n<p>En vain, contre cette r\u00e9so\u00adlu\u00adtion \u00e9las\u00adtique, en oppo\u00adsa-t-on deux autres, de Per\u00adceau et de Gr\u00e9\u00adgoire, sp\u00e9\u00adci\u00adfiant le main\u00adtien des can\u00addi\u00addats socia\u00adlistes au deuxi\u00e8me tour. Apr\u00e8s quelques amen\u00adde\u00adments \u00e9car\u00adt\u00e9s, la motion de la com\u00admis\u00adsion obtint 310 voix contre 41 aux autres.<\/p>\n<p>Le Congr\u00e8s \u00e9tait&nbsp;fini.<\/p>\n<p>[|<b>*   *   *   *   *<\/b>|]<br>\n<\/p>\n<p>Cepen\u00addant, les d\u00e9l\u00e9\u00adgu\u00e9s ne s\u2019\u00e9taient pas s\u00e9pa\u00adr\u00e9s sans rati\u00adfier un appel \u00e9lec\u00adto\u00adral adres\u00ads\u00e9 \u00ab&nbsp;Aux Tra\u00advailleurs de France&nbsp;\u00bb, qui d\u00e9bute par l\u2019affirmation coutumi\u00e8re&nbsp;:<\/p>\n<p><quote>Tant que les moyens de pro\u00adduc\u00adtion seront d\u00e9te\u00adnus par une classe, tant que cette classe capi\u00adta\u00adliste, ma\u00ee\u00adtresse des grands domaines et des grandes usines don\u00adne\u00adra en exploi\u00adta\u00adtion le tra\u00advail, il n\u2019y aura pour vous ni liber\u00adt\u00e9, ni s\u00e9cu\u00adri\u00adt\u00e9, ni bien-\u00eatre. Vous vous ext\u00e9\u00adnue\u00adrez pour four\u00adnir au capi\u00adtal ses rentes, ses loyers, ses fer\u00admages, ses divi\u00addendes, ses d\u00eemes mul\u00adti\u00adpli\u00e9es et accu\u00admu\u00adl\u00e9es&nbsp;; c\u2019est votre sub\u00adstance qui fera la richesse de vos ma\u00eetres, c\u2019est votre pas\u00adsi\u00advi\u00adt\u00e9 qui fera leur&nbsp;force.<\/quote><\/p>\n<p>Il n\u2019est qu\u2019un moyen pour vous affran\u00adchir&nbsp;: c\u2019est de sub\u00adsti\u00adtuer \u00e0 la pro\u00adpri\u00e9\u00adt\u00e9 capi\u00adta\u00adliste la pro\u00adpri\u00e9\u00adt\u00e9 col\u00adlec\u00adti\u00adviste qui, g\u00e9r\u00e9e par vous et pour vous, fera de vous tous, serfs modernes du sala\u00adriat, des pro\u00adduc\u00adteurs asso\u00adci\u00e9s et&nbsp;libre.<\/p>\n<p>Les immor\u00adtels prin\u00adcipes satis\u00adfaits, le mani\u00adfeste pour\u00adsuit sur un ton tout diff\u00e9rent<\/p>\n<p><quote>Hommes d\u2019action et r\u00e9so\u00adlus \u00e0 arra\u00adcher \u00e0 l\u2019\u00c9tat par la force de votre orga\u00adni\u00adsa\u00adtion poli\u00adtique et syn\u00addi\u00adcale toutes les r\u00e9formes qui peuvent all\u00e9\u00adger un peu vos souf\u00adfrances et accro\u00eetre les liber\u00adt\u00e9s de votre mou\u00adve\u00adment, vous direz bien haut que les r\u00e9formes imm\u00e9\u00addiates&nbsp;: limi\u00adta\u00adtion \u00e0 huit heures de la jour\u00adn\u00e9e de tra\u00advail, exten\u00adsion du droit syn\u00addi\u00adcal \u00e0 tous les employ\u00e9s de l\u2019\u00c9tat, du D\u00e9par\u00adte\u00adment et de la Com\u00admune, assu\u00adrance sociale contre les risques du ch\u00f4\u00admage et de la mala\u00addie, imp\u00f4t pro\u00adgres\u00adsif sur le reve\u00adnu et les suc\u00adces\u00adsions, retour \u00e0 la nation des mono\u00adpoles dont le capi\u00adtal a fait ses plus hautes for\u00adte\u00adresses, scru\u00adtin de liste avec repr\u00e9\u00adsen\u00adta\u00adtion pro\u00adpor\u00adtion\u00adnelle ne valent pour vous que comme moyen d\u2019accro\u00eetre votre puis\u00adsance de reven\u00addi\u00adca\u00adtion totale et d\u2019abattre tout l\u2019\u00e9difice du capi\u00adta\u00adlisme exploiteur.<\/quote><\/p>\n<p>Vous vous grou\u00adpe\u00adrez donc tous, tra\u00advailleurs des usines et des champs, en un grand par\u00adti de classe, en un Par\u00adti socia\u00adliste, r\u00e9a\u00adli\u00adsant pour tous les pro\u00adduc\u00adteurs la pro\u00adpri\u00e9\u00adt\u00e9 com\u00admune des moyens de production.<\/p>\n<p>Suivent une apo\u00adlo\u00adgie de la Repr\u00e9\u00adsen\u00adta\u00adtion Pro\u00adpor\u00adtion\u00adnelle, et le&nbsp;cri&nbsp;:<\/p>\n<p>\u00ab&nbsp;Vive la R\u00e9pu\u00adblique sociale&nbsp;!&nbsp;\u00bb<\/p>\n<p>[|<b>Les appr\u00e9\u00adcia\u00adtions<\/b>|]<br>\n<\/p>\n<p>L\u2019<i>Huma\u00adni\u00adt\u00e9<\/i>, organe offi\u00adciel du Par\u00adti Socia\u00adliste, mais que dirigent les jau\u00adres\u00adsistes, appr\u00e9\u00adciait ain\u00adsi les d\u00e9bats de N\u00eemes, imm\u00e9\u00addia\u00adte\u00adment apr\u00e8s leur cl\u00f4ture&nbsp;:<\/p>\n<p><quote>Voi\u00adci ter\u00admi\u00adn\u00e9 le sep\u00adti\u00e8me Congres du Par\u00adti. Il fera date dans nos annales. Jamais encore un Congres du Par\u00adti, un Congr\u00e8s ouvrier, n\u2019avait ain\u00adsi exa\u00admi\u00adn\u00e9 jusque dans les d\u00e9tails et jug\u00e9 du point de vue de l\u2019int\u00e9r\u00eat ouvrier un texte l\u00e9gislatif.<\/quote><\/p>\n<p>Les par\u00adti\u00adsans du vote de la loi l\u2019ont empor\u00adt\u00e9 par 193 voix coutre 155, c\u2019est pour eux une belle vic\u00adtoire non \u00e9qui\u00advoque. La motion qu\u2019ils ont adop\u00adt\u00e9e rap\u00adpelle les insuf\u00adfi\u00adsances et les lacunes de la loi, mais elle en accepte les bases essen\u00adtielles, parce que cette loi est vrai\u00adment, selon la parole de Marx, plus qu\u2019une conqu\u00eate mat\u00e9\u00adrielle, parce qu\u2019elle est la cons\u00e9\u00adcra\u00adtion d\u2019un grand prin\u00adcipe&nbsp;: celui de l\u2019assurance sociale.<\/p>\n<p>Sur ce point pr\u00e9\u00adcis, le Congr\u00e8s viens de faire la pre\u00admi\u00e8re appli\u00adca\u00adtion de la m\u00e9thode r\u00e9a\u00adliste et r\u00e9vo\u00adlu\u00adtion\u00adnaire, qu\u2019il avait d\u00e9fi\u00adnie \u00e0 Toulouse.<\/p>\n<p>\u2026 En v\u00e9ri\u00adt\u00e9, le Congr\u00e8s a fait \u0153uvre&nbsp;utile.<\/p>\n<p>Les r\u00e9for\u00admistes du P.S.U. sont donc contents, mais ils ne sont pas seuls \u00e0 l\u2019\u00eatre. Avec eux se r\u00e9jouissent fran\u00adche\u00adment les \u00ab&nbsp;ind\u00e9\u00adpen\u00addants&nbsp;\u00bb du socia\u00adlisme, les radi\u00adcaux, la presse gou\u00adver\u00adne\u00admen\u00adtale, qui f\u00e9li\u00adcitent, d\u2019un com\u00admun accord, la majo\u00adri\u00adt\u00e9 uni\u00adfi\u00e9e. La <i>D\u00e9mo\u00adcra\u00adtie Sociale<\/i>, organe atti\u00adtr\u00e9 du minis\u00adt\u00e8re de l\u2019Int\u00e9rieur, pro\u00adclame, par exemple, que le Congr\u00e8s de N\u00eemes \u00ab&nbsp;fut le suc\u00adc\u00e8s du bon sens, de la rai\u00adson et de la sagesse, oppo\u00ads\u00e9 \u00e0 l\u2019anarchie, au g\u00e2chis, \u00e0 la&nbsp;folie&nbsp;\u00bb.&nbsp;<\/p>\n<p>De tels \u00e9loges, venant de telles gens, sont bien faits pour jeter quelques doutes sur la valeur socia\u00adliste des d\u00e9ci\u00adsions prises par les d\u00e9l\u00e9\u00adgu\u00e9s du P.S.U.<\/p>\n<p>[|<b>Les rap\u00adports des Syn\u00addi\u00adcats et du Par\u00adti<\/b>|]<br>\n<\/p>\n<p>En r\u00e9a\u00adli\u00adt\u00e9, la dis\u00adcus\u00adsion sur le pro\u00adjet gou\u00adver\u00adne\u00admen\u00adtal des retraites, qui a don\u00adn\u00e9 au Congr\u00e8s son carac\u00adt\u00e8re et qui ser\u00advi\u00adra \u00e0 le d\u00e9fi\u00adnir, n\u2019a pas \u00e9t\u00e9 abor\u00add\u00e9e du point de vue des int\u00e9\u00adr\u00eats ouvriers.<\/p>\n<p>Les divers ora\u00adteurs ont moins cher\u00adch\u00e9 \u00e0 d\u00e9fi\u00adnir la valeur intrin\u00ads\u00e8que de la r\u00e9forme, au regard des tra\u00advailleurs, que la r\u00e9per\u00adcus\u00adsion du vote de la loi sur la pro\u00adchaine cam\u00adpagne \u00e9lec\u00adto\u00adrale. C\u2019est que les \u00e9lec\u00adtions sont proches&nbsp;: dans deux mois, le suf\u00adfrage uni\u00adver\u00adsel va \u00eatre appe\u00adl\u00e9 \u00e0 se prononcer.<\/p>\n<p>Les par\u00adti\u00adsans des retraites n\u2019ont d\u2019ailleurs pas cher\u00adch\u00e9 \u00e0 dis\u00adsi\u00admu\u00adler ces pr\u00e9\u00adoc\u00adcu\u00adpa\u00adtions \u00e9lec\u00adto\u00adrales. Leur argu\u00adment essen\u00adtiel, celui auquel se ram\u00e8nent les diverses rai\u00adsons qu\u2019ils ont pu for\u00admu\u00adler, est celui-ci&nbsp;:<\/p>\n<p>\u00ab&nbsp;Que les d\u00e9pu\u00adt\u00e9s uni\u00adfi\u00e9s s\u2019abstiennent de voter la loi ou votent contre elle, elle sera accep\u00adt\u00e9e n\u00e9an\u00admoins, parce que les radi\u00adcaux, qui sont la majo\u00adri\u00adt\u00e9 de la Chambre, ont besoin d\u2019une r\u00e9forme, quelle qu\u2019elle soit, pour ne pas se repr\u00e9\u00adsen\u00adter les mains vides devant les \u00e9lec\u00adteurs. Mais, dans ce cas, ils auront beau jeu pour repro\u00adcher aux \u00e9lus du Par\u00adti d\u2019avoir repous\u00ads\u00e9 une r\u00e9forme qui int\u00e9\u00adresse les prol\u00e9taires.&nbsp;\u00bb<\/p>\n<p>Cet argu\u00adment\u200a\u2014\u200ale seul en r\u00e9a\u00adli\u00adt\u00e9\u200a\u2014\u200ane manque pas d\u2019une cer\u00adtaine valeur puisqu\u2019il s\u2019adresse \u00e0 un par\u00adti dont presque tous les chefs sont d\u00e9pu\u00adt\u00e9s ou aspirent \u00e0 le deve\u00adnir, et dont la majo\u00adri\u00adt\u00e9 des adh\u00e9\u00adrents croient que la trans\u00adfor\u00adma\u00adtion sociale se fera par l\u2019action par\u00adle\u00admen\u00adtaire, sera r\u00e9a\u00adli\u00ads\u00e9e lorsqu\u2019une majo\u00adri\u00adt\u00e9 socia\u00adliste si\u00e9\u00adge\u00adra au Parlement&nbsp;!<\/p>\n<p>Mais c\u2019est sa seule valeur&nbsp;: jus\u00adte\u00adment, il abou\u00adtit \u00e0 mar\u00adquer la dif\u00adf\u00e9\u00adrence pro\u00adfonde de l\u2019action \u00e9co\u00adno\u00admique du pro\u00adl\u00e9\u00adta\u00adriat avec celle d\u2019un par\u00adti qui se donne pour le repr\u00e9\u00adsen\u00adtant poli\u00adtique de la classe ouvri\u00e8re. Davan\u00adtage m\u00eame, il accen\u00adtue la d\u00e9for\u00adma\u00adtion que le par\u00adle\u00admen\u00adta\u00adrisme inflige \u00e0 la doc\u00adtrine socialiste.<\/p>\n<p>Quoi&nbsp;! voi\u00adl\u00e0 une orga\u00adni\u00adsa\u00adtion, le Par\u00adti socia\u00adliste, qui reven\u00addique hau\u00adte\u00adment le droit de par\u00adler seul au nom des tra\u00advailleurs, qui pr\u00e9\u00adtend pos\u00ads\u00e9\u00adder une doc\u00adtrine propre, irr\u00e9\u00adduc\u00adtible \u00e0 celle des autres par\u00adtis poli\u00adtiques aux\u00adquels il d\u00e9clare s\u2019opposer comme \u00e0 des d\u00e9fen\u00adseurs du r\u00e9gime capi\u00adta\u00adliste qu\u2019il com\u00adbat, et ce Par\u00adti est inca\u00adpable d\u2019opposer une concep\u00adtion par\u00adti\u00adcu\u00adli\u00e8re \u00e0 la leur, d\u2019affirmer cette doc\u00adtrine dont il est fier&nbsp;; il s\u2019avoue impuis\u00adsant \u00e0 d\u00e9fendre les reven\u00addi\u00adca\u00adtions for\u00admu\u00adl\u00e9es par la classe ouvri\u00e8re&nbsp;; il r\u00e9duit son pro\u00adgramme \u00e0 de simples sur\u00aden\u00adch\u00e8res \u00e9lec\u00adto\u00adrales&nbsp;; il se dimi\u00adnue jusqu\u2019\u00e0 n\u2019\u00eatre que l\u2019ombre des par\u00adle\u00admen\u00adtaires bourgeois&nbsp;!<\/p>\n<p>Car c\u2019est bien \u00e0 cela qu\u2019aboutissent les rai\u00adsons d\u00e9ve\u00adlop\u00adp\u00e9es \u00e0 N\u00eemes par les ora\u00adteurs de la majo\u00adri\u00adt\u00e9&nbsp;: les retraites ouvri\u00e8res ne valent rien&nbsp;; n\u00e9an\u00admoins, les \u00e9lus les vote\u00adront, oublieux du res\u00adpect qu\u2019ils avaient affir\u00adm\u00e9 nagu\u00e8re pour l\u2019action syn\u00addi\u00adca\u00adliste, en pro\u00admet\u00adtant \u00e0 leurs \u00e9lec\u00adteurs de les modi\u00adfier \u2013 plus tard, beau\u00adcoup plus&nbsp;tard&nbsp;!<\/p>\n<p>Ain\u00adsi tombe le masque. L\u2019int\u00e9r\u00eat d\u00e9s d\u00e9pu\u00adt\u00e9s passe avant celui de la classe ouvri\u00e8re&nbsp;; le Par\u00adti socia\u00adliste a sur\u00adtout pour rai\u00adson d\u2019\u00eatre de d\u00e9fendre le pre\u00admier, \u2013 et par\u00adfois le second, \u00e0 la condi\u00adtion qu\u2019il s\u2019accorde avec l\u2019autre&nbsp;!<\/p>\n<p>[|<b>*   *   *   *   *<\/b>|]<br>\n<\/p>\n<p>Qu\u2019on ne vienne pas dire qu\u2019une mino\u00adri\u00adt\u00e9 impo\u00adsante s\u2019est affir\u00adm\u00e9e \u00e0 N\u00eemes en faveur de la cam\u00adpagne que m\u00e8ne la C.G.T.<\/p>\n<p>Les par\u00adti\u00adsans du vote de la loi \u2013 ceux qui se sont comp\u00adt\u00e9s sur la motion Vaillant \u2013 groupent tous les jau\u00adres\u00adsistes, c\u2019est-\u00e0-dire ceux qui, \u00e0 Limoges et \u00e0 Nan\u00adcy, avaient affir\u00adm\u00e9 leur volon\u00adt\u00e9 de ne point atten\u00adter \u00e0 l\u2019autonomie de la C.G.T. et de col\u00adla\u00adbo\u00adrer seule\u00adment \u00e0 la m\u00eame \u0153uvre, en dehors d\u2019elle. Leur res\u00adpect du syn\u00addi\u00adca\u00adlisme a dis\u00adpa\u00adru \u00e0 la pre\u00admi\u00e8re occasion.<\/p>\n<p>Ceux qui, par la motion Luquet, ont pris par\u00adti contre la cari\u00adca\u00adture de r\u00e9forme pour les m\u00eames rai\u00adsons que la C.G.T., sont les gues\u00addistes et la petite poi\u00adgn\u00e9e d\u2019insurrectionnels. Mais les gues\u00addistes, ce sont pr\u00e9\u00adci\u00ads\u00e9\u00adment ceux qui s\u2019opposaient avec \u00e2pre\u00adt\u00e9, par ]a voix de Guesde, \u00e0 l\u2019autonomie des syn\u00addi\u00adcats ouvriers, r\u00e9cla\u00admaient l\u2019union des deux orga\u00adni\u00adsa\u00adtions poli\u00adtiques et \u00e9co\u00adno\u00admiques du pro\u00adl\u00e9\u00adta\u00adriat, dans le but \u00e0 peine d\u00e9gui\u00ads\u00e9 de subor\u00addon\u00adner celle-ci \u00e0 celle-l\u00e0, sui\u00advant l\u2019exemple d\u00e9sas\u00adtreux de la social-d\u00e9mo\u00adcra\u00adtie ger\u00adma\u00adnique. Est-il donc pos\u00adsible de les tenir pour syndicalistes&nbsp;?<\/p>\n<p>Res\u00adtent les insur\u00adrec\u00adtion\u00adnels, peu nom\u00adbreux, et dont la ten\u00addance est cer\u00adtai\u00adne\u00adment en voie de d\u00e9sor\u00adga\u00adni\u00adsa\u00adtion. Ceux-l\u00e0 sont plus proches que leurs cama\u00adrades de l\u2019action ouvri\u00e8re, mais leur doc\u00adtrine sociale, fort impr\u00e9\u00adcise d\u2019ailleurs, veut subor\u00addon\u00adner le syn\u00addi\u00adca\u00adlisme \u00e0 l\u2019action \u00e9ner\u00adgique d\u2019une mino\u00adri\u00adt\u00e9 \u00e9tran\u00adg\u00e8re \u00e0 lui qui l\u2019entra\u00eenera dans la gr\u00e8ve g\u00e9n\u00e9\u00adrale et l\u2019insurrection.<\/p>\n<p>Il ne peut donc plus sub\u00adsis\u00adter d\u2019illusions, apr\u00e8s N\u00eemes, sur les rap\u00adports de la C.G.T. et du P.S.U. Non seule\u00adment la majo\u00adri\u00adt\u00e9 n\u2019a pas vou\u00adlu entendre la pro\u00adtes\u00adta\u00adtion ouvri\u00e8re, mais elle a une autre ambi\u00adtion&nbsp;: il est carac\u00adt\u00e9\u00adris\u00adtique qu\u2019un des chefs jau\u00adres\u00adsistes, le citoyen Renau\u00addel, a annon\u00adc\u00e9 \u00e0 ses futurs \u00e9lec\u00adteurs du Var que le Par\u00adti socia\u00adliste allait prendre l\u2019initiative d\u2019une cam\u00adpagne pour l\u2019am\u00e9lioration de la loi sur les retraites et convier la classe ouvri\u00e8re \u00e0 se ral\u00adlier autour de&nbsp;lui&nbsp;!<\/p>\n<p>L\u2019affirmation de la neu\u00adtra\u00adli\u00adt\u00e9 des poli\u00adti\u00adciens \u00e0 l\u2019\u00e9gard du syn\u00addi\u00adca\u00adlisme n\u2019aura dur\u00e9 que quelques ann\u00e9es. Aujourd\u2019hui va recom\u00admen\u00adcer ]a cam\u00adpagne d\u2019intrusion dans les orga\u00adni\u00adsa\u00adtions ouvri\u00e8res, sous l\u2019\u0153il bien\u00adveillant des ministres socia\u00adlistes, Briand, Vivia\u00adni, Mil\u00adle\u00adrand, que les uni\u00adfi\u00e9s accusent bien encore de tra\u00adhi\u00adson dans les mee\u00adtings, mais aux\u00adquels, dans la Chambre, ils apportent un concours \u00e0 peine dissimul\u00e9.<\/p>\n<p>[|<b>Pra\u00adtique par\u00adle\u00admen\u00adtaire et th\u00e9o\u00adrie socia\u00adliste<\/b>|]<br>\n<\/p>\n<p>Est-il t\u00e9m\u00e9\u00adraire d\u2019affirmer que cette ten\u00adta\u00adtive est bien tar\u00addive maintenant&nbsp;?<\/p>\n<p>Elle se mani\u00adfeste apr\u00e8s que les poli\u00adti\u00adciens ont d\u00e9non\u00adc\u00e9 d\u2019eux-m\u00eames la confu\u00adsion qui pou\u00advait r\u00e9gner encore sur le Par\u00adti socia\u00adliste et l\u2019organisation syndicale.<\/p>\n<p>De plus en plus, en m\u00eame temps que le syn\u00addi\u00adca\u00adlisme d\u00e9ve\u00adloppe et for\u00adti\u00adfie ses concep\u00adtions et ses m\u00e9thodes r\u00e9vo\u00adlu\u00adtion\u00adnaires, le socia\u00adlisme poli\u00adtique r\u00e9tr\u00e9\u00adcit sa doc\u00adtrine et appau\u00advrit son action, se r\u00e9duit \u00e0 n\u2019\u00eatre qu\u2019une orga\u00adni\u00adsa\u00adtion \u00e9lec\u00adto\u00adrale, sem\u00adblable \u00e0 toutes les autres.<\/p>\n<p>Sans doute affirme-t-on encore le res\u00adpect des grands prin\u00adcipes, mais c\u2019est pour les tra\u00adhir de plus en plus, pour dimi\u00adnuer l\u2019ampleur de leur action. On parle encore \u00ab&nbsp;r\u00e9vo\u00adlu\u00adtion\u00adnai\u00adre\u00adment&nbsp;\u00bb, mais, de l\u2019esprit de r\u00e9volte affir\u00adm\u00e9 nagu\u00e8re, il ne sub\u00adsiste que le voca\u00adbu\u00adlaire sp\u00e9\u00adcial. Sous pr\u00e9\u00adtexte d\u2019action r\u00e9a\u00adliste, on a pro\u00adgres\u00adsi\u00adve\u00adment att\u00e9\u00adnu\u00e9 les pro\u00adgrammes. Le pro\u00adgramme maxi\u00admum a dis\u00adpa\u00adru, le pro\u00adgramme mini\u00admum a \u00e9t\u00e9 r\u00e9tr\u00e9\u00adci jusqu\u2019\u00e0 n\u2019\u00eatre plus qu\u2019une plate-forme poli\u00adtique pour les besoins d\u2019une \u00e9lec\u00adtion. On affirme bien encore l\u2019id\u00e9al col\u00adlec\u00adti\u00adviste ou com\u00admu\u00adniste, mais comme une chose n\u00e9bu\u00adleuse et loin\u00adtaine, et c\u2019est pour pr\u00e9\u00adco\u00adni\u00adser seule\u00adment la Repr\u00e9\u00adsen\u00adta\u00adtion Proportionnelle.<\/p>\n<p>Il est inutile d\u2019insister sur cette d\u00e9ca\u00addence. Elle est com\u00adpl\u00e8te, irr\u00e9\u00adm\u00e9\u00addiable aus\u00adsi. Le Par\u00adti socia\u00adliste subit les cons\u00e9\u00adquences de son action. Il est fort, il compte pr\u00e8s de 75.000 membres dont ]a plu\u00adpart versent r\u00e9gu\u00adli\u00e8\u00adre\u00adment leurs coti\u00adsa\u00adtions&nbsp;; c\u2019est m\u00eame le seul par\u00adti poli\u00adtique digne de ce nom en France. Mais sa force appa\u00adrente, le nombre de ses adh\u00e9\u00adrents, il les doit \u00e0 ce qu\u2019il est une orga\u00adni\u00adsa\u00adtion \u00e9lec\u00adto\u00adrale. Il n\u2019existerait pas d\u2019ailleurs\u200a\u2014\u200aou n\u2019existerait qu\u2019\u00e0 peine\u200a\u2014\u200as\u2019il ne pou\u00advait pro\u00adpo\u00adser \u00e0 la plu\u00adpart de ses membres un objet posi\u00adtif et imm\u00e9\u00addiat, l\u2019envoi de d\u00e9pu\u00adt\u00e9s au Par\u00adle\u00adment, s\u2019il se bor\u00adnait \u00e0 leur pr\u00ea\u00adcher la R\u00e9vo\u00adlu\u00adtion \u00e0 venir\u2026 Mais jus\u00adte\u00adment, cette indis\u00adpen\u00adsable tac\u00adtique \u00e9lec\u00adto\u00adrale le d\u00e9forme. Au d\u00e9but, les socia\u00adlistes niaient la valeur de l\u2019action par\u00adle\u00admen\u00adtaire&nbsp;; \u00e9lus au Par\u00adle\u00adment, ils ont trou\u00adv\u00e9 des excuses \u00e0 leur atti\u00adtude nou\u00advelle, puis en ont fait l\u2019\u00e9loge, l\u2019ont pro\u00adpo\u00ads\u00e9e comme une m\u00e9thode suf\u00adfi\u00adsante pour r\u00e9a\u00adli\u00adser la trans\u00adfor\u00adma\u00adtion sociale&nbsp;; mieux encore, ils en ont fait une doctrine.<\/p>\n<p>C\u2019est de cela que le socia\u00adlisme poli\u00adtique se meurt. Ses chefs ont \u00e9t\u00e9 pris dans l\u2019engrenage de la par\u00adti\u00adci\u00adpa\u00adtion plus ou moins directe au pou\u00advoir, et ils ont entra\u00ee\u00adn\u00e9 leurs dis\u00adciples avec eux. Le Par\u00adti socia\u00adliste conquer\u00adra encore de nou\u00adveaux si\u00e8ges, il for\u00adti\u00adfie\u00adra sans nul doute sa posi\u00adtion \u00e0 la Chambre, mais par l\u00e0-m\u00eame il se rap\u00adpro\u00adche\u00adra de plus en plus des autres par\u00adtis. Il n\u2019est gu\u00e8re, en ce moment, que l\u2019avant-garde de la gauche r\u00e9pu\u00adbli\u00adcaine&nbsp;; peu \u00e0 peu, \u00e0 mesure que les anciens groupes s\u2019\u00e9puiseront ou se dis\u00adcr\u00e9\u00addi\u00adte\u00adront comme sont en train de le faire les radi\u00adcaux, il pren\u00addra leur place. Un jour proche c\u2019en sera fini du Par\u00adti Socia\u00adliste en tant que socia\u00adliste. L\u2019\u00e9tiquette sub\u00adsis\u00adte\u00adra peut-\u00eatre, mais que prouvent les \u00e9tiquettes&nbsp;?<\/p>\n<p>Ce n\u2019est pas qu\u2019en France que ce mou\u00adve\u00adment est sen\u00adsible. En Alle\u00admagne, la social-d\u00e9mo\u00adcra\u00adtie, si fi\u00e8re, si intran\u00adsi\u00adgeante th\u00e9o\u00adri\u00adque\u00adment, glisse aux mains r\u00e9for\u00admistes&nbsp;; en Ita\u00adlie, le chef socia\u00adliste Andrea Cos\u00adta vient de mou\u00adrir vice-pr\u00e9\u00adsident de la Chambre, et Enri\u00adco Fer\u00adri se d\u00e9clare pr\u00eat \u00e0 accep\u00adter un minis\u00adt\u00e8re&nbsp;; en Bel\u00adgique, le jour m\u00eame o\u00f9 se r\u00e9unis\u00adsaient les uni\u00adfi\u00e9s fran\u00ad\u00e7ais, le Congr\u00e8s du Par\u00adti ouvrier d\u00e9cla\u00adrait avec Van\u00adder\u00advelde que la par\u00adti\u00adci\u00adpa\u00adtion au pou\u00advoir n\u2019est pas contraire aux prin\u00adcipes&nbsp;; en Angle\u00adterre, les tra\u00advaillistes ne sont que l\u2019ombre du Par\u00adti lib\u00e9\u00adral. L\u2019intransigeance doc\u00adtri\u00adnaire affir\u00adm\u00e9e au Congr\u00e8s d\u2019Amsterdam n\u2019a pas tenu long\u00adtemps au contact des r\u00e9a\u00adli\u00adt\u00e9s du pouvoir\u2026<\/p>\n<p>Il faut main\u00adte\u00adnant se repor\u00adter au Congr\u00e8s de Londres, rap\u00adpe\u00adler l\u2019exclusion pro\u00adnon\u00adc\u00e9e contre les anti\u00adpar\u00adle\u00admen\u00adtaires, excom\u00admu\u00adni\u00e9s par l\u2019orgueilleuse social-d\u00e9mo\u00adcra\u00adtie. La tac\u00adtique pro\u00adcla\u00adm\u00e9e alors a main\u00adte\u00adnant presque ache\u00adv\u00e9 son \u0153uvre&nbsp;: on peut la juger aujourd\u2019hui<\/p>\n<p>[\/\u200b<sc>Har\u00admel<\/sc>\/\u200b]<\/p>\n<\/div><\/div>","protected":false},"excerpt":{"rendered":"<p>Le Par\u00adti socia\u00adliste (Sec\u00adtion fran\u00ad\u00e7aise de l\u2019Internationale Ouvri\u00e8re) vient de tenir son Congr\u00e8s \u00e0 N\u00eemes, les 6, 7, 8 et 9 f\u00e9vrier. C\u2019est le sep\u00adti\u00e8me depuis que l\u2019Unit\u00e9 a assem\u00adbl\u00e9 dans une orga\u00adni\u00adsa\u00adtion com\u00admune, sui\u00advant le v\u0153u du Congr\u00e8s d\u2019Amsterdam, des frac\u00adtions jusque-l\u00e0 enne\u00admies&nbsp;: les r\u00e9for\u00admistes, grou\u00adp\u00e9s autour de Jau\u00adr\u00e8s dans le Par\u00adti socia\u00adliste fran\u00e7ais&nbsp;;&nbsp;[\u2026]<\/p>\n","protected":false},"author":1,"featured_media":0,"comment_status":"closed","ping_status":"closed","sticky":false,"template":"","format":"standard","meta":{"wp_typography_post_enhancements_disabled":false,"footnotes":""},"categories":[467],"tags":[],"ppma_author":[540],"class_list":["post-3842","post","type-post","status-publish","format-standard","hentry","category-la-vie-ouvriere-n11-5-mars-1910"],"authors":[{"term_id":540,"user_id":1,"is_guest":0,"slug":"admin_3gikpwyf","display_name":"Vincent Dubuc","avatar_url":"https:\/\/secure.gravatar.com\/avatar\/d015720652c25fd2ced191ade86430094e1f288a17483713e3b34d26dea52507?s=96&d=mm&r=g","author_category":"","user_url":"https:\/\/la-presse-anarchiste.net","last_name":"Dubuc","first_name":"Vincent","job_title":"","description":""}],"_links":{"self":[{"href":"https:\/\/la-presse-anarchiste.net\/index.php\/wp-json\/wp\/v2\/posts\/3842","targetHints":{"allow":["GET"]}}],"collection":[{"href":"https:\/\/la-presse-anarchiste.net\/index.php\/wp-json\/wp\/v2\/posts"}],"about":[{"href":"https:\/\/la-presse-anarchiste.net\/index.php\/wp-json\/wp\/v2\/types\/post"}],"author":[{"embeddable":true,"href":"https:\/\/la-presse-anarchiste.net\/index.php\/wp-json\/wp\/v2\/users\/1"}],"replies":[{"embeddable":true,"href":"https:\/\/la-presse-anarchiste.net\/index.php\/wp-json\/wp\/v2\/comments?post=3842"}],"version-history":[{"count":0,"href":"https:\/\/la-presse-anarchiste.net\/index.php\/wp-json\/wp\/v2\/posts\/3842\/revisions"}],"wp:attachment":[{"href":"https:\/\/la-presse-anarchiste.net\/index.php\/wp-json\/wp\/v2\/media?parent=3842"}],"wp:term":[{"taxonomy":"category","embeddable":true,"href":"https:\/\/la-presse-anarchiste.net\/index.php\/wp-json\/wp\/v2\/categories?post=3842"},{"taxonomy":"post_tag","embeddable":true,"href":"https:\/\/la-presse-anarchiste.net\/index.php\/wp-json\/wp\/v2\/tags?post=3842"},{"taxonomy":"author","embeddable":true,"href":"https:\/\/la-presse-anarchiste.net\/index.php\/wp-json\/wp\/v2\/ppma_author?post=3842"}],"curies":[{"name":"wp","href":"https:\/\/api.w.org\/{rel}","templated":true}]}}