{"id":3854,"date":"2017-10-07T07:43:11","date_gmt":"2017-10-07T07:43:11","guid":{"rendered":"https:\/\/la-presse-anarchiste.net\/index.php\/2017\/10\/07\/il-faut-que-ce-soit-la-derniere\/"},"modified":"2017-10-07T07:43:11","modified_gmt":"2017-10-07T07:43:11","slug":"il-faut-que-ce-soit-la-derniere","status":"publish","type":"post","link":"https:\/\/la-presse-anarchiste.net\/index.php\/2017\/10\/07\/il-faut-que-ce-soit-la-derniere\/","title":{"rendered":"Il faut que ce soit la derni\u00e8re"},"content":{"rendered":"<div class=\"pdfprnt-buttons pdfprnt-buttons-post pdfprnt-top-right\"><a href=\"https:\/\/la-presse-anarchiste.net\/index.php\/wp-json\/wp\/v2\/posts\/3854?print=pdf\" class=\"pdfprnt-button pdfprnt-button-pdf\" target=\"_blank\"><img decoding=\"async\" src=\"https:\/\/la-presse-anarchiste.net\/wp-content\/plugins\/pdf-print\/images\/pdf.png\" alt=\"image_pdf\" title=\"Afficher le PDF\"><\/a><a href=\"https:\/\/la-presse-anarchiste.net\/index.php\/wp-json\/wp\/v2\/posts\/3854?print=print\" class=\"pdfprnt-button pdfprnt-button-print\" target=\"_blank\"><img decoding=\"async\" src=\"https:\/\/la-presse-anarchiste.net\/wp-content\/plugins\/pdf-print\/images\/print.png\" alt=\"image_print\" title=\"Contenu imprim\u00e9\"><\/a><\/div><div align=\"justify\">\n<div style=\"text-indent: 1cm\">\n<p>\u00ab&nbsp;Oui, il le&nbsp;faut&nbsp;!<\/p>\n<p>\u00ab&nbsp;\u00c0 tout prix il faut que cette guerre soit la derni\u00e8re&nbsp;!&nbsp;\u00bb<\/p>\n<p>Tel est le v\u0153u g\u00e9n\u00e9\u00adral et nul ne d\u00e9sire plus ardem\u00adment que moi que ce v\u0153u s\u2019accomplisse.<\/p>\n<p>Je dis v\u0153u <i>g\u00e9n\u00e9\u00adral<\/i>&nbsp;; je ne dis pas <i>una\u00adnime<\/i>. Je n\u2019ignore point que dans toutes les nations il y a un <i>par\u00adti de la guerre<\/i>, et il n\u2019est pas indis\u00adpen\u00adsable d\u2019\u00eatre fort clair\u00advoyant pour aper\u00adce\u00advoir de qui et de quoi ce par\u00adti est fait&nbsp;: il com\u00adprend tous ceux qui, mili\u00adtaires ou civils, pro\u00adfitent et vivent de la guerre, alors que les autres en p\u00e2tissent ou en meurent.<\/p>\n<p>Il y a aus\u00adsi ceux qui, exal\u00adtant les ver\u00adtus guer\u00adri\u00e8res, comme fon\u00adda\u00admen\u00adtales et sup\u00e9\u00adrieures, attisent les ardeurs bel\u00adli\u00adqueuses et per\u00adp\u00e9\u00adtuent le culte des batailles.<\/p>\n<p>Il y a encore ceux qui pro\u00adclament que la guerre est un de ces ch\u00e2\u00adti\u00adments que le Dieu d\u2019amour et de bon\u00adt\u00e9 se pla\u00eet \u00e0 infli\u00adger aux peuples impies.<\/p>\n<p>Il y a enfin ceux qui, un peu par\u00adtout, vont rab\u00e2\u00adchant que la guerre est une abo\u00admi\u00adna\u00adtion \u2013 certes&nbsp;! \u2013 mais qu\u2019elle est in\u00e9vi\u00adtable et que jamais l\u2019humanit\u00e9 ne par\u00advien\u00addra \u00e0 \u00e9li\u00admi\u00adner cette fata\u00adli\u00adt\u00e9 de la voie dou\u00adlou\u00adreuse o\u00f9 elle chemine.<\/p>\n<p>Aujourd\u2019hui, ne m\u2019adressant pas \u00e0 ceux-l\u00e0, je me dis\u00adpen\u00adse\u00adrai de dis\u00adcu\u00adter avec eux&nbsp;: ce d\u00e9bat vien\u00addra \u00e0 son heure. Je vais au plus press\u00e9.<\/p>\n<p>Je me tourne vers l\u2019immense mul\u00adti\u00adtude de ceux qui ex\u00e8crent la guerre et qui, croyant ou non, r\u00e9pu\u00adbli\u00adcains ou non, conser\u00adva\u00adteurs ou r\u00e9vo\u00adlu\u00adtion\u00adnaires \u2013 la voi\u00adl\u00e0 bien l\u2019<i>Union Sacr\u00e9e&nbsp;!<\/i> \u2013 r\u00e9p\u00e8tent \u00e0 l\u2019envie&nbsp;:<\/p>\n<p>\u00ab&nbsp;Oui, il le&nbsp;faut.<br>\n\u00ab&nbsp;\u00c0 tout prix, il faut que cette guerre soit la derni\u00e8re&nbsp;!&nbsp;\u00bb<\/p>\n<p>En par\u00adlant ain\u00adsi, ils expriment la convic\u00adtion que la guerre peut \u00eatre et sera, quelque jour, d\u00e9fi\u00adni\u00adti\u00adve\u00adment conju\u00adr\u00e9e et la volon\u00adt\u00e9 que celle-ci ter\u00admine la trop longue s\u00e9rie des massacres.<\/p>\n<p>[|<b>*  *  *  *<\/b>|]<\/p>\n<p>Que faire pour que cette volon\u00adt\u00e9 se r\u00e9a\u00adlise en des actes posi\u00adtifs et certains&nbsp;?<\/p>\n<p>Quels pro\u00adc\u00e9\u00add\u00e9s appli\u00adquer et quelles mesures adop\u00adter pour que de l\u2019incessant \u00e9tat de guerre l\u2019homme passe \u00e0 l\u2019\u00e9tat de paix d\u00e9sirable&nbsp;?<\/p>\n<p>Les moyens actuel\u00adle\u00adment pro\u00adpo\u00ads\u00e9s sont ceux-ci&nbsp;:<\/p>\n<p>\u00ab&nbsp;\u00c9cra\u00adser le mili\u00adta\u00adrisme alle\u00admand et le mettre \u00e0 tout jamais dans l\u2019impossibilit\u00e9 de d\u00e9cha\u00ee\u00adner un nou\u00adveau cataclysme&nbsp;;<\/p>\n<p>\u00ab&nbsp;Abo\u00adlir la diplo\u00adma\u00adtie secr\u00e8te&nbsp;;<\/p>\n<p>\u00ab&nbsp;R\u00e9duire et limi\u00adter les armements&nbsp;;<\/p>\n<p>\u00ab&nbsp;Ins\u00adti\u00adtuer l\u2019arbitrage obligatoire&nbsp;;<\/p>\n<p>\u00ab&nbsp;Licen\u00adcier les arm\u00e9es de m\u00e9tier et leur sub\u00adsti\u00adtuer les milices nationales&nbsp;;<\/p>\n<p>\u00ab&nbsp;Fon\u00adder les \u00c9tats-Unis d\u2019Europe.&nbsp;\u00bb<\/p>\n<p>Je crois n\u2019avoir omis aucun des moyens impor\u00adtants \u00e0 l\u2019aide des\u00adquels les amis de la paix entendent sup\u00adpri\u00admer la guerre.<\/p>\n<p>Je recon\u00adnais volon\u00adtiers que cha\u00adcune de ces mesures a une valeur et que la somme de ces valeurs consti\u00adtue un esti\u00admable total. Mais je me h\u00e2te d\u2019ajouter que, m\u00eame r\u00e9a\u00adli\u00ads\u00e9, l\u2019ensemble de ces mesures res\u00adte\u00adrait insuf\u00adfi\u00adsant \u00e0 assu\u00adrer le&nbsp;but.<\/p>\n<p>Affai\u00adblir le mili\u00adta\u00adrisme prus\u00adsien, parce que source et foyer inces\u00adsants conflits, menace constante diri\u00adg\u00e9e contre la paix euro\u00adp\u00e9enne&nbsp;? Bra\u00advo&nbsp;!\u2026 mais \u00e0 l\u2019expresse condi\u00adtion que cet \u00e9cra\u00adse\u00adment ait pour r\u00e9sul\u00adtat d\u2019affaiblir \u00e9ga\u00adle\u00adment le mili\u00adta\u00adrisme dans tous les pays et non de ren\u00adfor\u00adcer un mili\u00adta\u00adrisme quel\u00adconque, f\u00fbt-ce le n\u00f4tre, celui d\u2019un de nos alli\u00e9s ou celui de&nbsp;tous.<\/p>\n<p>Abo\u00adlir la diplo\u00adma\u00adtie secr\u00e8te&nbsp;?<\/p>\n<p>\u2014&nbsp;Bra\u00advo&nbsp;!\u2026 bien qu\u2019il ne se puisse conce\u00advoir rai\u00adson\u00adna\u00adble\u00adment de diplo\u00adma\u00adtie qui, pour le moins par\u00adtiel\u00adle\u00adment, n\u2019ait besoin de s\u2019entourer d\u2019un cer\u00adtain mys\u00adt\u00e8re quand les cir\u00adcons\u00adtances sont graves et les n\u00e9go\u00adcia\u00adtions d\u00e9li\u00adcates, c\u2019est-\u00e0-dire juste au moment o\u00f9 la clar\u00adt\u00e9 serait le plus n\u00e9cessaire.<\/p>\n<p>R\u00e9duire et limi\u00adter les armements&nbsp;?<\/p>\n<p>\u2014&nbsp;Bra\u00advo&nbsp;!\u2026 quoi qu\u2019il y ait cent fa\u00e7ons effi\u00adcaces autant que d\u00e9tour\u00adn\u00e9es de se sous\u00adtraire \u00e0 cette&nbsp;r\u00e8gle.<\/p>\n<p>Ins\u00adti\u00adtuer l\u2019arbitrage obli\u00adga\u00adtoire et en assu\u00adrer, quoi qu\u2019il advienne, la fonc\u00adtion op\u00e9\u00adrante&nbsp;? \u2013 Bra\u00advo&nbsp;!\u2026 encore que\u2026<\/p>\n<p>Mais je n\u2019insiste pas pr\u00e9\u00adsen\u00adte\u00adment sur les r\u00e9serves et objec\u00adtions que je pour\u00adrais for\u00admu\u00adler et je&nbsp;passe.<\/p>\n<p>Je passe parce que j\u2019admets l\u2019adoption de ces mul\u00adtiples mesures. Je ne veux m\u00eame pas sup\u00adpu\u00adter le temps consi\u00add\u00e9\u00adrable que n\u00e9ces\u00adsi\u00adte\u00adrait leur r\u00e9a\u00adli\u00adsa\u00adtion. Pas d\u2019avantage je ne veux envi\u00adsa\u00adger le cas, avant cette r\u00e9a\u00adli\u00adsa\u00adtion, d\u2019une nou\u00advelle guerre qui, en fai\u00adsant crou\u00adler l\u2019\u00e9difice en voie de construc\u00adtion, pour\u00adrait rame\u00adner nos petits-fils au point o\u00f9 nous en sommes.<\/p>\n<p>C\u2019est chose faite, ou plu\u00adt\u00f4t, h\u00e9las&nbsp;! je le sup\u00adpose&nbsp;: le mili\u00adta\u00adrisme alle\u00admand est \u00e9cra\u00ads\u00e9&nbsp;; la diplo\u00adma\u00adtie secr\u00e8te est abo\u00adlie&nbsp;; les arme\u00adments sont r\u00e9duits et limi\u00adt\u00e9s&nbsp;; l\u2019arbitrage obli\u00adga\u00adtoire fonc\u00adtionne&nbsp;; les milices natio\u00adnales rem\u00adplacent les arm\u00e9es de m\u00e9tier&nbsp;; les \u00c9tats-Unis d\u2019Europe sont fond\u00e9s.<\/p>\n<p>Eh bien&nbsp;! La guerre sera-t-elle morte&nbsp;? Cet ensemble de mesures aura-t-il tu\u00e9 la maudite&nbsp;?<\/p>\n<p>L\u2019horrible \u00e9ven\u00adtua\u00adli\u00adt\u00e9 sera-t-elle tota\u00adle\u00adment et d\u00e9fi\u00adni\u00adti\u00adve\u00adment \u00e9cart\u00e9e&nbsp;?<\/p>\n<p>J\u2019ai trop d\u2019\u00e9quit\u00e9 pour pr\u00e9\u00adtendre qu\u2019il n\u2019y aura rien de&nbsp;fait.<\/p>\n<p>Les risques seront moindres&nbsp;; des garan\u00adties rela\u00adtives exis\u00adte\u00adront&nbsp;; cha\u00adcune de ces mesures aura consti\u00adtu\u00e9 un ind\u00e9\u00adniable pro\u00adgr\u00e8s et mar\u00adqu\u00e9 une \u00e9tape dans l\u2019ascension qui, des pro\u00adfon\u00addeurs de la bar\u00adba\u00adrie, ache\u00admine l\u2019humanit\u00e9 vers les som\u00admets de la mansu\u00e9tude.<\/p>\n<p>Mais ces sereines alti\u00adtudes seront encore loin, bien loin d\u2019\u00eatre atteintes et un recul, une chute res\u00adte\u00adront \u00e0 redouter.<\/p>\n<p>[|<b>*  *  *  *<\/b>|]<\/p>\n<p>Par\u00adlons clair et franc, Disons loya\u00adle\u00adment <i>ce qu\u2019il faut dire<\/i>.<\/p>\n<p>La guerre est un fait, un effet. Tout effet \u00e0 une cause, et cha\u00adcun sait que l\u2019effet sub\u00adsiste tant que per\u00adsiste la cause, ce qui signi\u00adfie que l\u2019effet ne peut dis\u00adpa\u00adra\u00eetre que par la sup\u00adpres\u00adsion de la&nbsp;cause.<\/p>\n<p>Dans les milieux socia\u00adlistes, syn\u00addi\u00adca\u00adlistes et liber\u00adtaires, on sait que le r\u00e9gime capi\u00adta\u00adliste est la cause v\u00e9ri\u00adtable, pro\u00adfonde, essen\u00adtielle, fon\u00adda\u00admen\u00adtale de la guerre. C\u2019est une r\u00e9a\u00adli\u00adt\u00e9 qu\u2019on ne dis\u00adcute plus&nbsp;; elle est acquise. Elle abou\u00adtit \u00e0 cette conclu\u00adsion n\u00e9ces\u00adsaire&nbsp;: la guerre ne dis\u00adpa\u00adra\u00ee\u00adtra qu\u2019avec le r\u00e9gime capitaliste.<\/p>\n<p>C\u2019est un pre\u00admier point [manque un mot] important.<\/p>\n<p>Mais la guerre a une seconde cause. Celle-ci r\u00e9side en nous&nbsp;; elle est d\u2019ordre moral&nbsp;; elle pro\u00adc\u00e8de de l\u2019\u00e9ducation que nous avons re\u00e7ue et qu\u2019on conti\u00adnue \u00e0 don\u00adner \u00e0 nos enfants. Elle d\u00e9coule de l\u2019\u00e9ducation dite civique, de l\u2019enseignement de l\u2019histoire, les lec\u00adtures que fait l\u2019enfant, des jeux aux\u00adquels il se livre, des r\u00e9cits qu\u2019il \u00e9coute, des conseils qu\u2019on lui donne, des exemples qu\u2019il a sous les yeux, des spec\u00adtacles qu\u2019on lui offre, des conver\u00adsa\u00adtions qu\u2019il entend, des mille choses qui l\u2019enveloppent, le p\u00e9n\u00e8trent len\u00adte\u00adment, le saturent et, \u00e0 la longue, d\u00e9ter\u00adminent ses id\u00e9es et ses sentiments.<\/p>\n<p>Ces mille choses l\u2019impr\u00e8gnent de ce que j\u2019appellerai <i>l\u2019esprit de guerre<\/i>, et, si l\u2019on veut sin\u00adc\u00e8\u00adre\u00adment que cette guerre \u2013 qui, pour les hommes de c\u0153ur et de rai\u00adson, est une indi\u00adcible tris\u00adtesse et une humi\u00adlia\u00adtion sans \u00e9gale \u2013 soit la der\u00adni\u00e8re des guerres, c\u2019est <i>l\u2019esprit de paix<\/i> qu\u2019il faut faire na\u00eetre et d\u00e9ve\u00adlop\u00adper en l\u2019enfant.<\/p>\n<p>Il ne ser\u00advi\u00adrait de rien \u2013 de rien, enten\u00addez-vous \u2013 que le nombre des canons f\u00fbt limi\u00adt\u00e9 et r\u00e9duit, de m\u00eame que les arm\u00e9es de m\u00e9tier fussent licen\u00adci\u00e9es, si l\u2019\u00e9ducation (ce mot est pris dans son sens le plus large), conti\u00adnuait \u00e0 ins\u00adtal\u00adler dans le c\u0153ur de l\u2019enfant une mitrailleuse de haine et dans son cer\u00adveau l\u2019esprit de caserne.<\/p>\n<p>Met\u00adtons-nous bien dans la t\u00eate que, cette guerre ter\u00admi\u00adn\u00e9e, \u2013 car enfin elle ces\u00adse\u00adra bien un jour \u2013 il ne res\u00adte\u00adra gu\u00e8re plus que des vieillards et des enfants et que ce sont ces der\u00adniers qui auront la charge de pr\u00e9\u00adpa\u00adrer et de r\u00e9a\u00adli\u00adser l\u2019\u0153uvre de&nbsp;paix.<\/p>\n<p>Quand je songe aux r\u00e9cits qu\u2019ils lisent dans les illus\u00adtr\u00e9s, aux spec\u00adtacles que leur offre les cin\u00e9\u00admas, aux jeux de guerre aux\u00adquels ils s\u2019adonnent, aux entra\u00ee\u00adne\u00adments de haine qu\u2019ils subissent, je fr\u00e9\u00admis et je m\u2019indigne.<\/p>\n<p>[|<b>*  *  *  *<\/b>|]<\/p>\n<p>Ins\u00adti\u00adtu\u00adteurs, parents, \u00e9du\u00adca\u00adteurs, pre\u00adnez conscience de vos res\u00adpon\u00adsa\u00adbi\u00adli\u00adt\u00e9s. Elles nous imposent le devoir d\u2019\u00e9loigner vos enfants des jeux, des spec\u00adtacles, des lec\u00adtures qui, loin de leu ins\u00adpi\u00adrer l\u2019ex\u00e9cration de la guerre leur pr\u00e9\u00adsentent l\u2019horreur des batailles sous des cou\u00adleurs s\u00e9dui\u00adsantes ou merveilleuses.<\/p>\n<p>Vous sur\u00adtout, socia\u00adlistes, syn\u00addi\u00adca\u00adlistes et liber\u00adtaires, qui \u00eates d\u00e9j\u00e0 tout acquis \u00e0 la cause de la r\u00e9con\u00adci\u00adlia\u00adtion humaine, vous a qui j\u2019ai enten\u00addu dire par\u00adfois que vous vous bat\u00adtez pour que cette guerre soit la der\u00adni\u00e8re, vous qui, ayant dans les yeux la vision du pr\u00e9\u00adsent car\u00adnage, avez l\u2019ind\u00e9fectible volon\u00adt\u00e9 d\u2019en pr\u00e9\u00adser\u00adver vos chers petits, veillez sur les lec\u00adtures, les jeux et les conver\u00adsa\u00adtions de ceux dont vous avez la charge.<\/p>\n<p>L\u2019instant est propice.<\/p>\n<p>Met\u00adtons \u00e0 pro\u00adfit les heures \u00e9pou\u00advan\u00adtables que nous vivons pour culti\u00adver chez eux la haine de la guerre et l\u2019amour de la paix. Chas\u00adsons de leur pen\u00ads\u00e9e les exa\u00adg\u00e9\u00adra\u00adtions stu\u00adpides et l\u00e9gendes ineptes&nbsp;; \u00e9loi\u00adgnons de leur c\u0153ur les m\u00e9pris ridi\u00adcules et les haines irraisonn\u00e9es.<\/p>\n<p>Son\u00adgeons que si notre g\u00e9n\u00e9\u00adra\u00adtion n\u2019a pas su, n\u2019a pas pu, n\u2019a pas suf\u00adfi\u00adsam\u00adment vou\u00adlu emp\u00ea\u00adcher la guerre pr\u00e9\u00adsente, <sc>elle doit se rache\u00adter en pr\u00e9\u00adpa\u00adrant, par les jeunes, des forces de paix qui ren\u00addront la guerre impossible.<\/sc><\/p>\n<p>L\u00e0 est pour nous, actuel\u00adle\u00adment, le devoir le plus imp\u00e9\u00adrieux et le plus urgent. Ce devoir s\u2019impose \u00e0 cha\u00adcun de nous&nbsp;: \u00e0 l\u2019\u00e9gard de ses enfants, vis-\u00e0-vis de sa conscience, envers ses camarades.<\/p>\n<p>Ne per\u00addons pas de vue que la guerre ne se peut que pas le consen\u00adte\u00adment de ceux qui sont appe\u00adl\u00e9s \u00e0 se battre et que tant qu\u2019il y aura, en nombre, des hommes dis\u00adpo\u00ads\u00e9s \u00e0 s\u2019entre-tuer, il s\u2019en trou\u00adve\u00adra pour ordon\u00adner la&nbsp;m\u00eal\u00e9e.<\/p>\n<p>La guerre ne devien\u00addra r\u00e9el\u00adle\u00adment impos\u00adsible que lorsque, \u00e9clai\u00adr\u00e9s, rai\u00adson\u00adnables, fra\u00adter\u00adnels, les hommes se refu\u00adse\u00adront \u00e0 la&nbsp;faire.<\/p>\n<p>Quand \u00e9le\u00adv\u00e9s dans l\u2019ex\u00e9cration de la guerre et le culte de la paix, les hommes auront com\u00adpris \u2013 enfin&nbsp;! \u2013 qu\u2019ils ne sont pas fata\u00adle\u00adment vou\u00e9s \u00e0 se ha\u00efr et s\u2019entr\u2019\u00e9gorger, mais faits, tout au contraire, pour s\u2019entr\u2019aider et s\u2019entr\u2019aimer, ce jour-l\u00e0, il ne se trou\u00adve\u00adra plus au monde un gou\u00adver\u00adne\u00adment ayant le pou\u00advoir de d\u00e9cha\u00ee\u00adner la tuerie.<\/p>\n<p>La guerre aura&nbsp;v\u00e9cu.<\/p>\n<p>Pour por\u00adter le coup de gr\u00e2ce \u00e0 cette mau\u00addite, ne comp\u00adtons pas sur les Ma\u00eetres&nbsp;: la guerre est tou\u00adjours venue d\u2019en haut, la paix n\u2019en peut des\u00adcendre. C\u2019est d\u2019en bas que la pais peut et doit sur\u00adgir. Ce sont les peuples, tou\u00adjours vic\u00adtimes de cette cala\u00admi\u00adt\u00e9, qui peuvent tuer et tue\u00adront celle-ci. Le salut est en eux, rien qu\u2019en eux, tout en&nbsp;eux.<\/p>\n<p>Met\u00adtons-nous \u00e9ner\u00adgi\u00adque\u00adment \u00e0 la besogne&nbsp;; que notre effort soit inlas\u00adsable. Que l\u2019<i>Union Sacr\u00e9e<\/i>, loyale, ardente, indis\u00adso\u00adluble, se pra\u00adtique sur ce&nbsp;point.<\/p>\n<p>Et que cha\u00adcun de nous fasse sienne et pro\u00adpage pas\u00adsion\u00adn\u00e9\u00adment autour de lui cette r\u00e9solution&nbsp;:<\/p>\n<p>\u00ab&nbsp;Oui, il le&nbsp;faut&nbsp;!<\/p>\n<p>\u00ab&nbsp;\u00c0 tout prix, il faut que cette guerre soit la derni\u00e8re&nbsp;!&nbsp;\u00bb<\/p>\n<p>[\/\u200bS\u00e9bastien <sc>Faure<\/sc>\/\u200b]<\/p>\n<\/div>\n<\/div>\n","protected":false},"excerpt":{"rendered":"<p>\u00ab&nbsp;Oui, il le&nbsp;faut&nbsp;! \u00ab&nbsp;\u00c0 tout prix il faut que cette guerre soit la der\u00adni\u00e8re&nbsp;!&nbsp;\u00bb Tel est le v\u0153u g\u00e9n\u00e9\u00adral et nul ne d\u00e9sire plus ardem\u00adment que moi que ce v\u0153u s\u2019accomplisse. Je dis v\u0153u g\u00e9n\u00e9\u00adral&nbsp;; je ne dis pas una\u00adnime. Je n\u2019ignore point que dans toutes les nations il y a un par\u00adti de&nbsp;la&nbsp;[\u2026]<\/p>\n","protected":false},"author":1,"featured_media":0,"comment_status":"closed","ping_status":"closed","sticky":false,"template":"","format":"standard","meta":{"wp_typography_post_enhancements_disabled":false,"footnotes":""},"categories":[471],"tags":[],"ppma_author":[540],"class_list":["post-3854","post","type-post","status-publish","format-standard","hentry","category-ce-quil-faut-dire-na1-2-avril-1916"],"authors":[{"term_id":540,"user_id":1,"is_guest":0,"slug":"admin_3gikpwyf","display_name":"Vincent Dubuc","avatar_url":"https:\/\/secure.gravatar.com\/avatar\/d015720652c25fd2ced191ade86430094e1f288a17483713e3b34d26dea52507?s=96&d=mm&r=g","author_category":"","user_url":"https:\/\/la-presse-anarchiste.net","last_name":"Dubuc","first_name":"Vincent","job_title":"","description":""}],"_links":{"self":[{"href":"https:\/\/la-presse-anarchiste.net\/index.php\/wp-json\/wp\/v2\/posts\/3854","targetHints":{"allow":["GET"]}}],"collection":[{"href":"https:\/\/la-presse-anarchiste.net\/index.php\/wp-json\/wp\/v2\/posts"}],"about":[{"href":"https:\/\/la-presse-anarchiste.net\/index.php\/wp-json\/wp\/v2\/types\/post"}],"author":[{"embeddable":true,"href":"https:\/\/la-presse-anarchiste.net\/index.php\/wp-json\/wp\/v2\/users\/1"}],"replies":[{"embeddable":true,"href":"https:\/\/la-presse-anarchiste.net\/index.php\/wp-json\/wp\/v2\/comments?post=3854"}],"version-history":[{"count":0,"href":"https:\/\/la-presse-anarchiste.net\/index.php\/wp-json\/wp\/v2\/posts\/3854\/revisions"}],"wp:attachment":[{"href":"https:\/\/la-presse-anarchiste.net\/index.php\/wp-json\/wp\/v2\/media?parent=3854"}],"wp:term":[{"taxonomy":"category","embeddable":true,"href":"https:\/\/la-presse-anarchiste.net\/index.php\/wp-json\/wp\/v2\/categories?post=3854"},{"taxonomy":"post_tag","embeddable":true,"href":"https:\/\/la-presse-anarchiste.net\/index.php\/wp-json\/wp\/v2\/tags?post=3854"},{"taxonomy":"author","embeddable":true,"href":"https:\/\/la-presse-anarchiste.net\/index.php\/wp-json\/wp\/v2\/ppma_author?post=3854"}],"curies":[{"name":"wp","href":"https:\/\/api.w.org\/{rel}","templated":true}]}}