{"id":3855,"date":"2017-10-07T07:42:39","date_gmt":"2017-10-07T07:42:39","guid":{"rendered":"https:\/\/la-presse-anarchiste.net\/index.php\/2017\/10\/07\/propos-candides\/"},"modified":"2017-10-07T07:42:39","modified_gmt":"2017-10-07T07:42:39","slug":"propos-candides","status":"publish","type":"post","link":"https:\/\/la-presse-anarchiste.net\/index.php\/2017\/10\/07\/propos-candides\/","title":{"rendered":"Propos Candides"},"content":{"rendered":"<div class=\"pdfprnt-buttons pdfprnt-buttons-post pdfprnt-top-right\"><a href=\"https:\/\/la-presse-anarchiste.net\/index.php\/wp-json\/wp\/v2\/posts\/3855?print=pdf\" class=\"pdfprnt-button pdfprnt-button-pdf\" target=\"_blank\"><img decoding=\"async\" src=\"https:\/\/la-presse-anarchiste.net\/wp-content\/plugins\/pdf-print\/images\/pdf.png\" alt=\"image_pdf\" title=\"Afficher le PDF\"><\/a><a href=\"https:\/\/la-presse-anarchiste.net\/index.php\/wp-json\/wp\/v2\/posts\/3855?print=print\" class=\"pdfprnt-button pdfprnt-button-print\" target=\"_blank\"><img decoding=\"async\" src=\"https:\/\/la-presse-anarchiste.net\/wp-content\/plugins\/pdf-print\/images\/print.png\" alt=\"image_print\" title=\"Contenu imprim\u00e9\"><\/a><\/div><div align=\"justify\">\n<div style=\"text-indent: 1cm\">\n<p>Il m\u2019arrive des fois de lire les jour\u00adnaux. Ce n\u2019est pas que cela m\u2019amuse, ni que ce soit d\u2019un int\u00e9\u00adr\u00eat puis\u00adsant, c\u2019est m\u00eame le plus sou\u00advent d\u2019une inep\u00adtie incom\u00admen\u00adsu\u00adrable, mais enfin de temps en temps, tous les six ou sept mois, j\u2019y d\u00e9couvre une id\u00e9e originale.<\/p>\n<p>Celle que M.&nbsp;Mau\u00adrice de Valeffe expri\u00admait l\u2019autre jour dans \u00ab&nbsp;L\u2019\u0152uvre&nbsp;\u00bb, m\u00e9rite ce qualificatif.<\/p>\n<p><i>\u00ab&nbsp;Oh\u00e9&nbsp;! les Paci\u00adfistes&nbsp;! s\u2019\u00e9criait, d\u2019une plume \u00e9ner\u00adgique ce patriote fla\u00admand-natu\u00adra\u00adli\u00ads\u00e9&nbsp;\u00bb<\/i> [[Je prie le typo de res\u00adpec\u00adter l\u2019orthographe rigou\u00adreu\u00adse\u00adment et de ne pas mettre par exemple <sc>fla\u00admamt<\/sc> natu\u00adra\u00adli\u00ads\u00e9 ce qui pour\u00adrait faire croire que M.&nbsp;Mau\u00adrice de Valeffe est un oiseau empaill\u00e9.]]<\/p>\n<p>Et sous ce titre all\u00e9\u00adchant, M.&nbsp;Mau\u00adrice de Valeffe d\u00e9cla\u00adrait que le peuple alle\u00admand \u00e9tait une tri\u00adbu d\u2019anthropophages et qu\u2019il fal\u00adlait leur envoyer des mis\u00adsion\u00adnaires pour lui ensei\u00adgner les ver\u00adtus du v\u00e9g\u00e9tarisme.<\/p>\n<p><i>\u00ab&nbsp;Qu\u2019est-ce que le Deut\u00adschland \u00fcber alles&nbsp;? \u00e9crit-il&nbsp;; le cri de guerre d\u2019une bande de sau\u00advages na\u00ef\u00adve\u00adment per\u00adsua\u00add\u00e9s que le pro\u00adbl\u00e8me de la vie ne com\u00adporte que deux solu\u00adtions&nbsp;: man\u00adger les tri\u00adbus voi\u00adsines ou p\u00e9rir de faim. L\u2019id\u00e9e qu\u2019on pour\u00adrait s\u2019entendre c\u00f4te \u00e0 c\u00f4te pour man\u00adger des l\u00e9gumes ne leur vient pas. J\u2019ai donc pro\u00adpo\u00ads\u00e9 de leur envoyer des mis\u00adsion\u00adnaires comme on en exp\u00e9\u00addie \u00e0 n\u2019importe quelle tri\u00adbu d\u2019anthropophages.&nbsp;\u00bb<\/i><\/p>\n<p>Je vous avoue\u00adrai, sans honte, que cette lec\u00adture m\u2019a fait fr\u00e9\u00admir. J\u2019avais bien enten\u00addu dire que les Alle\u00admands tuaient les hommes, les femmes et les enfants, mais je n\u2019avais jamais pen\u00ads\u00e9 qu\u2019ils les man\u00adgeaient. Je m\u2019explique main\u00adte\u00adnant pour\u00adquoi, mal\u00adgr\u00e9 le blo\u00adcus et le manque de vic\u00adtuailles cons\u00e9\u00adquent, les sol\u00addats du Kai\u00adser sont encore vigou\u00adreux&nbsp;: ils ont d\u00e9vo\u00adr\u00e9 le mil\u00adlion de Russes, et les trois ou quatre cent mille Fran\u00ad\u00e7ais qu\u2019ils ont fait prisonniers.<\/p>\n<p>Ces choses-l\u00e0 me donnent la chair de poule. Il urge, en effet, de leur ensei\u00adgner \u00e0 man\u00adger des l\u00e9gumes. Seule\u00adment les mis\u00adsion\u00adnaires ris\u00adque\u00adront d\u2019\u00eatre ser\u00advis au Kai\u00adser r\u00f4tis \u00e0 la broche, ou accom\u00admo\u00add\u00e9s en&nbsp;daube.<\/p>\n<p>M.&nbsp;de Valeffe ne le c\u00e8le pas&nbsp;:<i> \u00ab&nbsp;LA cause est assez belle, dit-il, pour avoir ses mar\u00adtyrs&nbsp;\u00bb<\/i> Oh&nbsp;! v\u00e9g\u00e9\u00adta\u00adriens&nbsp;!\u2026 Oh&nbsp;! paci\u00adfistes&nbsp;!\u2026 <i>\u00ab&nbsp;Vous \u00e9tiez ridi\u00adcules et nui\u00adsibles en France. Vous serez sublimes, et vous \u00eates n\u00e9ces\u00adsaires en Alle\u00admagne.&nbsp;\u00bb <\/i>Je ne sai\u00adsis pas tr\u00e8s bien com\u00adment le v\u00e9g\u00e9\u00adta\u00adrisme peut \u00eatre \u00e0 la fois ridi\u00adcule en France et sublime en Alle\u00admagne, mais dans ces choses pro\u00adfondes, il vaut mieux peut-\u00eatre mieux ne pas cher\u00adcher \u00e0 comprendre.<\/p>\n<p>Ce que je sai\u00adsis moins encore, c\u2019est que M.&nbsp;Mau\u00adrice de Valeffe demande \u00e0 M.&nbsp;d\u2019Estournelles \u00e0 Constant et aux autres paci\u00adfistes, de par\u00adtir en Alle\u00admagne faire ce m\u00e9tier-l\u00e0. J\u2019aurai plu\u00adt\u00f4t admi\u00adr\u00e9 qu\u2019il com\u00admen\u00ad\u00e7\u00e2t lui-m\u00eame cet apos\u00adto\u00adlat. Quand on a un nom qu\u2019il s\u2019apparente \u00e0 Kar\u00adtof\u00adfel, ce qui, si je ne m\u2019abuse, signi\u00adfie&nbsp;: pomme de terre, on est tout \u00e0 fait pr\u00e9\u00addes\u00adti\u00adn\u00e9 \u00e0 pr\u00ea\u00adcher le v\u00e9g\u00e9\u00adta\u00adrisme chez les anthropophages.<\/p>\n<p>[\/\u200b<sc>Can\u00addide<\/sc>\/\u200b]\n<\/p><\/div>\n<\/div>\n","protected":false},"excerpt":{"rendered":"<p>Il m\u2019arrive des fois de lire les jour\u00adnaux. Ce n\u2019est pas que cela m\u2019amuse, ni que ce soit d\u2019un int\u00e9\u00adr\u00eat puis\u00adsant, c\u2019est m\u00eame le plus sou\u00advent d\u2019une inep\u00adtie incom\u00admen\u00adsu\u00adrable, mais enfin de temps en temps, tous les six ou sept mois, j\u2019y d\u00e9couvre une id\u00e9e ori\u00adgi\u00adnale. Celle que M.&nbsp;Mau\u00adrice de Valeffe expri\u00admait l\u2019autre jour&nbsp;dans&nbsp;[\u2026]<\/p>\n","protected":false},"author":1,"featured_media":0,"comment_status":"closed","ping_status":"closed","sticky":false,"template":"","format":"standard","meta":{"wp_typography_post_enhancements_disabled":false,"footnotes":""},"categories":[471],"tags":[],"ppma_author":[540],"class_list":["post-3855","post","type-post","status-publish","format-standard","hentry","category-ce-quil-faut-dire-na1-2-avril-1916"],"authors":[{"term_id":540,"user_id":1,"is_guest":0,"slug":"admin_3gikpwyf","display_name":"Vincent Dubuc","avatar_url":"https:\/\/secure.gravatar.com\/avatar\/d015720652c25fd2ced191ade86430094e1f288a17483713e3b34d26dea52507?s=96&d=mm&r=g","author_category":"","user_url":"https:\/\/la-presse-anarchiste.net","last_name":"Dubuc","first_name":"Vincent","job_title":"","description":""}],"_links":{"self":[{"href":"https:\/\/la-presse-anarchiste.net\/index.php\/wp-json\/wp\/v2\/posts\/3855","targetHints":{"allow":["GET"]}}],"collection":[{"href":"https:\/\/la-presse-anarchiste.net\/index.php\/wp-json\/wp\/v2\/posts"}],"about":[{"href":"https:\/\/la-presse-anarchiste.net\/index.php\/wp-json\/wp\/v2\/types\/post"}],"author":[{"embeddable":true,"href":"https:\/\/la-presse-anarchiste.net\/index.php\/wp-json\/wp\/v2\/users\/1"}],"replies":[{"embeddable":true,"href":"https:\/\/la-presse-anarchiste.net\/index.php\/wp-json\/wp\/v2\/comments?post=3855"}],"version-history":[{"count":0,"href":"https:\/\/la-presse-anarchiste.net\/index.php\/wp-json\/wp\/v2\/posts\/3855\/revisions"}],"wp:attachment":[{"href":"https:\/\/la-presse-anarchiste.net\/index.php\/wp-json\/wp\/v2\/media?parent=3855"}],"wp:term":[{"taxonomy":"category","embeddable":true,"href":"https:\/\/la-presse-anarchiste.net\/index.php\/wp-json\/wp\/v2\/categories?post=3855"},{"taxonomy":"post_tag","embeddable":true,"href":"https:\/\/la-presse-anarchiste.net\/index.php\/wp-json\/wp\/v2\/tags?post=3855"},{"taxonomy":"author","embeddable":true,"href":"https:\/\/la-presse-anarchiste.net\/index.php\/wp-json\/wp\/v2\/ppma_author?post=3855"}],"curies":[{"name":"wp","href":"https:\/\/api.w.org\/{rel}","templated":true}]}}