{"id":3858,"date":"2017-10-07T07:43:09","date_gmt":"2017-10-07T07:43:09","guid":{"rendered":"https:\/\/la-presse-anarchiste.net\/index.php\/2017\/10\/07\/la-declaration-des-seize\/"},"modified":"2017-10-07T07:43:09","modified_gmt":"2017-10-07T07:43:09","slug":"la-declaration-des-seize","status":"publish","type":"post","link":"https:\/\/la-presse-anarchiste.net\/index.php\/2017\/10\/07\/la-declaration-des-seize\/","title":{"rendered":"La d\u00e9claration des&nbsp;Seize"},"content":{"rendered":"<div class=\"pdfprnt-buttons pdfprnt-buttons-post pdfprnt-top-right\"><a href=\"https:\/\/la-presse-anarchiste.net\/index.php\/wp-json\/wp\/v2\/posts\/3858?print=pdf\" class=\"pdfprnt-button pdfprnt-button-pdf\" target=\"_blank\"><img decoding=\"async\" src=\"https:\/\/la-presse-anarchiste.net\/wp-content\/plugins\/pdf-print\/images\/pdf.png\" alt=\"image_pdf\" title=\"Afficher le PDF\"><\/a><a href=\"https:\/\/la-presse-anarchiste.net\/index.php\/wp-json\/wp\/v2\/posts\/3858?print=print\" class=\"pdfprnt-button pdfprnt-button-print\" target=\"_blank\"><img decoding=\"async\" src=\"https:\/\/la-presse-anarchiste.net\/wp-content\/plugins\/pdf-print\/images\/print.png\" alt=\"image_print\" title=\"Contenu imprim\u00e9\"><\/a><\/div><div align=\"justify\">\n<div style=\"text-indent: 1cm\">\n<p>Seize de nos cama\u00adrades ont publi\u00e9 r\u00e9cem\u00adment une D\u00e9claration.<\/p>\n<p>Je les connais presque tous. Plu\u00adsieurs sont pour moi de vieux et bons amis. J\u2019ai, pour quelques-uns des sen\u00adti\u00adments tr\u00e8s affec\u00adtueux et une estime inal\u00adt\u00e9\u00adrable. Je suis pro\u00adfon\u00add\u00e9\u00adment attris\u00adt\u00e9 des diver\u00adgences de vue qui, sans bri\u00adser l\u2019amiti\u00e9 que j\u2019ai pour eux, pas plus, je l\u2019esp\u00e8re, qu\u2019elles ne bri\u00adse\u00adront celle qu\u2019ils ont pour moi, nous s\u00e9parent actuel\u00adle\u00adment et il m\u2019est extr\u00ea\u00adme\u00adment p\u00e9nible d\u2019\u00eatre dans la n\u00e9ces\u00adsi\u00adt\u00e9 de les combattre.<\/p>\n<p>Mais il est indis\u00adpen\u00adsable que je le fasse&nbsp;: <i>Ami\u00adcus Pla\u00adto sed magis ami\u00adca veri\u00adtas<\/i>.<\/p>\n<p>Ils ne seront point sur\u00adpris de mes cri\u00adtiques, eux qui savent que je ne par\u00adtage pas leurs sen\u00adti\u00adments sur la guerre actuelle et ils com\u00adpren\u00addront que s\u2019il leur a paru n\u00e9ces\u00adsaire de faire savoir ce qu\u2019ils pensent, du m\u00eame coup ils m\u2019ont fait un devoir d\u2019opposer ma convic\u00adtion \u00e0 la&nbsp;leur.<\/p>\n<p>Ma convic\u00adtion&nbsp;? Je ne puis tenir un autre pro\u00adpos, puisque je n\u2019ai re\u00e7u de per\u00adsonne man\u00addat de par\u00adler en son nom&nbsp;; mais j\u2019affirme que ma convic\u00adtion est celle de l\u2019immense majo\u00adri\u00adt\u00e9 dans le monde anar\u00adchiste de toutes natio\u00adna\u00adli\u00adt\u00e9s et j\u2019ai la cer\u00adti\u00adtude \u2013 cer\u00adti\u00adtude qui repose sur des faits nom\u00adbreux et pr\u00e9\u00adcis \u2013 que s\u2019il nous \u00e9tait per\u00admis, comme aux seize signa\u00adtaires de la d\u00e9cla\u00adra\u00adtion dont je m\u2019occupe, d\u2019opposer mani\u00adfeste \u00e0 mani\u00adfeste et de sol\u00adli\u00adci\u00adter des adh\u00e9\u00adsions, s\u2019il \u00e9tait per\u00admis \u00e0 ces adh\u00e9\u00adsions de s\u2019affirmer libre\u00adment, et sans dan\u00adger, la presse ces\u00adse\u00adrait de croire et il lui devien\u00addrait impos\u00adsible de dire que la <i>d\u00e9cla\u00adra\u00adtion des seize<\/i> est le reflet de la pen\u00ads\u00e9e anarchiste.<\/p>\n<p>Au sur\u00adplus, ce point n\u2019a d\u2019importance que pour \u00e9clai\u00adrer l\u2019opinion en disant ce qui&nbsp;est.<\/p>\n<p>Majo\u00adri\u00adt\u00e9&nbsp;? Mino\u00adri\u00adt\u00e9&nbsp;? Eh&nbsp;! peu importe, apr\u00e8s&nbsp;tout&nbsp;!<\/p>\n<p>Une id\u00e9e vaut ce qu\u2019elle vaut&nbsp;; sa valeur r\u00e9elle est intrin\u00ads\u00e8que. L\u2019exactitude d\u2019un point de vue ne d\u00e9pend pas du nombre plus ou moins infime ou consi\u00add\u00e9\u00adrable de ceux qui l\u2019adoptent. Ils sont nom\u00adbreux les cas qui attestent que les majo\u00adri\u00adt\u00e9s se sont abu\u00ads\u00e9es et se trompent. Les anar\u00adchistes sont une poi\u00adgn\u00e9e&nbsp;; cela prouve-t-il qu\u2019ils sont dans l\u2019erreur&nbsp;?<\/p>\n<p>La d\u00e9cla\u00adra\u00adtion de nos cama\u00adrades a eu les hon\u00adneurs de la presse&nbsp;; elle a ins\u00adpi\u00adr\u00e9 \u00e0 M.&nbsp;Capus (<i>Figa\u00adro<\/i>), la louange qu\u2019il a cou\u00adtume de ne pro\u00addi\u00adguer qu\u2019aux chefs d\u2019\u00c9tat, aux g\u00e9n\u00e9\u00adraux et aux pr\u00e9lats.<\/p>\n<p>Cet encens a d\u00fb cha\u00adtouiller d\u00e9sa\u00adgr\u00e9a\u00adble\u00adment le nerf olfac\u00adtif de mes amis et Grave, avec sa rudesse des bons jours, en a reje\u00adt\u00e9 le parfum.<\/p>\n<p>Les jour\u00adna\u00adlistes ont appe\u00adl\u00e9 ce mor\u00adceau&nbsp;: \u00ab&nbsp;Mani\u00adfeste des intel\u00adlec\u00adtuels de l\u2019anarchie&nbsp;\u00bb. On con\u00e7oit ce que signi\u00adfie ce lan\u00adgage chif\u00adfr\u00e9. C\u2019est tout comme si ces mes\u00adsieurs disaient en clair&nbsp;: \u00ab&nbsp;Voi\u00adl\u00e0 ce que pensent tous les anar\u00adchistes d\u2019intelligence et de culture. Il en est peut-\u00eatre qui pensent autre\u00adment&nbsp;: des rustres, des igno\u00adrants, des impul\u00adsifs ou des hallucin\u00e9s&nbsp;!&nbsp;\u00bb<\/p>\n<p>Je ne veux pas opter entre ces aimables qua\u00adli\u00adfi\u00adca\u00adtifs, c\u2019est bien assez de savoir que j\u2019en m\u00e9rite au moins un. \u00c0 toute \u00e9poque, les clair\u00advoyants ont \u00e9t\u00e9 de la sorte trai\u00adt\u00e9s d\u2019aveugle et les sages de&nbsp;fous.<\/p>\n<p>Tou\u00adte\u00adfois, si les seize ont \u00e9t\u00e9 com\u00adbl\u00e9s de fleurs par ceux-l\u00e0 m\u00eame qui d\u2019ordinaire les cou\u00advraient de boue, ils ont \u00e9t\u00e9, h\u00e9las&nbsp;! cou\u00adverts de boue par ceux-l\u00e0 m\u00eame qui d\u2019ordinaire les com\u00adblaient de fleurs.<\/p>\n<p>Pauvre huma\u00adni\u00adt\u00e9&nbsp;! Com\u00adbien de temps encore pous\u00adse\u00adra-t-elle la par\u00adtia\u00adli\u00adt\u00e9 jusqu\u2019\u00e0 un tel degr\u00e9 d\u2019aberration et d\u2019injustice&nbsp;!<\/p>\n<p>Quand ces\u00adse\u00adrons-nous de por\u00adter aux nues qui pense comme nous, et de tenir pour ren\u00e9\u00adgat, l\u00e2che, tra\u00eetre, ven\u00addu ou coquin qui\u00adconque, dans la pl\u00e9\u00adni\u00adtude de son droit et la pure\u00adt\u00e9 de sa conscience, prend la liber\u00adt\u00e9 de pen\u00adser contrairement&nbsp;?<\/p>\n<p>Grave, Kro\u00adpot\u00adkine, Lai\u00adsant, Le Lev\u00e9, Mala\u00adto, Pier\u00adrot, Paul reclus (je ne cite que ceux-l\u00e0, parce que je les connais par\u00adti\u00adcu\u00adli\u00e8\u00adre\u00adment, et depuis de nom\u00adbreuses ann\u00e9es) seraient des coquins, des ven\u00addus, des tra\u00eetres, des l\u00e2ches et des ren\u00e9gats&nbsp;?<\/p>\n<p>De telles impu\u00adta\u00adtions ne sont pas seule\u00adment injustes et odieuses&nbsp;; elles sont d\u00e9raisonnables.<\/p>\n<p>Les uns depuis dix ans, les autres depuis vingt ans, quelques-uns m\u00eame depuis trente et qua\u00adrante ans, ont consa\u00adcr\u00e9 \u00e0 l\u2019anarchie un labeur opi\u00adni\u00e2tre et d\u00e9s\u00adin\u00adt\u00e9\u00adres\u00ads\u00e9. Alors que, par leur intel\u00adli\u00adgence et leur savoir, ils auraient pu se tailler, dans le monde bour\u00adgeois, une situa\u00adtion pri\u00advi\u00adl\u00e9\u00adgi\u00e9e et de tout repos, ils ont volon\u00adtai\u00adre\u00adment men\u00e9 une exis\u00adtence modeste et sou\u00advent incer\u00adtaine&nbsp;; ils ont \u00e9t\u00e9 jet\u00e9s en pri\u00adson&nbsp;; ils ont \u00e9t\u00e9, c\u2019est le lot des r\u00e9vo\u00adlu\u00adtion\u00adnaires quelque peu notoires et agis\u00adsants, en butte aux outrages des cuistres, des fourbes et des m\u00e9chants.<\/p>\n<p>Apr\u00e8s toute une exis\u00adtence sans reproche, toute une vie de tra\u00advail, de pro\u00adbi\u00adt\u00e9 et d\u2019in\u00e9branlable atta\u00adche\u00adment \u00e0 notre Id\u00e9al, par\u00adve\u00adnus au seuil de la vieillesse, Grave, Kro\u00adpot\u00adkine, Lai\u00adsant, Mala\u00adto, etc., auraient c\u00e9d\u00e9 \u00e0 des inci\u00adta\u00adtions louches, \u00e0 des consi\u00add\u00e9\u00adra\u00adtions viles, \u00e0 des int\u00e9\u00adr\u00eats m\u00e9pri\u00adsables ou \u00e0 des sen\u00adti\u00adments inavouables&nbsp;?<\/p>\n<p>Non&nbsp;! Non&nbsp;! Cela est impos\u00adsible. Rien ni per\u00adsonne ne me le fera admettre.<\/p>\n<p>Ah&nbsp;! ne pro\u00adnon\u00ad\u00e7ons pas les uns contre les autres, de ces paroles que, par la suite, rien ne par\u00advien\u00addra \u00e0 effa\u00adcer&nbsp;; ne pro\u00adnon\u00ad\u00e7ons pas de ces juge\u00adments qui ren\u00addraient impos\u00adsible un rap\u00adpro\u00adche\u00adment t\u00f4t ou tard n\u00e9cessaire&nbsp;!<\/p>\n<p>L\u2019\u0153uvre de recons\u00adtruc\u00adtion qui s\u2019imposera apr\u00e8s la guerre, exi\u00adge\u00adra le concours de toutes les bonnes volon\u00adt\u00e9s. Ces amis d\u2019hier se retrou\u00adve\u00adront avec nous demain et nous uni\u00adrons nos efforts pour le bon com\u00adbat. Cela n\u2019est pas douteux.<\/p>\n<p>Et voi\u00adl\u00e0 encore pour\u00adquoi je veux dis\u00adcu\u00adter avec eux, dans la mesure o\u00f9 la Cen\u00adsure me le per\u00admet\u00adtra, pos\u00e9\u00adment, s\u00e9rieu\u00adse\u00adment, sans autre sou\u00adci que celui de l\u2019exactitude, sans autre pas\u00adsion que celle qui nous est com\u00admune&nbsp;: la pas\u00adsion de la v\u00e9rit\u00e9&nbsp;!<\/p>\n<p>[\/\u200bS\u00e9bastien <sc>Faure<\/sc><br>\n(<i>\u00c0 suivre<\/i>)\/\u200b]\n<\/p><\/div>\n<\/div>\n","protected":false},"excerpt":{"rendered":"<p>Seize de nos cama\u00adrades ont publi\u00e9 r\u00e9cem\u00adment une D\u00e9cla\u00adra\u00adtion. Je les connais presque tous. Plu\u00adsieurs sont pour moi de vieux et bons amis. J\u2019ai, pour quelques-uns des sen\u00adti\u00adments tr\u00e8s affec\u00adtueux et une estime inal\u00adt\u00e9\u00adrable. Je suis pro\u00adfon\u00add\u00e9\u00adment attris\u00adt\u00e9 des diver\u00adgences de vue qui, sans bri\u00adser l\u2019amiti\u00e9 que j\u2019ai pour eux, pas plus, je l\u2019esp\u00e8re, qu\u2019elles [\u2026]<\/p>\n","protected":false},"author":1,"featured_media":0,"comment_status":"closed","ping_status":"closed","sticky":false,"template":"","format":"standard","meta":{"wp_typography_post_enhancements_disabled":false,"footnotes":""},"categories":[471],"tags":[],"ppma_author":[540],"class_list":["post-3858","post","type-post","status-publish","format-standard","hentry","category-ce-quil-faut-dire-na1-2-avril-1916"],"authors":[{"term_id":540,"user_id":1,"is_guest":0,"slug":"admin_3gikpwyf","display_name":"Vincent Dubuc","avatar_url":"https:\/\/secure.gravatar.com\/avatar\/d015720652c25fd2ced191ade86430094e1f288a17483713e3b34d26dea52507?s=96&d=mm&r=g","author_category":"","user_url":"https:\/\/la-presse-anarchiste.net","last_name":"Dubuc","first_name":"Vincent","job_title":"","description":""}],"_links":{"self":[{"href":"https:\/\/la-presse-anarchiste.net\/index.php\/wp-json\/wp\/v2\/posts\/3858","targetHints":{"allow":["GET"]}}],"collection":[{"href":"https:\/\/la-presse-anarchiste.net\/index.php\/wp-json\/wp\/v2\/posts"}],"about":[{"href":"https:\/\/la-presse-anarchiste.net\/index.php\/wp-json\/wp\/v2\/types\/post"}],"author":[{"embeddable":true,"href":"https:\/\/la-presse-anarchiste.net\/index.php\/wp-json\/wp\/v2\/users\/1"}],"replies":[{"embeddable":true,"href":"https:\/\/la-presse-anarchiste.net\/index.php\/wp-json\/wp\/v2\/comments?post=3858"}],"version-history":[{"count":0,"href":"https:\/\/la-presse-anarchiste.net\/index.php\/wp-json\/wp\/v2\/posts\/3858\/revisions"}],"wp:attachment":[{"href":"https:\/\/la-presse-anarchiste.net\/index.php\/wp-json\/wp\/v2\/media?parent=3858"}],"wp:term":[{"taxonomy":"category","embeddable":true,"href":"https:\/\/la-presse-anarchiste.net\/index.php\/wp-json\/wp\/v2\/categories?post=3858"},{"taxonomy":"post_tag","embeddable":true,"href":"https:\/\/la-presse-anarchiste.net\/index.php\/wp-json\/wp\/v2\/tags?post=3858"},{"taxonomy":"author","embeddable":true,"href":"https:\/\/la-presse-anarchiste.net\/index.php\/wp-json\/wp\/v2\/ppma_author?post=3858"}],"curies":[{"name":"wp","href":"https:\/\/api.w.org\/{rel}","templated":true}]}}