{"id":387,"date":"2007-05-23T09:52:15","date_gmt":"2007-05-23T09:52:15","guid":{"rendered":"https:\/\/la-presse-anarchiste.net\/index.php\/2007\/05\/23\/dernieres-nouvelles-dirlande\/"},"modified":"2007-05-23T09:52:15","modified_gmt":"2007-05-23T09:52:15","slug":"dernieres-nouvelles-dirlande","status":"publish","type":"post","link":"https:\/\/la-presse-anarchiste.net\/index.php\/2007\/05\/23\/dernieres-nouvelles-dirlande\/","title":{"rendered":"Derni\u00e8res nouvelles d\u2019Irlande"},"content":{"rendered":"<div class=\"pdfprnt-buttons pdfprnt-buttons-post pdfprnt-top-right\"><a href=\"https:\/\/la-presse-anarchiste.net\/index.php\/wp-json\/wp\/v2\/posts\/387?print=pdf\" class=\"pdfprnt-button pdfprnt-button-pdf\" target=\"_blank\"><img decoding=\"async\" src=\"https:\/\/la-presse-anarchiste.net\/wp-content\/plugins\/pdf-print\/images\/pdf.png\" alt=\"image_pdf\" title=\"Afficher le PDF\"><\/a><a href=\"https:\/\/la-presse-anarchiste.net\/index.php\/wp-json\/wp\/v2\/posts\/387?print=print\" class=\"pdfprnt-button pdfprnt-button-print\" target=\"_blank\"><img decoding=\"async\" src=\"https:\/\/la-presse-anarchiste.net\/wp-content\/plugins\/pdf-print\/images\/print.png\" alt=\"image_print\" title=\"Contenu imprim\u00e9\"><\/a><\/div><div align=\"justify\">\n\tLes cama\u00adrades irlan\u00addais que nous avons pu joindre \u00e9taient pes\u00adsi\u00admistes quant \u00e0 l\u2019is\u00adsue du ver\u00addict, atten\u00addu (le 15\u200a\u2013\u200a11) d\u2019un jour \u00e0 l\u2019autre&nbsp;; l\u2019ex\u00e9\u00adcu\u00adtion sui\u00advrait de 10 \u00e0 18 jours au plus. Le Pre\u00admier ministre Cos\u00adgrave, de m\u00eame que divers ministres (dont celui de la D\u00e9fense. P. Done\u00adgan, et celui de la Jus\u00adtice, P. Cooney) ont fait savoir qu\u2019ils vou\u00adlaient la peau des Mur\u00adray. Le retard de la Cour Supr\u00eame, li\u00e9 \u00e0 la crise pr\u00e9\u00adsi\u00adden\u00adtielle que tra\u00adverse actuel\u00adle\u00adment l\u2019Ir\u00adlande du Sud, est de mau\u00advais augure. Car c\u2019est jus\u00adte\u00adment l\u2019at\u00adti\u00adtude r\u00e9ser\u00adv\u00e9e du Pr\u00e9\u00adsident Car\u00adroll Daly (ga\u00e9\u00adli\u00adci\u00ads\u00e9 en Cearb\u00adhall O Dalaigh) \u00e0 l\u2019\u00e9\u00adgard de cer\u00adtaines des mesures r\u00e9pres\u00adsives du gou\u00adver\u00adne\u00adment Cos\u00adgrave qui l\u2019a ame\u00adn\u00e9 \u00e0 d\u00e9mis\u00adsion\u00adner, apr\u00e8s que le ministre de la D\u00e9fense l\u2019ait insul\u00adt\u00e9 publi\u00adque\u00adment, sans \u00eatre d\u00e9sa\u00advou\u00e9 par le conseil des ministres.&nbsp;\n<p>\t\u00c0 un juriste sou\u00adcieux de res\u00adter au-del\u00e0 de la m\u00eal\u00e9e suc\u00adc\u00e8de un poli\u00adtique, Patrick Hil\u00adle\u00adry, membre du par\u00adti d\u2019op\u00adpo\u00adsi\u00adtion Fian\u00adna Fail (\u00ab&nbsp;Com\u00adbat\u00adtants du Des\u00adtin&nbsp;\u00bb, en ga\u00e9\u00adlique&nbsp;: les h\u00e9ri\u00adtiers nan\u00adtis du mou\u00adve\u00adment R\u00e9pu\u00adbli\u00adcain des ann\u00e9es 20), donc peu enclin \u00e0 se mon\u00adtrer en reste de fer\u00adme\u00adt\u00e9. C\u2019est \u00e0 lui qu\u2019\u00e9\u00adchoit en der\u00adnier lieu de d\u00e9ci\u00adder de l\u2019ex\u00e9\u00adcu\u00adtion des Mur\u00adray (la pre\u00admi\u00e8re qu\u2019ait connu l\u2019Ir\u00adlande du Sud depuis 1954), et de mar\u00adquer ain\u00adsi le d\u00e9but de sa magis\u00adtra\u00adture. Sa car\u00adri\u00e8re inter\u00adna\u00adtio\u00adnale (il repr\u00e9\u00adsen\u00adtait l\u2019Ir\u00adlande \u00e0 la Com\u00admis\u00adsion Euro\u00adp\u00e9enne) le ren\u00addra-t-elle alors plus sen\u00adsible aux r\u00e9ac\u00adtions pos\u00adsibles \u00e0 l\u2019\u00e9tranger&nbsp;?&nbsp;<\/p>\n<p>\tLe Comi\u00adt\u00e9 Irlande (gau\u00adchiste, pro\u00adr\u00e9\u00adpu\u00adbli\u00adcain) a \u00e9di\u00adt\u00e9 une tra\u00adduc\u00adtion de la bro\u00adchure du Comi\u00adt\u00e9 de d\u00e9fense des Mur\u00adray (2 F, \u00e0 CEDETIM, 14, rue de Nan\u00adteuil, 75015 Paris). Le Mou\u00adve\u00adment d\u2019Ac\u00adtion Judi\u00adciaire a envoy\u00e9 trois obser\u00adva\u00adteurs (dont W Jouf\u00adfa) \u00e0 Dublin. Jean-Paul Sartre a envoy\u00e9 un t\u00e9l\u00e9\u00adgramme de pro\u00adtes\u00adta\u00adtion. Mais que font les anarchistes&nbsp;?\u2026&nbsp;<\/p>\n<p>\tEn Ita\u00adlie, la F\u00e9d\u00e9\u00adra\u00adtion anar\u00adchiste a lan\u00adc\u00e9 une cam\u00adpagne en faveur des Mur\u00adray, sans tou\u00adte\u00adfois leur accor\u00adder le label anar\u00adchiste. En France, la F.A., moins inqui\u00e8te, pousse cette posi\u00adtion jus\u00adqu\u2019\u00e0 sa conclu\u00adsion logique, et refuse de faire quoi que ce soit pour eux (sauf un com\u00admu\u00adni\u00adqu\u00e9 cet \u00e9t\u00e9). Des articles ont \u00e9t\u00e9 publi\u00e9s dans <em>Front Liber\u00adtaire<\/em> (organe de l\u2019O.C.L., ex\u2011O.R.A.), <em>Bas\u00adta<\/em>, <em>Le R\u00e9frac\u00adtaire<\/em>\u2026<\/p>\n<p>Apr\u00e8s l\u2019Es\u00adpagne et Puig Antich, l\u2019Ir\u00adlande sera-t-elle le pre\u00admier pays d\u2019Eu\u00adrope \u00e0 ex\u00e9\u00adcu\u00adter des anarchistes&nbsp;?&nbsp;<\/p><\/div>\n","protected":false},"excerpt":{"rendered":"<p>Les cama\u00adrades irlan\u00addais que nous avons pu joindre \u00e9taient pes\u00adsi\u00admistes quant \u00e0 l\u2019is\u00adsue du ver\u00addict, atten\u00addu (le 15 \u2013 11) d\u2019un jour \u00e0 l\u2019autre&nbsp;; l\u2019ex\u00e9\u00adcu\u00adtion sui\u00advrait de 10 \u00e0 18 jours au plus. Le Pre\u00admier ministre Cos\u00adgrave, de m\u00eame que divers ministres (dont celui de la D\u00e9fense. P. Done\u00adgan, et celui de la Jus\u00adtice, P. Cooney) ont&nbsp;[\u2026]<\/p>\n","protected":false},"author":1,"featured_media":0,"comment_status":"closed","ping_status":"closed","sticky":false,"template":"","format":"standard","meta":{"wp_typography_post_enhancements_disabled":false,"footnotes":""},"categories":[40],"tags":[],"ppma_author":[540],"class_list":["post-387","post","type-post","status-publish","format-standard","hentry","category-la-lanterne-noire-n6-7-novembre-1976"],"authors":[{"term_id":540,"user_id":1,"is_guest":0,"slug":"admin_3gikpwyf","display_name":"Vincent Dubuc","avatar_url":"https:\/\/secure.gravatar.com\/avatar\/d015720652c25fd2ced191ade86430094e1f288a17483713e3b34d26dea52507?s=96&d=mm&r=g","author_category":"","user_url":"https:\/\/la-presse-anarchiste.net","last_name":"Dubuc","first_name":"Vincent","job_title":"","description":""}],"_links":{"self":[{"href":"https:\/\/la-presse-anarchiste.net\/index.php\/wp-json\/wp\/v2\/posts\/387","targetHints":{"allow":["GET"]}}],"collection":[{"href":"https:\/\/la-presse-anarchiste.net\/index.php\/wp-json\/wp\/v2\/posts"}],"about":[{"href":"https:\/\/la-presse-anarchiste.net\/index.php\/wp-json\/wp\/v2\/types\/post"}],"author":[{"embeddable":true,"href":"https:\/\/la-presse-anarchiste.net\/index.php\/wp-json\/wp\/v2\/users\/1"}],"replies":[{"embeddable":true,"href":"https:\/\/la-presse-anarchiste.net\/index.php\/wp-json\/wp\/v2\/comments?post=387"}],"version-history":[{"count":0,"href":"https:\/\/la-presse-anarchiste.net\/index.php\/wp-json\/wp\/v2\/posts\/387\/revisions"}],"wp:attachment":[{"href":"https:\/\/la-presse-anarchiste.net\/index.php\/wp-json\/wp\/v2\/media?parent=387"}],"wp:term":[{"taxonomy":"category","embeddable":true,"href":"https:\/\/la-presse-anarchiste.net\/index.php\/wp-json\/wp\/v2\/categories?post=387"},{"taxonomy":"post_tag","embeddable":true,"href":"https:\/\/la-presse-anarchiste.net\/index.php\/wp-json\/wp\/v2\/tags?post=387"},{"taxonomy":"author","embeddable":true,"href":"https:\/\/la-presse-anarchiste.net\/index.php\/wp-json\/wp\/v2\/ppma_author?post=387"}],"curies":[{"name":"wp","href":"https:\/\/api.w.org\/{rel}","templated":true}]}}