{"id":3882,"date":"2018-10-11T23:36:14","date_gmt":"2018-10-11T23:36:14","guid":{"rendered":"https:\/\/la-presse-anarchiste.net\/index.php\/2018\/10\/11\/la-liberte-de-la-presse-sous-mussolini\/"},"modified":"2018-10-11T23:36:14","modified_gmt":"2018-10-11T23:36:14","slug":"la-liberte-de-la-presse-sous-mussolini","status":"publish","type":"post","link":"https:\/\/la-presse-anarchiste.net\/index.php\/2018\/10\/11\/la-liberte-de-la-presse-sous-mussolini\/","title":{"rendered":"La libert\u00e9 de la presse sous Mussolini"},"content":{"rendered":"<div class=\"pdfprnt-buttons pdfprnt-buttons-post pdfprnt-top-right\"><a href=\"https:\/\/la-presse-anarchiste.net\/index.php\/wp-json\/wp\/v2\/posts\/3882?print=pdf\" class=\"pdfprnt-button pdfprnt-button-pdf\" target=\"_blank\"><img decoding=\"async\" src=\"https:\/\/la-presse-anarchiste.net\/wp-content\/plugins\/pdf-print\/images\/pdf.png\" alt=\"image_pdf\" title=\"Afficher le PDF\"><\/a><a href=\"https:\/\/la-presse-anarchiste.net\/index.php\/wp-json\/wp\/v2\/posts\/3882?print=print\" class=\"pdfprnt-button pdfprnt-button-print\" target=\"_blank\"><img decoding=\"async\" src=\"https:\/\/la-presse-anarchiste.net\/wp-content\/plugins\/pdf-print\/images\/print.png\" alt=\"image_print\" title=\"Contenu imprim\u00e9\"><\/a><\/div><div align=\"justify\">\n<div style=\"text-indent: 1cm\">\nLa revue bimen\u00adsuelle <i>Pen\u00adsie\u00adro et Volon\u00adt\u00e0<\/i>, revue d\u2019\u00e9tudes sociales et de culture g\u00e9n\u00e9\u00adrale publi\u00e9e \u00e0 Rome par Mala\u00adtes\u00adta, a \u00e9t\u00e9 inter\u00addite ou cen\u00adsu\u00adr\u00e9e plu\u00adsieurs fois d\u00e9j\u00e0 par le gou\u00adver\u00adne\u00adment de Mus\u00adso\u00adli\u00adni. En par\u00adti\u00adcu\u00adlier, les deux der\u00adniers num\u00e9\u00adros ont \u00e9t\u00e9 interdits.\n<p>Le der\u00adnier num\u00e9\u00adro, celui de jan\u00advier 1926, au lieu de cou tenir, comme les pr\u00e9\u00adc\u00e9\u00addents, l\u2019opinion des anar\u00adchistes ita\u00adliens col\u00adla\u00adbo\u00adra\u00adteurs de Mala\u00adtes\u00adta sur l\u2019\u00e9tat de choses actuel et sur la sup\u00adpres\u00adsion de toutes les liber\u00adt\u00e9s, contient un cer\u00adtain nombre d\u2019extraits de clas\u00adsiques ita\u00adliens. On y trouve entre autres&nbsp;:<\/p>\n<p><i>De quelle mani\u00e8re on peul v\u00e9g\u00e9\u00adter, vivre et mou\u00adrir sous la tyran\u00adnie<i>, par <sc>V.&nbsp;Alfie\u00adri<\/sc><\/i> (<sc>xviii<\/sc><sup>e<\/sup> si\u00e8cle).<\/i><\/p>\n<p><i>Hymne \u00e0 la liber\u00adt\u00e9<\/i>, de <sc>V.&nbsp;Mon\u00adti<\/sc> (Conqu\u00eate de l\u2019Italie par [Bona\u00adparte).<\/p>\n<p><i>Id\u00e9es Poli\u00adtiques<\/i>, de <sc>N.&nbsp;Machia\u00advel<\/sc>.<\/p>\n<p><i>La d\u00e9ca\u00adde\u00adnee de Rome sous l\u2019Empire<\/i>, de <sc>Cor\u00adne\u00adlius Tacite (<sc>i<\/sc><sup>er<\/sup> si\u00e8cle).<\/sc><\/p>\n<p><i>Frag\u00adments phi\u00adlo\u00adso\u00adphiques<\/i>, de <sc>Leo\u00adnard de Vin\u00adci<\/sc> (<sc>xv<\/sc><sup>e<\/sup> si\u00e8cle), et des extraits de Car\u00adduc\u00adci, Gio\u00adber\u00adti, Romag\u00adno\u00adsi, etc. Adres\u00adser lettres et man\u00addats \u00e0 <sc>Ch. Des\u00adplanques<\/sc> 15, rue Fer\u00addi\u00adnand-Duval, Paris [[l\u2019adresse \u00e9tait man\u00adquante dans le jour\u00adnal suite \u00e0 une erreur typographique.]]<\/p>\n<p>Le dic\u00adta\u00adteur n\u2019a pas os\u00e9 cen\u00adsu\u00adrer ce num\u00e9\u00adro qui exprime pour\u00adtant l\u2019aspiration constante et l\u2019effort pro\u00adlon\u00adg\u00e9 depuis des si\u00e8cles de tous les pen\u00adseurs ita\u00adliens vers plus de lumi\u00e8re et de liber\u00adt\u00e9 dans tous les ordres de l\u2019activit\u00e9 intel\u00adlec\u00adtuelle, suc\u00adces\u00adsi\u00adve\u00adment sous la domi\u00adna\u00adtion des Empe\u00adreurs, des Sei\u00adgneurs et des Princes, des Papes, des Rois, et, pour finir par le plus mes\u00adquin et le plus odieux, de Mussolini.<\/p>\n<\/div><\/div>","protected":false},"excerpt":{"rendered":"<p>La revue bimen\u00adsuelle Pen\u00adsie\u00adro et Volon\u00adt\u00e0, revue d\u2019\u00e9tudes sociales et de culture g\u00e9n\u00e9\u00adrale publi\u00e9e \u00e0 Rome par Mala\u00adtes\u00adta, a \u00e9t\u00e9 inter\u00addite ou cen\u00adsu\u00adr\u00e9e plu\u00adsieurs fois d\u00e9j\u00e0 par le gou\u00adver\u00adne\u00adment de Mus\u00adso\u00adli\u00adni. En par\u00adti\u00adcu\u00adlier, les deux der\u00adniers num\u00e9\u00adros ont \u00e9t\u00e9 inter\u00addits. Le der\u00adnier num\u00e9\u00adro, celui de jan\u00advier 1926, au lieu de cou tenir, comme les pr\u00e9c\u00e9dents,&nbsp;[\u2026]<\/p>\n","protected":false},"author":1,"featured_media":0,"comment_status":"closed","ping_status":"closed","sticky":false,"template":"","format":"standard","meta":{"wp_typography_post_enhancements_disabled":false,"footnotes":""},"categories":[476],"tags":[],"ppma_author":[540],"class_list":["post-3882","post","type-post","status-publish","format-standard","hentry","category-plus-loin-n12-15-fevrier-1926"],"authors":[{"term_id":540,"user_id":1,"is_guest":0,"slug":"admin_3gikpwyf","display_name":"Vincent Dubuc","avatar_url":"https:\/\/secure.gravatar.com\/avatar\/d015720652c25fd2ced191ade86430094e1f288a17483713e3b34d26dea52507?s=96&d=mm&r=g","author_category":"","user_url":"https:\/\/la-presse-anarchiste.net","last_name":"Dubuc","first_name":"Vincent","job_title":"","description":""}],"_links":{"self":[{"href":"https:\/\/la-presse-anarchiste.net\/index.php\/wp-json\/wp\/v2\/posts\/3882","targetHints":{"allow":["GET"]}}],"collection":[{"href":"https:\/\/la-presse-anarchiste.net\/index.php\/wp-json\/wp\/v2\/posts"}],"about":[{"href":"https:\/\/la-presse-anarchiste.net\/index.php\/wp-json\/wp\/v2\/types\/post"}],"author":[{"embeddable":true,"href":"https:\/\/la-presse-anarchiste.net\/index.php\/wp-json\/wp\/v2\/users\/1"}],"replies":[{"embeddable":true,"href":"https:\/\/la-presse-anarchiste.net\/index.php\/wp-json\/wp\/v2\/comments?post=3882"}],"version-history":[{"count":0,"href":"https:\/\/la-presse-anarchiste.net\/index.php\/wp-json\/wp\/v2\/posts\/3882\/revisions"}],"wp:attachment":[{"href":"https:\/\/la-presse-anarchiste.net\/index.php\/wp-json\/wp\/v2\/media?parent=3882"}],"wp:term":[{"taxonomy":"category","embeddable":true,"href":"https:\/\/la-presse-anarchiste.net\/index.php\/wp-json\/wp\/v2\/categories?post=3882"},{"taxonomy":"post_tag","embeddable":true,"href":"https:\/\/la-presse-anarchiste.net\/index.php\/wp-json\/wp\/v2\/tags?post=3882"},{"taxonomy":"author","embeddable":true,"href":"https:\/\/la-presse-anarchiste.net\/index.php\/wp-json\/wp\/v2\/ppma_author?post=3882"}],"curies":[{"name":"wp","href":"https:\/\/api.w.org\/{rel}","templated":true}]}}