{"id":390,"date":"2007-05-24T05:11:20","date_gmt":"2007-05-24T05:11:20","guid":{"rendered":"https:\/\/la-presse-anarchiste.net\/index.php\/2007\/05\/24\/resolutions-votees-par-le-congres-du-locle\/"},"modified":"2007-05-24T05:11:20","modified_gmt":"2007-05-24T05:11:20","slug":"resolutions-votees-par-le-congres-du-locle","status":"publish","type":"post","link":"https:\/\/la-presse-anarchiste.net\/index.php\/2007\/05\/24\/resolutions-votees-par-le-congres-du-locle\/","title":{"rendered":"R\u00e9solutions vot\u00e9es par le Congr\u00e8s du&nbsp;Locle"},"content":{"rendered":"<div class=\"pdfprnt-buttons pdfprnt-buttons-post pdfprnt-top-right\"><a href=\"https:\/\/la-presse-anarchiste.net\/index.php\/wp-json\/wp\/v2\/posts\/390?print=pdf\" class=\"pdfprnt-button pdfprnt-button-pdf\" target=\"_blank\"><img decoding=\"async\" src=\"https:\/\/la-presse-anarchiste.net\/wp-content\/plugins\/pdf-print\/images\/pdf.png\" alt=\"image_pdf\" title=\"Afficher le PDF\"><\/a><a href=\"https:\/\/la-presse-anarchiste.net\/index.php\/wp-json\/wp\/v2\/posts\/390?print=print\" class=\"pdfprnt-button pdfprnt-button-print\" target=\"_blank\"><img decoding=\"async\" src=\"https:\/\/la-presse-anarchiste.net\/wp-content\/plugins\/pdf-print\/images\/print.png\" alt=\"image_print\" title=\"Contenu imprim\u00e9\"><\/a><\/div><div align=\"justify\">\n<h2>Sur la gestion du Comit\u00e9 f\u00e9d\u00e9ral.<\/h2>\n<p>Le Congr\u00e8s approuve la ges\u00adtion du Comi\u00adt\u00e9 f\u00e9d\u00e9\u00adral et lui donne d\u00e9charge de son administration.<\/p>\n<h2>Sur le <em>Bulletin<\/em>.<\/h2>\n<ol>\n<li> Le Congr\u00e8s invite les Sec\u00adtions \u00e0 faire la plus active et imm\u00e9\u00addiate pro\u00adpa\u00adgande en faveur du <em>Bul\u00adle\u00adtin de la F\u00e9d\u00e9\u00adra\u00adtion juras\u00adsienne<\/em>, et \u00e0 se char\u00adger elles-m\u00eames de la ren\u00adtr\u00e9e des abon\u00adne\u00adments. Le Congr\u00e8s recom\u00admande aux Comi\u00adt\u00e9s de Sec\u00adtion d\u2019o\u00adp\u00e9\u00adrer cette ren\u00adtr\u00e9e tri\u00admes\u00adtriel\u00adle\u00adment et d\u2019en faire par\u00adve\u00adnir chaque fois et de suite le mon\u00adtant au Comi\u00adt\u00e9 f\u00e9d\u00e9ral.<\/li>\n<li> L\u2019ad\u00admi\u00adnis\u00adtra\u00adtion du <em>Bul\u00adle\u00adtin<\/em> est confi\u00e9e au Comi\u00adt\u00e9 f\u00e9d\u00e9\u00adral et la r\u00e9dac\u00adtion \u00e0 l\u2019ac\u00adtion col\u00adla\u00adbo\u00adra\u00adtrice et col\u00adlec\u00adtive des Sec\u00adtions sous le contr\u00f4le du Comi\u00adt\u00e9 f\u00e9d\u00e9\u00adral. Les Sec\u00adtions auront \u00e0 consti\u00adtuer dans leur sein des com\u00admis\u00adsions de r\u00e9dac\u00adtion qui se met\u00adtront en com\u00admu\u00adni\u00adca\u00adtion sui\u00advie et directe avec le Comi\u00adt\u00e9 f\u00e9d\u00e9ral.<\/li>\n<li> Le Congr\u00e8s recom\u00admande, quant \u00e0 la r\u00e9dac\u00adtion du <em>Bul\u00adle\u00adtin<\/em>, la ligne de conduite sui\u00advante&nbsp;: main\u00adtien \u00e9ner\u00adgique et ferme de l\u2019hon\u00adneur et de la digni\u00adt\u00e9 de la F\u00e9d\u00e9\u00adra\u00adtion juras\u00adsienne dans la lutte enga\u00adg\u00e9e dans le sein de l\u2019In\u00adter\u00adna\u00adtio\u00adnale&nbsp;; affir\u00adma\u00adtion des prin\u00adcipes du socia\u00adlisme f\u00e9d\u00e9\u00adra\u00adliste et r\u00e9vo\u00adlu\u00adtion\u00adnaire&nbsp;; pro\u00adpa\u00adgande, par l\u2019ex\u00adpo\u00ads\u00e9 des faits, des moyens pra\u00adtiques et des notions \u00e9co\u00adno\u00admiques qui doivent gui\u00adder toute orga\u00adni\u00adsa\u00adtion militante.<\/li>\n<li> Le Congr\u00e8s d\u00e9cide que dans le cas o\u00f9 la publi\u00adca\u00adtion du<em> Bul\u00adle\u00adtin<\/em> pour l\u2019an\u00adn\u00e9e 1872 don\u00adne\u00adrait un boni, le mon\u00adtant en sera affec\u00adt\u00e9 \u00e0 la liqui\u00adda\u00adtion de la dette du jour\u00adnal la <em>Soli\u00adda\u00adri\u00adt\u00e9<\/em>.<\/li>\n<\/ol>\n<h2>Sur les membres centraux.<\/h2>\n<p>\tConsi\u00add\u00e9\u00adrant qu\u2019il y a uti\u00adli\u00adt\u00e9 pour la F\u00e9d\u00e9\u00adra\u00adtion juras\u00adsienne de faci\u00adli\u00adter l\u2019adh\u00e9\u00adsion des per\u00adsonnes qui, habi\u00adtant une loca\u00adli\u00adt\u00e9 o\u00f9 il n\u2019y a pas de Sec\u00adtion, d\u00e9si\u00adrent n\u00e9an\u00admoins faire par\u00adtie de l\u2019Internatonale,<\/p>\n<p>\tLe Congr\u00e8s d\u00e9cide d\u2019ad\u00admettre dans la F\u00e9d\u00e9\u00adra\u00adtion juras\u00adsienne des membres dits cen\u00adtraux aux condi\u00adtions suivantes&nbsp;:<\/p>\n<ol>\n<li> Tout can\u00addi\u00addat devra faire sa demande d\u2019ad\u00admis\u00adsion par \u00e9crit direc\u00adte\u00adment au Comi\u00adt\u00e9 f\u00e9d\u00e9\u00adral juras\u00adsien et \u00eatre appuy\u00e9 d\u2019au moins un membre de la F\u00e9d\u00e9ration.<\/li>\n<li> Tout membre cen\u00adtral devra s\u2019ac\u00adquit\u00adter aupr\u00e8s du Comi\u00adt\u00e9 f\u00e9d\u00e9\u00adral d\u2019une coti\u00adsa\u00adtion annuelle de fr. 1 50, payable dans le cou\u00adrant du pre\u00admier semestre de chaque ann\u00e9e.<\/li>\n<li> Chaque membre cen\u00adtral rece\u00advra du Comi\u00adt\u00e9 f\u00e9d\u00e9\u00adral une carte consta\u00adtant sa qua\u00adli\u00adt\u00e9 d\u2019adh\u00e9\u00adrent \u00e0 la F\u00e9d\u00e9\u00adra\u00adtion jurassienne.<\/li>\n<\/ol>\n<h2>Sur les cotisations g\u00e9n\u00e9rales.<\/h2>\n<p>\tConsi\u00add\u00e9\u00adrant que la F\u00e9d\u00e9\u00adra\u00adtion juras\u00adsienne doit s\u2019ac\u00adquit\u00adter stric\u00adte\u00adment de toutes les obli\u00adga\u00adtions pr\u00e9\u00advues par les sta\u00adtuts g\u00e9n\u00e9\u00adraux de l\u2019Internationale,<\/p>\n<p>\tLe Congr\u00e8s donne man\u00addat imp\u00e9\u00adra\u00adtif au Comi\u00adt\u00e9 f\u00e9d\u00e9\u00adral juras\u00adsien de s\u2019ac\u00adquit\u00adter dans les quinze jours, aupr\u00e8s du Conseil g\u00e9n\u00e9\u00adral, des coti\u00adsa\u00adtions g\u00e9n\u00e9\u00adrales dues par la F\u00e9d\u00e9\u00adra\u00adtion jurassienne.<\/p>\n<h2>Sur l\u2019attitude de la F\u00e9d\u00e9ration jurassienne en pr\u00e9sence du prochain Congr\u00e8s g\u00e9n\u00e9ral\u200a\u2014\u200aet sur la r\u00e9vision des Statuts g\u00e9n\u00e9raux faite par le Conseil g\u00e9n\u00e9ral.<\/h2>\n<p>\tConsi\u00add\u00e9\u00adrant qu\u2019il est dit, art. 3 des Sta\u00adtuts g\u00e9n\u00e9\u00adraux adop\u00adt\u00e9s par le Congr\u00e8s inter\u00adna\u00adtio\u00adnal de Gen\u00e8ve et pro\u00admul\u00adgu\u00e9s, sous les signa\u00adtures Odger et Ecca\u00adrius, par le Conseil g\u00e9n\u00e9\u00adral \u00e9ta\u00adbli \u00e0 Londres&nbsp;:<\/p>\n<p>\t\u00ab&nbsp;\u00c0 l\u2019\u00e9\u00adpoque fix\u00e9e pour le Congr\u00e8s, et sans qu\u2019il soit n\u00e9ces\u00adsaire d\u2019une convo\u00adca\u00adtion sp\u00e9\u00adciale, les d\u00e9l\u00e9\u00adgu\u00e9s se r\u00e9unissent de plein droit au lieu et jour d\u00e9si\u00adgn\u00e9s. En cas d\u2019im\u00adpos\u00adsi\u00adbi\u00adli\u00adt\u00e9, le Conseil g\u00e9n\u00e9\u00adral pour\u00adra chan\u00adger le lieu du Congr\u00e8s, sans en chan\u00adger tou\u00adte\u00adfois la&nbsp;date.&nbsp;\u00bb<\/p>\n<p>\tAttende qu\u2019il est dit, art. 15 du R\u00e8gle\u00adment g\u00e9n\u00e9ral&nbsp;:<\/p>\n<p>\t\u00ab&nbsp;La r\u00e9vi\u00adsion des pr\u00e9\u00adsents Sta\u00adtuts et r\u00e8gle\u00adments peut \u00eatre faite par chaque Congr\u00e8s, \u00e0 la demande des deux tiers des d\u00e9l\u00e9\u00adgu\u00e9s pr\u00e9sents&nbsp;;&nbsp;\u00bb<\/p>\n<p>\tAtten\u00addu que par cons\u00e9\u00adquent la Conf\u00e9\u00adrence de Londres n\u2019a\u00advait pas le droit d\u2019ab\u00addi\u00adquer entre les mains du Conseil g\u00e9n\u00e9\u00adral le pou\u00advoir de r\u00e9vi\u00adser les Sta\u00adtuts, pou\u00advoir qui appar\u00adtient seule\u00adment \u00e0 un Congr\u00e8s&nbsp;;<\/p>\n<p>\tConsi\u00add\u00e9\u00adrant en outre que si les \u00e9v\u00e9\u00adne\u00adments poli\u00adtiques des deux der\u00adni\u00e8res ann\u00e9es ont pu jus\u00adti\u00adfier dans une cer\u00adtaine mesure la sus\u00adpen\u00adsion des Congr\u00e8s annuels, dans la situa\u00adtion actuelle de l\u2019Eu\u00adrope aucun motif s\u00e9rieux ne sau\u00adrait \u00eatre invo\u00adqu\u00e9 en faveur d\u2019une mesure de ce genre&nbsp;; que par cons\u00e9\u00adquent le ren\u00advoi du Congr\u00e8s, qui doit sta\u00adtu\u00adtai\u00adre\u00adment avoir lieu le pre\u00admier lun\u00addi de Sep\u00adtembre, ne pour\u00adrait \u00eatre qu\u2019un abus de pou\u00advoir du Conseil g\u00e9n\u00e9ral&nbsp;;<\/p>\n<p>\tLe Congr\u00e8s juras\u00adsien, pas\u00adsant outre en pro\u00adtes\u00adtant contre le droit que s\u2019est arro\u00adg\u00e9 le Conseil g\u00e9n\u00e9\u00adral de r\u00e9vi\u00adser les Sta\u00adtuts g\u00e9n\u00e9\u00adraux de l\u2019As\u00adso\u00adcia\u00adtion, d\u00e9cide&nbsp;:<\/p>\n<p>\tUne invi\u00adta\u00adtion sera envoy\u00e9e au Conseil g\u00e9n\u00e9\u00adral de choi\u00adsir le si\u00e8ge du pro\u00adchain Congr\u00e8s et d\u2019en don\u00adner com\u00admu\u00adni\u00adca\u00adtion aux f\u00e9d\u00e9\u00adra\u00adtions dans le plus bref&nbsp;d\u00e9lai.<\/p>\n<p>\tUn Congr\u00e8s f\u00e9d\u00e9\u00adral juras\u00adsien sera tenu quelques jours avant l\u2019ou\u00adver\u00adture du Congr\u00e8s g\u00e9n\u00e9\u00adral pour choi\u00adsir ses d\u00e9l\u00e9\u00adgu\u00e9s et leur don\u00adner les ins\u00adtruc\u00adtions n\u00e9ces\u00adsaires sur la ligne de conduite qu\u2019ils auront \u00e0 suivre pour repr\u00e9\u00adsen\u00adter digne\u00adment la F\u00e9d\u00e9\u00adra\u00adtion juras\u00adsienne dans cette grave cir\u00adcons\u00adtance et dans le sens du retour \u00e0 la concorde entre les membres de l\u2019As\u00adso\u00adcia\u00adtion inter\u00adna\u00adtio\u00adnale des travailleurs.<\/p>\n<p>\tEn pr\u00e9\u00adsence de la recru\u00addes\u00adcence de r\u00e9ac\u00adtion bour\u00adgeoise qui s\u00e9vit contre les tra\u00advailleurs, et de la crise que tra\u00adverse en ce moment l\u2019In\u00adter\u00adna\u00adtio\u00adnale dans dif\u00adf\u00e9\u00adrents pays de l\u2019Eu\u00adrope et notam\u00adment en France, l\u2019u\u00adnion entre tous les membres de la grande Asso\u00adcia\u00adtion des ouvriers est plus que jamais n\u00e9cessaire.<\/p>\n<h2>Sur le mouvement ouvrier dans l\u2019industrie horlog\u00e8re.<\/h2>\n<p>\tConsi\u00add\u00e9\u00adrant que les exp\u00e9\u00adriences toutes r\u00e9centes faites dans l\u2019in\u00addus\u00adtrie hor\u00adlo\u00adg\u00e8re d\u00e9montrent suf\u00adfi\u00adsam\u00adment que l\u2019or\u00adga\u00adni\u00adsa\u00adtion ouvri\u00e8re n\u2019a pas encore atteint dans nos contr\u00e9es le degr\u00e9 de puis\u00adsance n\u00e9ces\u00adsaire \u00e0 lui don\u00adner toutes les chances de suc\u00adc\u00e8s en faveur des ouvriers&nbsp;;<\/p>\n<p>\tQue ce d\u00e9faut d\u2019or\u00adga\u00adni\u00adsa\u00adtion vient du manque de concep\u00adtion, au sein de la classe ouvri\u00e8re, du but qu\u2019elle doit se pro\u00adpo\u00adser et des moyens d\u2019ac\u00adtion qu\u2019elle doit employer&nbsp;;<\/p>\n<p>\tQue ce but bien d\u00e9ter\u00admi\u00adn\u00e9 ne peut \u00eatre autre que l\u2019af\u00adfran\u00adchis\u00adse\u00adment de tous, jus\u00adqu\u2019au der\u00adnier des d\u00e9sh\u00e9\u00adri\u00adt\u00e9s&nbsp;; que le moyen d\u2019ac\u00adtion d\u00e9fi\u00adni\u00adtif ne peut \u00eatre que la r\u00e9vo\u00adlu\u00adtion sociale&nbsp;;<\/p>\n<p>\tQue les soci\u00e9\u00adt\u00e9s ouvri\u00e8res, si elles s\u2019en\u00adferment dans l\u2019\u00e9\u00adgo\u00efsme col\u00adlec\u00adtif du m\u00e9tier, loin de contri\u00adbuer \u00e0 l\u2019af\u00adfran\u00adchis\u00adse\u00adment du pro\u00adl\u00e9\u00adta\u00adriat, ne ten\u00addraient qu\u2019\u00e0 for\u00admer, comme l\u2019a d\u00e9j\u00e0 craint le Congr\u00e8s inter\u00adna\u00adtio\u00adnal de Lau\u00adsanne de 1867, un qua\u00adtri\u00e8me \u00c9tat lais\u00adsant en dehors de lui un cin\u00adqui\u00e8me \u00c9tat plus mis\u00e9\u00adrable encore&nbsp;;<\/p>\n<p>\tQue les soci\u00e9\u00adt\u00e9s ouvri\u00e8res doivent, sous peine de man\u00adquer \u00e0 leur mis\u00adsion, pra\u00adti\u00adquer sur les bases les plus larges la soli\u00adda\u00adri\u00adt\u00e9 uni\u00adver\u00adselle entre tous les tra\u00advailleurs de toute condition&nbsp;;<\/p>\n<p>\tLe Congr\u00e8s invite toutes les soci\u00e9\u00adt\u00e9s ouvri\u00e8res de l\u2019in\u00addus\u00adtrie hor\u00adlo\u00adg\u00e8re \u00e0 entrer fran\u00adche\u00adment dans la pra\u00adtique de la soli\u00adda\u00adri\u00adt\u00e9 g\u00e9n\u00e9\u00adrale entre ouvriers&nbsp;;<\/p>\n<p>\t\u00c0 consti\u00adtuer par l\u2019or\u00adga\u00adni\u00adsa\u00adtion de cette soli\u00adda\u00adri\u00adt\u00e9, non seule\u00adment les soci\u00e9\u00adt\u00e9s de m\u00e9tier, mais aus\u00adsi les f\u00e9d\u00e9\u00adra\u00adtions ouvri\u00e8res fon\u00add\u00e9es sur ce triple mode d\u2019or\u00adga\u00adni\u00adsa\u00adtion&nbsp;: f\u00e9d\u00e9\u00adra\u00adtion de m\u00e9tier, f\u00e9d\u00e9\u00adra\u00adtion locale, f\u00e9d\u00e9\u00adra\u00adtion r\u00e9gio\u00adnale,\u200a\u2014\u200acette orga\u00adni\u00adsa\u00adtion \u00e9tant la plus pra\u00adtique pour satis\u00adfaire les int\u00e9\u00adr\u00eats g\u00e9n\u00e9\u00adraux de chaque corps de m\u00e9tiers,\u200a\u2014\u200aet \u00e0 intro\u00adduire dans le grand mou\u00adve\u00adment ouvrier la masse des pro\u00adl\u00e9\u00adtaires par le grou\u00adpe\u00adment effec\u00adtif des ouvriers sans pro\u00adfes\u00adsion organis\u00e9e.<\/p>\n<p>\tLe Congr\u00e8s juge cepen\u00addant de son devoir de d\u00e9cla\u00adrer qu\u2019il ne consi\u00add\u00e8re ce mode d\u2019or\u00adga\u00adni\u00adsa\u00adtion comme utile qu\u2019au\u00adtant que les f\u00e9d\u00e9\u00adra\u00adtions ouvri\u00e8res ain\u00adsi consti\u00adtu\u00e9es seront vivi\u00adfi\u00e9es par des ten\u00addances fran\u00adche\u00adment r\u00e9vo\u00adlu\u00adtion\u00adnaires-socia\u00adlistes. Il invite donc tous les adh\u00e9\u00adrents \u00e0 la F\u00e9d\u00e9\u00adra\u00adtion juras\u00adsienne \u00e0 exer\u00adcer une acti\u00advi\u00adt\u00e9 imm\u00e9\u00addiate, pour que le mou\u00adve\u00adment ouvrier hor\u00adlo\u00adger prenne au plus vite le carac\u00adt\u00e8re indi\u00adqu\u00e9 dans les pr\u00e9\u00adsentes r\u00e9solutions.<\/p>\n<h2>Sur la proposition de la Section de Gen\u00e8ve.<\/h2>\n<p>\tConsi\u00add\u00e9\u00adrant que les \u00e9v\u00e9\u00adne\u00adments dont la France a \u00e9t\u00e9 le th\u00e9\u00e2tre en 1870 et 1871 ont d\u00e9mon\u00adtr\u00e9 d\u2019une mani\u00e8re mal\u00adheu\u00adreu\u00adse\u00adment trop \u00e9cla\u00adtante que la soli\u00adda\u00adri\u00adt\u00e9 inter\u00adna\u00adtio\u00adnale dans l\u2019ac\u00adtion r\u00e9vo\u00adlu\u00adtion\u00adnaire n\u2019a pas encore p\u00e9n\u00e9\u00adtr\u00e9 la conscience des peuples&nbsp;;<\/p>\n<p>\tQue l\u2019In\u00adter\u00adna\u00adtio\u00adnale, en tant qu\u2019ex\u00adpres\u00adsion orga\u00adni\u00adsa\u00adtrice des ouvriers socia\u00adlistes de tous les pays, a tout sp\u00e9\u00adcia\u00adle\u00adment pour mis\u00adsion de tra\u00advailler au d\u00e9ve\u00adlop\u00adpe\u00adment de l\u2019i\u00adni\u00adtia\u00adtive socialiste-r\u00e9volutionnaire&nbsp;;<\/p>\n<p>\tQu\u2019en lais\u00adsant le mou\u00adve\u00adment com\u00admu\u00adna\u00adliste fran\u00ad\u00e7ais livr\u00e9 \u00e0 ses propres forces, l\u2019In\u00adter\u00adna\u00adtio\u00adnale a assu\u00adm\u00e9 sur elle, devant l\u2019his\u00adtoire, une res\u00adpon\u00adsa\u00adbi\u00adli\u00adt\u00e9 de laquelle elle doit se d\u00e9ga\u00adger en entrant, chaque fois que les \u00e9v\u00e9\u00adne\u00adments peuvent le per\u00admettre, d\u2019une mani\u00e8re com\u00adpl\u00e8te et g\u00e9n\u00e9\u00adrale dans l\u2019ac\u00adtion r\u00e9volutionnaire&nbsp;;<\/p>\n<p>\tLe Congr\u00e8s d\u00e9clare&nbsp;:<\/p>\n<p>\tQu\u2019il consi\u00add\u00e8re que le supr\u00eame devoir des tra\u00advailleurs n\u2019est pas seule\u00adment dans la pra\u00adtique de la soli\u00adda\u00adri\u00adt\u00e9 \u00e9co\u00adno\u00admique, mais sur\u00adtout dans la pra\u00adtique de la soli\u00adda\u00adri\u00adt\u00e9 inter\u00adna\u00adtio\u00adnale dans l\u2019ac\u00adtion r\u00e9volutionnaire.<\/p>\n<h2>Sur l\u2019attitude des ouvriers socialistes en Suisse en pr\u00e9sence de l\u2019agitation r\u00e9visionniste.<\/h2>\n<p>\tLe Congr\u00e8s approuve \u00e0 l\u2019u\u00adna\u00adni\u00admi\u00adt\u00e9 les conclu\u00adsions du rap\u00adport du Comi\u00adt\u00e9 f\u00e9d\u00e9\u00adral et la ligne de conduite sui\u00advie dans cette ques\u00adtion par le <em>Bul\u00adle\u00adtin de la f\u00e9d\u00e9\u00adra\u00adtion juras\u00adsienne<\/em>.\n<\/p><\/div>\n","protected":false},"excerpt":{"rendered":"<p>Sur la ges\u00adtion du Comi\u00adt\u00e9 f\u00e9d\u00e9\u00adral. Le Congr\u00e8s approuve la ges\u00adtion du Comi\u00adt\u00e9 f\u00e9d\u00e9\u00adral et lui donne d\u00e9charge de son admi\u00adnis\u00adtra\u00adtion. Sur le Bul\u00adle\u00adtin. Le Congr\u00e8s invite les Sec\u00adtions \u00e0 faire la plus active et imm\u00e9\u00addiate pro\u00adpa\u00adgande en faveur du Bul\u00adle\u00adtin de la F\u00e9d\u00e9\u00adra\u00adtion juras\u00adsienne, et \u00e0 se char\u00adger elles-m\u00eames de la ren\u00adtr\u00e9e des abonnements.&nbsp;[\u2026]<\/p>\n","protected":false},"author":1,"featured_media":0,"comment_status":"closed","ping_status":"closed","sticky":false,"template":"","format":"standard","meta":{"wp_typography_post_enhancements_disabled":false,"footnotes":""},"categories":[54],"tags":[],"ppma_author":[540],"class_list":["post-390","post","type-post","status-publish","format-standard","hentry","category-bulletin-de-la-federation-jurassienne-n8-1er-juin-1872"],"authors":[{"term_id":540,"user_id":1,"is_guest":0,"slug":"admin_3gikpwyf","display_name":"Vincent Dubuc","avatar_url":"https:\/\/secure.gravatar.com\/avatar\/d015720652c25fd2ced191ade86430094e1f288a17483713e3b34d26dea52507?s=96&d=mm&r=g","author_category":"","user_url":"https:\/\/la-presse-anarchiste.net","last_name":"Dubuc","first_name":"Vincent","job_title":"","description":""}],"_links":{"self":[{"href":"https:\/\/la-presse-anarchiste.net\/index.php\/wp-json\/wp\/v2\/posts\/390","targetHints":{"allow":["GET"]}}],"collection":[{"href":"https:\/\/la-presse-anarchiste.net\/index.php\/wp-json\/wp\/v2\/posts"}],"about":[{"href":"https:\/\/la-presse-anarchiste.net\/index.php\/wp-json\/wp\/v2\/types\/post"}],"author":[{"embeddable":true,"href":"https:\/\/la-presse-anarchiste.net\/index.php\/wp-json\/wp\/v2\/users\/1"}],"replies":[{"embeddable":true,"href":"https:\/\/la-presse-anarchiste.net\/index.php\/wp-json\/wp\/v2\/comments?post=390"}],"version-history":[{"count":0,"href":"https:\/\/la-presse-anarchiste.net\/index.php\/wp-json\/wp\/v2\/posts\/390\/revisions"}],"wp:attachment":[{"href":"https:\/\/la-presse-anarchiste.net\/index.php\/wp-json\/wp\/v2\/media?parent=390"}],"wp:term":[{"taxonomy":"category","embeddable":true,"href":"https:\/\/la-presse-anarchiste.net\/index.php\/wp-json\/wp\/v2\/categories?post=390"},{"taxonomy":"post_tag","embeddable":true,"href":"https:\/\/la-presse-anarchiste.net\/index.php\/wp-json\/wp\/v2\/tags?post=390"},{"taxonomy":"author","embeddable":true,"href":"https:\/\/la-presse-anarchiste.net\/index.php\/wp-json\/wp\/v2\/ppma_author?post=390"}],"curies":[{"name":"wp","href":"https:\/\/api.w.org\/{rel}","templated":true}]}}