{"id":3900,"date":"2018-10-18T17:38:14","date_gmt":"2018-10-18T17:38:14","guid":{"rendered":"https:\/\/la-presse-anarchiste.net\/index.php\/2018\/10\/18\/colonisation-2\/"},"modified":"2018-10-18T17:38:14","modified_gmt":"2018-10-18T17:38:14","slug":"colonisation-2","status":"publish","type":"post","link":"https:\/\/la-presse-anarchiste.net\/index.php\/2018\/10\/18\/colonisation-2\/","title":{"rendered":"Colonisation"},"content":{"rendered":"<div class=\"pdfprnt-buttons pdfprnt-buttons-post pdfprnt-top-right\"><a href=\"https:\/\/la-presse-anarchiste.net\/index.php\/wp-json\/wp\/v2\/posts\/3900?print=pdf\" class=\"pdfprnt-button pdfprnt-button-pdf\" target=\"_blank\"><img decoding=\"async\" src=\"https:\/\/la-presse-anarchiste.net\/wp-content\/plugins\/pdf-print\/images\/pdf.png\" alt=\"image_pdf\" title=\"Afficher le PDF\"><\/a><a href=\"https:\/\/la-presse-anarchiste.net\/index.php\/wp-json\/wp\/v2\/posts\/3900?print=print\" class=\"pdfprnt-button pdfprnt-button-print\" target=\"_blank\"><img decoding=\"async\" src=\"https:\/\/la-presse-anarchiste.net\/wp-content\/plugins\/pdf-print\/images\/print.png\" alt=\"image_print\" title=\"Contenu imprim\u00e9\"><\/a><\/div><div align=\"justify\">\nLe pro\u00adbl\u00e8me de l\u2019entente des races dans les pays dits de colo\u00adni\u00adsa\u00adtion n\u2019est pas par\u00adti\u00adcu\u00adlier \u00e0 l\u2019Alg\u00e9rie. Toutes les colo\u00adnies sont plus ou moins en effer\u00adves\u00adcence, des suites de la guerre, car, pour s\u2019attirer des sym\u00adpa\u00adthies et endor\u00admir les d\u00e9fiances, tous les gou\u00adver\u00adne\u00adments bel\u00adli\u00adg\u00e9\u00adrants ont pro\u00adcla\u00adm\u00e9 le droit des peuples \u00e0 dis\u00adpo\u00adser d\u2019eux-m\u00eames, tant que la vic\u00adtoire fut ind\u00e9cise.\n<p>Depuis des si\u00e8cles, les n\u00e9ces\u00adsi\u00adt\u00e9s de l\u2019existence, dans un milieu plus dif\u00adfi\u00adcile, ont impo\u00ads\u00e9 aux peuples euro\u00adp\u00e9ens la recherche de centres de ravi\u00adtaille\u00adment, pour sup\u00adpl\u00e9er au d\u00e9fi\u00adcit de leur propre production.<\/p>\n<p>Esprits plus ing\u00e9\u00adnieux, d\u00e9ve\u00adlop\u00adp\u00e9s par une lutte plus \u00e2pre contre une nature ingrate, ils sont aujourd\u2019hui plus aptes \u00e0 tirer par\u00adti des richesses du sol et du sous-sol que les peuples res\u00adt\u00e9s plus ou moins pas\u00adteurs, p\u00eacheurs ou chas\u00adseurs, habi\u00adtant les pays o\u00f9 la nature, plus g\u00e9n\u00e9\u00adreuse, n\u2019a sol\u00adli\u00adci\u00adt\u00e9 d\u2019eux qu\u2019un mini\u00admum d\u2019efforts pour leur don\u00adner ce qui leur \u00e9tait n\u00e9ces\u00adsaire pour&nbsp;vivre.<\/p>\n<p>En ver\u00adtu de ce prin\u00adcipe, et dans la n\u00e9ces\u00adsi\u00adt\u00e9 de trou\u00adver des centres de ravi\u00adtaille\u00adment pour ali\u00admen\u00adter une popu\u00adla\u00adtion de plus en plus dense, et un exu\u00adtoire \u00e0 cette popu\u00adla\u00adtion, les peuples euro\u00adp\u00e9ens sont par\u00adtis \u00e0 la conqu\u00eate du monde, por\u00adter, disent-ils encore aujourd\u2019hui, la civi\u00adli\u00adsa\u00adtion aux peuples bar\u00adbares ou m\u00eame sim\u00adple\u00adment moins industrieux.<\/p>\n<p>C\u2019\u00e9tait leur droit, et ce l\u2019est encore, au point de vue strict du droit humain, qui veut que l\u2019homme soit par\u00adtout chez lui sur la terre. Mais o\u00f9 \u00e7a ne l\u2019est plus, o\u00f9 l\u2019expansion colo\u00adniale devient une spo\u00adlia\u00adtion, c\u2019est lorsque le colo\u00adni\u00adsa\u00adteur vient en ma\u00eetre dans le pays qu\u2019il vient soi-disant civiliser.<\/p>\n<p>Si l\u2019ing\u00e9niosit\u00e9, en agri\u00adcul\u00adture, en indus\u00adtrie et en moyens d\u2019\u00e9change atteste une culture intel\u00adlec\u00adtuelle momen\u00adta\u00adn\u00e9\u00adment plus d\u00e9ve\u00adlop\u00adp\u00e9e, elle ne conf\u00e8re pas un droit d\u2019oppression, et ne d\u00e9montre pas une morale sup\u00e9\u00adrieure. Or, les peuples colo\u00adni\u00adsa\u00adteurs ne se sont jamais embar\u00adras\u00ads\u00e9s de droit et de morale. Pous\u00ads\u00e9s par l\u2019imp\u00e9rieuse n\u00e9ces\u00adsi\u00adt\u00e9 de vivre, et cer\u00adtains de s\u2019enrichir, ils n\u2019ont jamais recher\u00adch\u00e9 d\u2019autres buts, pas plus qu\u2019ils n\u2019ont envi\u00adsa\u00adg\u00e9 d\u2019autres moyens, pour y par\u00adve\u00adnir, que la force et la ruse, morale quelque peu rudimentaire.<\/p>\n<p>Il est vrai que la plu\u00adpart des peuples colo\u00adni\u00ads\u00e9s n\u2019en connaissent pas d\u2019autre, mais enfin, lorsque on se dit sup\u00e9\u00adrieur, et qu\u2019on agit au nom et en ver\u00adtu de cette sup\u00e9\u00adrio\u00adri\u00adt\u00e9, il faut le prou\u00adver par d\u2019autres argu\u00adments que ceux du canon. Quoi qu\u2019en e\u00fbt dit un ministre fran\u00ad\u00e7ais, c\u2019est un bien mau\u00advais pion\u00adnier de la civilisation.<\/p>\n<p>Aucun peuple ne peut se pas\u00adser des autres peuples, et ain\u00adsi fer\u00admer ses fron\u00adti\u00e8res, en ver\u00adtu de ce droit, qu\u2019il peut dis\u00adpo\u00adser de lui. Et, du reste, que sont tous ces peuples habi\u00adtant les pays de colo\u00adni\u00adsa\u00adtion&nbsp;? Presque tous un amal\u00adgame plus ou moins com\u00adpact de races diverses, tour \u00e0 tour conqu\u00e9\u00adrantes et conquises, et ayant toutes le droit de vivre libres en tra\u00advaillant sur les terres qu\u2019elles habitent. Par contre, ces peuples n\u2019ont le droit d\u2019en inter\u00addire l\u2019acc\u00e8s qu\u2019\u00e0 ceux qui veulent y venir en ma\u00eetres.<\/p>\n<p>La vieille Europe a besoin, pour vivre, des pro\u00adduits du sol et du sous-sol des pays exo\u00adtiques, et les habi\u00adtants de ces pays, qui ne pra\u00adtiquent l\u2019agriculture que d\u2019une fa\u00e7on res\u00adtreinte, et pri\u00admi\u00adtive, n\u2019ont pas le droit d\u2019en inter\u00addire l\u2019acc\u00e8s aux Euro\u00adp\u00e9ens, pas plus, du reste, qu\u2019ils n\u2019ont le droit de les pri\u00adver de l\u2019exc\u00e9dent de leurs richesses min\u00e9\u00adrales dont ils ne tirent aucun par\u00adti, parce qu\u2019ils en ignorent sou\u00advent l\u2019existence, la valeur et les moyens de s\u2019en ser\u00advir. Par contre, les habi\u00adtants des pays colo\u00adni\u00ads\u00e9s ont droit aux b\u00e9n\u00e9\u00adfices pra\u00adtiques des moyens sup\u00e9\u00adrieurs d\u2019agriculture, d\u2019industrie et de trans\u00adports impor\u00adt\u00e9s chez eux, et aux am\u00e9\u00adlio\u00adra\u00adtions de vie que com\u00adporte toute exploi\u00adta\u00adtion de richesses natu\u00adrelles, <em>sans deve\u00adnir les sujets des peuples euro\u00adp\u00e9ens ou de leurs com\u00adplices  indi\u00adg\u00e8nes<\/em>, comme c\u2019est le cas actuellement.<\/p>\n<p>[\/\u200bP. <sc>Richard<\/sc>\/\u200b]\n<\/p><\/div>\n","protected":false},"excerpt":{"rendered":"<p>Le pro\u00adbl\u00e8me de l\u2019entente des races dans les pays dits de colo\u00adni\u00adsa\u00adtion n\u2019est pas par\u00adti\u00adcu\u00adlier \u00e0 l\u2019Alg\u00e9rie. Toutes les colo\u00adnies sont plus ou moins en effer\u00adves\u00adcence, des suites de la guerre, car, pour s\u2019attirer des sym\u00adpa\u00adthies et endor\u00admir les d\u00e9fiances, tous les gou\u00adver\u00adne\u00adments bel\u00adli\u00adg\u00e9\u00adrants ont pro\u00adcla\u00adm\u00e9 le droit des peuples \u00e0 dis\u00adpo\u00adser d\u2019eux-m\u00eames, tant&nbsp;que&nbsp;[\u2026]<\/p>\n","protected":false},"author":1,"featured_media":0,"comment_status":"closed","ping_status":"closed","sticky":false,"template":"","format":"standard","meta":{"wp_typography_post_enhancements_disabled":false,"footnotes":""},"categories":[479],"tags":[],"ppma_author":[540],"class_list":["post-3900","post","type-post","status-publish","format-standard","hentry","category-les-temps-nouveaux-na16-15-octobre-1920"],"authors":[{"term_id":540,"user_id":1,"is_guest":0,"slug":"admin_3gikpwyf","display_name":"Vincent Dubuc","avatar_url":"https:\/\/secure.gravatar.com\/avatar\/d015720652c25fd2ced191ade86430094e1f288a17483713e3b34d26dea52507?s=96&d=mm&r=g","author_category":"","user_url":"https:\/\/la-presse-anarchiste.net","last_name":"Dubuc","first_name":"Vincent","job_title":"","description":""}],"_links":{"self":[{"href":"https:\/\/la-presse-anarchiste.net\/index.php\/wp-json\/wp\/v2\/posts\/3900","targetHints":{"allow":["GET"]}}],"collection":[{"href":"https:\/\/la-presse-anarchiste.net\/index.php\/wp-json\/wp\/v2\/posts"}],"about":[{"href":"https:\/\/la-presse-anarchiste.net\/index.php\/wp-json\/wp\/v2\/types\/post"}],"author":[{"embeddable":true,"href":"https:\/\/la-presse-anarchiste.net\/index.php\/wp-json\/wp\/v2\/users\/1"}],"replies":[{"embeddable":true,"href":"https:\/\/la-presse-anarchiste.net\/index.php\/wp-json\/wp\/v2\/comments?post=3900"}],"version-history":[{"count":0,"href":"https:\/\/la-presse-anarchiste.net\/index.php\/wp-json\/wp\/v2\/posts\/3900\/revisions"}],"wp:attachment":[{"href":"https:\/\/la-presse-anarchiste.net\/index.php\/wp-json\/wp\/v2\/media?parent=3900"}],"wp:term":[{"taxonomy":"category","embeddable":true,"href":"https:\/\/la-presse-anarchiste.net\/index.php\/wp-json\/wp\/v2\/categories?post=3900"},{"taxonomy":"post_tag","embeddable":true,"href":"https:\/\/la-presse-anarchiste.net\/index.php\/wp-json\/wp\/v2\/tags?post=3900"},{"taxonomy":"author","embeddable":true,"href":"https:\/\/la-presse-anarchiste.net\/index.php\/wp-json\/wp\/v2\/ppma_author?post=3900"}],"curies":[{"name":"wp","href":"https:\/\/api.w.org\/{rel}","templated":true}]}}