{"id":3902,"date":"2018-10-18T17:38:37","date_gmt":"2018-10-18T17:38:37","guid":{"rendered":"https:\/\/la-presse-anarchiste.net\/index.php\/2018\/10\/18\/la-fin-dune-mission-13\/"},"modified":"2018-10-18T17:38:37","modified_gmt":"2018-10-18T17:38:37","slug":"la-fin-dune-mission-13","status":"publish","type":"post","link":"https:\/\/la-presse-anarchiste.net\/index.php\/2018\/10\/18\/la-fin-dune-mission-13\/","title":{"rendered":"La fin d\u2019une mission"},"content":{"rendered":"<div class=\"pdfprnt-buttons pdfprnt-buttons-post pdfprnt-top-right\"><a href=\"https:\/\/la-presse-anarchiste.net\/index.php\/wp-json\/wp\/v2\/posts\/3902?print=pdf\" class=\"pdfprnt-button pdfprnt-button-pdf\" target=\"_blank\"><img decoding=\"async\" src=\"https:\/\/la-presse-anarchiste.net\/wp-content\/plugins\/pdf-print\/images\/pdf.png\" alt=\"image_pdf\" title=\"Afficher le PDF\"><\/a><a href=\"https:\/\/la-presse-anarchiste.net\/index.php\/wp-json\/wp\/v2\/posts\/3902?print=print\" class=\"pdfprnt-button pdfprnt-button-print\" target=\"_blank\"><img decoding=\"async\" src=\"https:\/\/la-presse-anarchiste.net\/wp-content\/plugins\/pdf-print\/images\/print.png\" alt=\"image_print\" title=\"Contenu imprim\u00e9\"><\/a><\/div><p>[\/(suite)\/]<\/p>\n<div align=\"justify\">\n<em>Same\u00addi 11 d\u00e9cembre.<\/em>\u200a\u2014\u200aUne pluie fine suc\u00adc\u00e8de au brouillard qui r\u00e9gnait depuis deux&nbsp;jours.\n<p>R\u00e9union g\u00e9n\u00e9\u00adrale des m\u00e9de\u00adcins de la mis\u00adsion. C\u2019est pour nous annon\u00adcer que l\u2019attach\u00e9 mili\u00adtaire refuse de rem\u00adbour\u00adser l\u2019achat de nos che\u00advaux, ce qu\u2019il accorde aux avia\u00adteurs et aux trois m\u00e9de\u00adcins qui sont pas\u00ads\u00e9s direc\u00adte\u00adment sous ses ordres.<\/p>\n<p>Il pleut. Je cause avec un p\u00e8re j\u00e9suite&nbsp;; c\u2019est un Espa\u00adgnol, ancien car\u00adliste, main\u00adte\u00adnant natu\u00adra\u00adli\u00ads\u00e9 Autri\u00adchien. Il m\u2019explique com\u00adment on entend la natio\u00adna\u00adli\u00adsa\u00adtion dans les Bal\u00adkans. Au moment de la guerre tur\u00adco-bal\u00adka\u00adnique, les Serbes auraient d\u00e9truit de nom\u00adbreux vil\u00adlages alba\u00adnais dans les nou\u00adveaux ter\u00adri\u00adtoires annex\u00e9s au royaume&nbsp;; 80.000 Arnautes auraient \u00e9t\u00e9 sup\u00adpri\u00adm\u00e9s. Il est vrai que les Turcs en firent autant autre\u00adfois avec les Serbes.<\/p>\n<p>La r\u00e9gion de Scu\u00adta\u00adri fut autre\u00adfois flo\u00adris\u00adsante. D\u2019apr\u00e8s un recen\u00adse\u00adment v\u00e9ni\u00adtien, il y avait l\u00e0 120 vil\u00adlages avant la domi\u00adna\u00adtion turque&nbsp;; aujourd\u2019hui, il en existe deux ou&nbsp;trois.<\/p>\n<p>L\u2019Albanie est un pays de mon\u00adtagnes, qu\u2019habitent des clans ou tri\u00adbus, divi\u00ads\u00e9s en ban\u00adni\u00e8res. Ces clans sont en majo\u00adri\u00adt\u00e9 catho\u00adliques dans le Nord, musul\u00admans au centre, ortho\u00addoxes vers le Sud. Ils sont sou\u00advent en lutte les uns contre les autres pour des riva\u00adli\u00adt\u00e9s locales, pour des ques\u00adtions d\u2019amour-propre et de pr\u00e9\u00ads\u00e9ance. Mais, quelle que soit leur reli\u00adgion, ils peuvent faire front contre l\u2019ennemi com\u00admun, car ils aiment leur ind\u00e9\u00adpen\u00addance par-des\u00adsus tout. Ils sont la ter\u00adreur des habi\u00adtants des plaines, plus riches, qu\u2019ils raz\u00adzient de temps en&nbsp;temps.&nbsp;<\/p>\n<p>On ne peut mieux com\u00adpa\u00adrer l\u2019Albanie qu\u2019\u00e0 1\u2019\u00c9cosse du moyen-\u00e2ge&nbsp;: m\u00eame divi\u00adsion en clans, m\u00eames m\u0153urs, m\u00eames riva\u00adli\u00adt\u00e9s, m\u00eame esprit d\u2019ind\u00e9pendance.<\/p>\n<p>Le triomphe des jeunes-turcs pro\u00advo\u00adqua un grand enthou\u00adsiasme, aus\u00adsi bien chez les chr\u00e9\u00adtiens que chez les musul\u00admans. Mais l\u2019\u00e9tablissement d\u2019un r\u00e9gime uni\u00adforme de cen\u00adtra\u00adli\u00adsa\u00adtion, avec ses abus, les imp\u00f4ts, l\u2019\u00e9tablissement du ser\u00advice mili\u00adtaire, l\u2019abolition des pri\u00advi\u00adl\u00e8ges des mon\u00adta\u00adgnards ame\u00adna un revi\u00adre\u00adment complet.<\/p>\n<p><em>Dimanche 12 d\u00e9cembre.<\/em>\u200a\u2014\u200aJe dis\u00adcute ce matin avec le confr\u00e8re Naa\u00admu\u00e9 et l\u2019\u00e9v\u00eaque d\u2019Alessio, qui, depuis la veille, prend ses repas avec nous. La dis\u00adcus\u00adsion porte sur la guerre et sur la morale. Mais elle est \u00e0 peu pr\u00e8s impos\u00adsible, parce que nos concep\u00adtions sont tout \u00e0 fait dif\u00adf\u00e9\u00adrentes. Je consi\u00add\u00e8re la morale com\u00admue d\u00e9ri\u00adv\u00e9e des m\u0153urs humaines&nbsp;; les autres n\u2019acceptent que la morale chr\u00e9\u00adtienne, <em>a prio\u00adri<\/em>, abso\u00adlue, immuable, en dehors et au-des\u00adsus de l\u2019homme.<\/p>\n<p>Un de nos confr\u00e8res est entr\u00e9 hier \u00e0 l\u2019h\u00f4pital ita\u00adlien. Il est assez gra\u00adve\u00adment malade d\u2019ent\u00e9rite.<\/p>\n<p>L\u2019autorit\u00e9 mili\u00adtaire pour\u00adchasse les pri\u00adson\u00adniers. Elle fait per\u00adqui\u00adsi\u00adtion\u00adner dans les cou\u00advents pour les retrou\u00adver. Les j\u00e9suites se plaignent de l\u2019inhumanit\u00e9 avec laquelle on leur a arra\u00adch\u00e9 quelques malades. On dit (mais faut-il croire les on-dit&nbsp;?) que les Serbes se sont par\u00adfois d\u00e9bar\u00adras\u00ads\u00e9s des pri\u00adson\u00adniers qui ne vou\u00adlaient (ou ne pou\u00advaient) pas suivre, en les jetant dans les pr\u00e9\u00adci\u00adpices ou eu les fusillant.<\/p>\n<p>De nom\u00adbreuses per\u00adsonnes (des civils Serbes, des Ita\u00adliens aus\u00adsi) partent pour Duraz\u00adzo. Des pri\u00adson\u00adniers autri\u00adchiens partent en m\u00eame temps&nbsp;; ce sont exclu\u00adsi\u00adve\u00adment des d\u00e9ser\u00adteurs tch\u00e8ques ou bos\u00adniaques qu\u2019on veut sous\u00adtraire au dan\u00adger d\u2019\u00eatre repris par les Austro-allemands.<\/p>\n<p>Visite d\u2019un a\u00e9ro\u00adplane de bom\u00adbar\u00adde\u00adment, mal\u00adgr\u00e9 la brume. Il ne doit pas y avoir de brouillard dans les hau\u00adteurs. Une vaine et dan\u00adge\u00adreuse fusillade riposte aux bombes.&nbsp;<\/p>\n<p>Nou\u00advel a\u00e9ro\u00adplane le m\u00eame jour vers 4 heures.<\/p>\n<p>Dans les rites, je ren\u00adcontre les deux plus gros m\u00e9de\u00adcins de la Mis\u00adsion, les meilleures four\u00adchettes aus\u00adsi. Le hasard de la retraite les a r\u00e9unis dans une m\u00eame ambu\u00adlance serbe. Ils sont deve\u00adnus si maigres que j\u2019ai failli ne pas les recon\u00adna\u00eetre. Ils m\u2019assurent qu\u2019ils ont pen\u00ads\u00e9 \u00e0 moi, et se sont sen\u00adtis deve\u00adnir anar\u00adchistes. J\u2019en reste \u00e9ba\u00adhi&nbsp;; mais ils m\u2019apprennent que les Serbes les ont lais\u00ads\u00e9s man\u00adquer de tout et qu\u2019ils sont res\u00adt\u00e9s quatre jours sans man\u00adger. Le pre\u00admier bon repas dis\u00adsi\u00adpe\u00adra leur esprit de r\u00e9volte.<\/p>\n<p>Dans nos groupes, le pes\u00adsi\u00admisme est g\u00e9n\u00e9\u00adral. On nous inter\u00addit de bou\u00adger, quoique les m\u00e9de\u00adcins russes et les m\u00e9de\u00adcins anglais soient d\u00e9j\u00e0 par\u00adtis. Les chefs de la mis\u00adsion attendent tou\u00adjours la r\u00e9ponse \u00e0 leurs t\u00e9l\u00e9\u00adgrammes. Pour\u00adtant le bruit court que le minis\u00adt\u00e8re de Paris a r\u00e9cla\u00adm\u00e9 un rap\u00adport. On peut pen\u00adser les gorges chaudes qu\u2019il s\u2019en&nbsp;fit.<\/p>\n<p>L\u2019arm\u00e9e serbe n\u2019est plus qu\u2019un trou\u00adpeau en d\u00e9sordre et sans armes&nbsp;; les sol\u00addats les ont jet\u00e9es dans les ravins. Les Mon\u00adt\u00e9\u00adn\u00e9\u00adgrins sont moins que s\u00fbrs. Il est de noto\u00adri\u00e9\u00adt\u00e9 publique que le fils a\u00een\u00e9 du roi est ven\u00addu aux Autri\u00adchiens. Les j\u00e9suites eux-m\u00eames racontent qu\u2019il r\u00e9side \u00e0 Anti\u00adva\u00adri sur la c\u00f4te, sans avoir jamais \u00e9t\u00e9 inqui\u00e9\u00adt\u00e9 par la flotte autri\u00adchienne. C\u2019est un joueur, et il a de gros besoins d\u2019argent. Le p\u00e8re, le vieux roi du Mon\u00adt\u00e9\u00adn\u00e9\u00adgro, est en rap\u00adports, \u00e0 peine dis\u00adsi\u00admu\u00adl\u00e9s, avec l\u2019ennemi.<\/p>\n<p>Dans l\u2019incertitude o\u00f9 nous sommes sur notre ave\u00adnir, et devant la pos\u00adsi\u00adbi\u00adli\u00adt\u00e9 d\u2019\u00eatre un jour faits pri\u00adson\u00adniers, quelques-uns d\u2019entre nous songent \u00e0 la tra\u00adver\u00ads\u00e9e de l\u2019Adriatique en barque. Cette id\u00e9e nous est d\u00e9j\u00e0 venue pen\u00addant que nous \u00e9tions dans les mon\u00adtagnes, ne sachant pas \u00e0 quel point de la c\u00f4te nous pour\u00adrions par\u00adve\u00adnir. Nous appre\u00adnons par les j\u00e9suites qu\u2019\u00e0 Dul\u00adci\u00adgno les p\u00eacheurs ont des bateaux \u00e0 quille avec les\u00adquels ils vont assez loin. L\u2019un de nous conna\u00eet la man\u0153uvre de la voile et se fait fort de nous conduire en Ita\u00adlie. Je regret\u00adte\u00adrai tou\u00adjours que les \u00e9v\u00e9\u00adne\u00adments aient ren\u00addu inutile l\u2019ex\u00e9cution de ce projet.<\/p>\n<p>Je ne sais com\u00adment le chef de la mis\u00adsion eut connais\u00adsance de ce des\u00adsein. Je sup\u00adpose que la m\u00eame aven\u00adture dut ten\u00adter l\u2019esprit de bien d\u2019autres de nos cama\u00adrades. La plu\u00adpart des m\u00e9de\u00adcins qui \u00e9taient venus en Ser\u00adbie, tous par\u00adtis comme volon\u00adtaires, \u00e9taient d\u2019humeur ind\u00e9\u00adpen\u00addante, assez peu sou\u00adcieux du dan\u00adger, ni non plus de la dis\u00adci\u00adpline. Le chef de la mis\u00adsion fit dire que le devoir de tous \u00e9tait de res\u00adter sous ses ordres et de subir le sort com\u00admun, fut-ce celui de pri\u00adson\u00adnier. D\u00e9fense donc de cher\u00adcher \u00e0 s\u2019\u00e9vader. Le pauvre homme e\u00fbt \u00e9t\u00e9 bien mal ob\u00e9i, et je crois qu\u2019il s\u2019en ren\u00addait compte.<\/p>\n<p><em>Lun\u00addi 13.<\/em>\u200a\u2014\u200aLes appro\u00advi\u00adsion\u00adne\u00adments com\u00admencent \u00e0 man\u00adquer. Mais les achats sont encore ren\u00addus plus dif\u00adfi\u00adciles par l\u2019agio. Dix dinars en papier ne valent que 9 per\u00adpers (le franc mon\u00adt\u00e9\u00adn\u00e9\u00adgrin)&nbsp;; mais on donne deux per\u00adpers pour un dinar argent. Encore les com\u00admer\u00ad\u00e7ants refusent-ils le papier&nbsp;; et la mon\u00adnaie son\u00adnante et tr\u00e9\u00adbu\u00adchante se cache soigneusement.<\/p>\n<p>Il fait assez beau aujourd\u2019hui. Nous allons en pro\u00adme\u00adnade \u00e0 la vieille cita\u00addelle. Elle est situ\u00e9e sur un piton iso\u00adl\u00e9, au com\u00admen\u00adce\u00adment du cours de la Bo\u00efa\u00adna, sur la rive gauche, juste en face du Taba\u00adrosch. Ain\u00adsi tous deux gardent la sor\u00adtie du&nbsp;lac.<\/p>\n<p>Apr\u00e8s avoir tra\u00adver\u00ads\u00e9 le bazar, c\u2019est-\u00e0-dire le port, situ\u00e9 au pied de la cita\u00addelle, nous arri\u00advons par des che\u00admins assez raides aux murs d\u2019enceinte, en par\u00adtie \u00e9crou\u00adl\u00e9s et recou\u00adverts de lierre. Ils enserrent d\u2019autres construc\u00adtions tr\u00e8s solides qui furent \u00e9le\u00adv\u00e9es par les V\u00e9ni\u00adtiens&nbsp;; plus exac\u00adte\u00adment ceux-ci res\u00adtau\u00adr\u00e8rent et trans\u00adfor\u00adm\u00e8rent un ancien ch\u00e2\u00adteau-fort serbe. Plus tard, les Turcs s\u2019y ins\u00adtal\u00adl\u00e8rent \u00e0 leur tour, et la cha\u00adpelle v\u00e9ni\u00adtienne devint une mosqu\u00e9e.<\/p>\n<p>Du c\u00f4t\u00e9 de l\u2019int\u00e9rieur des terres, on aper\u00ad\u00e7oit au Nord-Est une par\u00adtie du lac et Scu\u00adta\u00adri b\u00e2ti sur les allu\u00advions, plus au Sud le Drin, s\u00e9pa\u00adr\u00e9 par un isthme du lac avec lequel, il com\u00admu\u00adni\u00adquait pro\u00adba\u00adble\u00adment autre\u00adfois. \u00c0 l\u2019Ouest, on retrouve le Dru, qui vient rejoindre la Bola\u00adna&nbsp;; et, \u00e0 l\u2019horizon, on aper\u00ad\u00e7oit un mince crois\u00adsant de mer, l\u2019Adriatique, but de nos esp\u00e9\u00adrances&nbsp;; au Nord, la masse du Taba\u00adrosch avec la route de Dul\u00adci\u00adgno et celle de Saint-Juan. Sur celle-ci, pr\u00e8s du fleuve, existe encore le tom\u00adbeau de la reine serbe, H\u00e9l\u00e8ne, d\u2019origine royale fran\u00e7aise.&nbsp;.<\/p>\n<p>Au retour, nous appre\u00adnons que l\u2019attach\u00e9 mili\u00adtaire fran\u00ad\u00e7ais a re\u00e7u une d\u00e9p\u00eache chif\u00adfr\u00e9e qui annonce l\u2019envoi d\u2019une com\u00admis\u00adsion (un g\u00e9n\u00e9\u00adral et onze offi\u00adciers) pour enqu\u00ea\u00adter sur la situa\u00adtion de l\u2019arm\u00e9e serbe et sur les mis\u00adsions. Cette d\u00e9ci\u00adsion vau\u00adde\u00advil\u00adlesque est due aux t\u00e9l\u00e9\u00adgrammes contra\u00addic\u00adtoires de l\u2019attach\u00e9. Jusqu\u2019au 10 d\u00e9cembre, il s\u2019est conten\u00adt\u00e9 de trans\u00admettre les infor\u00adma\u00adtions offi\u00adcielles et opti\u00admistes de l\u2019\u00e9tat-major serbe (100.000 hommes se reti\u00adrant en bon ordre avec armes et bagages \u00e0 tra\u00advers l\u2019Albanie et le Mon\u00adt\u00e9\u00adn\u00e9\u00adgro), sans rien voir par lui-m\u00eame de ce qui se pas\u00adsait autour de lui. Rient ne compte pour un fonc\u00adtion\u00adnaire qu\u2019un rap\u00adport offi\u00adciel. Le m\u00e9pris de l\u2019attach\u00e9 pour les m\u00e9de\u00adcins, son hor\u00adreur de leur esprit cri\u00adtique et de leur indi\u00advi\u00addua\u00adlisme lui ont fait tenir pour sus\u00adpects les ren\u00adsei\u00adgne\u00adments que quelques-uns, venus des ambu\u00adlances, crurent devoir lui don\u00adner&nbsp;: la d\u00e9ban\u00addade de l\u2019arm\u00e9e serbe, les d\u00e9ser\u00adtions en masse[[Ces d\u00e9ser\u00adtions s\u2019\u00e9taient d\u00e9j\u00e0 pro\u00adduites au com\u00admen\u00adce\u00adment de la guerre, \u00e0 la fin de 1914, au moment de l\u2019avance des Autri\u00adchiens. Au fur et \u00e0 mesure que le recul de l\u2019arm\u00e9e serbe les ame\u00adnait \u00e0 hau\u00adteur de leur vil\u00adlage, les sol\u00addats serbes retour\u00adnaient chez eux pour veiller \u00e0 leurs affaires. Ce fut une des causes qui d\u00e9ter\u00admi\u00adn\u00e8rent l\u2019\u00e9tat-major serbe \u00e0 pas\u00adser \u00e0 l\u2019offensive sans attendre que l\u2019arm\u00e9e enne\u00admie fut davan\u00adtage emp\u00ea\u00adtr\u00e9e dans les mau\u00advais che\u00admins glai\u00adseux du&nbsp;pays.<br>\nLe patrio\u00adtisme n\u2019existe pas beau\u00adcoup en Ser\u00adbie, sauf chez les intel\u00adlec\u00adtuels (popes, ins\u00adti\u00adtu\u00adteurs, etc.). La haine du Turc com\u00admence \u00e0 s\u2019effacer chez les jeunes g\u00e9n\u00e9\u00adra\u00adtions avec le sou\u00adve\u00adnir de la ser\u00advi\u00adtude&nbsp;; la haine du Bul\u00adgare lui a suc\u00adc\u00e9\u00add\u00e9. Quant aux Aus\u00adtro-Hon\u00adgrois, le pay\u00adsan serbe les ignore. Et je n\u2019ai gu\u00e8re vu de vrais patriotes que chez les Serbes bos\u00adniaques, car ceux-ci avaient sen\u00adti direc\u00adte\u00adment le poids de l\u2019oppression \u00e9tran\u00adg\u00e8re.]], l\u2019abandon des armes et des canons.<\/p>\n<p>Com\u00adment aurait-il pu en \u00eatre autre\u00adment&nbsp;? L\u2019arm\u00e9e serbe est dans le plus grand d\u00e9nue\u00adment, et beau\u00adcoup de sol\u00addats n\u2019ont l\u00e2ch\u00e9 que parce qu\u2019ils man\u00adquaient de pain. La d\u00e9mo\u00adra\u00adli\u00adsa\u00adtion et la d\u00e9b\u00e2cle vont de pair. Pour\u00adtant, il y a eu quelques exemples de fer\u00adme\u00adt\u00e9. L\u2019un de nos confr\u00e8res a vu sou ambu\u00adlance aban\u00addon\u00adn\u00e9e peu \u00e0 peu par les infir\u00admiers, mais les sol\u00addats du train sont res\u00adt\u00e9s gr\u00e2ce \u00e0 l\u2019ascendant moral d\u2019un de leurs cama\u00adrades. D\u2019autre part, il y a trois jours, sont arri\u00adv\u00e9s des artilleurs serbes avec quatre canons de 75. Aujourd\u2019hui est arri\u00adv\u00e9e une bat\u00adte\u00adrie d\u2019obusiers de 105. L\u2019\u00e9tat-major a fait dis\u00adtri\u00adbuer deux pi\u00e8ces d\u2019or \u00e0 chaque homme.<\/p>\n<p>On raconte main\u00adte\u00adnant que beau\u00adcoup de fuyards ont pu \u00eatre ral\u00adli\u00e9s par l\u2019arri\u00e8re-garde. En vou\u00adlant ren\u00adtrer chez eux ils ont ren\u00adcon\u00adtr\u00e9 la bar\u00adri\u00e8re de l\u2019arm\u00e9e enne\u00admie. Force leur a \u00e9t\u00e9 de rebrous\u00adser chemin.<\/p>\n<p><em>Mar\u00addi 14.<\/em>\u200a\u2014\u200aOrages et pluie toute la jour\u00adn\u00e9e. Le soir on apprend la retraite lente de la petite arm\u00e9e fran\u00adco-anglaise de Mac\u00e9\u00addoine sur Salo\u00adnique. De leur c\u00f4t\u00e9, les P\u00e8res j\u00e9suites croient savoir que les Bul\u00adgares menacent Duraz\u00adzo et que des bandes de comi\u00adtad\u00adjis bul\u00adgares com\u00admencent \u00e0 se mon\u00adtrer dans la mon\u00adtagne \u00e0 5 ou 6 heures d\u2019ici.<\/p>\n<p><em>Mer\u00adcre\u00addi 15.<\/em>\u200a\u2014\u200aBeau temps. Nous allons au Taba\u00adro\u00adschi, la grosse mon\u00adtagne qui ferme le lac au Sud-Ouest, vis-\u00e0-vis de la cita\u00addelle. Nous repas\u00adsons par le port, nous tra\u00adver\u00adsons le pont sur la Bo\u00efa\u00adna, et nous esca\u00adla\u00addons des sen\u00adtiers pier\u00adreux. Nous pas\u00adsons \u00e0 c\u00f4t\u00e9 de deux ou trois pauvres mai\u00adsons iso\u00adl\u00e9es avec de petits trou\u00adpeaux de mou\u00adtons qui broutent une herbe rare au milieu des roches. Nous revoyons la Bo\u00efa\u00adna, le Drin, l\u2019Adriatique&nbsp;; de l\u2019autre c\u00f4t\u00e9, le lac avec sa cein\u00adture de mon\u00adtagnes d\u00e9nu\u00add\u00e9es, repaires de loups&nbsp;; au loin la neige sur les, monts d\u2019Albanie.<\/p>\n<p>Nous n\u2019allons pas jusqu\u2019au som\u00admet, il nous fau\u00addrait toute la jour\u00adn\u00e9e. En reve\u00adnant, nous aper\u00adce\u00advons, arri\u00advant de la mer, un avion autri\u00adchien, salu\u00e9 comme d\u2019habitude par une mous\u00adque\u00adte\u00adrie d\u00e9sordonn\u00e9e.<\/p>\n<p>Tou\u00adjours des bruits et des nou\u00advelles contra\u00addic\u00adtoires. Je ne les relate pas chaque jour&nbsp;; mais ces oscil\u00adla\u00adtions ne contri\u00adbuent pas \u00e0 ren\u00adfor\u00adcer l\u2019optimisme. Par\u00admi les nou\u00advelles d\u2019aujourd\u2019hui, voi\u00adci la d\u00e9p\u00eache offi\u00adcielle, re\u00e7ue par l\u2019attach\u00e9 mili\u00adtaire fran\u00ad\u00e7ais&nbsp;: \u00ab&nbsp;si mis\u00adsion non embar\u00adqu\u00e9e, attendre commission&nbsp;\u00bb.<\/p>\n<p>\u00c0 vrai dire, et r\u00e9flexion faite, elle doit regar\u00adder sur\u00adtout les com\u00adbat\u00adtants, c\u2019est-\u00e0-dire les avia\u00adteurs. En tout cas, nous non plus, je parle des m\u00e9de\u00adcins, ne pou\u00advons par\u00adtir. Ces ater\u00admoie\u00adments n\u2019ont pas grande impor\u00adtance pour ceux qui, comme moi, sont h\u00e9ber\u00adg\u00e9s par les j\u00e9suites. Mais pour les autres qui vivent iso\u00adl\u00e9s en ville, ou couchent sur le foin \u00e0 l\u2019\u00e9cole ita\u00adlienne, la situa\u00adtion est plus grave. Ils ne savent pus com\u00adment se pro\u00adcu\u00adrer de la nour\u00adri\u00adture, et quelques-uns souffrent de la faim. On a seule\u00adment dis\u00adtri\u00adbu\u00e9 du pain aujourd\u2019hui.<\/p>\n<p><em>Jeu\u00addi 16.<\/em>\u200a\u2014\u200aIl pleut. Je ne suis pas sor\u00adti. Les Serbes veulent r\u00e9qui\u00adsi\u00adtion\u00adner le col\u00adl\u00e8ge des j\u00e9suites&nbsp;; ils laissent \u00e0 ceux-ci le s\u00e9minaire.<\/p>\n<p>Un autre de nos confr\u00e8res est arri\u00adv\u00e9 aujourd\u2019hui. Il a \u00e9t\u00e9, lui aus\u00adsi, assez mal nour\u00adri pen\u00addant la retraite, quoique atta\u00adch\u00e9 \u00e0 une ambu\u00adlance serbe. Cela tient \u00e0 ce que le pope, qui avait pris les fonc\u00adtions de chef de popote, volait cyni\u00adque\u00adment ses commensaux.<\/p>\n<p>Un de nos confr\u00e8res, pour\u00advu de cinq galons, est entr\u00e9 r\u00e9cem\u00adment chez les j\u00e9suites et s\u2019est adjoint \u00e0 notre groupe. Nous tous sommes aper\u00ad\u00e7us qu\u2019il bar\u00adbote le sucre qu\u2019on nous apporte au petit d\u00e9jeu\u00adner du matin. Nous deman\u00addons au prieur de sup\u00adpri\u00admer le&nbsp;sucre.<\/p>\n<p>Le soir on dit que la flotte anglo-fran\u00ad\u00e7aise a pour\u00adchas\u00ads\u00e9 la flotte autri\u00adchienne et bom\u00adbar\u00add\u00e9 Cat\u00adta\u00adro. Je sup\u00adpose que cette op\u00e9\u00adra\u00adtion a sur\u00adtout pour but de per\u00admettre le ravi\u00adtaille\u00adment des Serbes.<\/p>\n<p><em>Ven\u00addre\u00addi 17.<\/em>\u200a\u2014\u200aLes P\u00e8res j\u00e9suites nous apprennent que les Serbes, les Ita\u00adliens et les pri\u00adson\u00adniers autri\u00adchiens, qui \u00e9taient par\u00adtis dimanche der\u00adnier pour Duraz\u00adzo, sont reve\u00adnus \u00e0 Scu\u00adta\u00adri. Ils ont trou\u00adv\u00e9 le Mitia d\u00e9bor\u00add\u00e9 et il leur a \u00e9t\u00e9 impos\u00adsible de le franchir.<\/p>\n<p>Le gou\u00adver\u00adne\u00adment mon\u00adt\u00e9\u00adn\u00e9\u00adgrin a pris hier des mesures contre l\u2019agio et la sp\u00e9\u00adcu\u00adla\u00adtion des com\u00admer\u00ad\u00e7ants qui deve\u00adnaient insup\u00adpor\u00adtables. Il d\u00e9cr\u00e8te le cours for\u00adc\u00e9 du papier, et l\u2019\u00e9galit\u00e9 du per\u00adper (franc mon\u00adt\u00e9\u00adn\u00e9\u00adgrin) et du dinar (franc serbe). Il fait d\u00e9fense d\u2019\u00e9lever le prix des mar\u00adchan\u00addises&nbsp;; les maga\u00adsins doivent res\u00adter ouverts.<\/p>\n<p>Le r\u00e9sul\u00adtat aujourd\u2019hui est qu\u2019on ne peut rien se procurer.<\/p>\n<p>L\u2019intendance serbe nous refuse du pain. Nous trou\u00advons \u00e0 la mai\u00adrie des petits pains de ma\u00efs au prix d\u2019un per\u00adper. Mais on annonce que quatre bateaux char\u00adg\u00e9s de vivres vont arri\u00adver \u00e0 Saint-Jean-de-M\u00e9dua.<\/p>\n<p>\u00c0 4 heures, visite habi\u00adtuelle de l\u2019avion autri\u00adchien. Nous sommes aver\u00adtis de son arri\u00adv\u00e9e par la fuite \u00e9per\u00addue des civils et des Serbes. Nous res\u00adtons le nez en l\u2019air \u00e0 suivre les \u00e9vo\u00adlu\u00adtions de l\u2019a\u00e9roplane qui tran\u00adquille\u00adment et assez bas l\u00e2che 5 ou 6 bombes&nbsp;: deux jeunes filles sont tu\u00e9es, un enfant est bless\u00e9.<\/p>\n<p>[\/\u200bM.&nbsp;<sc>Pier\u00adrot<\/sc>\/\u200b]<\/p>\n<p>(\u00c0 suivre.)\n<\/p><\/div>\n","protected":false},"excerpt":{"rendered":"<p>[\/(suite)\/] Same\u00addi 11 d\u00e9cembre.\u200a\u2014\u200aUne pluie fine suc\u00adc\u00e8de au brouillard qui r\u00e9gnait depuis deux&nbsp;jours. R\u00e9union g\u00e9n\u00e9\u00adrale des m\u00e9de\u00adcins de la mis\u00adsion. C\u2019est pour nous annon\u00adcer que l\u2019attach\u00e9 mili\u00adtaire refuse de rem\u00adbour\u00adser l\u2019achat de nos che\u00advaux, ce qu\u2019il accorde aux avia\u00adteurs et aux trois m\u00e9de\u00adcins qui sont pas\u00ads\u00e9s direc\u00adte\u00adment sous ses ordres. Il pleut. Je cause&nbsp;avec&nbsp;[\u2026]<\/p>\n","protected":false},"author":1,"featured_media":0,"comment_status":"closed","ping_status":"closed","sticky":false,"template":"","format":"standard","meta":{"wp_typography_post_enhancements_disabled":false,"footnotes":""},"categories":[479],"tags":[],"ppma_author":[540],"class_list":["post-3902","post","type-post","status-publish","format-standard","hentry","category-les-temps-nouveaux-na16-15-octobre-1920"],"authors":[{"term_id":540,"user_id":1,"is_guest":0,"slug":"admin_3gikpwyf","display_name":"Vincent Dubuc","avatar_url":"https:\/\/secure.gravatar.com\/avatar\/d015720652c25fd2ced191ade86430094e1f288a17483713e3b34d26dea52507?s=96&d=mm&r=g","author_category":"","user_url":"https:\/\/la-presse-anarchiste.net","last_name":"Dubuc","first_name":"Vincent","job_title":"","description":""}],"_links":{"self":[{"href":"https:\/\/la-presse-anarchiste.net\/index.php\/wp-json\/wp\/v2\/posts\/3902","targetHints":{"allow":["GET"]}}],"collection":[{"href":"https:\/\/la-presse-anarchiste.net\/index.php\/wp-json\/wp\/v2\/posts"}],"about":[{"href":"https:\/\/la-presse-anarchiste.net\/index.php\/wp-json\/wp\/v2\/types\/post"}],"author":[{"embeddable":true,"href":"https:\/\/la-presse-anarchiste.net\/index.php\/wp-json\/wp\/v2\/users\/1"}],"replies":[{"embeddable":true,"href":"https:\/\/la-presse-anarchiste.net\/index.php\/wp-json\/wp\/v2\/comments?post=3902"}],"version-history":[{"count":0,"href":"https:\/\/la-presse-anarchiste.net\/index.php\/wp-json\/wp\/v2\/posts\/3902\/revisions"}],"wp:attachment":[{"href":"https:\/\/la-presse-anarchiste.net\/index.php\/wp-json\/wp\/v2\/media?parent=3902"}],"wp:term":[{"taxonomy":"category","embeddable":true,"href":"https:\/\/la-presse-anarchiste.net\/index.php\/wp-json\/wp\/v2\/categories?post=3902"},{"taxonomy":"post_tag","embeddable":true,"href":"https:\/\/la-presse-anarchiste.net\/index.php\/wp-json\/wp\/v2\/tags?post=3902"},{"taxonomy":"author","embeddable":true,"href":"https:\/\/la-presse-anarchiste.net\/index.php\/wp-json\/wp\/v2\/ppma_author?post=3902"}],"curies":[{"name":"wp","href":"https:\/\/api.w.org\/{rel}","templated":true}]}}