{"id":3911,"date":"2019-04-13T16:43:26","date_gmt":"2019-04-13T16:43:26","guid":{"rendered":"https:\/\/la-presse-anarchiste.net\/index.php\/2019\/04\/13\/doigt-dans-loeil\/"},"modified":"2019-04-13T16:43:26","modified_gmt":"2019-04-13T16:43:26","slug":"doigt-dans-loeil","status":"publish","type":"post","link":"https:\/\/la-presse-anarchiste.net\/index.php\/2019\/04\/13\/doigt-dans-loeil\/","title":{"rendered":"Doigt dans l\u2019\u0153il"},"content":{"rendered":"<div class=\"pdfprnt-buttons pdfprnt-buttons-post pdfprnt-top-right\"><a href=\"https:\/\/la-presse-anarchiste.net\/index.php\/wp-json\/wp\/v2\/posts\/3911?print=pdf\" class=\"pdfprnt-button pdfprnt-button-pdf\" target=\"_blank\"><img decoding=\"async\" src=\"https:\/\/la-presse-anarchiste.net\/wp-content\/plugins\/pdf-print\/images\/pdf.png\" alt=\"image_pdf\" title=\"Afficher le PDF\"><\/a><a href=\"https:\/\/la-presse-anarchiste.net\/index.php\/wp-json\/wp\/v2\/posts\/3911?print=print\" class=\"pdfprnt-button pdfprnt-button-print\" target=\"_blank\"><img decoding=\"async\" src=\"https:\/\/la-presse-anarchiste.net\/wp-content\/plugins\/pdf-print\/images\/print.png\" alt=\"image_print\" title=\"Contenu imprim\u00e9\"><\/a><\/div><div align=\"justify\">\n<div style=\"text-indent: 1cm\">\n<p>Parait que l\u2019exp\u00e9rience c\u2019est des blagues&nbsp;!<\/p>\n<p>Je m\u2019en suis aper\u00ad\u00e7u dimanche der\u00adnier quand j\u2019ai vou\u00adlu racon\u00adter d\u2019avance la bal\u00adlade \u00e0&nbsp;Boul\u00e9.<\/p>\n<p>J\u2019avais dit comme \u00e7a&nbsp;: toutes les fois que le popu\u00adlo a deman\u00add\u00e9 quelque chose bien gen\u00adti\u00adment, on y a fou\u00adtu de l\u2019eau b\u00e9nite de cour, et il a \u00e9t\u00e9 se cou\u00adcher content.<\/p>\n<p>Cette fois \u00e7a sera de m\u00eame, y a pas de rai\u00adson pour que \u00e7a soye autrement.<\/p>\n<p>Eh bien, va te faire fiche&nbsp;: je me suis four\u00adr\u00e9 le doigt dans l\u2019\u0153il \u2013 je le r\u00e9p\u00e8te, mon exp\u00e9\u00adrience, c\u2019est de la blague&nbsp;!<\/p>\n<p>Le ministre de l\u2019int\u00e9rieur, qu\u2019est un malin nom\u00adm\u00e9 Constans \u2013 \u00e0 cause de l\u2019inconstance de ses opi\u00adnions \u2013 et qui s\u2019est fait nom\u00admer ministre pour se repo\u00adser de son voyage chez les Chi\u00adnois, s\u2019est dit comme&nbsp;\u00e7a&nbsp;:<\/p>\n<p>\u00ab&nbsp;Qu\u2019est-ce qu\u2019ils me bas\u00adsinent ces gens-l\u00e0, avec leurs Chambres syn\u00addi\u00adcales, leurs heures de tra\u00advail et autres fou\u00adtaises \u2013 en Chine y a rien de tout&nbsp;\u00e7a&nbsp;!<\/p>\n<p>Ils vont rap\u00adpli\u00adquer \u00e0 2 heures et m\u2019emp\u00eacheront de licher de bon caf\u00e9 que j\u2019ai ache\u00adt\u00e9 moi-m\u00eame \u00e0 Moka et de siro\u00adter un excellent rhum appor\u00adt\u00e9 par moi de la Jama\u00efque.<\/p>\n<p>Ils vont me rab\u00e2\u00adcher un tas d\u2019histoires dont ils se foutent autant que moi, ces sacr\u00e9s d\u00e9l\u00e9\u00adgu\u00e9s&nbsp;; je vais \u00eatre obli\u00adg\u00e9 de leur r\u00e9pondre des blagues&nbsp;; \u00e7a va nous emmou\u00adtar\u00adder&nbsp;tous.<\/p>\n<p>Je vas leur \u00e9crire, \u00e7a vau\u00addra mieux et \u00e7a sera plus vite&nbsp;fait.<\/p>\n<p>Or donc, il prend sa plume et accouche du petit flanche sui\u00advant qu\u2019il envoye \u00e0&nbsp;Loz\u00e9.<\/p>\n<p><quote>\u201cPr\u00e9\u00adfet de mon&nbsp;c\u0153ur,<\/quote><\/p>\n<p>Les d\u00e9l\u00e9\u00adgu\u00e9s des Chambres syn\u00addi\u00adcales ind\u00e9\u00adpen\u00addantes ont fait savoir qu\u2019ils vien\u00addraient se rendre compte si j\u2019ai jau\u00adni pen\u00addant mon s\u00e9jour en&nbsp;Chine.<\/p>\n<p>Vous leur y direz qu\u2019ils peuvent res\u00adter chez eux&nbsp;; et s\u2019ils veulent se pro\u00adme\u00adner sur la place de l\u2019H\u00f4tel-de-ville, vous leur ferez bot\u00adter le cul par vos sergots.<\/p>\n<p>Bien \u00e0 vous, et \u00e0 charge de revanche, si un jour je suis pr\u00e9\u00adfet de police \u00e0 votre place, pen\u00addant que vous serez ministre \u00e0 la mienne.\u201d<\/p>\n<p>Il a eu de la veine que sa machine ait r\u00e9us\u00adsi, le ministre, mais qu\u2019il ne fasse pas trop le fier, \u00e7a ne r\u00e9us\u00adsit pas \u00e0 tout coup \u2013 et c\u2019est par ces bri\u00adcoles-l\u00e0 qu\u2019on se fout car\u00adr\u00e9\u00adment dans la m\u00e9lasse, Mon\u00adsieur le ministre.<\/p>\n<p>[|<b>* * * *<\/b>|]<br>\n<\/p>\n<p>En d\u00e9fi\u00adni\u00adtive y a rien eu&nbsp;! J\u2019avais bla\u00adgu\u00e9 un peu les d\u00e9l\u00e9\u00adgu\u00e9s et leur pro\u00adces\u00adsion du 24&nbsp;: je voyais bien que \u00e7a aller tour\u00adner en eau de boudin.<\/p>\n<p>Mais, nom de dieu, j\u2019aurais jamais \u00e9t\u00e9 jusqu\u2019\u00e0 les croire aus\u00adsi foi\u00adreux. En voi\u00adla des escar\u00adgots qui rentrent dans leurs coquilles parce que le gou\u00adver\u00adne\u00adment montre les&nbsp;dents&nbsp;!<\/p>\n<p>Quand on n\u2019a pas plus de mo\u00eblle que \u00e7a on reste tout \u00e0 fait chez soi, on s\u2019embobine dans le bon\u00adnet de coton tra\u00addi\u00adtion\u00adnel&nbsp;; et sur\u00adtout on se m\u00eale pas de vou\u00adloir gui\u00adder le popu\u00adlo et lui mon\u00adtrer le che\u00admin des reven\u00addi\u00adca\u00adtions sociales.<\/p>\n<p>[|<b>* * * *<\/b>|]<br>\n<\/p>\n<p>C\u2019\u00e9tait dr\u00f4le tout de m\u00eame dimanche, place de l\u2019H\u00f4tel-de-Ville, avec la tap\u00e9e de ser\u00adgots qu\u2019il y avait, toutes les bri\u00adgades cen\u00adtrales bou\u00adgre\u00adment pr\u00eates&nbsp;! et les l\u00e9gu\u00admeux avec leurs chamarrures.<\/p>\n<p>Plus les jour\u00adna\u00adleux \u00e0 flai\u00adrer les moindres nouvelles.<\/p>\n<p>Quant aux d\u00e9l\u00e9\u00adgu\u00e9s ils mon\u00adtraient de temps \u00e0 autre un bout de nez \u00e0 la porte d\u2019un caf\u00e9. \u00c7a a \u00e9t\u00e9 leur besogne de l\u2019apr\u00e8s-midi.<\/p>\n<p>Tiens, nom de dieu, apr\u00e8s leur tur\u00adbin de la veille c\u2019\u00e9tait suf\u00adfi\u00adsant&nbsp;: n\u2019avaient-ils pas d\u00fb pondre l\u2019appel au calme et exp\u00e9\u00addier les ordres pour contre\u00adman\u00adder les manifestants&nbsp;?<\/p>\n<p>[|<b>* * * *<\/b>|]<br>\n<\/p>\n<p>Tou\u00adjours est-il que ni les uns ni les autres ne peuvent se frot\u00adter les pattes de leur jour\u00adn\u00e9e&nbsp;: les d\u00e9l\u00e9\u00adgu\u00e9s ont foi\u00adr\u00e9 et Constans n\u2019a pas prou\u00adv\u00e9 qu\u2019il \u00e9tait un ministre \u00e0 poigne&nbsp;; le popu\u00adlo ne lui en a pas don\u00adn\u00e9 l\u2019occasion.<\/p>\n<p>Et sache-le, mon vieux couillon, quand le popu\u00adlo vou\u00addra aller te rendre visite, il ne t\u2019avertira pas six semaines \u00e0 l\u2019avance.<\/p>\n<p>Alors il n\u2019aura que faire des par\u00adle\u00admen\u00adteux et de leurs boni\u00adments&nbsp;: aus\u00adsi sera-t-il moins bonasse que tu te figures.<\/p>\n<p>Vas, quand la mou\u00adtarde lui mon\u00adte\u00adra au nez, tu ne sera pas lond \u00e0 d\u00e9caniller.<\/p>\n<p>On en a vue d\u2019autres d\u00e9guer\u00adpir, et qui valaient \u2013 m\u00eame plus marioles que&nbsp;toi.<\/p>\n<p>Charles <sc>x<\/sc> qu\u2019\u00e9tait pas b\u00e9tasse a bien d\u00fb c\u00e9der la place. Puis plus tard Louis Phi\u00adlippe, mal\u00adgr\u00e9 sa fina\u00adce\u00adrie, a \u00e0 son tour d\u00e9bar\u00adras\u00ads\u00e9 le plan\u00adcher en un rien de temps&nbsp;: le foi\u00adreux en oublia son riflard.<\/p>\n<p>Et la femelle de Badingue, ce qu\u2019elle ser\u00adrait les fesses, quand elle se trot\u00adtait par l\u2019\u00e9gout qui donne des Tuille\u00adries sur la Seine. Et au 18 mars, ce qu\u2019ils ont lev\u00e9 le pied, se sau\u00advant comme des li\u00e8vres \u00e0 Ver\u00adsailles, les Thiers, les Jules Favre et toute la clique.<\/p>\n<p>Va, pauvre Constans, toi ou un autre, ne ferez pas mieux que les nobles bougres en ques\u00adtion \u2013 le jour o\u00f9 le popu\u00adlo bou\u00adge\u00adra un tout petit&nbsp;peu&nbsp;!<\/p>\n<p>Tou\u00adjours est-il que t\u2019as joli\u00adment prou\u00adv\u00e9 que le cadet de tes sou\u00adcis est que le popu\u00adlo cr\u00e8ve ou&nbsp;vive&nbsp;!<\/p>\n<p>Toi et ta bande vous n\u2019avez qu\u2019un but&nbsp;: gar\u00adder les places que vous tenez, elles sont trop bonnes pour les lais\u00adser \u00e0 d\u2019autres.<\/p>\n<p>Tas de fumistes qui beu\u00adglez apr\u00e8s les bou\u00adlan\u00adgistes, fei\u00adgnez d\u2019avoir peur de la dic\u00adta\u00adture et de l\u2019ambition de Boulange&nbsp;!<\/p>\n<p>Vous ne pre\u00adnez pas quand il y a des mani\u00adfes\u00adta\u00adtions en sa faveur des mesures aus\u00adsi raides que vous avez pris dimanche.<\/p>\n<p>C\u2019est que vous \u00eates tous com\u00adp\u00e8res et com\u00adpa\u00adgnons. Il est des v\u00f4tres et vous avec savez bien que s\u2019il arrive au pou\u00advoir il vous gar\u00adde\u00adra une part de g\u00e2teau.<\/p>\n<p>Vous n\u2019avez peur que du popu\u00adlo, qui tra\u00advaille pour vous per\u00admettre de godailler \u2013 et vous ne savez \u00e0 ses r\u00e9cla\u00adma\u00adtions, mon\u00adtrer que les pointes des ba\u00efonnettes.<\/p>\n<p>Allez, mes petits, ne faites pas trop les malins. \u00c7a ne vous ser\u00advi\u00adrait de rien&nbsp;! Les ba\u00efon\u00adnettes, voyez-vous, quand le popu\u00adlo est en col\u00e8re, elles reculent devant lui\u2026<\/p>\n<p>Et si j\u2019\u00e9tais vous, nom de dieu, je crain\u00addrais, mes bougres, que ce miracle ne se pro\u00adduise un jour ou l\u2019autre \u2013 et qu\u2019elles se foutent \u00e0 recu\u00adler pour de&nbsp;bon.<\/p>\n<p>Ce jour-l\u00e0, nom d\u2019un pet, vous pour\u00adrez faire vos paquets, l\u2019heure du d\u00e9ca\u00adnillage aura&nbsp;sonn\u00e9&nbsp;!&nbsp;<\/p><\/div>\n<\/div>\n","protected":false},"excerpt":{"rendered":"<p>Parait que l\u2019exp\u00e9rience c\u2019est des blagues&nbsp;! Je m\u2019en suis aper\u00ad\u00e7u dimanche der\u00adnier quand j\u2019ai vou\u00adlu racon\u00adter d\u2019avance la bal\u00adlade \u00e0&nbsp;Bou\u00adl\u00e9. J\u2019avais dit comme \u00e7a&nbsp;: toutes les fois que le popu\u00adlo a deman\u00add\u00e9 quelque chose bien gen\u00adti\u00adment, on y a fou\u00adtu de l\u2019eau b\u00e9nite de cour, et il a \u00e9t\u00e9 se cou\u00adcher content. Cette fois&nbsp;\u00e7a&nbsp;[\u2026]<\/p>\n","protected":false},"author":1,"featured_media":0,"comment_status":"closed","ping_status":"closed","sticky":false,"template":"","format":"standard","meta":{"wp_typography_post_enhancements_disabled":false,"footnotes":""},"categories":[480],"tags":[],"ppma_author":[540],"class_list":["post-3911","post","type-post","status-publish","format-standard","hentry","category-le-pere-peinard-n2-3-mars-1889"],"authors":[{"term_id":540,"user_id":1,"is_guest":0,"slug":"admin_3gikpwyf","display_name":"Vincent Dubuc","avatar_url":"https:\/\/secure.gravatar.com\/avatar\/d015720652c25fd2ced191ade86430094e1f288a17483713e3b34d26dea52507?s=96&d=mm&r=g","author_category":"","user_url":"https:\/\/la-presse-anarchiste.net","last_name":"Dubuc","first_name":"Vincent","job_title":"","description":""}],"_links":{"self":[{"href":"https:\/\/la-presse-anarchiste.net\/index.php\/wp-json\/wp\/v2\/posts\/3911","targetHints":{"allow":["GET"]}}],"collection":[{"href":"https:\/\/la-presse-anarchiste.net\/index.php\/wp-json\/wp\/v2\/posts"}],"about":[{"href":"https:\/\/la-presse-anarchiste.net\/index.php\/wp-json\/wp\/v2\/types\/post"}],"author":[{"embeddable":true,"href":"https:\/\/la-presse-anarchiste.net\/index.php\/wp-json\/wp\/v2\/users\/1"}],"replies":[{"embeddable":true,"href":"https:\/\/la-presse-anarchiste.net\/index.php\/wp-json\/wp\/v2\/comments?post=3911"}],"version-history":[{"count":0,"href":"https:\/\/la-presse-anarchiste.net\/index.php\/wp-json\/wp\/v2\/posts\/3911\/revisions"}],"wp:attachment":[{"href":"https:\/\/la-presse-anarchiste.net\/index.php\/wp-json\/wp\/v2\/media?parent=3911"}],"wp:term":[{"taxonomy":"category","embeddable":true,"href":"https:\/\/la-presse-anarchiste.net\/index.php\/wp-json\/wp\/v2\/categories?post=3911"},{"taxonomy":"post_tag","embeddable":true,"href":"https:\/\/la-presse-anarchiste.net\/index.php\/wp-json\/wp\/v2\/tags?post=3911"},{"taxonomy":"author","embeddable":true,"href":"https:\/\/la-presse-anarchiste.net\/index.php\/wp-json\/wp\/v2\/ppma_author?post=3911"}],"curies":[{"name":"wp","href":"https:\/\/api.w.org\/{rel}","templated":true}]}}