{"id":3915,"date":"2019-04-13T19:24:18","date_gmt":"2019-04-13T19:24:18","guid":{"rendered":"https:\/\/la-presse-anarchiste.net\/index.php\/2019\/04\/13\/lalliance-a-tenu-son-deuxieme-congres\/"},"modified":"2019-04-13T19:24:18","modified_gmt":"2019-04-13T19:24:18","slug":"lalliance-a-tenu-son-deuxieme-congres","status":"publish","type":"post","link":"https:\/\/la-presse-anarchiste.net\/index.php\/2019\/04\/13\/lalliance-a-tenu-son-deuxieme-congres\/","title":{"rendered":"L\u2019Alliance \u00e0 tenu son deuxi\u00e8me congr\u00e8s"},"content":{"rendered":"<div class=\"pdfprnt-buttons pdfprnt-buttons-post pdfprnt-top-right\"><a href=\"https:\/\/la-presse-anarchiste.net\/index.php\/wp-json\/wp\/v2\/posts\/3915?print=pdf\" class=\"pdfprnt-button pdfprnt-button-pdf\" target=\"_blank\"><img decoding=\"async\" src=\"https:\/\/la-presse-anarchiste.net\/wp-content\/plugins\/pdf-print\/images\/pdf.png\" alt=\"image_pdf\" title=\"Afficher le PDF\"><\/a><a href=\"https:\/\/la-presse-anarchiste.net\/index.php\/wp-json\/wp\/v2\/posts\/3915?print=print\" class=\"pdfprnt-button pdfprnt-button-print\" target=\"_blank\"><img decoding=\"async\" src=\"https:\/\/la-presse-anarchiste.net\/wp-content\/plugins\/pdf-print\/images\/print.png\" alt=\"image_print\" title=\"Contenu imprim\u00e9\"><\/a><\/div><div align=\"justify\">\n<div style=\"text-indent: 1cm\">\n<p>Les 30, 31 octobre et 1<sup>er<\/sup> novembre s\u2019est tenu \u00e0 Paris le deuxi\u00e8me congr\u00e8s de notre organisation.<\/p>\n<p>La pr\u00e9\u00adsence des groupes de Bor\u00addeaux, Cher\u00adbourg, Nantes, Nice C\u00f4te d\u2019A\u00adzur et de la r\u00e9gion pari\u00adsienne a t\u00e9moi\u00adgn\u00e9 tant du d\u00e9ve\u00adlop\u00adpe\u00adment et de l\u2019\u00e9\u00adcho que ren\u00adcontrent nos concep\u00adtions dans la classe ouvri\u00e8re que de la mul\u00adti\u00adpli\u00adci\u00adt\u00e9 et la richesse des pro\u00adbl\u00e8mes qui se posent aujourd\u2019\u00adhui aux mili\u00adtants r\u00e9volutionnaires.<\/p>\n<p>Certes, tout n\u2019est pas r\u00e9so\u00adlu, mais le congr\u00e8s s\u2019est atta\u00adch\u00e9 \u00e0 appor\u00adter une r\u00e9ponse aux ques\u00adtions qui se posent \u00e0 un mou\u00adve\u00adment qui com\u00admence \u00e0 deve\u00adnir une organisation.<\/p>\n<p>C\u2019est ain\u00adsi que le pro\u00adbl\u00e8me de la struc\u00adture de l\u2019Al\u00adliance a fait l\u2019ob\u00adjet d\u2019une motion adop\u00adt\u00e9e \u00e0 l\u2019u\u00adna\u00adni\u00admi\u00adt\u00e9 et qui sti\u00adpule que les syn\u00addi\u00adca\u00adlistes r\u00e9vo\u00adlu\u00adtion\u00adnaires et anar\u00adcho-syn\u00addi\u00adca\u00adlistes sont ras\u00adsem\u00adbl\u00e9s dans des groupes, les\u00adquels sont repr\u00e9\u00adsen\u00adt\u00e9s par un ou plu\u00adsieurs d\u00e9l\u00e9\u00adgu\u00e9s \u00e0 un comi\u00adt\u00e9 f\u00e9d\u00e9ral.<\/p>\n<p>Les pro\u00adbl\u00e8mes th\u00e9o\u00adriques que pose notre inter\u00adven\u00adtion quo\u00adti\u00addienne dans la lutte des classes ont ame\u00adn\u00e9 le congr\u00e8s \u00e0 d\u00e9fi\u00adnir un pro\u00adgramme de dis\u00adcus\u00adsions \u00e0 mener tant au niveau des groupes qu\u2019\u00e0 celui du comi\u00adt\u00e9 f\u00e9d\u00e9\u00adral afin d\u2019ap\u00adpor\u00adter des clarifications.<\/p>\n<p>Les th\u00e8mes majeurs rete\u00adnus&nbsp;sont&nbsp;:<br>\n<br>\u2014\tles comi\u00adt\u00e9s d\u2019entreprise,<br>\n<br>\u2014\tle ch\u00f4mage,<br>\n<br>\u2014\tle r\u00e9gio\u00adna\u00adlisme (ten\u00adta\u00adtive d\u2019op\u00adpo\u00adser les int\u00e9\u00adr\u00eats r\u00e9gio\u00adnaux \u00e0 la notion de lutte des classes),<br>\n<br>\u2014\tla lutte contre la hi\u00e9\u00adrar\u00adchie (des salaires, etc.),<br>\n<br>\u2014\tle tra\u00advail int\u00e9rimaire\u2026<\/p>\n<p>Ces th\u00e8mes, et d\u2019autres, ne sont pas notre \u00ab&nbsp;chasse gar\u00add\u00e9e&nbsp;\u00bb et nous appe\u00adlons les tra\u00advailleurs qui ont ou vou\u00addront par\u00adti\u00adci\u00adper \u00e0 la vie de \u00ab&nbsp;Soli\u00adda\u00adri\u00adt\u00e9 ouvri\u00e8re&nbsp;\u00bb, et qui ne sont pas pour autant mili\u00adtants de l\u2019Al\u00adliance syn\u00addi\u00adca\u00adliste, \u00e0 col\u00adla\u00adbo\u00adrer \u00e0 l\u2019\u00e9\u00adtude de ces th\u00e8mes et pro\u00adbl\u00e8mes, \u00e0 nous faire des sug\u00adges\u00adtions et des critiques.<\/p>\n<p>\u00c0 tra\u00advers les tra\u00advaux de son congr\u00e8s, il res\u00adsort qu\u2019il s\u2019a\u00adgit pour nous, mili\u00adtants syn\u00addi\u00adca\u00adlistes r\u00e9vo\u00adlu\u00adtion\u00adnaires et anar\u00adcho-syn\u00addi\u00adca\u00adlistes, d\u2019ac\u00adtua\u00adli\u00adser les prin\u00adcipes qui nous animent et de construire l\u2019Al\u00adliance syn\u00addi\u00adca\u00adliste comme \u00e9l\u00e9\u00adment de la lutte du pro\u00adl\u00e9\u00adta\u00adriat pour son \u00e9mancipation.<\/p>\n<p>[\/\u200bL\u2019Alliance syndicaliste.\/]<\/p>\n<\/div>\n<\/div>\n","protected":false},"excerpt":{"rendered":"<p>Les 30, 31 octobre et 1<sup>er<\/sup> novembre s\u2019est tenu \u00e0 Paris le deuxi\u00e8me congr\u00e8s de notre orga\u00adni\u00adsa\u00adtion. La pr\u00e9\u00adsence des groupes de Bor\u00addeaux, Cher\u00adbourg, Nantes, Nice C\u00f4te d\u2019A\u00adzur et de la r\u00e9gion pari\u00adsienne a t\u00e9moi\u00adgn\u00e9 tant du d\u00e9ve\u00adlop\u00adpe\u00adment et de l\u2019\u00e9\u00adcho que ren\u00adcontrent nos concep\u00adtions dans la classe ouvri\u00e8re que de la mul\u00adti\u00adpli\u00adci\u00adt\u00e9 et&nbsp;la&nbsp;[\u2026]<\/p>\n","protected":false},"author":1,"featured_media":0,"comment_status":"closed","ping_status":"closed","sticky":false,"template":"","format":"standard","meta":{"wp_typography_post_enhancements_disabled":false,"footnotes":""},"categories":[481],"tags":[],"ppma_author":[540],"class_list":["post-3915","post","type-post","status-publish","format-standard","hentry","category-solidarite-ouvriere-n7-novembre-1971"],"authors":[{"term_id":540,"user_id":1,"is_guest":0,"slug":"admin_3gikpwyf","display_name":"Vincent Dubuc","avatar_url":"https:\/\/secure.gravatar.com\/avatar\/d015720652c25fd2ced191ade86430094e1f288a17483713e3b34d26dea52507?s=96&d=mm&r=g","author_category":"","user_url":"https:\/\/la-presse-anarchiste.net","last_name":"Dubuc","first_name":"Vincent","job_title":"","description":""}],"_links":{"self":[{"href":"https:\/\/la-presse-anarchiste.net\/index.php\/wp-json\/wp\/v2\/posts\/3915","targetHints":{"allow":["GET"]}}],"collection":[{"href":"https:\/\/la-presse-anarchiste.net\/index.php\/wp-json\/wp\/v2\/posts"}],"about":[{"href":"https:\/\/la-presse-anarchiste.net\/index.php\/wp-json\/wp\/v2\/types\/post"}],"author":[{"embeddable":true,"href":"https:\/\/la-presse-anarchiste.net\/index.php\/wp-json\/wp\/v2\/users\/1"}],"replies":[{"embeddable":true,"href":"https:\/\/la-presse-anarchiste.net\/index.php\/wp-json\/wp\/v2\/comments?post=3915"}],"version-history":[{"count":0,"href":"https:\/\/la-presse-anarchiste.net\/index.php\/wp-json\/wp\/v2\/posts\/3915\/revisions"}],"wp:attachment":[{"href":"https:\/\/la-presse-anarchiste.net\/index.php\/wp-json\/wp\/v2\/media?parent=3915"}],"wp:term":[{"taxonomy":"category","embeddable":true,"href":"https:\/\/la-presse-anarchiste.net\/index.php\/wp-json\/wp\/v2\/categories?post=3915"},{"taxonomy":"post_tag","embeddable":true,"href":"https:\/\/la-presse-anarchiste.net\/index.php\/wp-json\/wp\/v2\/tags?post=3915"},{"taxonomy":"author","embeddable":true,"href":"https:\/\/la-presse-anarchiste.net\/index.php\/wp-json\/wp\/v2\/ppma_author?post=3915"}],"curies":[{"name":"wp","href":"https:\/\/api.w.org\/{rel}","templated":true}]}}